{"id":18762,"date":"2024-11-19T14:37:49","date_gmt":"2024-11-19T14:37:49","guid":{"rendered":"https:\/\/www.electroluxprofessional.com\/tr\/?p=18762"},"modified":"2025-07-07T11:19:56","modified_gmt":"2025-07-07T11:19:56","slug":"gourmexpress-yuksek-hizli-firin-iyi-tasarim-odulu-2","status":"publish","type":"post","link":"https:\/\/www.electroluxprofessional.com\/tr\/gourmexpress-yuksek-hizli-firin-iyi-tasarim-odulu-2\/","title":{"rendered":"GourmeXpress Y\u00fcksek H\u0131zl\u0131 F\u0131r\u0131n, g\u00f6zde \u0130yi Tasar\u0131m \u00d6d\u00fcl\u00fc&#8217;n\u00fc kazand\u0131"},"content":{"rendered":"<p>[vc_row][vc_column][elx_heading text_color=&#8221;inherit&#8221;]Y\u00fcksek H\u0131zl\u0131 F\u0131r\u0131n, Grands Prix Du Design Alt\u0131n \u00d6d\u00fcl\u00fc\u2019n\u00fcn ard\u0131ndan \u0130yi Tasar\u0131m \u00d6d\u00fcl\u00fc ile ba\u015far\u0131lar\u0131na bir halka daha ekledi[\/elx_heading][vc_empty_space][vc_column_text]Electrolux Professional&#8217;\u0131n kompakt, y\u00fcksek h\u0131zl\u0131 pi\u015firme \u00e7\u00f6z\u00fcm\u00fc <strong>GourmeXpress<\/strong>, Mutfak + Aletleri kategorisinde prestijli <strong>\u0130yi Tasar\u0131m \u00d6d\u00fcl\u00fc&#8217;ne<\/strong> lay\u0131k g\u00f6r\u00fcld\u00fc.<\/p>\n<p>1957 y\u0131l\u0131nda verilmeye ba\u015flanan <strong>\u0130yi Tasar\u0131m \u00d6d\u00fcl\u00fc<\/strong>, 60 y\u0131l\u0131 a\u015fk\u0131n s\u00fcredir bir\u00e7ok kategoride yenilik\u00e7i \u00fcr\u00fcn tasar\u0131m\u0131 alan\u0131nda sekt\u00f6r\u00fcn referans noktas\u0131 olarak kabul ediliyor. \u0130yi Tasar\u0131m \u00d6d\u00fcl\u00fc sembol\u00fc, hem g\u00fcvenilirlikle hem de tasar\u0131m yoluyla sorun \u00e7\u00f6zme yetene\u011fiyle \u00f6zde\u015fle\u015fmi\u015f olup, \u00f6d\u00fcl kazanan \u00fcr\u00fcnler yenilik\u00e7i \u00f6zellikleriyle tan\u0131n\u0131yor[\/vc_column_text][\/vc_column][\/vc_row][vc_row][vc_column][vc_column_text]Ge\u00e7ti\u011fimiz y\u0131l Almanya&#8217;daki <strong>Internorga Fuar\u0131&#8217;nda<\/strong> g\u00f6r\u00fcc\u00fcye \u00e7\u0131kan <strong>GourmeXpress<\/strong>, ba\u015far\u0131s\u0131 kan\u0131tlanm\u0131\u015f <strong>SpeeDelight<\/strong> \u00e7\u00f6z\u00fcm\u00fc ile birlikte Electrolux Professional&#8217;\u0131n y\u00fcksek h\u0131zl\u0131 pi\u015firme \u00e7\u00f6z\u00fcmleri ailesini tamaml\u0131yor.<\/p>\n<p>Konveksiyon, mikrodalga ve y\u00fcksek h\u0131zda s\u0131cak hava verme olmak \u00fczere \u00fc\u00e7 pi\u015firme teknolojisini tek bir kompakt \u00fcr\u00fcnde bir araya getiren <strong><a href=\"https:\/\/www.electroluxprofessional.com\/tr\/ticari-mutfak-ekipmanlari\/gourmexpress-yuksek-hizli-firin\/\" target=\"_blank\" rel=\"noopener\">GourmeXpress<\/a> <\/strong>hem yemek servisi zincirleri hem de ba\u011f\u0131ms\u0131z i\u015fletmeler i\u00e7in m\u00fckemmel bir tezgah \u00fcst\u00fc mutfak orta\u011f\u0131d\u0131r. SpeeDelight ile birlikte, tren istasyonlar\u0131, havaalanlar\u0131 ve otel kafelerindeki h\u0131zl\u0131 yemek servisi yapan i\u015fletmeler i\u00e7in de \u00e7ok uygun bir \u00e7\u00f6z\u00fcmd\u00fcr.<\/p>\n<p>Geni\u015f programlanabilir men\u00fc se\u00e7enekleriyle kullan\u0131m\u0131 olduk\u00e7a kolay olan f\u0131r\u0131n, lazanya gibi dondurulmu\u015f yemekleri dakikalar i\u00e7inde \u0131s\u0131tarak taptaze servis etme imkan\u0131 sunuyor. Enerji tasarrufuna \u00f6nem veren i\u015fletmeler i\u00e7in, dahili Enerji Tasarruf Modunda cihaz saatte yaln\u0131zca 0,5 kW enerji t\u00fcketiyor.[\/vc_column_text][\/vc_column][\/vc_row][vc_row][vc_column][vc_column_text]<strong>GourmeXpress,<\/strong> ergonomik \u00e7al\u0131\u015fmay\u0131 merkezine alan modern ve minimalist tasar\u0131m\u0131yla yenilik\u00e7i \u00f6zellikleri bir araya getiriyor. Tam geni\u015flikte bir cam panele ve boru tipi \u00e7elik tutama\u011fa sahip olan cihaz\u0131n tasar\u0131m\u0131ndaki cam ve metal unsurlar\u0131n birle\u015fimi, f\u0131r\u0131n\u0131n hem son derece hijyenik hem de temizlemesi son derece kolay olmas\u0131n\u0131 sa\u011fl\u0131yor.<\/p>\n<p>\u00d6ne \u00e7\u0131kan marka kimli\u011fi ve zarif renkler, \u00e7e\u015fitli ortamlarda rahatl\u0131kla kullan\u0131labilecek \u015f\u0131k bir esteti\u011fi tamaml\u0131yor. Cihaz\u0131n yap\u0131m\u0131nda cam ve \u00e7elik gibi s\u00fcrd\u00fcr\u00fclebilir malzemelerin kullan\u0131m\u0131na \u00f6ncelik verilerek plastik bile\u015fenler minimum d\u00fczeyde tutulmu\u015ftur.[\/vc_column_text][\/vc_column][\/vc_row][vc_row][vc_column][vc_empty_space][vc_column_text]<\/p>\n<blockquote>\n<p>\u201c<strong>Electrolux Professional Ba\u015f Tasar\u0131m Sorumlusu Michele Cadamuro, <\/strong>\u201cGourmeXpress, tasar\u0131m ve i\u015flevselli\u011fin m\u00fckemmel birle\u015fimidir. Sadeli\u011finin verdi\u011fi g\u00fc\u00e7le her \u00e7e\u015fit mutfak veya m\u00fc\u015fterilere a\u00e7\u0131k ortama uyum sa\u011flayabilecek benzersiz bir esnekli\u011fe sahiptir,\u201d diyor.<\/p>\n<\/blockquote>\n<p>[\/vc_column_text][vc_empty_space][vc_column_text]Cihaz\u0131n havaland\u0131rmas\u0131z \u00e7al\u0131\u015fma \u00f6zelli\u011fi kompakt g\u00f6r\u00fcn\u00fcm\u00fcn\u00fcn daha da \u00e7ok \u00f6ne \u00e7\u0131kmas\u0131n\u0131 sa\u011fl\u0131yor. <strong>GourmeXpress<\/strong>\u2019in davlumbaz gerektirmemesi, \u00e7al\u0131\u015fma ortam\u0131nda istedi\u011finiz yere yerle\u015ftirme esnekli\u011fi sunuyor.[\/vc_column_text][vc_empty_space][vc_column_text]<\/p>\n<blockquote>\n<p><strong>Electrolux Professional S\u0131cak ve So\u011fuk G\u0131da Kategorisi \u00dcr\u00fcn Tasar\u0131mc\u0131s\u0131 Leandro Lapietra,<\/strong> \u201cGourmeXpress&#8217;e bakt\u0131\u011f\u0131n\u0131zda, cihaz\u0131n hem \u015fekli hem de \u00e7izgileri ondan ne beklemeniz gerekti\u011fini tam olarak g\u00f6sterir: y\u00fcksek performans, kullan\u0131m kolayl\u0131\u011f\u0131 ve en \u00f6nemlisi de g\u00fcvenilirlik. Bu fakt\u00f6rleri dengelemek her zaman kolay de\u011fildir, ancak \u0130yi Tasar\u0131m \u00d6d\u00fcl\u00fc&#8217;n\u00fcn de g\u00f6sterdi\u011fi gibi GourmeXpress bunun imkans\u0131z olmad\u0131\u011f\u0131n\u0131n canl\u0131 bir \u00f6rne\u011fidir,&#8221; diyor.<\/p>\n<\/blockquote>\n<p>[\/vc_column_text][\/vc_column][\/vc_row]<\/p>\n","protected":false},"excerpt":{"rendered":"<p>[vc_row][vc_column][elx_heading text_color=&#8221;inherit&#8221;]Y\u00fcksek H\u0131zl\u0131 F\u0131r\u0131n, Grands Prix Du Design Alt\u0131n \u00d6d\u00fcl\u00fc\u2019n\u00fcn ard\u0131ndan \u0130yi Tasar\u0131m \u00d6d\u00fcl\u00fc ile ba\u015far\u0131lar\u0131na bir halka daha ekledi[\/elx_heading][vc_empty_space][vc_column_text]Electrolux Professional&#8217;\u0131n kompakt, y\u00fcksek h\u0131zl\u0131 pi\u015firme \u00e7\u00f6z\u00fcm\u00fc GourmeXpress, Mutfak + Aletleri kategorisinde prestijli \u0130yi Tasar\u0131m \u00d6d\u00fcl\u00fc&#8217;ne lay\u0131k g\u00f6r\u00fcld\u00fc. 1957 y\u0131l\u0131nda verilmeye ba\u015flanan \u0130yi Tasar\u0131m \u00d6d\u00fcl\u00fc, 60 y\u0131l\u0131 a\u015fk\u0131n s\u00fcredir bir\u00e7ok kategoride yenilik\u00e7i \u00fcr\u00fcn tasar\u0131m\u0131 alan\u0131nda sekt\u00f6r\u00fcn [&hellip;]<\/p>\n","protected":false},"author":40,"featured_media":18752,"comment_status":"closed","ping_status":"closed","sticky":false,"template":"","format":"standard","meta":{"footnotes":""},"categories":[83],"tags":[142,149,155,212,80,110,150,134,192,216,156],"class_list":["post-18762","post","type-post","status-publish","format-standard","has-post-thumbnail","hentry","category-oduller","tag-cevre-dostu","tag-connectivity","tag-endustriyel-mutfak","tag-enerji-tasarrufu","tag-ergonomi","tag-gida-guvenlik","tag-gida-trendler","tag-inovasyon","tag-mutfak-ekipmanlari","tag-pisirme","tag-yuksek-hizli-pisirme"],"acf":[],"yoast_head":"<!-- This site is optimized with the Yoast SEO plugin v23.3 - https:\/\/yoast.com\/wordpress\/plugins\/seo\/ -->\n<title>GourmeXpress Y\u00fcksek H\u0131zl\u0131 F\u0131r\u0131n, g\u00f6zde \u0130yi Tasar\u0131m \u00d6d\u00fcl\u00fc&#039;n\u00fc kazand\u0131 - Electrolux Professional T\u00fcrkiye<\/title>\n<meta name=\"description\" content=\"Electrolux Professional&#039;\u0131n kompakt, y\u00fcksek h\u0131zl\u0131 pi\u015firme \u00e7\u00f6z\u00fcm\u00fc GourmeXpress, Mutfak+Aletleri kategorisinde 2023 y\u0131l\u0131 prestijli \u0130yi Tasar\u0131m \u00d6d\u00fcl\u00fc&#039;ne lay\u0131k g\u00f6r\u00fcld\u00fc.\" \/>\n<meta name=\"robots\" content=\"index, follow, max-snippet:-1, max-image-preview:large, max-video-preview:-1\" \/>\n<link rel=\"canonical\" href=\"https:\/\/www.electroluxprofessional.com\/tr\/gourmexpress-yuksek-hizli-firin-iyi-tasarim-odulu-2\/\" \/>\n<meta property=\"og:locale\" content=\"tr_TR\" \/>\n<meta property=\"og:type\" content=\"article\" \/>\n<meta property=\"og:title\" content=\"GourmeXpress Y\u00fcksek H\u0131zl\u0131 F\u0131r\u0131n, g\u00f6zde \u0130yi Tasar\u0131m \u00d6d\u00fcl\u00fc&#039;n\u00fc kazand\u0131 - Electrolux Professional T\u00fcrkiye\" \/>\n<meta property=\"og:description\" content=\"Electrolux Professional&#039;\u0131n kompakt, y\u00fcksek h\u0131zl\u0131 pi\u015firme \u00e7\u00f6z\u00fcm\u00fc GourmeXpress, Mutfak+Aletleri kategorisinde 2023 y\u0131l\u0131 prestijli \u0130yi Tasar\u0131m \u00d6d\u00fcl\u00fc&#039;ne lay\u0131k g\u00f6r\u00fcld\u00fc.\" \/>\n<meta property=\"og:url\" content=\"https:\/\/www.electroluxprofessional.com\/tr\/gourmexpress-yuksek-hizli-firin-iyi-tasarim-odulu-2\/\" \/>\n<meta property=\"og:site_name\" content=\"Electrolux Professional T\u00fcrkiye\" \/>\n<meta property=\"article:published_time\" content=\"2024-11-19T14:37:49+00:00\" \/>\n<meta property=\"article:modified_time\" content=\"2025-07-07T11:19:56+00:00\" \/>\n<meta property=\"og:image\" content=\"https:\/\/www.electroluxprofessional.com\/tr\/wp-content\/uploads\/2024\/11\/2024386EI-00-web-banner-good-design-award-2000x350-1.jpg\" \/>\n\t<meta property=\"og:image:width\" content=\"2000\" \/>\n\t<meta property=\"og:image:height\" content=\"350\" \/>\n\t<meta property=\"og:image:type\" content=\"image\/jpeg\" \/>\n<meta name=\"author\" content=\"nevin.ergen@electroluxprofessional.com\" \/>\n<meta name=\"twitter:card\" content=\"summary_large_image\" \/>\n<meta name=\"twitter:label1\" content=\"Yazan:\" \/>\n\t<meta name=\"twitter:data1\" content=\"nevin.ergen@electroluxprofessional.com\" \/>\n\t<meta name=\"twitter:label2\" content=\"Tahmini okuma s\u00fcresi\" \/>\n\t<meta name=\"twitter:data2\" content=\"3 dakika\" \/>\n<script type=\"application\/ld+json\" class=\"yoast-schema-graph\">{\"@context\":\"https:\/\/schema.org\",\"@graph\":[{\"@type\":\"WebPage\",\"@id\":\"https:\/\/www.electroluxprofessional.com\/tr\/gourmexpress-yuksek-hizli-firin-iyi-tasarim-odulu-2\/\",\"url\":\"https:\/\/www.electroluxprofessional.com\/tr\/gourmexpress-yuksek-hizli-firin-iyi-tasarim-odulu-2\/\",\"name\":\"GourmeXpress Y\u00fcksek H\u0131zl\u0131 F\u0131r\u0131n, g\u00f6zde \u0130yi Tasar\u0131m \u00d6d\u00fcl\u00fc'n\u00fc kazand\u0131 - Electrolux Professional T\u00fcrkiye\",\"isPartOf\":{\"@id\":\"https:\/\/www.electroluxprofessional.com\/tr\/#website\"},\"primaryImageOfPage\":{\"@id\":\"https:\/\/www.electroluxprofessional.com\/tr\/gourmexpress-yuksek-hizli-firin-iyi-tasarim-odulu-2\/#primaryimage\"},\"image\":{\"@id\":\"https:\/\/www.electroluxprofessional.com\/tr\/gourmexpress-yuksek-hizli-firin-iyi-tasarim-odulu-2\/#primaryimage\"},\"thumbnailUrl\":\"https:\/\/www.electroluxprofessional.com\/tr\/wp-content\/uploads\/2024\/11\/2024386EI-00-web-banner-good-design-award-2000x350-1.jpg\",\"datePublished\":\"2024-11-19T14:37:49+00:00\",\"dateModified\":\"2025-07-07T11:19:56+00:00\",\"author\":{\"@id\":\"https:\/\/www.electroluxprofessional.com\/tr\/#\/schema\/person\/471d39211a65a2c5bf5e5e7796f450cd\"},\"description\":\"Electrolux Professional'\u0131n kompakt, y\u00fcksek h\u0131zl\u0131 pi\u015firme \u00e7\u00f6z\u00fcm\u00fc GourmeXpress, Mutfak+Aletleri kategorisinde 2023 y\u0131l\u0131 prestijli \u0130yi Tasar\u0131m \u00d6d\u00fcl\u00fc'ne lay\u0131k g\u00f6r\u00fcld\u00fc.\",\"breadcrumb\":{\"@id\":\"https:\/\/www.electroluxprofessional.com\/tr\/gourmexpress-yuksek-hizli-firin-iyi-tasarim-odulu-2\/#breadcrumb\"},\"inLanguage\":\"tr\",\"potentialAction\":[{\"@type\":\"ReadAction\",\"target\":[\"https:\/\/www.electroluxprofessional.com\/tr\/gourmexpress-yuksek-hizli-firin-iyi-tasarim-odulu-2\/\"]}]},{\"@type\":\"ImageObject\",\"inLanguage\":\"tr\",\"@id\":\"https:\/\/www.electroluxprofessional.com\/tr\/gourmexpress-yuksek-hizli-firin-iyi-tasarim-odulu-2\/#primaryimage\",\"url\":\"https:\/\/www.electroluxprofessional.com\/tr\/wp-content\/uploads\/2024\/11\/2024386EI-00-web-banner-good-design-award-2000x350-1.jpg\",\"contentUrl\":\"https:\/\/www.electroluxprofessional.com\/tr\/wp-content\/uploads\/2024\/11\/2024386EI-00-web-banner-good-design-award-2000x350-1.jpg\",\"width\":2000,\"height\":350},{\"@type\":\"BreadcrumbList\",\"@id\":\"https:\/\/www.electroluxprofessional.com\/tr\/gourmexpress-yuksek-hizli-firin-iyi-tasarim-odulu-2\/#breadcrumb\",\"itemListElement\":[{\"@type\":\"ListItem\",\"position\":1,\"name\":\"Home\",\"item\":\"https:\/\/www.electroluxprofessional.com\/tr\/\"},{\"@type\":\"ListItem\",\"position\":2,\"name\":\"GourmeXpress Y\u00fcksek H\u0131zl\u0131 F\u0131r\u0131n, g\u00f6zde \u0130yi Tasar\u0131m \u00d6d\u00fcl\u00fc&#8217;n\u00fc kazand\u0131\"}]},{\"@type\":\"WebSite\",\"@id\":\"https:\/\/www.electroluxprofessional.com\/tr\/#website\",\"url\":\"https:\/\/www.electroluxprofessional.com\/tr\/\",\"name\":\"Electrolux Professional T\u00fcrkiye\",\"description\":\"\",\"potentialAction\":[{\"@type\":\"SearchAction\",\"target\":{\"@type\":\"EntryPoint\",\"urlTemplate\":\"https:\/\/www.electroluxprofessional.com\/tr\/?src={search_term_string}\"},\"query-input\":\"required name=search_term_string\"}],\"inLanguage\":\"tr\"},{\"@type\":\"Person\",\"@id\":\"https:\/\/www.electroluxprofessional.com\/tr\/#\/schema\/person\/471d39211a65a2c5bf5e5e7796f450cd\",\"name\":\"nevin.ergen@electroluxprofessional.com\",\"image\":{\"@type\":\"ImageObject\",\"inLanguage\":\"tr\",\"@id\":\"https:\/\/www.electroluxprofessional.com\/tr\/#\/schema\/person\/image\/\",\"url\":\"https:\/\/secure.gravatar.com\/avatar\/4cd0716c48d932901c7de68a448855ac?s=96&d=mm&r=g\",\"contentUrl\":\"https:\/\/secure.gravatar.com\/avatar\/4cd0716c48d932901c7de68a448855ac?s=96&d=mm&r=g\",\"caption\":\"nevin.ergen@electroluxprofessional.com\"},\"url\":\"https:\/\/www.electroluxprofessional.com\/tr\/author\/nevin-ergen\/\"}]}<\/script>\n<!-- \/ Yoast SEO plugin. -->","yoast_head_json":{"title":"GourmeXpress Y\u00fcksek H\u0131zl\u0131 F\u0131r\u0131n, g\u00f6zde \u0130yi Tasar\u0131m \u00d6d\u00fcl\u00fc'n\u00fc kazand\u0131 - Electrolux Professional T\u00fcrkiye","description":"Electrolux Professional'\u0131n kompakt, y\u00fcksek h\u0131zl\u0131 pi\u015firme \u00e7\u00f6z\u00fcm\u00fc GourmeXpress, Mutfak+Aletleri kategorisinde 2023 y\u0131l\u0131 prestijli \u0130yi Tasar\u0131m \u00d6d\u00fcl\u00fc'ne lay\u0131k g\u00f6r\u00fcld\u00fc.","robots":{"index":"index","follow":"follow","max-snippet":"max-snippet:-1","max-image-preview":"max-image-preview:large","max-video-preview":"max-video-preview:-1"},"canonical":"https:\/\/www.electroluxprofessional.com\/tr\/gourmexpress-yuksek-hizli-firin-iyi-tasarim-odulu-2\/","og_locale":"tr_TR","og_type":"article","og_title":"GourmeXpress Y\u00fcksek H\u0131zl\u0131 F\u0131r\u0131n, g\u00f6zde \u0130yi Tasar\u0131m \u00d6d\u00fcl\u00fc'n\u00fc kazand\u0131 - Electrolux Professional T\u00fcrkiye","og_description":"Electrolux Professional'\u0131n kompakt, y\u00fcksek h\u0131zl\u0131 pi\u015firme \u00e7\u00f6z\u00fcm\u00fc GourmeXpress, Mutfak+Aletleri kategorisinde 2023 y\u0131l\u0131 prestijli \u0130yi Tasar\u0131m \u00d6d\u00fcl\u00fc'ne lay\u0131k g\u00f6r\u00fcld\u00fc.","og_url":"https:\/\/www.electroluxprofessional.com\/tr\/gourmexpress-yuksek-hizli-firin-iyi-tasarim-odulu-2\/","og_site_name":"Electrolux Professional T\u00fcrkiye","article_published_time":"2024-11-19T14:37:49+00:00","article_modified_time":"2025-07-07T11:19:56+00:00","og_image":[{"width":2000,"height":350,"url":"https:\/\/www.electroluxprofessional.com\/tr\/wp-content\/uploads\/2024\/11\/2024386EI-00-web-banner-good-design-award-2000x350-1.jpg","type":"image\/jpeg"}],"author":"nevin.ergen@electroluxprofessional.com","twitter_card":"summary_large_image","twitter_misc":{"Yazan:":"nevin.ergen@electroluxprofessional.com","Tahmini okuma s\u00fcresi":"3 dakika"},"schema":{"@context":"https:\/\/schema.org","@graph":[{"@type":"WebPage","@id":"https:\/\/www.electroluxprofessional.com\/tr\/gourmexpress-yuksek-hizli-firin-iyi-tasarim-odulu-2\/","url":"https:\/\/www.electroluxprofessional.com\/tr\/gourmexpress-yuksek-hizli-firin-iyi-tasarim-odulu-2\/","name":"GourmeXpress Y\u00fcksek H\u0131zl\u0131 F\u0131r\u0131n, g\u00f6zde \u0130yi Tasar\u0131m \u00d6d\u00fcl\u00fc'n\u00fc kazand\u0131 - Electrolux Professional T\u00fcrkiye","isPartOf":{"@id":"https:\/\/www.electroluxprofessional.com\/tr\/#website"},"primaryImageOfPage":{"@id":"https:\/\/www.electroluxprofessional.com\/tr\/gourmexpress-yuksek-hizli-firin-iyi-tasarim-odulu-2\/#primaryimage"},"image":{"@id":"https:\/\/www.electroluxprofessional.com\/tr\/gourmexpress-yuksek-hizli-firin-iyi-tasarim-odulu-2\/#primaryimage"},"thumbnailUrl":"https:\/\/www.electroluxprofessional.com\/tr\/wp-content\/uploads\/2024\/11\/2024386EI-00-web-banner-good-design-award-2000x350-1.jpg","datePublished":"2024-11-19T14:37:49+00:00","dateModified":"2025-07-07T11:19:56+00:00","author":{"@id":"https:\/\/www.electroluxprofessional.com\/tr\/#\/schema\/person\/471d39211a65a2c5bf5e5e7796f450cd"},"description":"Electrolux Professional'\u0131n kompakt, y\u00fcksek h\u0131zl\u0131 pi\u015firme \u00e7\u00f6z\u00fcm\u00fc GourmeXpress, Mutfak+Aletleri kategorisinde 2023 y\u0131l\u0131 prestijli \u0130yi Tasar\u0131m \u00d6d\u00fcl\u00fc'ne lay\u0131k g\u00f6r\u00fcld\u00fc.","breadcrumb":{"@id":"https:\/\/www.electroluxprofessional.com\/tr\/gourmexpress-yuksek-hizli-firin-iyi-tasarim-odulu-2\/#breadcrumb"},"inLanguage":"tr","potentialAction":[{"@type":"ReadAction","target":["https:\/\/www.electroluxprofessional.com\/tr\/gourmexpress-yuksek-hizli-firin-iyi-tasarim-odulu-2\/"]}]},{"@type":"ImageObject","inLanguage":"tr","@id":"https:\/\/www.electroluxprofessional.com\/tr\/gourmexpress-yuksek-hizli-firin-iyi-tasarim-odulu-2\/#primaryimage","url":"https:\/\/www.electroluxprofessional.com\/tr\/wp-content\/uploads\/2024\/11\/2024386EI-00-web-banner-good-design-award-2000x350-1.jpg","contentUrl":"https:\/\/www.electroluxprofessional.com\/tr\/wp-content\/uploads\/2024\/11\/2024386EI-00-web-banner-good-design-award-2000x350-1.jpg","width":2000,"height":350},{"@type":"BreadcrumbList","@id":"https:\/\/www.electroluxprofessional.com\/tr\/gourmexpress-yuksek-hizli-firin-iyi-tasarim-odulu-2\/#breadcrumb","itemListElement":[{"@type":"ListItem","position":1,"name":"Home","item":"https:\/\/www.electroluxprofessional.com\/tr\/"},{"@type":"ListItem","position":2,"name":"GourmeXpress Y\u00fcksek H\u0131zl\u0131 F\u0131r\u0131n, g\u00f6zde \u0130yi Tasar\u0131m \u00d6d\u00fcl\u00fc&#8217;n\u00fc kazand\u0131"}]},{"@type":"WebSite","@id":"https:\/\/www.electroluxprofessional.com\/tr\/#website","url":"https:\/\/www.electroluxprofessional.com\/tr\/","name":"Electrolux Professional T\u00fcrkiye","description":"","potentialAction":[{"@type":"SearchAction","target":{"@type":"EntryPoint","urlTemplate":"https:\/\/www.electroluxprofessional.com\/tr\/?src={search_term_string}"},"query-input":"required name=search_term_string"}],"inLanguage":"tr"},{"@type":"Person","@id":"https:\/\/www.electroluxprofessional.com\/tr\/#\/schema\/person\/471d39211a65a2c5bf5e5e7796f450cd","name":"nevin.ergen@electroluxprofessional.com","image":{"@type":"ImageObject","inLanguage":"tr","@id":"https:\/\/www.electroluxprofessional.com\/tr\/#\/schema\/person\/image\/","url":"https:\/\/secure.gravatar.com\/avatar\/4cd0716c48d932901c7de68a448855ac?s=96&d=mm&r=g","contentUrl":"https:\/\/secure.gravatar.com\/avatar\/4cd0716c48d932901c7de68a448855ac?s=96&d=mm&r=g","caption":"nevin.ergen@electroluxprofessional.com"},"url":"https:\/\/www.electroluxprofessional.com\/tr\/author\/nevin-ergen\/"}]}},"_links":{"self":[{"href":"https:\/\/www.electroluxprofessional.com\/tr\/wp-json\/wp\/v2\/posts\/18762"}],"collection":[{"href":"https:\/\/www.electroluxprofessional.com\/tr\/wp-json\/wp\/v2\/posts"}],"about":[{"href":"https:\/\/www.electroluxprofessional.com\/tr\/wp-json\/wp\/v2\/types\/post"}],"author":[{"embeddable":true,"href":"https:\/\/www.electroluxprofessional.com\/tr\/wp-json\/wp\/v2\/users\/40"}],"replies":[{"embeddable":true,"href":"https:\/\/www.electroluxprofessional.com\/tr\/wp-json\/wp\/v2\/comments?post=18762"}],"version-history":[{"count":3,"href":"https:\/\/www.electroluxprofessional.com\/tr\/wp-json\/wp\/v2\/posts\/18762\/revisions"}],"predecessor-version":[{"id":19699,"href":"https:\/\/www.electroluxprofessional.com\/tr\/wp-json\/wp\/v2\/posts\/18762\/revisions\/19699"}],"wp:featuredmedia":[{"embeddable":true,"href":"https:\/\/www.electroluxprofessional.com\/tr\/wp-json\/wp\/v2\/media\/18752"}],"wp:attachment":[{"href":"https:\/\/www.electroluxprofessional.com\/tr\/wp-json\/wp\/v2\/media?parent=18762"}],"wp:term":[{"taxonomy":"category","embeddable":true,"href":"https:\/\/www.electroluxprofessional.com\/tr\/wp-json\/wp\/v2\/categories?post=18762"},{"taxonomy":"post_tag","embeddable":true,"href":"https:\/\/www.electroluxprofessional.com\/tr\/wp-json\/wp\/v2\/tags?post=18762"}],"curies":[{"name":"wp","href":"https:\/\/api.w.org\/{rel}","templated":true}]}}