{"id":17343,"date":"2023-11-27T19:17:49","date_gmt":"2023-11-27T19:17:49","guid":{"rendered":"https:\/\/www.electroluxprofessional.com\/tr\/?p=17343"},"modified":"2025-07-07T11:37:22","modified_gmt":"2025-07-07T11:37:22","slug":"high-speed-oven-vs-microwave","status":"publish","type":"post","link":"https:\/\/www.electroluxprofessional.com\/tr\/high-speed-oven-vs-microwave\/","title":{"rendered":"Ticari Y\u00fcksek H\u0131zl\u0131 F\u0131r\u0131n ve Mikrodalga Kar\u015f\u0131la\u015ft\u0131rmas\u0131"},"content":{"rendered":"<p>[vc_row][vc_column][vc_column_text]H\u0131zl\u0131 tempolu g\u00fcn\u00fcm\u00fcz d\u00fcnyas\u0131nda m\u00fc\u015fterilerimiz hem h\u0131zl\u0131 hem de m\u00fckemmel hizmet bekliyor. Bu duruma ayak uyduran yemek sekt\u00f6r\u00fc, <strong>geleneksel f\u0131r\u0131nlar\u0131 ve mikrodalga f\u0131r\u0131nlar\u0131 geride b\u0131rakan ve birinci s\u0131n\u0131f pi\u015firme kalitesini muhafaza eden y\u00fcksek h\u0131zl\u0131 pi\u015firme \u00e7\u00f6z\u00fcmlerini benimsedi<\/strong>. \u0130novasyonu bir ad\u0131m daha ileriye ta\u015f\u0131yan <strong>Electrolux Professional<\/strong>, hem mikrodalga f\u0131r\u0131nlar\u0131n hem de geleneksel f\u0131r\u0131nlar\u0131n avantajlar\u0131n\u0131 \u00e7ok y\u00f6nl\u00fc tek bir cihazda birle\u015ftiren y\u00fcksek h\u0131zl\u0131 \u00e7\u00f6z\u00fcmlerini piyasaya s\u00fcrd\u00fc.[\/vc_column_text][vc_empty_space height=&#8221;20px&#8221;][elx_heading text_color=&#8221;inherit&#8221;]H\u0131zl\u0131 f\u0131r\u0131n mikrodalga f\u0131r\u0131nla ayn\u0131 \u015fey mi?[\/elx_heading][vc_empty_space height=&#8221;20px&#8221;][vc_row_inner][vc_column_inner width=&#8221;1\/2&#8243;][vc_single_image image=&#8221;17342&#8243; img_size=&#8221;large&#8221;][vc_empty_space height=&#8221;20px&#8221;][\/vc_column_inner][vc_column_inner width=&#8221;1\/2&#8243;][vc_column_text]Hem y\u00fcksek h\u0131zl\u0131 f\u0131r\u0131nlar\u0131n hem de mikrodalga f\u0131r\u0131nlar\u0131n hedefi <strong>h\u0131zl\u0131 pi\u015firmek<\/strong> olsa da, farkl\u0131 teknolojilerin kullan\u0131ld\u0131\u011f\u0131 farkl\u0131 prensiplerle \u00e7al\u0131\u015f\u0131rlar. Mikrodalga f\u0131r\u0131nlar, yiyece\u011fin i\u00e7indeki su molek\u00fcllerini harekete ge\u00e7irip \u0131s\u0131 \u00fcreterek yiyece\u011fi \u0131s\u0131tmak i\u00e7in elektromanyetik radyasyonu kullan\u0131r. \u00c7ok y\u00f6nl\u00fc bir yakla\u015f\u0131m benimseyen <strong>y\u00fcksek h\u0131zl\u0131 f\u0131r\u0131nlar ise, h\u0131zl\u0131 ve her yeri e\u015fit \u015fekilde pi\u015fmi\u015f yiyecekler sunmak i\u00e7in mikrodalga, konveksiyon ve y\u00fcksek h\u0131zda s\u0131cak hava verme teknolojilerini birlikte kullan\u0131r<\/strong>.[\/vc_column_text][\/vc_column_inner][\/vc_row_inner][vc_empty_space height=&#8221;20px&#8221;][elx_heading text_color=&#8221;inherit&#8221;]Ticari bir mikrodalga f\u0131r\u0131n nas\u0131l \u00e7al\u0131\u015f\u0131r?[\/elx_heading][vc_empty_space height=&#8221;20px&#8221;][vc_column_text]Ticari bir mikrodalga f\u0131r\u0131n, g\u0131dan\u0131n i\u00e7indeki su molek\u00fcllerinin titre\u015fmesini sa\u011flayarak \u0131s\u0131 \u00fcreten <strong>elektromanyetik radyasyondan<\/strong> yararlan\u0131r. Bu \u0131s\u0131 h\u0131zla yeme\u011fin her taraf\u0131na yay\u0131l\u0131r ve <strong>h\u0131zl\u0131 ve etkili bir pi\u015firme<\/strong> sa\u011flar. Mikrodalga f\u0131r\u0131nlar h\u0131zl\u0131 ve sorunsuz pi\u015firme imkan\u0131 sunsa da baz\u0131 <strong>dezavantajlar\u0131<\/strong> da mevcuttur. \u00d6rne\u011fin, mikrodalga f\u0131r\u0131nlarda <strong>yiyecekler kuruyabilir ve geleneksel bir f\u0131r\u0131nda elde edebilece\u011finiz dokuyu, rengi veya gevrekli\u011fi veremezler<\/strong>.<\/p>\n<p>Mikrodalgada pi\u015firme, geleneksel y\u00f6ntemlere g\u00f6re enerji a\u00e7\u0131s\u0131ndan daha verimli bir alternatiftir. Yiyecekler daha h\u0131zl\u0131 pi\u015fer ve enerji yaln\u0131zca yiyece\u011fin \u0131s\u0131t\u0131lmas\u0131 i\u00e7in kullan\u0131ld\u0131\u011f\u0131ndan t\u00fcm f\u0131r\u0131n b\u00f6lmesini \u0131s\u0131tmak i\u00e7in gereksiz enerji t\u00fcketimini \u00f6nler.[\/vc_column_text][vc_empty_space height=&#8221;20px&#8221;][elx_heading text_color=&#8221;inherit&#8221;]Ticari y\u00fcksek h\u0131zl\u0131 f\u0131r\u0131n (veya h\u0131zl\u0131 pi\u015firme f\u0131r\u0131n\u0131) ile mikrodalga f\u0131r\u0131n aras\u0131nda ne fark vard\u0131r?[\/elx_heading][vc_empty_space height=&#8221;20px&#8221;][vc_column_text]<strong>Ticari y\u00fcksek h\u0131zl\u0131 f\u0131r\u0131n ile mikrodalga f\u0131r\u0131n aras\u0131ndaki temel fark, kulland\u0131klar\u0131 \u0131s\u0131tma teknikleridir<\/strong>. <strong>Y\u00fcksek h\u0131zl\u0131 f\u0131r\u0131nlar,<\/strong> <strong>h\u0131zl\u0131 ve e\u015fit pi\u015firme i\u00e7in mikrodalga, konveksiyon ve y\u00fcksek h\u0131zda s\u0131cak hava verme teknolojilerini birlikte<\/strong> kullan\u0131rken, mikrodalga f\u0131r\u0131nlar yaln\u0131zca elektromanyetik radyasyondan faydalan\u0131r. Bu sebeple mikrodalga f\u0131r\u0131nlara k\u0131yasla y\u00fcksek h\u0131zl\u0131 f\u0131r\u0131nlar pi\u015firilebilecek yemekler bak\u0131m\u0131ndan \u00e7ok daha fazla <strong>\u00e7e\u015fitlilik<\/strong> sunar. Unlu mamullerden etlere ve sebzelere kadar \u00e7ok \u00e7e\u015fitli yeme\u011fi pi\u015firebilirler. Ayr\u0131ca <strong>y\u00fcksek h\u0131zl\u0131 f\u0131r\u0131nlar, geleneksel bir f\u0131r\u0131na benzer \u015fekilde yiyecekleri k\u0131zartma ve \u00e7\u0131t\u0131rl\u0131k verme \u00f6zelli\u011fine sahiptir<\/strong>, bu sayede \u00e7ok geni\u015f bir yelpazede nefis lezzetler haz\u0131rlama se\u00e7ene\u011fi sunarlar.<\/p>\n<p>Y\u00fcksek h\u0131zl\u0131 f\u0131r\u0131nlar\u0131n bir di\u011fer avantaj\u0131 da h\u0131zl\u0131 pi\u015firme \u00f6zelli\u011fi sunmas\u0131d\u0131r. Mikrodalga f\u0131r\u0131nlar h\u0131zl\u0131 olmalar\u0131yla bilinse de, <strong>y\u00fcksek h\u0131zl\u0131 f\u0131r\u0131nlar daha da h\u0131zl\u0131 pi\u015firme \u00f6zelli\u011fine sahiptir<\/strong>; bu da onlar\u0131, en \u00fcst d\u00fczeyde \u00fcretkenlik ve verimlilik gerektiren h\u0131zl\u0131 tempolu ticari mutfaklar i\u00e7in aranan bir \u00fcr\u00fcn haline getirir.<\/p>\n<p>Ve son olarak, y\u00fcksek h\u0131zl\u0131 f\u0131r\u0131nlar\u0131 mikrodalgalardan ay\u0131ran en \u00e7arp\u0131c\u0131 \u00f6zellik ola\u011fan\u00fcst\u00fc <strong>\u00e7ok<\/strong> <strong>y\u00f6nl\u00fcl\u00fckleridir<\/strong>. Y\u00fcksek h\u0131zl\u0131 f\u0131r\u0131nlar\u0131n uzmanl\u0131\u011f\u0131 tek bir alanla s\u0131n\u0131rl\u0131 de\u011fildir; pi\u015firme, k\u0131zartma, f\u0131r\u0131nlama ve \u0131zgara gibi birbirinden farkl\u0131 pi\u015firme tekni\u011finde m\u00fckemmel sonu\u00e7lar verirler. K\u0131saca <strong>y\u00fcksek h\u0131zl\u0131 f\u0131r\u0131nlar, artan yemekleri yeniden \u0131s\u0131tman\u0131n veya donmu\u015f yemekleri \u00e7\u00f6zmenin de \u00f6tesinde mutfakta \u00e7ok \u00e7e\u015fitli gastronomik g\u00f6revler i\u00e7in kullan\u0131labilecek m\u00fckemmel bir \u00e7\u00f6z\u00fcmd\u00fcr<\/strong>.[\/vc_column_text][vc_empty_space height=&#8221;20px&#8221;][elx_heading text_color=&#8221;inherit&#8221;]Neden Electrolux Professional&#8217;\u0131n y\u00fcksek h\u0131zl\u0131 f\u0131r\u0131n\u0131n\u0131 se\u00e7melisiniz?[\/elx_heading][vc_empty_space height=&#8221;20px&#8221;][vc_column_text]Ticari mutfa\u011f\u0131n\u0131z\u0131 donatma s\u00f6z konusu oldu\u011funda<strong>,<a href=\"https:\/\/www.electroluxprofessional.com\/tr\/ticari-mutfak-ekipmanlari\/gourmexpress-yuksek-hizli-firin\/\" target=\"_blank\" rel=\"noopener\"> Electrolux Professional&#8217;s Y\u00fcksek H\u0131zl\u0131 F\u0131r\u0131n\u0131<\/a> <\/strong><strong>f\u0131r\u0131n\u0131 nihai \u00e7\u00f6z\u00fcmd\u00fcr<\/strong>. <strong>Mikrodalga f\u0131r\u0131n\u0131n h\u0131z\u0131 ve rahatl\u0131\u011f\u0131 ile geleneksel f\u0131r\u0131n\u0131n kendine \u00f6zg\u00fc uyarlanabilirli\u011fini ve m\u00fckemmelli\u011fini kusursuz bir \u015fekilde birle\u015ftirir<\/strong>. Mikrodalga, konveksiyon ve y\u00fcksek h\u0131zda s\u0131cak hava verme teknolojilerini birle\u015ftiren bu f\u0131r\u0131n, \u00e7ok \u00e7e\u015fitli yiyecekleri h\u0131zl\u0131ca ve her yerini e\u015fit bir \u015fekilde pi\u015firme \u00f6zelli\u011fiyle dikkatleri \u00fczerine \u00e7ekiyor.<\/p>\n<p>\u00dcstelik <strong>kullan\u0131m kolayl\u0131\u011f\u0131ndan da \u00f6d\u00fcn vermiyor<\/strong>. Programlanabilir ayarlarla tamamlanan iyi tasarlanm\u0131\u015f bir aray\u00fcze sahip bu f\u0131r\u0131n, deneyim seviyesi fark etmeksizin t\u00fcm operat\u00f6rlere her a\u015famada kullan\u0131m kolayl\u0131\u011f\u0131 sa\u011flar.<\/p>\n<p>Bu kadarla da kalm\u0131yor. Electrolux Professional&#8217;\u0131n y\u00fcksek h\u0131zl\u0131 f\u0131r\u0131n\u0131, birinci s\u0131n\u0131f malzemelerden \u00fcretilmi\u015ftir ve ticari mutfaklar\u0131n ihtiya\u00e7lar\u0131na cevap verecek \u015fekilde tasarlanm\u0131\u015ft\u0131r. <strong>G\u00fcvenilirlik<\/strong> ve <strong>dayan\u0131kl\u0131l\u0131\u011f\u0131n<\/strong> simgesi bu f\u0131r\u0131n, her t\u00fcr catering i\u015fletmesinin standard\u0131n\u0131 y\u00fckseltecek rakipsiz bir \u00fcr\u00fcnd\u00fcr.[\/vc_column_text][\/vc_column][\/vc_row]<\/p>\n","protected":false},"excerpt":{"rendered":"<p>[vc_row][vc_column][vc_column_text]H\u0131zl\u0131 tempolu g\u00fcn\u00fcm\u00fcz d\u00fcnyas\u0131nda m\u00fc\u015fterilerimiz hem h\u0131zl\u0131 hem de m\u00fckemmel hizmet bekliyor. Bu duruma ayak uyduran yemek sekt\u00f6r\u00fc, geleneksel f\u0131r\u0131nlar\u0131 ve mikrodalga f\u0131r\u0131nlar\u0131 geride b\u0131rakan ve birinci s\u0131n\u0131f pi\u015firme kalitesini muhafaza eden y\u00fcksek h\u0131zl\u0131 pi\u015firme \u00e7\u00f6z\u00fcmlerini benimsedi. \u0130novasyonu bir ad\u0131m daha ileriye ta\u015f\u0131yan Electrolux Professional, hem mikrodalga f\u0131r\u0131nlar\u0131n hem de geleneksel f\u0131r\u0131nlar\u0131n avantajlar\u0131n\u0131 \u00e7ok y\u00f6nl\u00fc [&hellip;]<\/p>\n","protected":false},"author":40,"featured_media":17341,"comment_status":"open","ping_status":"closed","sticky":false,"template":"","format":"standard","meta":{"footnotes":""},"categories":[114],"tags":[215,155,216,156],"class_list":["post-17343","post","type-post","status-publish","format-standard","has-post-thumbnail","hentry","category-yiyecek","tag-endustriyel_firin","tag-endustriyel-mutfak","tag-pisirme","tag-yuksek-hizli-pisirme"],"acf":[],"yoast_head":"<!-- This site is optimized with the Yoast SEO plugin v23.3 - https:\/\/yoast.com\/wordpress\/plugins\/seo\/ -->\n<title>Y\u00fcksek H\u0131zl\u0131 F\u0131r\u0131n ve Mikrodalga Kar\u015f\u0131la\u015ft\u0131rmas\u0131<\/title>\n<meta name=\"description\" content=\"Y\u00fcksek h\u0131zl\u0131 f\u0131r\u0131n ile mikrodalga f\u0131r\u0131n aras\u0131nda ne fark var? H\u0131zl\u0131 pi\u015firme avantaj\u0131 sunan bu cihazlar aras\u0131ndaki farklar\u0131 ve benzerlikleri \u00f6\u011frenin.\" \/>\n<meta name=\"robots\" content=\"index, follow, max-snippet:-1, max-image-preview:large, max-video-preview:-1\" \/>\n<link rel=\"canonical\" href=\"https:\/\/www.electroluxprofessional.com\/tr\/high-speed-oven-vs-microwave\/\" \/>\n<meta property=\"og:locale\" content=\"tr_TR\" \/>\n<meta property=\"og:type\" content=\"article\" \/>\n<meta property=\"og:title\" content=\"Y\u00fcksek H\u0131zl\u0131 F\u0131r\u0131n ve Mikrodalga Kar\u015f\u0131la\u015ft\u0131rmas\u0131\" \/>\n<meta property=\"og:description\" content=\"Y\u00fcksek h\u0131zl\u0131 f\u0131r\u0131n ile mikrodalga f\u0131r\u0131n aras\u0131nda ne fark var? H\u0131zl\u0131 pi\u015firme avantaj\u0131 sunan bu cihazlar aras\u0131ndaki farklar\u0131 ve benzerlikleri \u00f6\u011frenin.\" \/>\n<meta property=\"og:url\" content=\"https:\/\/www.electroluxprofessional.com\/tr\/high-speed-oven-vs-microwave\/\" \/>\n<meta property=\"og:site_name\" content=\"Electrolux Professional T\u00fcrkiye\" \/>\n<meta property=\"article:published_time\" content=\"2023-11-27T19:17:49+00:00\" \/>\n<meta property=\"article:modified_time\" content=\"2025-07-07T11:37:22+00:00\" \/>\n<meta property=\"og:image\" content=\"https:\/\/www.electroluxprofessional.com\/tr\/wp-content\/uploads\/2023\/11\/GourmeXpress-4-Pizza-2000x350-final.jpg\" \/>\n\t<meta property=\"og:image:width\" content=\"2000\" \/>\n\t<meta property=\"og:image:height\" content=\"350\" \/>\n\t<meta property=\"og:image:type\" content=\"image\/jpeg\" \/>\n<meta name=\"author\" content=\"nevin.ergen@electroluxprofessional.com\" \/>\n<meta name=\"twitter:card\" content=\"summary_large_image\" \/>\n<meta name=\"twitter:label1\" content=\"Yazan:\" \/>\n\t<meta name=\"twitter:data1\" content=\"nevin.ergen@electroluxprofessional.com\" \/>\n\t<meta name=\"twitter:label2\" content=\"Tahmini okuma s\u00fcresi\" \/>\n\t<meta name=\"twitter:data2\" content=\"3 dakika\" \/>\n<script type=\"application\/ld+json\" class=\"yoast-schema-graph\">{\"@context\":\"https:\/\/schema.org\",\"@graph\":[{\"@type\":\"WebPage\",\"@id\":\"https:\/\/www.electroluxprofessional.com\/tr\/high-speed-oven-vs-microwave\/\",\"url\":\"https:\/\/www.electroluxprofessional.com\/tr\/high-speed-oven-vs-microwave\/\",\"name\":\"Y\u00fcksek H\u0131zl\u0131 F\u0131r\u0131n ve Mikrodalga Kar\u015f\u0131la\u015ft\u0131rmas\u0131\",\"isPartOf\":{\"@id\":\"https:\/\/www.electroluxprofessional.com\/tr\/#website\"},\"primaryImageOfPage\":{\"@id\":\"https:\/\/www.electroluxprofessional.com\/tr\/high-speed-oven-vs-microwave\/#primaryimage\"},\"image\":{\"@id\":\"https:\/\/www.electroluxprofessional.com\/tr\/high-speed-oven-vs-microwave\/#primaryimage\"},\"thumbnailUrl\":\"https:\/\/www.electroluxprofessional.com\/tr\/wp-content\/uploads\/2023\/11\/GourmeXpress-4-Pizza-2000x350-final.jpg\",\"datePublished\":\"2023-11-27T19:17:49+00:00\",\"dateModified\":\"2025-07-07T11:37:22+00:00\",\"author\":{\"@id\":\"https:\/\/www.electroluxprofessional.com\/tr\/#\/schema\/person\/471d39211a65a2c5bf5e5e7796f450cd\"},\"description\":\"Y\u00fcksek h\u0131zl\u0131 f\u0131r\u0131n ile mikrodalga f\u0131r\u0131n aras\u0131nda ne fark var? H\u0131zl\u0131 pi\u015firme avantaj\u0131 sunan bu cihazlar aras\u0131ndaki farklar\u0131 ve benzerlikleri \u00f6\u011frenin.\",\"breadcrumb\":{\"@id\":\"https:\/\/www.electroluxprofessional.com\/tr\/high-speed-oven-vs-microwave\/#breadcrumb\"},\"inLanguage\":\"tr\",\"potentialAction\":[{\"@type\":\"ReadAction\",\"target\":[\"https:\/\/www.electroluxprofessional.com\/tr\/high-speed-oven-vs-microwave\/\"]}]},{\"@type\":\"ImageObject\",\"inLanguage\":\"tr\",\"@id\":\"https:\/\/www.electroluxprofessional.com\/tr\/high-speed-oven-vs-microwave\/#primaryimage\",\"url\":\"https:\/\/www.electroluxprofessional.com\/tr\/wp-content\/uploads\/2023\/11\/GourmeXpress-4-Pizza-2000x350-final.jpg\",\"contentUrl\":\"https:\/\/www.electroluxprofessional.com\/tr\/wp-content\/uploads\/2023\/11\/GourmeXpress-4-Pizza-2000x350-final.jpg\",\"width\":2000,\"height\":350,\"caption\":\"pizzas prepared with High Speed Oven\"},{\"@type\":\"BreadcrumbList\",\"@id\":\"https:\/\/www.electroluxprofessional.com\/tr\/high-speed-oven-vs-microwave\/#breadcrumb\",\"itemListElement\":[{\"@type\":\"ListItem\",\"position\":1,\"name\":\"Home\",\"item\":\"https:\/\/www.electroluxprofessional.com\/tr\/\"},{\"@type\":\"ListItem\",\"position\":2,\"name\":\"Ticari Y\u00fcksek H\u0131zl\u0131 F\u0131r\u0131n ve Mikrodalga Kar\u015f\u0131la\u015ft\u0131rmas\u0131\"}]},{\"@type\":\"WebSite\",\"@id\":\"https:\/\/www.electroluxprofessional.com\/tr\/#website\",\"url\":\"https:\/\/www.electroluxprofessional.com\/tr\/\",\"name\":\"Electrolux Professional T\u00fcrkiye\",\"description\":\"\",\"potentialAction\":[{\"@type\":\"SearchAction\",\"target\":{\"@type\":\"EntryPoint\",\"urlTemplate\":\"https:\/\/www.electroluxprofessional.com\/tr\/?src={search_term_string}\"},\"query-input\":\"required name=search_term_string\"}],\"inLanguage\":\"tr\"},{\"@type\":\"Person\",\"@id\":\"https:\/\/www.electroluxprofessional.com\/tr\/#\/schema\/person\/471d39211a65a2c5bf5e5e7796f450cd\",\"name\":\"nevin.ergen@electroluxprofessional.com\",\"image\":{\"@type\":\"ImageObject\",\"inLanguage\":\"tr\",\"@id\":\"https:\/\/www.electroluxprofessional.com\/tr\/#\/schema\/person\/image\/\",\"url\":\"https:\/\/secure.gravatar.com\/avatar\/4cd0716c48d932901c7de68a448855ac?s=96&d=mm&r=g\",\"contentUrl\":\"https:\/\/secure.gravatar.com\/avatar\/4cd0716c48d932901c7de68a448855ac?s=96&d=mm&r=g\",\"caption\":\"nevin.ergen@electroluxprofessional.com\"},\"url\":\"https:\/\/www.electroluxprofessional.com\/tr\/author\/nevin-ergen\/\"}]}<\/script>\n<!-- \/ Yoast SEO plugin. -->","yoast_head_json":{"title":"Y\u00fcksek H\u0131zl\u0131 F\u0131r\u0131n ve Mikrodalga Kar\u015f\u0131la\u015ft\u0131rmas\u0131","description":"Y\u00fcksek h\u0131zl\u0131 f\u0131r\u0131n ile mikrodalga f\u0131r\u0131n aras\u0131nda ne fark var? H\u0131zl\u0131 pi\u015firme avantaj\u0131 sunan bu cihazlar aras\u0131ndaki farklar\u0131 ve benzerlikleri \u00f6\u011frenin.","robots":{"index":"index","follow":"follow","max-snippet":"max-snippet:-1","max-image-preview":"max-image-preview:large","max-video-preview":"max-video-preview:-1"},"canonical":"https:\/\/www.electroluxprofessional.com\/tr\/high-speed-oven-vs-microwave\/","og_locale":"tr_TR","og_type":"article","og_title":"Y\u00fcksek H\u0131zl\u0131 F\u0131r\u0131n ve Mikrodalga Kar\u015f\u0131la\u015ft\u0131rmas\u0131","og_description":"Y\u00fcksek h\u0131zl\u0131 f\u0131r\u0131n ile mikrodalga f\u0131r\u0131n aras\u0131nda ne fark var? H\u0131zl\u0131 pi\u015firme avantaj\u0131 sunan bu cihazlar aras\u0131ndaki farklar\u0131 ve benzerlikleri \u00f6\u011frenin.","og_url":"https:\/\/www.electroluxprofessional.com\/tr\/high-speed-oven-vs-microwave\/","og_site_name":"Electrolux Professional T\u00fcrkiye","article_published_time":"2023-11-27T19:17:49+00:00","article_modified_time":"2025-07-07T11:37:22+00:00","og_image":[{"width":2000,"height":350,"url":"https:\/\/www.electroluxprofessional.com\/tr\/wp-content\/uploads\/2023\/11\/GourmeXpress-4-Pizza-2000x350-final.jpg","type":"image\/jpeg"}],"author":"nevin.ergen@electroluxprofessional.com","twitter_card":"summary_large_image","twitter_misc":{"Yazan:":"nevin.ergen@electroluxprofessional.com","Tahmini okuma s\u00fcresi":"3 dakika"},"schema":{"@context":"https:\/\/schema.org","@graph":[{"@type":"WebPage","@id":"https:\/\/www.electroluxprofessional.com\/tr\/high-speed-oven-vs-microwave\/","url":"https:\/\/www.electroluxprofessional.com\/tr\/high-speed-oven-vs-microwave\/","name":"Y\u00fcksek H\u0131zl\u0131 F\u0131r\u0131n ve Mikrodalga Kar\u015f\u0131la\u015ft\u0131rmas\u0131","isPartOf":{"@id":"https:\/\/www.electroluxprofessional.com\/tr\/#website"},"primaryImageOfPage":{"@id":"https:\/\/www.electroluxprofessional.com\/tr\/high-speed-oven-vs-microwave\/#primaryimage"},"image":{"@id":"https:\/\/www.electroluxprofessional.com\/tr\/high-speed-oven-vs-microwave\/#primaryimage"},"thumbnailUrl":"https:\/\/www.electroluxprofessional.com\/tr\/wp-content\/uploads\/2023\/11\/GourmeXpress-4-Pizza-2000x350-final.jpg","datePublished":"2023-11-27T19:17:49+00:00","dateModified":"2025-07-07T11:37:22+00:00","author":{"@id":"https:\/\/www.electroluxprofessional.com\/tr\/#\/schema\/person\/471d39211a65a2c5bf5e5e7796f450cd"},"description":"Y\u00fcksek h\u0131zl\u0131 f\u0131r\u0131n ile mikrodalga f\u0131r\u0131n aras\u0131nda ne fark var? H\u0131zl\u0131 pi\u015firme avantaj\u0131 sunan bu cihazlar aras\u0131ndaki farklar\u0131 ve benzerlikleri \u00f6\u011frenin.","breadcrumb":{"@id":"https:\/\/www.electroluxprofessional.com\/tr\/high-speed-oven-vs-microwave\/#breadcrumb"},"inLanguage":"tr","potentialAction":[{"@type":"ReadAction","target":["https:\/\/www.electroluxprofessional.com\/tr\/high-speed-oven-vs-microwave\/"]}]},{"@type":"ImageObject","inLanguage":"tr","@id":"https:\/\/www.electroluxprofessional.com\/tr\/high-speed-oven-vs-microwave\/#primaryimage","url":"https:\/\/www.electroluxprofessional.com\/tr\/wp-content\/uploads\/2023\/11\/GourmeXpress-4-Pizza-2000x350-final.jpg","contentUrl":"https:\/\/www.electroluxprofessional.com\/tr\/wp-content\/uploads\/2023\/11\/GourmeXpress-4-Pizza-2000x350-final.jpg","width":2000,"height":350,"caption":"pizzas prepared with High Speed Oven"},{"@type":"BreadcrumbList","@id":"https:\/\/www.electroluxprofessional.com\/tr\/high-speed-oven-vs-microwave\/#breadcrumb","itemListElement":[{"@type":"ListItem","position":1,"name":"Home","item":"https:\/\/www.electroluxprofessional.com\/tr\/"},{"@type":"ListItem","position":2,"name":"Ticari Y\u00fcksek H\u0131zl\u0131 F\u0131r\u0131n ve Mikrodalga Kar\u015f\u0131la\u015ft\u0131rmas\u0131"}]},{"@type":"WebSite","@id":"https:\/\/www.electroluxprofessional.com\/tr\/#website","url":"https:\/\/www.electroluxprofessional.com\/tr\/","name":"Electrolux Professional T\u00fcrkiye","description":"","potentialAction":[{"@type":"SearchAction","target":{"@type":"EntryPoint","urlTemplate":"https:\/\/www.electroluxprofessional.com\/tr\/?src={search_term_string}"},"query-input":"required name=search_term_string"}],"inLanguage":"tr"},{"@type":"Person","@id":"https:\/\/www.electroluxprofessional.com\/tr\/#\/schema\/person\/471d39211a65a2c5bf5e5e7796f450cd","name":"nevin.ergen@electroluxprofessional.com","image":{"@type":"ImageObject","inLanguage":"tr","@id":"https:\/\/www.electroluxprofessional.com\/tr\/#\/schema\/person\/image\/","url":"https:\/\/secure.gravatar.com\/avatar\/4cd0716c48d932901c7de68a448855ac?s=96&d=mm&r=g","contentUrl":"https:\/\/secure.gravatar.com\/avatar\/4cd0716c48d932901c7de68a448855ac?s=96&d=mm&r=g","caption":"nevin.ergen@electroluxprofessional.com"},"url":"https:\/\/www.electroluxprofessional.com\/tr\/author\/nevin-ergen\/"}]}},"_links":{"self":[{"href":"https:\/\/www.electroluxprofessional.com\/tr\/wp-json\/wp\/v2\/posts\/17343"}],"collection":[{"href":"https:\/\/www.electroluxprofessional.com\/tr\/wp-json\/wp\/v2\/posts"}],"about":[{"href":"https:\/\/www.electroluxprofessional.com\/tr\/wp-json\/wp\/v2\/types\/post"}],"author":[{"embeddable":true,"href":"https:\/\/www.electroluxprofessional.com\/tr\/wp-json\/wp\/v2\/users\/40"}],"replies":[{"embeddable":true,"href":"https:\/\/www.electroluxprofessional.com\/tr\/wp-json\/wp\/v2\/comments?post=17343"}],"version-history":[{"count":5,"href":"https:\/\/www.electroluxprofessional.com\/tr\/wp-json\/wp\/v2\/posts\/17343\/revisions"}],"predecessor-version":[{"id":19701,"href":"https:\/\/www.electroluxprofessional.com\/tr\/wp-json\/wp\/v2\/posts\/17343\/revisions\/19701"}],"wp:featuredmedia":[{"embeddable":true,"href":"https:\/\/www.electroluxprofessional.com\/tr\/wp-json\/wp\/v2\/media\/17341"}],"wp:attachment":[{"href":"https:\/\/www.electroluxprofessional.com\/tr\/wp-json\/wp\/v2\/media?parent=17343"}],"wp:term":[{"taxonomy":"category","embeddable":true,"href":"https:\/\/www.electroluxprofessional.com\/tr\/wp-json\/wp\/v2\/categories?post=17343"},{"taxonomy":"post_tag","embeddable":true,"href":"https:\/\/www.electroluxprofessional.com\/tr\/wp-json\/wp\/v2\/tags?post=17343"}],"curies":[{"name":"wp","href":"https:\/\/api.w.org\/{rel}","templated":true}]}}