{"id":16972,"date":"2023-09-28T06:45:32","date_gmt":"2023-09-28T06:45:32","guid":{"rendered":"https:\/\/www.electroluxprofessional.com\/tr\/?p=16972"},"modified":"2025-07-10T09:21:28","modified_gmt":"2025-07-10T09:21:28","slug":"self-servis-camasirhane-karlilik","status":"publish","type":"post","link":"https:\/\/www.electroluxprofessional.com\/tr\/self-servis-camasirhane-karlilik\/","title":{"rendered":"Self-servis \u00e7ama\u015f\u0131rhanelerin k\u00e2rl\u0131l\u0131\u011f\u0131n\u0131 ve s\u00fcrd\u00fcr\u00fclebilirli\u011fini art\u0131rma"},"content":{"rendered":"<p>[vc_row][vc_column][vc_column_text]Ba\u015far\u0131l\u0131 bir <strong>self-servis \u00e7ama\u015f\u0131rhane i\u015fletme<\/strong> stratejik d\u00fc\u015f\u00fcnmeyi ve \u00e7e\u015fitli gelir art\u0131rma stratejilerinin uygulanmas\u0131n\u0131 gerektirir. Ek gelir kaynaklar\u0131n\u0131 ke\u015ffederek ve operasyonlar\u0131n\u0131z\u0131 optimize ederek\u00a0<strong>\u00e7ama\u015f\u0131rhanenizin<\/strong>\u00a0<a href=\"https:\/\/www.electroluxprofessional.com\/tr\/isletmenize-yonelik-cozumler\/mylaundry-konsept-magazasi\/\" target=\"_blank\" rel=\"noopener\"><strong>k\u00e2rl\u0131l\u0131\u011f\u0131n\u0131 art\u0131rabilirsiniz<\/strong><\/a>.\u00a0Bu k\u0131lavuzda, k\u00e2r\u0131n\u0131z\u0131 maksimize etmenize ve i\u015finizi en iyi \u015fekilde y\u00f6netmenize yard\u0131mc\u0131 olacak baz\u0131 etkili ipu\u00e7lar\u0131 verece\u011fiz.<\/p>\n<p>\u0130\u015finizde ba\u015far\u0131l\u0131 olman\u0131z\u0131 sa\u011flayacak baz\u0131 temel ipu\u00e7lar\u0131na bir g\u00f6z atal\u0131m.[\/vc_column_text][vc_empty_space][elx_heading font_container=&#8221;h3&#8243; text_color=&#8221;inherit&#8221;]1. Her zaman faturalar\u0131n\u0131z\u0131 kontrol edin[\/elx_heading][vc_column_text]<strong>Elektrik, su, do\u011fal gaz vb. kullan\u0131m maliyetlerinizi <\/strong>d\u00fczenli olarak izlemek ve optimize etmek, k\u00e2r marj\u0131n\u0131z\u0131 \u00f6nemli \u00f6l\u00e7\u00fcde etkileyebilir. Hangi noktalarda enerji t\u00fcketimini azaltabilece\u011finizi belirlemek i\u00e7in enerji denetimleri yap\u0131n. <strong>Uzun vadede fatura \u00f6demelerinizi azaltmaya<\/strong> yard\u0131mc\u0131 olabilece\u011finden <a href=\"https:\/\/www.electroluxprofessional.com\/tr\/ticari-camasirhane-ekipmanlari\/line-6000-cozumler\/\" target=\"_blank\" rel=\"noopener\"><strong>enerji verimli \u00e7ama\u015f\u0131r ve kurutma makinelerine<\/strong><\/a> yat\u0131r\u0131m yap\u0131n. Ayr\u0131ca, su kullan\u0131m\u0131n\u0131 en aza indirmek ve giderleri d\u00fc\u015f\u00fcrmek i\u00e7in su tasarrufu sa\u011flayan cihazlar kurmay\u0131 ve \u00e7evre dostu deterjanlar kullanmay\u0131 d\u00fc\u015f\u00fcn\u00fcn.[\/vc_column_text][vc_empty_space][\/vc_column][\/vc_row][vc_row][vc_column width=&#8221;1\/2&#8243;][vc_empty_space][vc_single_image image=&#8221;16799&#8243; img_size=&#8221;full&#8221;][vc_column_text]<\/p>\n<p style=\"text-align: center;\"><span style=\"font-size: small;\"><em>Lavarie Verte &#8211; France<\/em><\/span><\/p>\n<p>[\/vc_column_text][\/vc_column][vc_column width=&#8221;1\/2&#8243;][elx_heading font_container=&#8221;h3&#8243; text_color=&#8221;inherit&#8221;]2. Makinelerinizin bak\u0131m\u0131[\/elx_heading][vc_column_text]<strong>Makinelerin bak\u0131m\u0131n\u0131n gerekti\u011fi gibi yap\u0131lmas\u0131<\/strong> self-servis \u00e7ama\u015f\u0131rhanenizi sorunsuz ve etkili bir \u015fekilde i\u015fletebilmeniz i\u00e7in \u00e7ok \u00f6nemlidir. \u00c7ama\u015f\u0131r ve kurutma makinelerinizin her zaman en iyi \u015fekilde \u00e7al\u0131\u015fmas\u0131n\u0131 sa\u011flamak i\u00e7in \u00f6nleyici bak\u0131m program\u0131 uygulay\u0131n. Toz-t\u00fcy toplama haznesini <strong>d\u00fczenli olarak kontrol edin<\/strong> ve temizleyin,\u00a0kay\u0131\u015flar\u0131, yataklar\u0131 ve di\u011fer bile\u015fenleri rutin kontrolden ge\u00e7irin ve ar\u0131zal\u0131 ekipmana h\u0131zl\u0131 bir \u015fekilde m\u00fcdahale edin. Makinelerinizin her zaman sorunsuz bir \u015fekilde \u00e7al\u0131\u015fmas\u0131n\u0131 sa\u011flayarak aksama s\u00fcresini en aza indirebilir ve gelirinizi maksimize edebilirsiniz.[\/vc_column_text][vc_empty_space][\/vc_column][\/vc_row][vc_row][vc_column][elx_heading font_container=&#8221;h3&#8243; text_color=&#8221;inherit&#8221;]3. S\u00fcrd\u00fcr\u00fclebilir makineleri tercih edin[\/elx_heading][vc_column_text]Electrolux Professionals&#8217;\u0131n y\u00fcksek devirli makineleri gibi y\u00fcksek performansl\u0131 ve s\u00fcrd\u00fcr\u00fclebilir makineler, y\u0131kama s\u00fcresini k\u0131salt\u0131r ve s\u0131kma s\u0131ras\u0131nda k\u0131yafetlerden daha \u00e7ok miktarda suyu uzakla\u015ft\u0131r\u0131r. Bu, y\u0131kanan e\u015fyalar\u0131n kurutma s\u00fcresinin k\u0131salmas\u0131 anlam\u0131na gelece\u011finden, \u00f6zellikle de kurutma makinelerinin genellikle en y\u00fcksek miktarda enerjiyi t\u00fcketme e\u011filiminde oldu\u011fu dikkate al\u0131nd\u0131\u011f\u0131nda zaman, enerji ve maliyetten tasarruf etmenizi sa\u011flar. Bu da elektrik faturas\u0131n\u0131 azaltman\u0131za ve daha d\u00fc\u015f\u00fck fiyatlar uygulayarak daha fazla m\u00fc\u015fteri \u00e7ekmenize olanak sa\u011flar.[\/vc_column_text][vc_empty_space][\/vc_column][\/vc_row][vc_row][vc_column][elx_heading font_container=&#8221;h3&#8243; text_color=&#8221;inherit&#8221;]4. Promosyonlar[\/elx_heading][vc_column_text]<strong>Yarat\u0131c\u0131 promosyonlarla<\/strong>\u00a0yeni m\u00fc\u015fterileri \u00e7ekebilir ve\u00a0<strong>mevcut m\u00fc\u015fterilerin tekrar sizi tercih etmesini sa\u011flayabilirsiniz<\/strong>. \u0130\u015flerin durgun oldu\u011fu d\u00f6nemlerde indirim kampanyalar\u0131 yapabilir, sadakat programlar\u0131 uygulayabilir, sizi ba\u015fkalar\u0131na tavsiye eden m\u00fc\u015fterilerinize \u00f6zel indirimler veya toplu i\u015flere \u00f6zel fiyatlar sunabilirsiniz. Yerel i\u015fletmelerle i\u015f ortakl\u0131klar\u0131 yaparak birbirinizin hizmetlerini kar\u015f\u0131l\u0131kl\u0131 tan\u0131tarak destekleyebilir, bulundu\u011funuz \u00e7evrede g\u00f6r\u00fcn\u00fcrl\u00fc\u011f\u00fcn\u00fcz\u00fc art\u0131rabilirsiniz. Etkili promosyonlar, \u00e7ama\u015f\u0131rhanenize gelen m\u00fc\u015fteri say\u0131s\u0131n\u0131 ve neticede gelirinizi art\u0131rabilir.[\/vc_column_text][vc_empty_space][\/vc_column][\/vc_row][vc_row][vc_column width=&#8221;1\/2&#8243;][elx_heading font_container=&#8221;h3&#8243; text_color=&#8221;inherit&#8221;]5. At\u0131\u015ft\u0131rmal\u0131k ve i\u00e7ecek otomatlar\u0131[\/elx_heading][vc_column_text]M\u00fc\u015fterilerin at\u0131\u015ft\u0131rmal\u0131klar, i\u00e7ecekler ve \u00e7ama\u015f\u0131r ile ilgili \u00fcr\u00fcnler alabilece\u011fi\u00a0<strong>otomat makineleri<\/strong>\u00a0kurmak i\u015fletmenize ek bir gelir ak\u0131\u015f\u0131 sa\u011flayabilir. \u00c7ama\u015f\u0131rlar\u0131n\u0131n bitmesini bekleyen m\u00fc\u015fteriler, otomat makinelerinden d\u00fc\u015f\u00fcnmeden al\u0131\u015fveri\u015f yapma e\u011filimindedirler. Otomatlar\u0131n\u0131zda yeterli \u00fcr\u00fcn oldu\u011funu ve farkl\u0131 \u00fcr\u00fcn se\u00e7enekleri bulundu\u011funu kontrol edin ve en iyi \u015fekilde \u00e7al\u0131\u015fmalar\u0131n\u0131 sa\u011flamak i\u00e7in d\u00fczenli olarak kontrol edilmesini ve bak\u0131m\u0131n\u0131n yap\u0131lmas\u0131n\u0131 sa\u011flay\u0131n.[\/vc_column_text][vc_empty_space][\/vc_column][vc_column width=&#8221;1\/2&#8243;][vc_empty_space][vc_single_image image=&#8221;16800&#8243; img_size=&#8221;full&#8221; add_caption=&#8221;yes&#8221;][vc_column_text]<\/p>\n<p style=\"text-align: center;\"><span style=\"font-size: small;\"><em>Onda Blu &#8211; Italy<\/em><\/span><\/p>\n<p>[\/vc_column_text][\/vc_column][\/vc_row][vc_row][vc_column][elx_heading font_container=&#8221;h3&#8243; text_color=&#8221;inherit&#8221;]7. Bekleme alan\u0131[\/elx_heading][vc_column_text]\u00c7ama\u015f\u0131rhanenizde yeterli alan varsa,\u00a0<strong>m\u00fc\u015fterilerin \u00e7ama\u015f\u0131rlar\u0131n\u0131n y\u0131kan\u0131p kurumas\u0131n\u0131 beklerken dinlenebilece\u011fi <\/strong>bir bekleme alan\u0131 eklemeyi d\u00fc\u015f\u00fcnebilirsiniz. Bu alanda so\u011fuk ve s\u0131cak i\u00e7eceklerin bulundu\u011fu k\u00fc\u00e7\u00fck bir\u00a0<strong>bar<\/strong>, \u00f6d\u00fcn\u00e7 kitaplar i\u00e7in bir\u00a0<strong>kitapl\u0131k<\/strong> ve m\u00fc\u015fterilerin serbest\u00e7e oturup rahatlayabilece\u011fi koltuklar olabilir. M\u00fc\u015fterilere ho\u015f bir mekan sunmak ek gelir sa\u011flayabilir ve m\u00fc\u015fteri memnuniyetini art\u0131rabilir.[\/vc_column_text][vc_empty_space][vc_single_image image=&#8221;16801&#8243; img_size=&#8221;full&#8221;][vc_empty_space][\/vc_column][\/vc_row][vc_row][vc_column][elx_heading text_color=&#8221;inherit&#8221;]Sonu\u00e7lar[\/elx_heading][vc_column_text]Faturalar\u0131n\u0131z\u0131 takip etmek, makinelerinizin bak\u0131m\u0131n\u0131 yapmak ve ek gelir kaynaklar\u0131 ke\u015ffetmek gibi stratejilerin t\u00fcm\u00fc self-servis \u00e7ama\u015f\u0131rhane i\u015fletmenizin karl\u0131l\u0131\u011f\u0131n\u0131 art\u0131rabilece\u011fi gibi, promosyonlar, \u00fccretsiz Wi-Fi, oturma alanlar\u0131 m\u00fc\u015fteri memnuniyetini daha da art\u0131rabilir ve daha fazla m\u00fc\u015fteri \u00e7ekmenizi sa\u011flayabilir. Electrolux Professional, sekt\u00f6r uzmanlar\u0131n\u0131n yard\u0131m\u0131 ile \u00e7ama\u015f\u0131rhane i\u015fletmenizi en y\u00fcksek standartlara y\u00fckseltmenizi sa\u011flayacak <a href=\"https:\/\/www.electroluxprofessional.com\/tr\/isletmenize-yonelik-cozumler\/mylaundry-konsept-magazasi\/\" target=\"_blank\" rel=\"noopener\"><strong>myLaundry Concept Store<\/strong><\/a>, ile size \u00f6zel dan\u0131\u015fmanl\u0131k hizmeti sunabilir. Operasyonlar\u0131n\u0131z\u0131 s\u00fcrekli de\u011ferlendirip iyile\u015ftirerek k\u00e2r\u0131n\u0131z\u0131 optimize edebilir ve \u00e7ama\u015f\u0131rhanenizin uzun vadede ba\u015far\u0131l\u0131 olmas\u0131n\u0131 garanti alt\u0131na alabilirsiniz.<\/p>\n<p style=\"text-align: center;\"><a href=\"https:\/\/www.electroluxprofessional.com\/tr\/self-servis-camasirhane-karlilik-2\/\">DAHA FAZLA B\u0130LG\u0130 \u0130\u00c7\u0130N B\u0130ZE ULA\u015eIN<\/a><\/p>\n<p>[\/vc_column_text][vc_empty_space][\/vc_column][\/vc_row]<\/p>\n","protected":false},"excerpt":{"rendered":"<p>[vc_row][vc_column][vc_column_text]Ba\u015far\u0131l\u0131 bir self-servis \u00e7ama\u015f\u0131rhane i\u015fletme stratejik d\u00fc\u015f\u00fcnmeyi ve \u00e7e\u015fitli gelir art\u0131rma stratejilerinin uygulanmas\u0131n\u0131 gerektirir. Ek gelir kaynaklar\u0131n\u0131 ke\u015ffederek ve operasyonlar\u0131n\u0131z\u0131 optimize ederek\u00a0\u00e7ama\u015f\u0131rhanenizin\u00a0k\u00e2rl\u0131l\u0131\u011f\u0131n\u0131 art\u0131rabilirsiniz.\u00a0Bu k\u0131lavuzda, k\u00e2r\u0131n\u0131z\u0131 maksimize etmenize ve i\u015finizi en iyi \u015fekilde y\u00f6netmenize yard\u0131mc\u0131 olacak baz\u0131 etkili ipu\u00e7lar\u0131 verece\u011fiz. \u0130\u015finizde ba\u015far\u0131l\u0131 olman\u0131z\u0131 sa\u011flayacak baz\u0131 temel ipu\u00e7lar\u0131na bir g\u00f6z atal\u0131m.[\/vc_column_text][vc_empty_space][elx_heading font_container=&#8221;h3&#8243; text_color=&#8221;inherit&#8221;]1. Her zaman faturalar\u0131n\u0131z\u0131 kontrol [&hellip;]<\/p>\n","protected":false},"author":40,"featured_media":16798,"comment_status":"open","ping_status":"closed","sticky":false,"template":"","format":"standard","meta":{"footnotes":""},"categories":[100,144,127],"tags":[],"class_list":["post-16972","post","type-post","status-publish","format-standard","has-post-thumbnail","hentry","category-camasirhane","category-inovasyon","category-surdurulebilirlik"],"acf":[],"yoast_head":"<!-- This site is optimized with the Yoast SEO plugin v23.3 - https:\/\/yoast.com\/wordpress\/plugins\/seo\/ -->\n<title>\u00c7ama\u015f\u0131rhanelerin k\u00e2rl\u0131l\u0131\u011f\u0131: ba\u015far\u0131 i\u00e7in ipu\u00e7lar\u0131<\/title>\n<meta name=\"description\" content=\"Electrolux Professional&#039;\u0131n self-servis \u00e7ama\u015f\u0131rhanenizin k\u00e2rl\u0131l\u0131\u011f\u0131n\u0131 s\u00fcrd\u00fcr\u00fclebilir \u015fekilde art\u0131rman\u0131za nas\u0131l yard\u0131mc\u0131 olabilece\u011fini ke\u015ffedin.\" \/>\n<meta name=\"robots\" content=\"index, follow, max-snippet:-1, max-image-preview:large, max-video-preview:-1\" \/>\n<link rel=\"canonical\" href=\"https:\/\/www.electroluxprofessional.com\/tr\/self-servis-camasirhane-karlilik\/\" \/>\n<meta property=\"og:locale\" content=\"tr_TR\" \/>\n<meta property=\"og:type\" content=\"article\" \/>\n<meta property=\"og:title\" content=\"\u00c7ama\u015f\u0131rhanelerin k\u00e2rl\u0131l\u0131\u011f\u0131: ba\u015far\u0131 i\u00e7in ipu\u00e7lar\u0131\" \/>\n<meta property=\"og:description\" content=\"Electrolux Professional&#039;\u0131n self-servis \u00e7ama\u015f\u0131rhanenizin k\u00e2rl\u0131l\u0131\u011f\u0131n\u0131 s\u00fcrd\u00fcr\u00fclebilir \u015fekilde art\u0131rman\u0131za nas\u0131l yard\u0131mc\u0131 olabilece\u011fini ke\u015ffedin.\" \/>\n<meta property=\"og:url\" content=\"https:\/\/www.electroluxprofessional.com\/tr\/self-servis-camasirhane-karlilik\/\" \/>\n<meta property=\"og:site_name\" content=\"Electrolux Professional T\u00fcrkiye\" \/>\n<meta property=\"article:published_time\" content=\"2023-09-28T06:45:32+00:00\" \/>\n<meta property=\"article:modified_time\" content=\"2025-07-10T09:21:28+00:00\" \/>\n<meta property=\"og:image\" content=\"https:\/\/www.electroluxprofessional.com\/tr\/wp-content\/uploads\/2023\/08\/Profitable-and-Sustainable.jpg\" \/>\n\t<meta property=\"og:image:width\" content=\"1730\" \/>\n\t<meta property=\"og:image:height\" content=\"350\" \/>\n\t<meta property=\"og:image:type\" content=\"image\/jpeg\" \/>\n<meta name=\"author\" content=\"nevin.ergen@electroluxprofessional.com\" \/>\n<meta name=\"twitter:card\" content=\"summary_large_image\" \/>\n<meta name=\"twitter:label1\" content=\"Yazan:\" \/>\n\t<meta name=\"twitter:data1\" content=\"nevin.ergen@electroluxprofessional.com\" \/>\n\t<meta name=\"twitter:label2\" content=\"Tahmini okuma s\u00fcresi\" \/>\n\t<meta name=\"twitter:data2\" content=\"4 dakika\" \/>\n<script type=\"application\/ld+json\" class=\"yoast-schema-graph\">{\"@context\":\"https:\/\/schema.org\",\"@graph\":[{\"@type\":\"WebPage\",\"@id\":\"https:\/\/www.electroluxprofessional.com\/tr\/self-servis-camasirhane-karlilik\/\",\"url\":\"https:\/\/www.electroluxprofessional.com\/tr\/self-servis-camasirhane-karlilik\/\",\"name\":\"\u00c7ama\u015f\u0131rhanelerin k\u00e2rl\u0131l\u0131\u011f\u0131: ba\u015far\u0131 i\u00e7in ipu\u00e7lar\u0131\",\"isPartOf\":{\"@id\":\"https:\/\/www.electroluxprofessional.com\/tr\/#website\"},\"primaryImageOfPage\":{\"@id\":\"https:\/\/www.electroluxprofessional.com\/tr\/self-servis-camasirhane-karlilik\/#primaryimage\"},\"image\":{\"@id\":\"https:\/\/www.electroluxprofessional.com\/tr\/self-servis-camasirhane-karlilik\/#primaryimage\"},\"thumbnailUrl\":\"https:\/\/www.electroluxprofessional.com\/tr\/wp-content\/uploads\/2023\/08\/Profitable-and-Sustainable.jpg\",\"datePublished\":\"2023-09-28T06:45:32+00:00\",\"dateModified\":\"2025-07-10T09:21:28+00:00\",\"author\":{\"@id\":\"https:\/\/www.electroluxprofessional.com\/tr\/#\/schema\/person\/471d39211a65a2c5bf5e5e7796f450cd\"},\"description\":\"Electrolux Professional'\u0131n self-servis \u00e7ama\u015f\u0131rhanenizin k\u00e2rl\u0131l\u0131\u011f\u0131n\u0131 s\u00fcrd\u00fcr\u00fclebilir \u015fekilde art\u0131rman\u0131za nas\u0131l yard\u0131mc\u0131 olabilece\u011fini ke\u015ffedin.\",\"breadcrumb\":{\"@id\":\"https:\/\/www.electroluxprofessional.com\/tr\/self-servis-camasirhane-karlilik\/#breadcrumb\"},\"inLanguage\":\"tr\",\"potentialAction\":[{\"@type\":\"ReadAction\",\"target\":[\"https:\/\/www.electroluxprofessional.com\/tr\/self-servis-camasirhane-karlilik\/\"]}]},{\"@type\":\"ImageObject\",\"inLanguage\":\"tr\",\"@id\":\"https:\/\/www.electroluxprofessional.com\/tr\/self-servis-camasirhane-karlilik\/#primaryimage\",\"url\":\"https:\/\/www.electroluxprofessional.com\/tr\/wp-content\/uploads\/2023\/08\/Profitable-and-Sustainable.jpg\",\"contentUrl\":\"https:\/\/www.electroluxprofessional.com\/tr\/wp-content\/uploads\/2023\/08\/Profitable-and-Sustainable.jpg\",\"width\":1730,\"height\":350,\"caption\":\"profitable-and-sustainable\"},{\"@type\":\"BreadcrumbList\",\"@id\":\"https:\/\/www.electroluxprofessional.com\/tr\/self-servis-camasirhane-karlilik\/#breadcrumb\",\"itemListElement\":[{\"@type\":\"ListItem\",\"position\":1,\"name\":\"Home\",\"item\":\"https:\/\/www.electroluxprofessional.com\/tr\/\"},{\"@type\":\"ListItem\",\"position\":2,\"name\":\"Self-servis \u00e7ama\u015f\u0131rhanelerin k\u00e2rl\u0131l\u0131\u011f\u0131n\u0131 ve s\u00fcrd\u00fcr\u00fclebilirli\u011fini art\u0131rma\"}]},{\"@type\":\"WebSite\",\"@id\":\"https:\/\/www.electroluxprofessional.com\/tr\/#website\",\"url\":\"https:\/\/www.electroluxprofessional.com\/tr\/\",\"name\":\"Electrolux Professional T\u00fcrkiye\",\"description\":\"\",\"potentialAction\":[{\"@type\":\"SearchAction\",\"target\":{\"@type\":\"EntryPoint\",\"urlTemplate\":\"https:\/\/www.electroluxprofessional.com\/tr\/?src={search_term_string}\"},\"query-input\":\"required name=search_term_string\"}],\"inLanguage\":\"tr\"},{\"@type\":\"Person\",\"@id\":\"https:\/\/www.electroluxprofessional.com\/tr\/#\/schema\/person\/471d39211a65a2c5bf5e5e7796f450cd\",\"name\":\"nevin.ergen@electroluxprofessional.com\",\"image\":{\"@type\":\"ImageObject\",\"inLanguage\":\"tr\",\"@id\":\"https:\/\/www.electroluxprofessional.com\/tr\/#\/schema\/person\/image\/\",\"url\":\"https:\/\/secure.gravatar.com\/avatar\/4cd0716c48d932901c7de68a448855ac?s=96&d=mm&r=g\",\"contentUrl\":\"https:\/\/secure.gravatar.com\/avatar\/4cd0716c48d932901c7de68a448855ac?s=96&d=mm&r=g\",\"caption\":\"nevin.ergen@electroluxprofessional.com\"},\"url\":\"https:\/\/www.electroluxprofessional.com\/tr\/author\/nevin-ergen\/\"}]}<\/script>\n<!-- \/ Yoast SEO plugin. -->","yoast_head_json":{"title":"\u00c7ama\u015f\u0131rhanelerin k\u00e2rl\u0131l\u0131\u011f\u0131: ba\u015far\u0131 i\u00e7in ipu\u00e7lar\u0131","description":"Electrolux Professional'\u0131n self-servis \u00e7ama\u015f\u0131rhanenizin k\u00e2rl\u0131l\u0131\u011f\u0131n\u0131 s\u00fcrd\u00fcr\u00fclebilir \u015fekilde art\u0131rman\u0131za nas\u0131l yard\u0131mc\u0131 olabilece\u011fini ke\u015ffedin.","robots":{"index":"index","follow":"follow","max-snippet":"max-snippet:-1","max-image-preview":"max-image-preview:large","max-video-preview":"max-video-preview:-1"},"canonical":"https:\/\/www.electroluxprofessional.com\/tr\/self-servis-camasirhane-karlilik\/","og_locale":"tr_TR","og_type":"article","og_title":"\u00c7ama\u015f\u0131rhanelerin k\u00e2rl\u0131l\u0131\u011f\u0131: ba\u015far\u0131 i\u00e7in ipu\u00e7lar\u0131","og_description":"Electrolux Professional'\u0131n self-servis \u00e7ama\u015f\u0131rhanenizin k\u00e2rl\u0131l\u0131\u011f\u0131n\u0131 s\u00fcrd\u00fcr\u00fclebilir \u015fekilde art\u0131rman\u0131za nas\u0131l yard\u0131mc\u0131 olabilece\u011fini ke\u015ffedin.","og_url":"https:\/\/www.electroluxprofessional.com\/tr\/self-servis-camasirhane-karlilik\/","og_site_name":"Electrolux Professional T\u00fcrkiye","article_published_time":"2023-09-28T06:45:32+00:00","article_modified_time":"2025-07-10T09:21:28+00:00","og_image":[{"width":1730,"height":350,"url":"https:\/\/www.electroluxprofessional.com\/tr\/wp-content\/uploads\/2023\/08\/Profitable-and-Sustainable.jpg","type":"image\/jpeg"}],"author":"nevin.ergen@electroluxprofessional.com","twitter_card":"summary_large_image","twitter_misc":{"Yazan:":"nevin.ergen@electroluxprofessional.com","Tahmini okuma s\u00fcresi":"4 dakika"},"schema":{"@context":"https:\/\/schema.org","@graph":[{"@type":"WebPage","@id":"https:\/\/www.electroluxprofessional.com\/tr\/self-servis-camasirhane-karlilik\/","url":"https:\/\/www.electroluxprofessional.com\/tr\/self-servis-camasirhane-karlilik\/","name":"\u00c7ama\u015f\u0131rhanelerin k\u00e2rl\u0131l\u0131\u011f\u0131: ba\u015far\u0131 i\u00e7in ipu\u00e7lar\u0131","isPartOf":{"@id":"https:\/\/www.electroluxprofessional.com\/tr\/#website"},"primaryImageOfPage":{"@id":"https:\/\/www.electroluxprofessional.com\/tr\/self-servis-camasirhane-karlilik\/#primaryimage"},"image":{"@id":"https:\/\/www.electroluxprofessional.com\/tr\/self-servis-camasirhane-karlilik\/#primaryimage"},"thumbnailUrl":"https:\/\/www.electroluxprofessional.com\/tr\/wp-content\/uploads\/2023\/08\/Profitable-and-Sustainable.jpg","datePublished":"2023-09-28T06:45:32+00:00","dateModified":"2025-07-10T09:21:28+00:00","author":{"@id":"https:\/\/www.electroluxprofessional.com\/tr\/#\/schema\/person\/471d39211a65a2c5bf5e5e7796f450cd"},"description":"Electrolux Professional'\u0131n self-servis \u00e7ama\u015f\u0131rhanenizin k\u00e2rl\u0131l\u0131\u011f\u0131n\u0131 s\u00fcrd\u00fcr\u00fclebilir \u015fekilde art\u0131rman\u0131za nas\u0131l yard\u0131mc\u0131 olabilece\u011fini ke\u015ffedin.","breadcrumb":{"@id":"https:\/\/www.electroluxprofessional.com\/tr\/self-servis-camasirhane-karlilik\/#breadcrumb"},"inLanguage":"tr","potentialAction":[{"@type":"ReadAction","target":["https:\/\/www.electroluxprofessional.com\/tr\/self-servis-camasirhane-karlilik\/"]}]},{"@type":"ImageObject","inLanguage":"tr","@id":"https:\/\/www.electroluxprofessional.com\/tr\/self-servis-camasirhane-karlilik\/#primaryimage","url":"https:\/\/www.electroluxprofessional.com\/tr\/wp-content\/uploads\/2023\/08\/Profitable-and-Sustainable.jpg","contentUrl":"https:\/\/www.electroluxprofessional.com\/tr\/wp-content\/uploads\/2023\/08\/Profitable-and-Sustainable.jpg","width":1730,"height":350,"caption":"profitable-and-sustainable"},{"@type":"BreadcrumbList","@id":"https:\/\/www.electroluxprofessional.com\/tr\/self-servis-camasirhane-karlilik\/#breadcrumb","itemListElement":[{"@type":"ListItem","position":1,"name":"Home","item":"https:\/\/www.electroluxprofessional.com\/tr\/"},{"@type":"ListItem","position":2,"name":"Self-servis \u00e7ama\u015f\u0131rhanelerin k\u00e2rl\u0131l\u0131\u011f\u0131n\u0131 ve s\u00fcrd\u00fcr\u00fclebilirli\u011fini art\u0131rma"}]},{"@type":"WebSite","@id":"https:\/\/www.electroluxprofessional.com\/tr\/#website","url":"https:\/\/www.electroluxprofessional.com\/tr\/","name":"Electrolux Professional T\u00fcrkiye","description":"","potentialAction":[{"@type":"SearchAction","target":{"@type":"EntryPoint","urlTemplate":"https:\/\/www.electroluxprofessional.com\/tr\/?src={search_term_string}"},"query-input":"required name=search_term_string"}],"inLanguage":"tr"},{"@type":"Person","@id":"https:\/\/www.electroluxprofessional.com\/tr\/#\/schema\/person\/471d39211a65a2c5bf5e5e7796f450cd","name":"nevin.ergen@electroluxprofessional.com","image":{"@type":"ImageObject","inLanguage":"tr","@id":"https:\/\/www.electroluxprofessional.com\/tr\/#\/schema\/person\/image\/","url":"https:\/\/secure.gravatar.com\/avatar\/4cd0716c48d932901c7de68a448855ac?s=96&d=mm&r=g","contentUrl":"https:\/\/secure.gravatar.com\/avatar\/4cd0716c48d932901c7de68a448855ac?s=96&d=mm&r=g","caption":"nevin.ergen@electroluxprofessional.com"},"url":"https:\/\/www.electroluxprofessional.com\/tr\/author\/nevin-ergen\/"}]}},"_links":{"self":[{"href":"https:\/\/www.electroluxprofessional.com\/tr\/wp-json\/wp\/v2\/posts\/16972"}],"collection":[{"href":"https:\/\/www.electroluxprofessional.com\/tr\/wp-json\/wp\/v2\/posts"}],"about":[{"href":"https:\/\/www.electroluxprofessional.com\/tr\/wp-json\/wp\/v2\/types\/post"}],"author":[{"embeddable":true,"href":"https:\/\/www.electroluxprofessional.com\/tr\/wp-json\/wp\/v2\/users\/40"}],"replies":[{"embeddable":true,"href":"https:\/\/www.electroluxprofessional.com\/tr\/wp-json\/wp\/v2\/comments?post=16972"}],"version-history":[{"count":12,"href":"https:\/\/www.electroluxprofessional.com\/tr\/wp-json\/wp\/v2\/posts\/16972\/revisions"}],"predecessor-version":[{"id":21255,"href":"https:\/\/www.electroluxprofessional.com\/tr\/wp-json\/wp\/v2\/posts\/16972\/revisions\/21255"}],"wp:featuredmedia":[{"embeddable":true,"href":"https:\/\/www.electroluxprofessional.com\/tr\/wp-json\/wp\/v2\/media\/16798"}],"wp:attachment":[{"href":"https:\/\/www.electroluxprofessional.com\/tr\/wp-json\/wp\/v2\/media?parent=16972"}],"wp:term":[{"taxonomy":"category","embeddable":true,"href":"https:\/\/www.electroluxprofessional.com\/tr\/wp-json\/wp\/v2\/categories?post=16972"},{"taxonomy":"post_tag","embeddable":true,"href":"https:\/\/www.electroluxprofessional.com\/tr\/wp-json\/wp\/v2\/tags?post=16972"}],"curies":[{"name":"wp","href":"https:\/\/api.w.org\/{rel}","templated":true}]}}