{"id":14409,"date":"2022-09-27T07:33:39","date_gmt":"2022-09-27T07:33:39","guid":{"rendered":"https:\/\/www.electroluxprofessional.com\/tr\/?p=14409"},"modified":"2025-07-04T07:40:58","modified_gmt":"2025-07-04T07:40:58","slug":"food-servery-counters-blog-electrolux-professional-2","status":"publish","type":"post","link":"https:\/\/www.electroluxprofessional.com\/tr\/food-servery-counters-blog-electrolux-professional-2\/","title":{"rendered":"Kuvars yiyecek sunum tezgahlar\u0131n\u0131 tercih etmeniz i\u00e7in d\u00f6rt sebep"},"content":{"rendered":"<p>[vc_row][vc_column][elx_heading text_color=&#8221;inherit&#8221;]Hijyenik ve dayan\u0131kl\u0131 kuvars yiyecek te\u015fhir \u00e7\u00f6z\u00fcmleri stilden \u00f6d\u00fcn vermeden i\u015flevsellik sa\u011flar.[\/elx_heading][vc_empty_space][vc_column_text]Do\u011fru yiyecek te\u015fhir \u00fcniteleriyle, b\u00fcfe ve organizasyonlar i\u00e7in fantastik bir ortam yaratabilirsiniz.\u00a0Bug\u00fcn\u00fcn yiyecek sunum tezgahlar\u0131, bir taraftan yiyecekleri do\u011fru s\u0131cakl\u0131kta tutup, farkl\u0131 durumlara uymak i\u00e7in gereken esnekli\u011fi sa\u011flarken, di\u011fer taraftan \u015f\u0131k ve stil sahibi g\u00f6r\u00fcnmek \u00fczere tasarlanm\u0131\u015ft\u0131r.<\/p>\n<p>Yiyeceklerinizi sergilemek i\u00e7in kuvars sunum tezgahlar\u0131n\u0131 se\u00e7erek elde edece\u011finiz baz\u0131 avantajlar\u0131 burada a\u00e7\u0131klayaca\u011f\u0131z.[\/vc_column_text][\/vc_column][\/vc_row][vc_row][vc_column][vc_empty_space][\/vc_column][\/vc_row][vc_row][vc_column][elx_heading font_container=&#8221;h3&#8243; text_color=&#8221;inherit&#8221;]1 &#8211; En hijyenik se\u00e7enek[\/elx_heading][vc_column_text]Yiyecek servis ve mutfak alanlar\u0131n\u0131n temiz ve hijyenik tutulmas\u0131, g\u0131da i\u015fiyle u\u011fra\u015fan i\u015f yerleri i\u00e7in temel bir gerekliliktir. M\u00fc\u015fterileriniz mutfa\u011f\u0131n\u0131z\u0131n ve sunum alan\u0131z\u0131n en y\u00fcksek hijyen standartlar\u0131nda tutuldu\u011funu bilmek ve kendilerini g\u00fcvende hissetmek ister.<\/p>\n<p>Kuvars hem hijyenik, hem de temizlemesi kolay oldu\u011fundan i\u015flerinizi azaltan, dayan\u0131kl\u0131 bir malzemedir. Y\u00fczeyde g\u00f6zenek bulunmad\u0131\u011f\u0131ndan bakteri ve vir\u00fcs bar\u0131nd\u0131rmaz; \u00e7\u00fcnk\u00fc geli\u015femezler. Ayr\u0131ca parlatma ve s\u0131zd\u0131rmazl\u0131k malzemeleri ve mum gerektirmeden do\u011fal bir par\u0131lt\u0131ya sahiptir. Yapman\u0131z gereken tek \u015fey g\u00fcnl\u00fck olarak silerek malzemeyi iyi durumda tutmakt\u0131r.<br \/>\nKuvars lekelenme ve kararma yapmaz ve deterjana gerek duymadan kolayl\u0131kla temizlenebilir. Do\u011fal par\u0131lt\u0131s\u0131n\u0131 korur; f\u0131r\u00e7alanmas\u0131na veya cilalanmas\u0131na gerek yoktur.<\/p>\n<p>Bizler yiyecek sunum tezgahlar\u0131m\u0131zda bu \u00f6zelli\u011fi, temiz \u00e7izgilerle bir araya getirdik ve yiyecek k\u0131r\u0131nt\u0131lar\u0131n\u0131n ve ya\u011flar\u0131n genellikle s\u0131k\u0131\u015ft\u0131\u011f\u0131 rahats\u0131z edici ba\u011flant\u0131 par\u00e7alar\u0131n kullan\u0131lmas\u0131ndan ve eri\u015fmesi zor bo\u015fluklar\u0131n var olmas\u0131ndan ka\u00e7\u0131nd\u0131k.[\/vc_column_text][vc_empty_space][vc_single_image image=&#8221;14401&#8243; img_size=&#8221;large&#8221; alignment=&#8221;center&#8221;][vc_empty_space][\/vc_column][\/vc_row][vc_row][vc_column][elx_heading font_container=&#8221;h3&#8243; text_color=&#8221;inherit&#8221;]2 &#8211; Dayan\u0131kl\u0131 ve s\u00fcrd\u00fcr\u00fclebilir bir se\u00e7enek[\/elx_heading][vc_column_text]Kuvars yery\u00fcz\u00fcnde en s\u0131k rastlanan minerallerden biridir. D\u00fc\u015f\u00fck emisyonlu bir malzeme olarak kabul edilir ve geri d\u00f6n\u00fc\u015ft\u00fcr\u00fclebilir. Dolay\u0131s\u0131yla daha s\u00fcrd\u00fcr\u00fclebilir bir se\u00e7enek olarak g\u00f6r\u00fclebilir. Ayr\u0131ca \u00e7ok sa\u011flam ve a\u015f\u0131nmaya ve y\u0131pranmaya dayan\u0131kl\u0131 oldu\u011fundan \u00e7evre dostu ve uygun maliyetli bir \u00e7\u00f6z\u00fcmd\u00fcr.<\/p>\n<p>Electrolux Professional\u2019in Flexy Style \u00e7izgisi, \u00f6n tasar\u0131ma zaman harcamayaca\u011f\u0131n\u0131z \u015fimdiye kadarki ilk kuvars tezgah \u00e7\u00f6z\u00fcm\u00fcd\u00fcr. Yani sipari\u015fi verdi\u011finizde her \u015fey sizin i\u00e7in haz\u0131r olacakt\u0131r. 30.000\u2019den fazla kombinasyon aras\u0131ndan se\u00e7im yapabilece\u011finiz i\u00e7in ayn\u0131 zamanda pratik bir \u00e7\u00f6z\u00fcmd\u00fcr.[\/vc_column_text][vc_empty_space][\/vc_column][\/vc_row][vc_row][vc_column][elx_heading font_container=&#8221;h3&#8243; text_color=&#8221;inherit&#8221;]3 &#8211; \u015e\u0131k ve estetik[\/elx_heading][vc_column_text]Y\u00fcksek kaliteli, do\u011fal bir malzeme olan kuvars, yiyecek vitrinlerine zengin bir tasar\u0131m unsuru katar. Geleneksel servis alanlar\u0131nda g\u00f6r\u00fclen paslanmaz \u00e7elik metallerinin aksine, bu vitrinler ister kurumsal bir organizasyon veya d\u00fc\u011f\u00fcn, ister bir otel ya da restoran\u0131n b\u00fcfe alan\u0131 olsun, \u015f\u0131k \u00e7evreleri tamamlamak \u00fczere tasarlanm\u0131\u015ft\u0131r.<\/p>\n<p>B\u00fct\u00fcn ortam ve organizasyonlarda \u015f\u0131k ve parlak bir g\u00f6r\u00fcn\u00fcm sa\u011flayan kuvars ta\u015f\u0131 say\u0131s\u0131z renge sahiptir ve catering sunum tezgahlar\u0131 i\u00e7in par\u0131lt\u0131l\u0131 bir y\u00fczey sa\u011flar.[\/vc_column_text][vc_empty_space][\/vc_column][\/vc_row][vc_row][vc_column][elx_heading font_container=&#8221;h3&#8243; text_color=&#8221;inherit&#8221;]4 &#8211; Uzun \u00f6m\u00fcrl\u00fc renk[\/elx_heading][vc_column_text]En sa\u011flam ve uzun \u00f6m\u00fcrl\u00fc \u00fcr\u00fcnler i\u00e7in do\u011fal malzemeler kullan\u0131l\u0131r. Renk ve parlakl\u0131\u011f\u0131n\u0131 y\u0131llarca koruma becerisi sebebiyle tezgahlar i\u00e7in favori se\u00e7im olan kuvars, ev mutfaklar\u0131nda zaten uzun s\u00fcredir tercih edilmektedir.<\/p>\n<p>Ayn\u0131 stil seviyesini ticari alanlar\u0131n\u0131za getiren kuvars yiyecek sunum tezgahlar\u0131 ister a\u00e7\u0131k veya koyu bir renk, ister do\u011fal mermer etkisi gibi bir tasar\u0131m talep edin, parlak ve renk bak\u0131m\u0131ndan zengin olmak \u00fczere tasarlan\u0131r. Electrolux Professional\u2019da en y\u00fcksek kalitede kuvars malzemeler 10 renk se\u00e7ene\u011fiyle bulunur.[\/vc_column_text][vc_empty_space][\/vc_column][\/vc_row][vc_row][vc_column][elx_heading text_color=&#8221;inherit&#8221;]Flexy Style: ideal malzemeler, \u015f\u0131k tasar\u0131m[\/elx_heading][vc_column_text]Electrolux Professional yiyecek vitrinlerinin hepsi s\u00fcrd\u00fcr\u00fclebilirlik ve uygun maliyet g\u00f6z \u00f6n\u00fcnde tutularak tasarlanm\u0131\u015ft\u0131r. B\u00fct\u00fcn yiyecek vitrinleri etkin ve pratik \u00e7\u00f6z\u00fcmler sa\u011flarken, en \u00fcst d\u00fczey standart enerji tasarruf \u00e7\u00f6z\u00fcmlerine ba\u011fl\u0131 kal\u0131r.[\/vc_column_text][vc_empty_space][vc_single_image image=&#8221;14402&#8243; img_size=&#8221;large&#8221; alignment=&#8221;center&#8221;][vc_empty_space][vc_column_text]<a href=\"https:\/\/www.electroluxprofessional.com\/tr\/ticari-mutfak-ekipmanlari\/servis-hatti-ekipmani-flexy-line\/\" target=\"_blank\" rel=\"noopener\">Flexy Style<\/a> \u00e7izgisinin enerji tasarrufu sa\u011flayan \u00f6zellikleri aras\u0131nda, sudan tasarruf eden ve \u00e7al\u0131\u015ft\u0131rma ve kurulum maliyetlerini azaltan ve bak\u0131m\u0131 kolayla\u015ft\u0131ran havayla \u00e7al\u0131\u015fan Ben Mari de bulunmaktad\u0131r. Enerji t\u00fcketimini ve \u0131s\u0131nma s\u00fcresini azaltan Ben Mari sadece 16 dakikada an\u0131nda s\u0131cakl\u0131k verir. Bu \u00f6zellik enerjiden \u0131s\u0131nma s\u0131ras\u0131nda y\u00fczde 90 ve \u00e7al\u0131\u015fma s\u0131ras\u0131nda y\u00fczde 35 tasarruf sa\u011flar.<\/p>\n<p>Dekoratif ayd\u0131nlatma se\u00e7enekleri, minimalist tasar\u0131m ve temizlemesi daha zor olabilecek klips ve ba\u011flant\u0131 elemanlar\u0131ndan ka\u00e7\u0131nan lineer elemanlarla birlikte, Flexy Style \u00fcr\u00fcnlerin her par\u00e7as\u0131 dikkatle geli\u015ftirilmi\u015ftir.[\/vc_column_text][vc_empty_space][\/vc_column][\/vc_row][vc_row][vc_column][elx_heading text_color=&#8221;inherit&#8221;]Son d\u00fc\u015f\u00fcnceler[\/elx_heading][vc_column_text]Kuvars tezgah\u0131 olan yiyecek sunum tezgahlar\u0131 bir taraftan \u015f\u0131k kal\u0131rken di\u011fer taraftan maksimum hijyen ve esneklik sa\u011flamak \u00fczere dikkatle tasarlanm\u0131\u015ft\u0131r. Yiyecek vitrini i\u015f yerinize uyacak ve ambiyans\u0131 yans\u0131tacak \u015fekilde farkl\u0131 y\u00fckseklik, geni\u015flik ve derinliklerle ve farkl\u0131 yan panel renkleri, eklenti fonksiyonlar ve y\u00fczeylerle \u00f6zelle\u015ftirilebilir.[\/vc_column_text][vc_empty_space][vc_column_text]Vitrinler \u00e7e\u015fitli sunum durumlar\u0131na kullan\u0131labilir: servis veya self servis i\u00e7in sabit olarak ya da mobil bir se\u00e7enek olarak kullan\u0131labilir. Salata barlar\u0131 gibi yiyecekleri so\u011fuk ve taze tutabilir veya brasserie i\u00e7in sunum tezgah\u0131n\u0131 s\u0131cak tutabilir. Bir a\u00e7\u0131k alan organizasyonu d\u00fczenliyorsan\u0131z, al fresco olarak ayarlay\u0131n veya kapal\u0131 alanda kullan\u0131yorsan\u0131z ihtiya\u00e7lar\u0131n\u0131z\u0131 kar\u015f\u0131layacak \u015fekilde \u00fcniteleri birbirine ba\u011flay\u0131n.<\/p>\n<p>Hem stil hem de i\u015flev bak\u0131m\u0131ndan m\u00fckemmel bir malzeme olan kuvars i\u00e7eren, Flexy Style yiyecek sunum tezgahlar\u0131m\u0131z m\u00fc\u015fterilerimizin yiyecekleri her zaman en iyi ko\u015ful ve \u00e7evrelerde sunmas\u0131n\u0131 sa\u011flar.[\/vc_column_text][\/vc_column][\/vc_row]<\/p>\n","protected":false},"excerpt":{"rendered":"<p>[vc_row][vc_column][elx_heading text_color=&#8221;inherit&#8221;]Hijyenik ve dayan\u0131kl\u0131 kuvars yiyecek te\u015fhir \u00e7\u00f6z\u00fcmleri stilden \u00f6d\u00fcn vermeden i\u015flevsellik sa\u011flar.[\/elx_heading][vc_empty_space][vc_column_text]Do\u011fru yiyecek te\u015fhir \u00fcniteleriyle, b\u00fcfe ve organizasyonlar i\u00e7in fantastik bir ortam yaratabilirsiniz.\u00a0Bug\u00fcn\u00fcn yiyecek sunum tezgahlar\u0131, bir taraftan yiyecekleri do\u011fru s\u0131cakl\u0131kta tutup, farkl\u0131 durumlara uymak i\u00e7in gereken esnekli\u011fi sa\u011flarken, di\u011fer taraftan \u015f\u0131k ve stil sahibi g\u00f6r\u00fcnmek \u00fczere tasarlanm\u0131\u015ft\u0131r. Yiyeceklerinizi sergilemek i\u00e7in kuvars sunum tezgahlar\u0131n\u0131 [&hellip;]<\/p>\n","protected":false},"author":40,"featured_media":14400,"comment_status":"open","ping_status":"closed","sticky":false,"template":"","format":"standard","meta":{"footnotes":""},"categories":[112,190],"tags":[],"class_list":["post-14409","post","type-post","status-publish","format-standard","has-post-thumbnail","hentry","category-haberler","category-tasarim"],"acf":[],"yoast_head":"<!-- This site is optimized with the Yoast SEO plugin v23.3 - https:\/\/yoast.com\/wordpress\/plugins\/seo\/ -->\n<title>Kuvars yiyecek sunum tezgahlar\u0131n\u0131 tercih etmeniz i\u00e7in d\u00f6rt sebep - Electrolux Professional T\u00fcrkiye<\/title>\n<meta name=\"description\" content=\"Four reasons why quartz catering servery counters are perfect for your business. From hygiene to durability, quartz is the ideal material.\" \/>\n<meta name=\"robots\" content=\"index, follow, max-snippet:-1, max-image-preview:large, max-video-preview:-1\" \/>\n<link rel=\"canonical\" href=\"https:\/\/www.electroluxprofessional.com\/tr\/food-servery-counters-blog-electrolux-professional-2\/\" \/>\n<meta property=\"og:locale\" content=\"tr_TR\" \/>\n<meta property=\"og:type\" content=\"article\" \/>\n<meta property=\"og:title\" content=\"Kuvars yiyecek sunum tezgahlar\u0131n\u0131 tercih etmeniz i\u00e7in d\u00f6rt sebep - Electrolux Professional T\u00fcrkiye\" \/>\n<meta property=\"og:description\" content=\"Four reasons why quartz catering servery counters are perfect for your business. From hygiene to durability, quartz is the ideal material.\" \/>\n<meta property=\"og:url\" content=\"https:\/\/www.electroluxprofessional.com\/tr\/food-servery-counters-blog-electrolux-professional-2\/\" \/>\n<meta property=\"og:site_name\" content=\"Electrolux Professional T\u00fcrkiye\" \/>\n<meta property=\"article:published_time\" content=\"2022-09-27T07:33:39+00:00\" \/>\n<meta property=\"article:modified_time\" content=\"2025-07-04T07:40:58+00:00\" \/>\n<meta property=\"og:image\" content=\"https:\/\/www.electroluxprofessional.com\/tr\/wp-content\/uploads\/2022\/09\/MicrosoftTeams-image-4-4-scaled-1.jpg\" \/>\n\t<meta property=\"og:image:width\" content=\"2560\" \/>\n\t<meta property=\"og:image:height\" content=\"1303\" \/>\n\t<meta property=\"og:image:type\" content=\"image\/jpeg\" \/>\n<meta name=\"author\" content=\"nevin.ergen@electroluxprofessional.com\" \/>\n<meta name=\"twitter:card\" content=\"summary_large_image\" \/>\n<meta name=\"twitter:label1\" content=\"Yazan:\" \/>\n\t<meta name=\"twitter:data1\" content=\"nevin.ergen@electroluxprofessional.com\" \/>\n\t<meta name=\"twitter:label2\" content=\"Tahmini okuma s\u00fcresi\" \/>\n\t<meta name=\"twitter:data2\" content=\"5 dakika\" \/>\n<script type=\"application\/ld+json\" class=\"yoast-schema-graph\">{\"@context\":\"https:\/\/schema.org\",\"@graph\":[{\"@type\":\"WebPage\",\"@id\":\"https:\/\/www.electroluxprofessional.com\/tr\/food-servery-counters-blog-electrolux-professional-2\/\",\"url\":\"https:\/\/www.electroluxprofessional.com\/tr\/food-servery-counters-blog-electrolux-professional-2\/\",\"name\":\"Kuvars yiyecek sunum tezgahlar\u0131n\u0131 tercih etmeniz i\u00e7in d\u00f6rt sebep - Electrolux Professional T\u00fcrkiye\",\"isPartOf\":{\"@id\":\"https:\/\/www.electroluxprofessional.com\/tr\/#website\"},\"primaryImageOfPage\":{\"@id\":\"https:\/\/www.electroluxprofessional.com\/tr\/food-servery-counters-blog-electrolux-professional-2\/#primaryimage\"},\"image\":{\"@id\":\"https:\/\/www.electroluxprofessional.com\/tr\/food-servery-counters-blog-electrolux-professional-2\/#primaryimage\"},\"thumbnailUrl\":\"https:\/\/www.electroluxprofessional.com\/tr\/wp-content\/uploads\/2022\/09\/MicrosoftTeams-image-4-4-scaled-1.jpg\",\"datePublished\":\"2022-09-27T07:33:39+00:00\",\"dateModified\":\"2025-07-04T07:40:58+00:00\",\"author\":{\"@id\":\"https:\/\/www.electroluxprofessional.com\/tr\/#\/schema\/person\/471d39211a65a2c5bf5e5e7796f450cd\"},\"description\":\"Four reasons why quartz catering servery counters are perfect for your business. From hygiene to durability, quartz is the ideal material.\",\"breadcrumb\":{\"@id\":\"https:\/\/www.electroluxprofessional.com\/tr\/food-servery-counters-blog-electrolux-professional-2\/#breadcrumb\"},\"inLanguage\":\"tr\",\"potentialAction\":[{\"@type\":\"ReadAction\",\"target\":[\"https:\/\/www.electroluxprofessional.com\/tr\/food-servery-counters-blog-electrolux-professional-2\/\"]}]},{\"@type\":\"ImageObject\",\"inLanguage\":\"tr\",\"@id\":\"https:\/\/www.electroluxprofessional.com\/tr\/food-servery-counters-blog-electrolux-professional-2\/#primaryimage\",\"url\":\"https:\/\/www.electroluxprofessional.com\/tr\/wp-content\/uploads\/2022\/09\/MicrosoftTeams-image-4-4-scaled-1.jpg\",\"contentUrl\":\"https:\/\/www.electroluxprofessional.com\/tr\/wp-content\/uploads\/2022\/09\/MicrosoftTeams-image-4-4-scaled-1.jpg\",\"width\":2560,\"height\":1303,\"caption\":\"MicrosoftTeams-image (4)\"},{\"@type\":\"BreadcrumbList\",\"@id\":\"https:\/\/www.electroluxprofessional.com\/tr\/food-servery-counters-blog-electrolux-professional-2\/#breadcrumb\",\"itemListElement\":[{\"@type\":\"ListItem\",\"position\":1,\"name\":\"Home\",\"item\":\"https:\/\/www.electroluxprofessional.com\/tr\/\"},{\"@type\":\"ListItem\",\"position\":2,\"name\":\"Kuvars yiyecek sunum tezgahlar\u0131n\u0131 tercih etmeniz i\u00e7in d\u00f6rt sebep\"}]},{\"@type\":\"WebSite\",\"@id\":\"https:\/\/www.electroluxprofessional.com\/tr\/#website\",\"url\":\"https:\/\/www.electroluxprofessional.com\/tr\/\",\"name\":\"Electrolux Professional T\u00fcrkiye\",\"description\":\"\",\"potentialAction\":[{\"@type\":\"SearchAction\",\"target\":{\"@type\":\"EntryPoint\",\"urlTemplate\":\"https:\/\/www.electroluxprofessional.com\/tr\/?src={search_term_string}\"},\"query-input\":\"required name=search_term_string\"}],\"inLanguage\":\"tr\"},{\"@type\":\"Person\",\"@id\":\"https:\/\/www.electroluxprofessional.com\/tr\/#\/schema\/person\/471d39211a65a2c5bf5e5e7796f450cd\",\"name\":\"nevin.ergen@electroluxprofessional.com\",\"image\":{\"@type\":\"ImageObject\",\"inLanguage\":\"tr\",\"@id\":\"https:\/\/www.electroluxprofessional.com\/tr\/#\/schema\/person\/image\/\",\"url\":\"https:\/\/secure.gravatar.com\/avatar\/4cd0716c48d932901c7de68a448855ac?s=96&d=mm&r=g\",\"contentUrl\":\"https:\/\/secure.gravatar.com\/avatar\/4cd0716c48d932901c7de68a448855ac?s=96&d=mm&r=g\",\"caption\":\"nevin.ergen@electroluxprofessional.com\"},\"url\":\"https:\/\/www.electroluxprofessional.com\/tr\/author\/nevin-ergen\/\"}]}<\/script>\n<!-- \/ Yoast SEO plugin. -->","yoast_head_json":{"title":"Kuvars yiyecek sunum tezgahlar\u0131n\u0131 tercih etmeniz i\u00e7in d\u00f6rt sebep - Electrolux Professional T\u00fcrkiye","description":"Four reasons why quartz catering servery counters are perfect for your business. From hygiene to durability, quartz is the ideal material.","robots":{"index":"index","follow":"follow","max-snippet":"max-snippet:-1","max-image-preview":"max-image-preview:large","max-video-preview":"max-video-preview:-1"},"canonical":"https:\/\/www.electroluxprofessional.com\/tr\/food-servery-counters-blog-electrolux-professional-2\/","og_locale":"tr_TR","og_type":"article","og_title":"Kuvars yiyecek sunum tezgahlar\u0131n\u0131 tercih etmeniz i\u00e7in d\u00f6rt sebep - Electrolux Professional T\u00fcrkiye","og_description":"Four reasons why quartz catering servery counters are perfect for your business. From hygiene to durability, quartz is the ideal material.","og_url":"https:\/\/www.electroluxprofessional.com\/tr\/food-servery-counters-blog-electrolux-professional-2\/","og_site_name":"Electrolux Professional T\u00fcrkiye","article_published_time":"2022-09-27T07:33:39+00:00","article_modified_time":"2025-07-04T07:40:58+00:00","og_image":[{"width":2560,"height":1303,"url":"https:\/\/www.electroluxprofessional.com\/tr\/wp-content\/uploads\/2022\/09\/MicrosoftTeams-image-4-4-scaled-1.jpg","type":"image\/jpeg"}],"author":"nevin.ergen@electroluxprofessional.com","twitter_card":"summary_large_image","twitter_misc":{"Yazan:":"nevin.ergen@electroluxprofessional.com","Tahmini okuma s\u00fcresi":"5 dakika"},"schema":{"@context":"https:\/\/schema.org","@graph":[{"@type":"WebPage","@id":"https:\/\/www.electroluxprofessional.com\/tr\/food-servery-counters-blog-electrolux-professional-2\/","url":"https:\/\/www.electroluxprofessional.com\/tr\/food-servery-counters-blog-electrolux-professional-2\/","name":"Kuvars yiyecek sunum tezgahlar\u0131n\u0131 tercih etmeniz i\u00e7in d\u00f6rt sebep - Electrolux Professional T\u00fcrkiye","isPartOf":{"@id":"https:\/\/www.electroluxprofessional.com\/tr\/#website"},"primaryImageOfPage":{"@id":"https:\/\/www.electroluxprofessional.com\/tr\/food-servery-counters-blog-electrolux-professional-2\/#primaryimage"},"image":{"@id":"https:\/\/www.electroluxprofessional.com\/tr\/food-servery-counters-blog-electrolux-professional-2\/#primaryimage"},"thumbnailUrl":"https:\/\/www.electroluxprofessional.com\/tr\/wp-content\/uploads\/2022\/09\/MicrosoftTeams-image-4-4-scaled-1.jpg","datePublished":"2022-09-27T07:33:39+00:00","dateModified":"2025-07-04T07:40:58+00:00","author":{"@id":"https:\/\/www.electroluxprofessional.com\/tr\/#\/schema\/person\/471d39211a65a2c5bf5e5e7796f450cd"},"description":"Four reasons why quartz catering servery counters are perfect for your business. From hygiene to durability, quartz is the ideal material.","breadcrumb":{"@id":"https:\/\/www.electroluxprofessional.com\/tr\/food-servery-counters-blog-electrolux-professional-2\/#breadcrumb"},"inLanguage":"tr","potentialAction":[{"@type":"ReadAction","target":["https:\/\/www.electroluxprofessional.com\/tr\/food-servery-counters-blog-electrolux-professional-2\/"]}]},{"@type":"ImageObject","inLanguage":"tr","@id":"https:\/\/www.electroluxprofessional.com\/tr\/food-servery-counters-blog-electrolux-professional-2\/#primaryimage","url":"https:\/\/www.electroluxprofessional.com\/tr\/wp-content\/uploads\/2022\/09\/MicrosoftTeams-image-4-4-scaled-1.jpg","contentUrl":"https:\/\/www.electroluxprofessional.com\/tr\/wp-content\/uploads\/2022\/09\/MicrosoftTeams-image-4-4-scaled-1.jpg","width":2560,"height":1303,"caption":"MicrosoftTeams-image (4)"},{"@type":"BreadcrumbList","@id":"https:\/\/www.electroluxprofessional.com\/tr\/food-servery-counters-blog-electrolux-professional-2\/#breadcrumb","itemListElement":[{"@type":"ListItem","position":1,"name":"Home","item":"https:\/\/www.electroluxprofessional.com\/tr\/"},{"@type":"ListItem","position":2,"name":"Kuvars yiyecek sunum tezgahlar\u0131n\u0131 tercih etmeniz i\u00e7in d\u00f6rt sebep"}]},{"@type":"WebSite","@id":"https:\/\/www.electroluxprofessional.com\/tr\/#website","url":"https:\/\/www.electroluxprofessional.com\/tr\/","name":"Electrolux Professional T\u00fcrkiye","description":"","potentialAction":[{"@type":"SearchAction","target":{"@type":"EntryPoint","urlTemplate":"https:\/\/www.electroluxprofessional.com\/tr\/?src={search_term_string}"},"query-input":"required name=search_term_string"}],"inLanguage":"tr"},{"@type":"Person","@id":"https:\/\/www.electroluxprofessional.com\/tr\/#\/schema\/person\/471d39211a65a2c5bf5e5e7796f450cd","name":"nevin.ergen@electroluxprofessional.com","image":{"@type":"ImageObject","inLanguage":"tr","@id":"https:\/\/www.electroluxprofessional.com\/tr\/#\/schema\/person\/image\/","url":"https:\/\/secure.gravatar.com\/avatar\/4cd0716c48d932901c7de68a448855ac?s=96&d=mm&r=g","contentUrl":"https:\/\/secure.gravatar.com\/avatar\/4cd0716c48d932901c7de68a448855ac?s=96&d=mm&r=g","caption":"nevin.ergen@electroluxprofessional.com"},"url":"https:\/\/www.electroluxprofessional.com\/tr\/author\/nevin-ergen\/"}]}},"_links":{"self":[{"href":"https:\/\/www.electroluxprofessional.com\/tr\/wp-json\/wp\/v2\/posts\/14409"}],"collection":[{"href":"https:\/\/www.electroluxprofessional.com\/tr\/wp-json\/wp\/v2\/posts"}],"about":[{"href":"https:\/\/www.electroluxprofessional.com\/tr\/wp-json\/wp\/v2\/types\/post"}],"author":[{"embeddable":true,"href":"https:\/\/www.electroluxprofessional.com\/tr\/wp-json\/wp\/v2\/users\/40"}],"replies":[{"embeddable":true,"href":"https:\/\/www.electroluxprofessional.com\/tr\/wp-json\/wp\/v2\/comments?post=14409"}],"version-history":[{"count":5,"href":"https:\/\/www.electroluxprofessional.com\/tr\/wp-json\/wp\/v2\/posts\/14409\/revisions"}],"predecessor-version":[{"id":15113,"href":"https:\/\/www.electroluxprofessional.com\/tr\/wp-json\/wp\/v2\/posts\/14409\/revisions\/15113"}],"wp:featuredmedia":[{"embeddable":true,"href":"https:\/\/www.electroluxprofessional.com\/tr\/wp-json\/wp\/v2\/media\/14400"}],"wp:attachment":[{"href":"https:\/\/www.electroluxprofessional.com\/tr\/wp-json\/wp\/v2\/media?parent=14409"}],"wp:term":[{"taxonomy":"category","embeddable":true,"href":"https:\/\/www.electroluxprofessional.com\/tr\/wp-json\/wp\/v2\/categories?post=14409"},{"taxonomy":"post_tag","embeddable":true,"href":"https:\/\/www.electroluxprofessional.com\/tr\/wp-json\/wp\/v2\/tags?post=14409"}],"curies":[{"name":"wp","href":"https:\/\/api.w.org\/{rel}","templated":true}]}}