{"id":10202,"date":"2020-11-03T14:34:19","date_gmt":"2020-11-03T12:34:19","guid":{"rendered":"https:\/\/www.electroluxprofessional.com\/?p=32714"},"modified":"2025-07-04T07:42:00","modified_gmt":"2025-07-04T07:42:00","slug":"ecole-ducasse-yeni-amiral-gemisi-paris-kampusu-ile-electrolux-professional-resmi-is-ortakligi","status":"publish","type":"post","link":"https:\/\/www.electroluxprofessional.com\/tr\/ecole-ducasse-yeni-amiral-gemisi-paris-kampusu-ile-electrolux-professional-resmi-is-ortakligi\/","title":{"rendered":"\u00c9cole Ducasse\u2019\u0131n yeni amiral gemisi olan Paris Kamp\u00fcs\u00fc ile Electrolux Professional resmi i\u015f ortakl\u0131\u011f\u0131"},"content":{"rendered":"<p>[vc_row][vc_column][elx_heading text_color=&#8221;inherit&#8221;]Electrolux Professional mutfak, i\u00e7ecek ve \u00e7ama\u015f\u0131rhane kategorilerinde profesyonel kullan\u0131c\u0131lar i\u00e7in \u00f6nde gelen global tedarik\u00e7ilerden biri olan Electrolux Professional, \u015eef Alain Ducasse taraf\u0131ndan kurulan, a\u015f\u00e7\u0131l\u0131k ve pastac\u0131l\u0131k sanatlar\u0131 e\u011fitiminde d\u00fcnya \u00e7ap\u0131nda referans okulun yeni amiral gemisi olan \u00c9cole Ducasse-Paris Kamp\u00fcs\u00fc ile uzun vadeli bir i\u015f ortakl\u0131\u011f\u0131 anla\u015fmas\u0131 yapt\u0131\u011f\u0131n\u0131 duyurdu.[\/elx_heading][vc_empty_space][vc_column_text]<strong>\u00c9cole Ducasse &#8211; Paris Kamp\u00fcs\u00fc ile olan \u00f6zel i\u015f ortakl\u0131\u011f\u0131, Electrolux Professional&#8217;\u0131n mutfak \u00e7\u00f6z\u00fcmlerine ba\u011fl\u0131l\u0131\u011f\u0131n\u0131 g\u00f6steren<\/strong> ve uzun s\u00fcredir ikonik Molteni pi\u015firme serisinin destek\u00e7isi olan <strong>Ducasse restoran ile<\/strong> <strong>ili\u015fkinin sonucu olarak;<\/strong> <span data-language-for-alternatives=\"tr\" data-language-to-translate-into=\"auto\" data-phrase-index=\"1\">Elektrikli tekne restoran\u0131 Ducasse sur Seine, Morpheus&#8217;ta Alain Ducasse, Macau, Tokyo\u2019da Esterre at Palace Hotel Tokyo ve Beige gibi d\u00fcnya \u00e7ap\u0131nda prestijli projelerde kurulmu\u015ftur.<\/span>[\/vc_column_text][vc_empty_space][vc_column_text]<\/p>\n<blockquote><p>\u201c<strong>Avrupa Ticari Organizasyonu K\u0131demli Ba\u015fkan Yard\u0131mc\u0131s\u0131 Philippe Zavattiero<\/strong>, &#8220;Bu, bir par\u00e7as\u0131 olmaktan gurur duydu\u011fumuz bir i\u015fbirli\u011fi olan \u00c9cole Ducasse &#8211; Paris Kamp\u00fcs\u00fc ile birlikte \u00e7\u0131kt\u0131\u011f\u0131m\u0131z heyecan verici bir yolculuk,&#8221; dedi.<\/p><\/blockquote>\n<p>[\/vc_column_text][vc_empty_space][vc_column_text]<\/p>\n<blockquote><p>\u201c<strong>Global Pazarlama Ba\u015fkan Yard\u0131mc\u0131s\u0131 Esther Staskiewicz<\/strong>; \u201cAyn\u0131 zamanda, Electrolux Professional i\u00e7in, y\u00fcksek performansl\u0131 ve birinci s\u0131n\u0131f bir mutfak teklifi ile komple \u00e7\u00f6z\u00fcmler tedarik\u00e7isi olarak yetene\u011fimizi g\u00f6stermek harika bir f\u0131rsat. <span data-language-for-alternatives=\"tr\" data-language-to-translate-into=\"auto\" data-phrase-index=\"1\">Bu \u00f6zel i\u015f ortakl\u0131\u011f\u0131 ile, gelecekteki b\u00fcy\u00fck i\u015f potansiyelini ortaya \u00e7\u0131karan OnE marka \u00e7ekicili\u011fimizi artt\u0131rabiliriz\u201d, \u015feklinde ekledi.<\/span><\/p><\/blockquote>\n<p>[\/vc_column_text][vc_empty_space][vc_column_text]\u0130\u015fbirli\u011finin do\u011fal bir devam\u0131, yeni amiral gemisi kamp\u00fcs\u00fc olan Paris&#8217;teki \u00c9cole Ducasse&#8217;dir. <span data-language-for-alternatives=\"tr\" data-language-to-translate-into=\"auto\" data-phrase-index=\"1\">1999 y\u0131l\u0131ndaki kurulu\u015fundan bu yana, \u00c9cole Ducasse, ikonik \u015fef Alain Ducasse&#8217;nin vizyonu ve enerjisi ile hareket ederek mutfak ve pastac\u0131l\u0131k sanatlar\u0131 \u00f6\u011freten uluslararas\u0131 \u00fcne sahip bir akt\u00f6r haline geldi.<\/span> <span data-language-for-alternatives=\"tr\" data-language-to-translate-into=\"auto\" data-phrase-index=\"2\">Bug\u00fcn \u00c9cole Ducasse, d\u00fcnyan\u0131n \u00f6nde gelen konaklama y\u00f6netimi ve mutfak sanatlar\u0131 e\u011fitim grubu olan Sommet Education&#8217;\u0131n bir par\u00e7as\u0131d\u0131r.<\/span>[\/vc_column_text][vc_empty_space][vc_column_text]Fransa&#8217;n\u0131n Paris-Meudon kentindeki \u00c9cole Ducasse&#8217;nin yeni amiral gemisi kamp\u00fcs\u00fc, bir\u00e7ok Molteni pi\u015firme serisi, rotisseries ve thermaline pi\u015firme serisi de dahil olmak \u00fczere Electrolux Professional\u2019\u0131n en yeni mutfak ekipmanlar\u0131 ile donat\u0131lm\u0131\u015ft\u0131r ve a\u015f\u00e7\u0131l\u0131k ve pastac\u0131l\u0131k sanatlar\u0131 e\u011fitiminde global standart haline gelmek \u00fczere, amaca y\u00f6nelik olarak in\u015fa edilmi\u015f 5.000 metrekarelik bir tesiste yer almaktad\u0131r.[\/vc_column_text][vc_empty_space][vc_column_text]<\/p>\n<blockquote><p>\u201cA\u015f\u00e7\u0131l\u0131k ve pastac\u0131l\u0131k sanatlar\u0131 vizyonumu her zaman hayata ge\u00e7irmeye \u00e7al\u0131\u015ft\u0131m. <span data-language-for-alternatives=\"tr\" data-language-to-translate-into=\"auto\" data-phrase-index=\"1\">Akl\u0131mdaki tek bir sloganla, \u00f6\u011frenmeye can atan t\u00fcm gen\u00e7ler ile, kariyer de\u011fi\u015ftiriciler ile ve becerilerini g\u00fc\u00e7lendirmek isteyen profesyoneller ile bilgi birikimimi payla\u015f\u0131yorum: uygulamada m\u00fckemmellik\u201d, <strong>diyor \u015eef Alain Ducasse<\/strong>.<\/span> <span data-language-for-alternatives=\"tr\" data-language-to-translate-into=\"auto\" data-phrase-index=\"2\">&#8220;Electrolux Professional ile \u00e7al\u0131\u015ft\u0131\u011f\u0131m t\u00fcm y\u0131llar boyunca benzer bir vizyonu deneyimledim, bu nedenle bu i\u015f ortakl\u0131\u011f\u0131 taraf\u0131ndan desteklenen m\u00fckemmelli\u011fi a\u015f\u00e7\u0131l\u0131k d\u00fcnyas\u0131na sunmaktan memnuniyet duyuyorum.&#8221;<\/span><\/p><\/blockquote>\n<p>[\/vc_column_text][vc_empty_space][vc_column_text]<strong>D\u00f6rt y\u0131ll\u0131k i\u015f ortakl\u0131\u011f\u0131 anla\u015fmas\u0131<\/strong> Electrolux Professional\u2019a, \u00c9cole Ducasse&#8217;\u0131n ikonik yeni gastronomik destinasyonunu kullanmas\u0131 i\u00e7in ve Electrolux Professional\u2019\u0131n OnE konsepti i\u00e7in bir marka onay\u0131 olarak m\u00fc\u015fterilerin sesi <span data-language-for-alternatives=\"tr\" data-language-to-translate-into=\"auto\" data-phrase-index=\"4\">ve her \u015feyi kapsayan konaklama \u00e7\u00f6z\u00fcmleri yelpazesi i\u00e7in e\u015fsiz bir f\u0131rsat sunacak.<\/span>[\/vc_column_text][vc_empty_space][vc_column_text]<strong>Daha fazla bilgi i\u00e7in l\u00fctfen Global Pazarlama Ba\u015fkan Yard\u0131mc\u0131s\u0131, Esther Staskiewicz ile ileti\u015fime ge\u00e7in.<\/strong>[\/vc_column_text][\/vc_column][\/vc_row][vc_row][vc_column][vc_empty_space][\/vc_column][\/vc_row]<\/p>\n","protected":false},"excerpt":{"rendered":"<p>[vc_row][vc_column][elx_heading text_color=&#8221;inherit&#8221;]Electrolux Professional mutfak, i\u00e7ecek ve \u00e7ama\u015f\u0131rhane kategorilerinde profesyonel kullan\u0131c\u0131lar i\u00e7in \u00f6nde gelen global tedarik\u00e7ilerden biri olan Electrolux Professional, \u015eef Alain Ducasse taraf\u0131ndan kurulan, a\u015f\u00e7\u0131l\u0131k ve pastac\u0131l\u0131k sanatlar\u0131 e\u011fitiminde d\u00fcnya \u00e7ap\u0131nda referans okulun yeni amiral gemisi olan \u00c9cole Ducasse-Paris Kamp\u00fcs\u00fc ile uzun vadeli bir i\u015f ortakl\u0131\u011f\u0131 anla\u015fmas\u0131 yapt\u0131\u011f\u0131n\u0131 duyurdu.[\/elx_heading][vc_empty_space][vc_column_text]\u00c9cole Ducasse &#8211; Paris Kamp\u00fcs\u00fc ile olan [&hellip;]<\/p>\n","protected":false},"author":3,"featured_media":10201,"comment_status":"open","ping_status":"closed","sticky":false,"template":"","format":"standard","meta":{"footnotes":""},"categories":[73,112,114],"tags":[],"class_list":["post-10202","post","type-post","status-publish","format-standard","has-post-thumbnail","hentry","category-etkinlikler","category-haberler","category-yiyecek"],"acf":[],"yoast_head":"<!-- This site is optimized with the Yoast SEO plugin v23.3 - https:\/\/yoast.com\/wordpress\/plugins\/seo\/ -->\n<title>\u00c9cole Ducasse\u2019\u0131n yeni amiral gemisi olan Paris Kamp\u00fcs\u00fc ile Electrolux Professional resmi i\u015f ortakl\u0131\u011f\u0131 - Electrolux Professional T\u00fcrkiye<\/title>\n<meta name=\"description\" content=\"\u00c9cole Ducasse - Paris Kamp\u00fcs\u00fc ile olan \u00f6zel i\u015f ortakl\u0131\u011f\u0131, Ducasse restoran ve Electrolux Professional&#039;\u0131n mutfak \u00e7\u00f6z\u00fcmleriyle kurulan bir ili\u015fkinin sonucudur.\" \/>\n<meta name=\"robots\" content=\"index, follow, max-snippet:-1, max-image-preview:large, max-video-preview:-1\" \/>\n<link rel=\"canonical\" href=\"https:\/\/www.electroluxprofessional.com\/tr\/ecole-ducasse-yeni-amiral-gemisi-paris-kampusu-ile-electrolux-professional-resmi-is-ortakligi\/\" \/>\n<meta property=\"og:locale\" content=\"tr_TR\" \/>\n<meta property=\"og:type\" content=\"article\" \/>\n<meta property=\"og:title\" content=\"\u00c9cole Ducasse\u2019\u0131n yeni amiral gemisi olan Paris Kamp\u00fcs\u00fc ile Electrolux Professional resmi i\u015f ortakl\u0131\u011f\u0131 - Electrolux Professional T\u00fcrkiye\" \/>\n<meta property=\"og:description\" content=\"\u00c9cole Ducasse - Paris Kamp\u00fcs\u00fc ile olan \u00f6zel i\u015f ortakl\u0131\u011f\u0131, Ducasse restoran ve Electrolux Professional&#039;\u0131n mutfak \u00e7\u00f6z\u00fcmleriyle kurulan bir ili\u015fkinin sonucudur.\" \/>\n<meta property=\"og:url\" content=\"https:\/\/www.electroluxprofessional.com\/tr\/ecole-ducasse-yeni-amiral-gemisi-paris-kampusu-ile-electrolux-professional-resmi-is-ortakligi\/\" \/>\n<meta property=\"og:site_name\" content=\"Electrolux Professional T\u00fcrkiye\" \/>\n<meta property=\"article:published_time\" content=\"2020-11-03T12:34:19+00:00\" \/>\n<meta property=\"article:modified_time\" content=\"2025-07-04T07:42:00+00:00\" \/>\n<meta name=\"author\" content=\"sebla.genc@electroluxprofessional.com\" \/>\n<meta name=\"twitter:card\" content=\"summary_large_image\" \/>\n<meta name=\"twitter:image\" content=\"https:\/\/www.electroluxprofessional.com\/tr\/wp-content\/uploads\/2020\/10\/banner-ecole-ducasse-outside.jpg\" \/>\n<meta name=\"twitter:label1\" content=\"Yazan:\" \/>\n\t<meta name=\"twitter:data1\" content=\"sebla.genc@electroluxprofessional.com\" \/>\n\t<meta name=\"twitter:label2\" content=\"Tahmini okuma s\u00fcresi\" \/>\n\t<meta name=\"twitter:data2\" content=\"3 dakika\" \/>\n<script type=\"application\/ld+json\" class=\"yoast-schema-graph\">{\"@context\":\"https:\/\/schema.org\",\"@graph\":[{\"@type\":\"WebPage\",\"@id\":\"https:\/\/www.electroluxprofessional.com\/tr\/ecole-ducasse-yeni-amiral-gemisi-paris-kampusu-ile-electrolux-professional-resmi-is-ortakligi\/\",\"url\":\"https:\/\/www.electroluxprofessional.com\/tr\/ecole-ducasse-yeni-amiral-gemisi-paris-kampusu-ile-electrolux-professional-resmi-is-ortakligi\/\",\"name\":\"\u00c9cole Ducasse\u2019\u0131n yeni amiral gemisi olan Paris Kamp\u00fcs\u00fc ile Electrolux Professional resmi i\u015f ortakl\u0131\u011f\u0131 - Electrolux Professional T\u00fcrkiye\",\"isPartOf\":{\"@id\":\"https:\/\/www.electroluxprofessional.com\/tr\/#website\"},\"primaryImageOfPage\":{\"@id\":\"https:\/\/www.electroluxprofessional.com\/tr\/ecole-ducasse-yeni-amiral-gemisi-paris-kampusu-ile-electrolux-professional-resmi-is-ortakligi\/#primaryimage\"},\"image\":{\"@id\":\"https:\/\/www.electroluxprofessional.com\/tr\/ecole-ducasse-yeni-amiral-gemisi-paris-kampusu-ile-electrolux-professional-resmi-is-ortakligi\/#primaryimage\"},\"thumbnailUrl\":\"https:\/\/www.electroluxprofessional.com\/tr\/wp-content\/uploads\/2020\/10\/banner-ecole-ducasse-outside.jpg\",\"datePublished\":\"2020-11-03T12:34:19+00:00\",\"dateModified\":\"2025-07-04T07:42:00+00:00\",\"author\":{\"@id\":\"https:\/\/www.electroluxprofessional.com\/tr\/#\/schema\/person\/fbd1625e8c9aade5ce074854e18b397c\"},\"description\":\"\u00c9cole Ducasse - Paris Kamp\u00fcs\u00fc ile olan \u00f6zel i\u015f ortakl\u0131\u011f\u0131, Ducasse restoran ve Electrolux Professional'\u0131n mutfak \u00e7\u00f6z\u00fcmleriyle kurulan bir ili\u015fkinin sonucudur.\",\"breadcrumb\":{\"@id\":\"https:\/\/www.electroluxprofessional.com\/tr\/ecole-ducasse-yeni-amiral-gemisi-paris-kampusu-ile-electrolux-professional-resmi-is-ortakligi\/#breadcrumb\"},\"inLanguage\":\"tr\",\"potentialAction\":[{\"@type\":\"ReadAction\",\"target\":[\"https:\/\/www.electroluxprofessional.com\/tr\/ecole-ducasse-yeni-amiral-gemisi-paris-kampusu-ile-electrolux-professional-resmi-is-ortakligi\/\"]}]},{\"@type\":\"ImageObject\",\"inLanguage\":\"tr\",\"@id\":\"https:\/\/www.electroluxprofessional.com\/tr\/ecole-ducasse-yeni-amiral-gemisi-paris-kampusu-ile-electrolux-professional-resmi-is-ortakligi\/#primaryimage\",\"url\":\"https:\/\/www.electroluxprofessional.com\/tr\/wp-content\/uploads\/2020\/10\/banner-ecole-ducasse-outside.jpg\",\"contentUrl\":\"https:\/\/www.electroluxprofessional.com\/tr\/wp-content\/uploads\/2020\/10\/banner-ecole-ducasse-outside.jpg\",\"width\":2000,\"height\":350,\"caption\":\"banner-ecole-ducasse-outside\"},{\"@type\":\"BreadcrumbList\",\"@id\":\"https:\/\/www.electroluxprofessional.com\/tr\/ecole-ducasse-yeni-amiral-gemisi-paris-kampusu-ile-electrolux-professional-resmi-is-ortakligi\/#breadcrumb\",\"itemListElement\":[{\"@type\":\"ListItem\",\"position\":1,\"name\":\"Home\",\"item\":\"https:\/\/www.electroluxprofessional.com\/tr\/\"},{\"@type\":\"ListItem\",\"position\":2,\"name\":\"\u00c9cole Ducasse\u2019\u0131n yeni amiral gemisi olan Paris Kamp\u00fcs\u00fc ile Electrolux Professional resmi i\u015f ortakl\u0131\u011f\u0131\"}]},{\"@type\":\"WebSite\",\"@id\":\"https:\/\/www.electroluxprofessional.com\/tr\/#website\",\"url\":\"https:\/\/www.electroluxprofessional.com\/tr\/\",\"name\":\"Electrolux Professional T\u00fcrkiye\",\"description\":\"\",\"potentialAction\":[{\"@type\":\"SearchAction\",\"target\":{\"@type\":\"EntryPoint\",\"urlTemplate\":\"https:\/\/www.electroluxprofessional.com\/tr\/?src={search_term_string}\"},\"query-input\":\"required name=search_term_string\"}],\"inLanguage\":\"tr\"},{\"@type\":\"Person\",\"@id\":\"https:\/\/www.electroluxprofessional.com\/tr\/#\/schema\/person\/fbd1625e8c9aade5ce074854e18b397c\",\"name\":\"sebla.genc@electroluxprofessional.com\",\"image\":{\"@type\":\"ImageObject\",\"inLanguage\":\"tr\",\"@id\":\"https:\/\/www.electroluxprofessional.com\/tr\/#\/schema\/person\/image\/\",\"url\":\"https:\/\/secure.gravatar.com\/avatar\/0ad30307f677a231626161411531825d?s=96&d=mm&r=g\",\"contentUrl\":\"https:\/\/secure.gravatar.com\/avatar\/0ad30307f677a231626161411531825d?s=96&d=mm&r=g\",\"caption\":\"sebla.genc@electroluxprofessional.com\"},\"url\":\"https:\/\/www.electroluxprofessional.com\/tr\/author\/sebla-genc\/\"}]}<\/script>\n<!-- \/ Yoast SEO plugin. -->","yoast_head_json":{"title":"\u00c9cole Ducasse\u2019\u0131n yeni amiral gemisi olan Paris Kamp\u00fcs\u00fc ile Electrolux Professional resmi i\u015f ortakl\u0131\u011f\u0131 - Electrolux Professional T\u00fcrkiye","description":"\u00c9cole Ducasse - Paris Kamp\u00fcs\u00fc ile olan \u00f6zel i\u015f ortakl\u0131\u011f\u0131, Ducasse restoran ve Electrolux Professional'\u0131n mutfak \u00e7\u00f6z\u00fcmleriyle kurulan bir ili\u015fkinin sonucudur.","robots":{"index":"index","follow":"follow","max-snippet":"max-snippet:-1","max-image-preview":"max-image-preview:large","max-video-preview":"max-video-preview:-1"},"canonical":"https:\/\/www.electroluxprofessional.com\/tr\/ecole-ducasse-yeni-amiral-gemisi-paris-kampusu-ile-electrolux-professional-resmi-is-ortakligi\/","og_locale":"tr_TR","og_type":"article","og_title":"\u00c9cole Ducasse\u2019\u0131n yeni amiral gemisi olan Paris Kamp\u00fcs\u00fc ile Electrolux Professional resmi i\u015f ortakl\u0131\u011f\u0131 - Electrolux Professional T\u00fcrkiye","og_description":"\u00c9cole Ducasse - Paris Kamp\u00fcs\u00fc ile olan \u00f6zel i\u015f ortakl\u0131\u011f\u0131, Ducasse restoran ve Electrolux Professional'\u0131n mutfak \u00e7\u00f6z\u00fcmleriyle kurulan bir ili\u015fkinin sonucudur.","og_url":"https:\/\/www.electroluxprofessional.com\/tr\/ecole-ducasse-yeni-amiral-gemisi-paris-kampusu-ile-electrolux-professional-resmi-is-ortakligi\/","og_site_name":"Electrolux Professional T\u00fcrkiye","article_published_time":"2020-11-03T12:34:19+00:00","article_modified_time":"2025-07-04T07:42:00+00:00","author":"sebla.genc@electroluxprofessional.com","twitter_card":"summary_large_image","twitter_image":"https:\/\/www.electroluxprofessional.com\/tr\/wp-content\/uploads\/2020\/10\/banner-ecole-ducasse-outside.jpg","twitter_misc":{"Yazan:":"sebla.genc@electroluxprofessional.com","Tahmini okuma s\u00fcresi":"3 dakika"},"schema":{"@context":"https:\/\/schema.org","@graph":[{"@type":"WebPage","@id":"https:\/\/www.electroluxprofessional.com\/tr\/ecole-ducasse-yeni-amiral-gemisi-paris-kampusu-ile-electrolux-professional-resmi-is-ortakligi\/","url":"https:\/\/www.electroluxprofessional.com\/tr\/ecole-ducasse-yeni-amiral-gemisi-paris-kampusu-ile-electrolux-professional-resmi-is-ortakligi\/","name":"\u00c9cole Ducasse\u2019\u0131n yeni amiral gemisi olan Paris Kamp\u00fcs\u00fc ile Electrolux Professional resmi i\u015f ortakl\u0131\u011f\u0131 - Electrolux Professional T\u00fcrkiye","isPartOf":{"@id":"https:\/\/www.electroluxprofessional.com\/tr\/#website"},"primaryImageOfPage":{"@id":"https:\/\/www.electroluxprofessional.com\/tr\/ecole-ducasse-yeni-amiral-gemisi-paris-kampusu-ile-electrolux-professional-resmi-is-ortakligi\/#primaryimage"},"image":{"@id":"https:\/\/www.electroluxprofessional.com\/tr\/ecole-ducasse-yeni-amiral-gemisi-paris-kampusu-ile-electrolux-professional-resmi-is-ortakligi\/#primaryimage"},"thumbnailUrl":"https:\/\/www.electroluxprofessional.com\/tr\/wp-content\/uploads\/2020\/10\/banner-ecole-ducasse-outside.jpg","datePublished":"2020-11-03T12:34:19+00:00","dateModified":"2025-07-04T07:42:00+00:00","author":{"@id":"https:\/\/www.electroluxprofessional.com\/tr\/#\/schema\/person\/fbd1625e8c9aade5ce074854e18b397c"},"description":"\u00c9cole Ducasse - Paris Kamp\u00fcs\u00fc ile olan \u00f6zel i\u015f ortakl\u0131\u011f\u0131, Ducasse restoran ve Electrolux Professional'\u0131n mutfak \u00e7\u00f6z\u00fcmleriyle kurulan bir ili\u015fkinin sonucudur.","breadcrumb":{"@id":"https:\/\/www.electroluxprofessional.com\/tr\/ecole-ducasse-yeni-amiral-gemisi-paris-kampusu-ile-electrolux-professional-resmi-is-ortakligi\/#breadcrumb"},"inLanguage":"tr","potentialAction":[{"@type":"ReadAction","target":["https:\/\/www.electroluxprofessional.com\/tr\/ecole-ducasse-yeni-amiral-gemisi-paris-kampusu-ile-electrolux-professional-resmi-is-ortakligi\/"]}]},{"@type":"ImageObject","inLanguage":"tr","@id":"https:\/\/www.electroluxprofessional.com\/tr\/ecole-ducasse-yeni-amiral-gemisi-paris-kampusu-ile-electrolux-professional-resmi-is-ortakligi\/#primaryimage","url":"https:\/\/www.electroluxprofessional.com\/tr\/wp-content\/uploads\/2020\/10\/banner-ecole-ducasse-outside.jpg","contentUrl":"https:\/\/www.electroluxprofessional.com\/tr\/wp-content\/uploads\/2020\/10\/banner-ecole-ducasse-outside.jpg","width":2000,"height":350,"caption":"banner-ecole-ducasse-outside"},{"@type":"BreadcrumbList","@id":"https:\/\/www.electroluxprofessional.com\/tr\/ecole-ducasse-yeni-amiral-gemisi-paris-kampusu-ile-electrolux-professional-resmi-is-ortakligi\/#breadcrumb","itemListElement":[{"@type":"ListItem","position":1,"name":"Home","item":"https:\/\/www.electroluxprofessional.com\/tr\/"},{"@type":"ListItem","position":2,"name":"\u00c9cole Ducasse\u2019\u0131n yeni amiral gemisi olan Paris Kamp\u00fcs\u00fc ile Electrolux Professional resmi i\u015f ortakl\u0131\u011f\u0131"}]},{"@type":"WebSite","@id":"https:\/\/www.electroluxprofessional.com\/tr\/#website","url":"https:\/\/www.electroluxprofessional.com\/tr\/","name":"Electrolux Professional T\u00fcrkiye","description":"","potentialAction":[{"@type":"SearchAction","target":{"@type":"EntryPoint","urlTemplate":"https:\/\/www.electroluxprofessional.com\/tr\/?src={search_term_string}"},"query-input":"required name=search_term_string"}],"inLanguage":"tr"},{"@type":"Person","@id":"https:\/\/www.electroluxprofessional.com\/tr\/#\/schema\/person\/fbd1625e8c9aade5ce074854e18b397c","name":"sebla.genc@electroluxprofessional.com","image":{"@type":"ImageObject","inLanguage":"tr","@id":"https:\/\/www.electroluxprofessional.com\/tr\/#\/schema\/person\/image\/","url":"https:\/\/secure.gravatar.com\/avatar\/0ad30307f677a231626161411531825d?s=96&d=mm&r=g","contentUrl":"https:\/\/secure.gravatar.com\/avatar\/0ad30307f677a231626161411531825d?s=96&d=mm&r=g","caption":"sebla.genc@electroluxprofessional.com"},"url":"https:\/\/www.electroluxprofessional.com\/tr\/author\/sebla-genc\/"}]}},"_links":{"self":[{"href":"https:\/\/www.electroluxprofessional.com\/tr\/wp-json\/wp\/v2\/posts\/10202"}],"collection":[{"href":"https:\/\/www.electroluxprofessional.com\/tr\/wp-json\/wp\/v2\/posts"}],"about":[{"href":"https:\/\/www.electroluxprofessional.com\/tr\/wp-json\/wp\/v2\/types\/post"}],"author":[{"embeddable":true,"href":"https:\/\/www.electroluxprofessional.com\/tr\/wp-json\/wp\/v2\/users\/3"}],"replies":[{"embeddable":true,"href":"https:\/\/www.electroluxprofessional.com\/tr\/wp-json\/wp\/v2\/comments?post=10202"}],"version-history":[{"count":5,"href":"https:\/\/www.electroluxprofessional.com\/tr\/wp-json\/wp\/v2\/posts\/10202\/revisions"}],"predecessor-version":[{"id":10217,"href":"https:\/\/www.electroluxprofessional.com\/tr\/wp-json\/wp\/v2\/posts\/10202\/revisions\/10217"}],"wp:featuredmedia":[{"embeddable":true,"href":"https:\/\/www.electroluxprofessional.com\/tr\/wp-json\/wp\/v2\/media\/10201"}],"wp:attachment":[{"href":"https:\/\/www.electroluxprofessional.com\/tr\/wp-json\/wp\/v2\/media?parent=10202"}],"wp:term":[{"taxonomy":"category","embeddable":true,"href":"https:\/\/www.electroluxprofessional.com\/tr\/wp-json\/wp\/v2\/categories?post=10202"},{"taxonomy":"post_tag","embeddable":true,"href":"https:\/\/www.electroluxprofessional.com\/tr\/wp-json\/wp\/v2\/tags?post=10202"}],"curies":[{"name":"wp","href":"https:\/\/api.w.org\/{rel}","templated":true}]}}