{"id":9365,"date":"2020-05-20T06:37:50","date_gmt":"2020-05-20T06:37:50","guid":{"rendered":"https:\/\/www.electroluxprofessional.com\/se\/?p=9365"},"modified":"2020-05-23T13:10:34","modified_gmt":"2020-05-23T13:10:34","slug":"ett-gyllene-ar-for-skyline-cookchill-losning","status":"publish","type":"post","link":"https:\/\/www.electroluxprofessional.com\/se\/ett-gyllene-ar-for-skyline-cookchill-losning\/","title":{"rendered":"Ett gyllene \u00e5r f\u00f6r SkyLine Cook&#038;Chill-l\u00f6sning"},"content":{"rendered":"<p>[vc_row][vc_column][elx_heading text_color=&#8221;inherit&#8221;]SkyLine Cook&amp;Chill-l\u00f6sning vann nyligen b\u00e5de Red Dot Award f\u00f6r sin design samt Best of Market Award f\u00f6r dess ergonomi och energieffektivitet. Nu har SkyLine bel\u00f6nats med ytterligare ett prestigefyllt pris: Janus de I&#8217;Industrie f\u00f6r sin design och anv\u00e4ndarv\u00e4nlighet.[\/elx_heading][vc_empty_space][vc_empty_space][vc_column_text]Janus de l\u2019Industrie, som sedan 1953 tilldelats av det franska institutet f\u00f6r design, prisbel\u00f6nar produkter som kan uppvisa b\u00e5de innovativ design och konkreta f\u00f6rdelar f\u00f6r dess slutanv\u00e4ndare.<\/p>\n<p>Juryn &#8211; best\u00e5ende av 50 oberoende experter &#8211; uts\u00e5g SkyLine till vinnare efter att ha utv\u00e4rderat ett flertal olika aspekter, d\u00e4ribland materialval, det verkliga merv\u00e4rdet f\u00f6r anv\u00e4ndarna, milj\u00f6aspekten och sist men inte minst; den unika ergonomiska certifieringen av sortimentet.<\/p>\n<p>\u201dDetta \u00e4r en stor prestation f\u00f6r Electrolux Professional: den forskning, talang och det h\u00e5rda arbete som gjorts av alla v\u00e5ra team bel\u00f6nades \u00e4nnu en g\u00e5ng\u201d, s\u00e4ger Michele Cadamuro, chef f\u00f6r Experience Design p\u00e5 Electrolux Professional.<\/p>\n<p>\u201dAtt vinna Janus de l\u2019Industrie \u00e4r inte bara en fantastisk m\u00f6jlighet f\u00f6r oss att h\u00f6ja ribban och ber\u00e4tta om v\u00e5rt varum\u00e4rke och v\u00e5rt uppdrag: det \u00e4r ocks\u00e5 en exklusiv chans att visa hur v\u00e5ra l\u00f6sningar utvecklas med kundupplevelsen i \u00e5tanke. Som en konsekvens av det g\u00e5r SkyLines design ut\u00f6ver dess tekniska egenskaper: det \u00e4r en perfekt kombination av estetik, anv\u00e4ndarv\u00e4nlighet, ergonomi, etik och h\u00e5llbarhet.[\/vc_column_text][\/vc_column][\/vc_row][vc_row][vc_column][\/vc_column][\/vc_row]<\/p>\n","protected":false},"excerpt":{"rendered":"<p>[vc_row][vc_column][elx_heading text_color=&#8221;inherit&#8221;]SkyLine Cook&amp;Chill-l\u00f6sning vann nyligen b\u00e5de Red Dot Award f\u00f6r sin design samt Best of Market Award f\u00f6r dess ergonomi och energieffektivitet. Nu har SkyLine bel\u00f6nats med ytterligare ett prestigefyllt pris: Janus de I&#8217;Industrie f\u00f6r sin design och anv\u00e4ndarv\u00e4nlighet.[\/elx_heading][vc_empty_space][vc_empty_space][vc_column_text]Janus de l\u2019Industrie, som sedan 1953 tilldelats av det franska institutet f\u00f6r design, prisbel\u00f6nar produkter som kan [&hellip;]<\/p>\n","protected":false},"author":242,"featured_media":9367,"comment_status":"closed","ping_status":"closed","sticky":false,"template":"","format":"standard","meta":{"footnotes":""},"categories":[110,111,128,108],"tags":[],"class_list":["post-9365","post","type-post","status-publish","format-standard","has-post-thumbnail","hentry","category-ergonomics","category-design","category-skyline","category-utmarkelser"],"acf":[],"yoast_head":"<!-- This site is optimized with the Yoast SEO plugin v23.3 - https:\/\/yoast.com\/wordpress\/plugins\/seo\/ -->\n<title>SkyLine Cook&amp;Chill vinner ytterligare pris f\u00f6r design och anv\u00e4ndarv\u00e4nlighet<\/title>\n<meta name=\"description\" content=\"Prestigefyllt designpris till SkyLine Cook&amp;Chill-l\u00f6sning\" \/>\n<meta name=\"robots\" content=\"index, follow, max-snippet:-1, max-image-preview:large, max-video-preview:-1\" \/>\n<link rel=\"canonical\" href=\"https:\/\/www.electroluxprofessional.com\/se\/ett-gyllene-ar-for-skyline-cookchill-losning\/\" \/>\n<meta property=\"og:locale\" content=\"sv_SE\" \/>\n<meta property=\"og:type\" content=\"article\" \/>\n<meta property=\"og:title\" content=\"SkyLine Cook&amp;Chill vinner ytterligare pris f\u00f6r design och anv\u00e4ndarv\u00e4nlighet\" \/>\n<meta property=\"og:description\" content=\"Prestigefyllt designpris till SkyLine Cook&amp;Chill-l\u00f6sning\" \/>\n<meta property=\"og:url\" content=\"https:\/\/www.electroluxprofessional.com\/se\/ett-gyllene-ar-for-skyline-cookchill-losning\/\" \/>\n<meta property=\"og:site_name\" content=\"Electrolux Professional Sverige\" \/>\n<meta property=\"article:published_time\" content=\"2020-05-20T06:37:50+00:00\" \/>\n<meta property=\"article:modified_time\" content=\"2020-05-23T13:10:34+00:00\" \/>\n<meta property=\"og:image\" content=\"https:\/\/www.electroluxprofessional.com\/se\/wp-content\/uploads\/2020\/05\/Electrolux-Professional-SkyLine-vinner-Janus-award-2020-rektangel.jpg\" \/>\n<meta name=\"author\" content=\"Alexandra Sj\u00f6gren\" \/>\n<meta name=\"twitter:card\" content=\"summary_large_image\" \/>\n<meta name=\"twitter:label1\" content=\"Skriven av\" \/>\n\t<meta name=\"twitter:data1\" content=\"Alexandra Sj\u00f6gren\" \/>\n\t<meta name=\"twitter:label2\" content=\"Ber\u00e4knad l\u00e4stid\" \/>\n\t<meta name=\"twitter:data2\" content=\"1 minut\" \/>\n<script type=\"application\/ld+json\" class=\"yoast-schema-graph\">{\"@context\":\"https:\/\/schema.org\",\"@graph\":[{\"@type\":\"WebPage\",\"@id\":\"https:\/\/www.electroluxprofessional.com\/se\/ett-gyllene-ar-for-skyline-cookchill-losning\/\",\"url\":\"https:\/\/www.electroluxprofessional.com\/se\/ett-gyllene-ar-for-skyline-cookchill-losning\/\",\"name\":\"SkyLine Cook&Chill vinner ytterligare pris f\u00f6r design och anv\u00e4ndarv\u00e4nlighet\",\"isPartOf\":{\"@id\":\"https:\/\/www.electroluxprofessional.com\/se\/#website\"},\"primaryImageOfPage\":{\"@id\":\"https:\/\/www.electroluxprofessional.com\/se\/ett-gyllene-ar-for-skyline-cookchill-losning\/#primaryimage\"},\"image\":{\"@id\":\"https:\/\/www.electroluxprofessional.com\/se\/ett-gyllene-ar-for-skyline-cookchill-losning\/#primaryimage\"},\"thumbnailUrl\":\"https:\/\/www.electroluxprofessional.com\/se\/wp-content\/uploads\/2020\/05\/banner-Janus-award-2020-2000x350-1.jpg\",\"datePublished\":\"2020-05-20T06:37:50+00:00\",\"dateModified\":\"2020-05-23T13:10:34+00:00\",\"author\":{\"@id\":\"https:\/\/www.electroluxprofessional.com\/se\/#\/schema\/person\/628816aa76ab5d3b2047e5e37b48f4af\"},\"description\":\"Prestigefyllt designpris till SkyLine Cook&Chill-l\u00f6sning\",\"breadcrumb\":{\"@id\":\"https:\/\/www.electroluxprofessional.com\/se\/ett-gyllene-ar-for-skyline-cookchill-losning\/#breadcrumb\"},\"inLanguage\":\"sv-SE\",\"potentialAction\":[{\"@type\":\"ReadAction\",\"target\":[\"https:\/\/www.electroluxprofessional.com\/se\/ett-gyllene-ar-for-skyline-cookchill-losning\/\"]}]},{\"@type\":\"ImageObject\",\"inLanguage\":\"sv-SE\",\"@id\":\"https:\/\/www.electroluxprofessional.com\/se\/ett-gyllene-ar-for-skyline-cookchill-losning\/#primaryimage\",\"url\":\"https:\/\/www.electroluxprofessional.com\/se\/wp-content\/uploads\/2020\/05\/banner-Janus-award-2020-2000x350-1.jpg\",\"contentUrl\":\"https:\/\/www.electroluxprofessional.com\/se\/wp-content\/uploads\/2020\/05\/banner-Janus-award-2020-2000x350-1.jpg\",\"width\":2000,\"height\":350,\"caption\":\"banner-Janus-award-2020-2000x350-1\"},{\"@type\":\"BreadcrumbList\",\"@id\":\"https:\/\/www.electroluxprofessional.com\/se\/ett-gyllene-ar-for-skyline-cookchill-losning\/#breadcrumb\",\"itemListElement\":[{\"@type\":\"ListItem\",\"position\":1,\"name\":\"Home\",\"item\":\"https:\/\/www.electroluxprofessional.com\/se\/\"},{\"@type\":\"ListItem\",\"position\":2,\"name\":\"Ett gyllene \u00e5r f\u00f6r SkyLine Cook&#038;Chill-l\u00f6sning\"}]},{\"@type\":\"WebSite\",\"@id\":\"https:\/\/www.electroluxprofessional.com\/se\/#website\",\"url\":\"https:\/\/www.electroluxprofessional.com\/se\/\",\"name\":\"Electrolux Professional Sverige\",\"description\":\"\",\"potentialAction\":[{\"@type\":\"SearchAction\",\"target\":{\"@type\":\"EntryPoint\",\"urlTemplate\":\"https:\/\/www.electroluxprofessional.com\/se\/?src={search_term_string}\"},\"query-input\":\"required name=search_term_string\"}],\"inLanguage\":\"sv-SE\"},{\"@type\":\"Person\",\"@id\":\"https:\/\/www.electroluxprofessional.com\/se\/#\/schema\/person\/628816aa76ab5d3b2047e5e37b48f4af\",\"name\":\"Alexandra Sj\u00f6gren\",\"image\":{\"@type\":\"ImageObject\",\"inLanguage\":\"sv-SE\",\"@id\":\"https:\/\/www.electroluxprofessional.com\/se\/#\/schema\/person\/image\/\",\"url\":\"https:\/\/secure.gravatar.com\/avatar\/741b66dd62e187e3c747a6b91a4f1a3f?s=96&d=mm&r=g\",\"contentUrl\":\"https:\/\/secure.gravatar.com\/avatar\/741b66dd62e187e3c747a6b91a4f1a3f?s=96&d=mm&r=g\",\"caption\":\"Alexandra Sj\u00f6gren\"},\"url\":\"https:\/\/www.electroluxprofessional.com\/se\/author\/alexandra-sjogren-electroluxprofessional-com\/\"}]}<\/script>\n<!-- \/ Yoast SEO plugin. -->","yoast_head_json":{"title":"SkyLine Cook&Chill vinner ytterligare pris f\u00f6r design och anv\u00e4ndarv\u00e4nlighet","description":"Prestigefyllt designpris till SkyLine Cook&Chill-l\u00f6sning","robots":{"index":"index","follow":"follow","max-snippet":"max-snippet:-1","max-image-preview":"max-image-preview:large","max-video-preview":"max-video-preview:-1"},"canonical":"https:\/\/www.electroluxprofessional.com\/se\/ett-gyllene-ar-for-skyline-cookchill-losning\/","og_locale":"sv_SE","og_type":"article","og_title":"SkyLine Cook&Chill vinner ytterligare pris f\u00f6r design och anv\u00e4ndarv\u00e4nlighet","og_description":"Prestigefyllt designpris till SkyLine Cook&Chill-l\u00f6sning","og_url":"https:\/\/www.electroluxprofessional.com\/se\/ett-gyllene-ar-for-skyline-cookchill-losning\/","og_site_name":"Electrolux Professional Sverige","article_published_time":"2020-05-20T06:37:50+00:00","article_modified_time":"2020-05-23T13:10:34+00:00","og_image":[{"url":"https:\/\/www.electroluxprofessional.com\/se\/wp-content\/uploads\/2020\/05\/Electrolux-Professional-SkyLine-vinner-Janus-award-2020-rektangel.jpg"}],"author":"Alexandra Sj\u00f6gren","twitter_card":"summary_large_image","twitter_misc":{"Skriven av":"Alexandra Sj\u00f6gren","Ber\u00e4knad l\u00e4stid":"1 minut"},"schema":{"@context":"https:\/\/schema.org","@graph":[{"@type":"WebPage","@id":"https:\/\/www.electroluxprofessional.com\/se\/ett-gyllene-ar-for-skyline-cookchill-losning\/","url":"https:\/\/www.electroluxprofessional.com\/se\/ett-gyllene-ar-for-skyline-cookchill-losning\/","name":"SkyLine Cook&Chill vinner ytterligare pris f\u00f6r design och anv\u00e4ndarv\u00e4nlighet","isPartOf":{"@id":"https:\/\/www.electroluxprofessional.com\/se\/#website"},"primaryImageOfPage":{"@id":"https:\/\/www.electroluxprofessional.com\/se\/ett-gyllene-ar-for-skyline-cookchill-losning\/#primaryimage"},"image":{"@id":"https:\/\/www.electroluxprofessional.com\/se\/ett-gyllene-ar-for-skyline-cookchill-losning\/#primaryimage"},"thumbnailUrl":"https:\/\/www.electroluxprofessional.com\/se\/wp-content\/uploads\/2020\/05\/banner-Janus-award-2020-2000x350-1.jpg","datePublished":"2020-05-20T06:37:50+00:00","dateModified":"2020-05-23T13:10:34+00:00","author":{"@id":"https:\/\/www.electroluxprofessional.com\/se\/#\/schema\/person\/628816aa76ab5d3b2047e5e37b48f4af"},"description":"Prestigefyllt designpris till SkyLine Cook&Chill-l\u00f6sning","breadcrumb":{"@id":"https:\/\/www.electroluxprofessional.com\/se\/ett-gyllene-ar-for-skyline-cookchill-losning\/#breadcrumb"},"inLanguage":"sv-SE","potentialAction":[{"@type":"ReadAction","target":["https:\/\/www.electroluxprofessional.com\/se\/ett-gyllene-ar-for-skyline-cookchill-losning\/"]}]},{"@type":"ImageObject","inLanguage":"sv-SE","@id":"https:\/\/www.electroluxprofessional.com\/se\/ett-gyllene-ar-for-skyline-cookchill-losning\/#primaryimage","url":"https:\/\/www.electroluxprofessional.com\/se\/wp-content\/uploads\/2020\/05\/banner-Janus-award-2020-2000x350-1.jpg","contentUrl":"https:\/\/www.electroluxprofessional.com\/se\/wp-content\/uploads\/2020\/05\/banner-Janus-award-2020-2000x350-1.jpg","width":2000,"height":350,"caption":"banner-Janus-award-2020-2000x350-1"},{"@type":"BreadcrumbList","@id":"https:\/\/www.electroluxprofessional.com\/se\/ett-gyllene-ar-for-skyline-cookchill-losning\/#breadcrumb","itemListElement":[{"@type":"ListItem","position":1,"name":"Home","item":"https:\/\/www.electroluxprofessional.com\/se\/"},{"@type":"ListItem","position":2,"name":"Ett gyllene \u00e5r f\u00f6r SkyLine Cook&#038;Chill-l\u00f6sning"}]},{"@type":"WebSite","@id":"https:\/\/www.electroluxprofessional.com\/se\/#website","url":"https:\/\/www.electroluxprofessional.com\/se\/","name":"Electrolux Professional Sverige","description":"","potentialAction":[{"@type":"SearchAction","target":{"@type":"EntryPoint","urlTemplate":"https:\/\/www.electroluxprofessional.com\/se\/?src={search_term_string}"},"query-input":"required name=search_term_string"}],"inLanguage":"sv-SE"},{"@type":"Person","@id":"https:\/\/www.electroluxprofessional.com\/se\/#\/schema\/person\/628816aa76ab5d3b2047e5e37b48f4af","name":"Alexandra Sj\u00f6gren","image":{"@type":"ImageObject","inLanguage":"sv-SE","@id":"https:\/\/www.electroluxprofessional.com\/se\/#\/schema\/person\/image\/","url":"https:\/\/secure.gravatar.com\/avatar\/741b66dd62e187e3c747a6b91a4f1a3f?s=96&d=mm&r=g","contentUrl":"https:\/\/secure.gravatar.com\/avatar\/741b66dd62e187e3c747a6b91a4f1a3f?s=96&d=mm&r=g","caption":"Alexandra Sj\u00f6gren"},"url":"https:\/\/www.electroluxprofessional.com\/se\/author\/alexandra-sjogren-electroluxprofessional-com\/"}]}},"_links":{"self":[{"href":"https:\/\/www.electroluxprofessional.com\/se\/wp-json\/wp\/v2\/posts\/9365"}],"collection":[{"href":"https:\/\/www.electroluxprofessional.com\/se\/wp-json\/wp\/v2\/posts"}],"about":[{"href":"https:\/\/www.electroluxprofessional.com\/se\/wp-json\/wp\/v2\/types\/post"}],"author":[{"embeddable":true,"href":"https:\/\/www.electroluxprofessional.com\/se\/wp-json\/wp\/v2\/users\/242"}],"replies":[{"embeddable":true,"href":"https:\/\/www.electroluxprofessional.com\/se\/wp-json\/wp\/v2\/comments?post=9365"}],"version-history":[{"count":7,"href":"https:\/\/www.electroluxprofessional.com\/se\/wp-json\/wp\/v2\/posts\/9365\/revisions"}],"predecessor-version":[{"id":9466,"href":"https:\/\/www.electroluxprofessional.com\/se\/wp-json\/wp\/v2\/posts\/9365\/revisions\/9466"}],"wp:featuredmedia":[{"embeddable":true,"href":"https:\/\/www.electroluxprofessional.com\/se\/wp-json\/wp\/v2\/media\/9367"}],"wp:attachment":[{"href":"https:\/\/www.electroluxprofessional.com\/se\/wp-json\/wp\/v2\/media?parent=9365"}],"wp:term":[{"taxonomy":"category","embeddable":true,"href":"https:\/\/www.electroluxprofessional.com\/se\/wp-json\/wp\/v2\/categories?post=9365"},{"taxonomy":"post_tag","embeddable":true,"href":"https:\/\/www.electroluxprofessional.com\/se\/wp-json\/wp\/v2\/tags?post=9365"}],"curies":[{"name":"wp","href":"https:\/\/api.w.org\/{rel}","templated":true}]}}