{"id":9047,"date":"2020-03-27T16:14:06","date_gmt":"2020-03-27T16:14:06","guid":{"rendered":"https:\/\/www.electroluxprofessional.com\/se\/?p=9047"},"modified":"2020-03-27T17:05:59","modified_gmt":"2020-03-27T17:05:59","slug":"vi-stottar-initiativet-ata-ute","status":"publish","type":"post","link":"https:\/\/www.electroluxprofessional.com\/se\/vi-stottar-initiativet-ata-ute\/","title":{"rendered":"Vi st\u00f6ttar initiativet &#8220;\u00c4ta ute&#8221;"},"content":{"rendered":"<p>[vc_row][vc_column][elx_heading font_container=&#8221;p&#8221; text_color=&#8221;inherit&#8221;]<strong><br \/>\nDen r\u00e5dande situationen med coronaviruset forts\u00e4tter att sl\u00e5 h\u00e5rt mot restaurangbranschen. I samarbete med White Guide, Visit Sweden och Stockholm Gas st\u00f6ttar vi p\u00e5 Electrolux Professional d\u00e4rf\u00f6r nu initiativet &#8220;\u00c4ta ute&#8221;. <\/strong><\/p>\n<p>[\/elx_heading][\/vc_column][\/vc_row][vc_row][vc_column width=&#8221;1\/2&#8243;][vc_column_text]Vi har tidigare skrivit om hur coronakrisen drabbar restaurangbranschen h\u00e5rt. S\u00e5 l\u00e4nge\u00a0Sverige \u00e4r skonat fr\u00e5n de \u201dlockdowns\u201d som r\u00e5der i m\u00e5nga andra l\u00e4nder tycker vi att det \u00e4r viktigt att vi st\u00f6ttar de akt\u00f6rer som nu har det sv\u00e5rt. Du kan l\u00e4sa om v\u00e5ra tips p\u00e5 hur du st\u00f6ttar branschen <a href=\"https:\/\/www.electroluxprofessional.com\/se\/sa-kan-du-stotta-restaurangbranschen\/\">h\u00e4r.<\/a><\/p>\n<p>I samband med att v\u00e5rv\u00e4rmen nu \u00e4r p\u00e5 int\u00e5g b\u00f6rjar m\u00e5nga matst\u00e4llen \u00f6ppna sina uteserveringar. Detta vill vi givetvis st\u00f6tta. Tillsammans med <em>White Guide,\u00a0Stockholm Gas, och Visit Sweden <\/em>st\u00f6ttar vi d\u00e4rf\u00f6r intiativet <strong><a href=\"https:\/\/whiteguide.com\/se\/sv\/news\/2478-ata-ute-nu-uteserveringar-utomhusmaltider-eller-take-away\">\u00c4ta ute.<\/a>\u00a0<\/strong>Initiativet \u00e4r\u00a0ett s\u00e4tt att st\u00f6tta restauranger, caf\u00e9er och barer som just nu k\u00e4mpar f\u00f6r \u00f6verlevnad. P\u00e5 White Guide&#8217;s hemsida kan du hitta tips p\u00e5\u00a0<a href=\"https:\/\/whiteguide.com\/se\/sv\/news\/2460-white-guide-listar-krogar-med-take-away-for-att-bidra-till-att-mildra-corona-effekten\"><u>take away<\/u><\/a>\u00a0och\u00a0<a href=\"https:\/\/whiteguide.com\/se\/sv\/news\/2465-forkop-stotta-dina-favoritstallen-pa-de-satt-du-kan\"><u>f\u00f6rk\u00f6psm\u00f6jligheter<\/u><\/a>\u00a0\u2013 samt en lista med st\u00e4llen som nu \u00f6ppnar upp sina uteserveringar.<\/p>\n<p><a href=\"mailto:mail@whiteguide.se\"><u>Du kan ocks\u00e5 tipsa White Guide\u00a0<\/u><\/a>om restauranger, caf\u00e9er och andra matst\u00e4llen som nu sl\u00e5r upp sina uteserveringar, packar picknickkassar, erbjuder olika typer av take away eller g\u00f6r andra goda insatser. Tagga g\u00e4rna dina inl\u00e4gg p\u00e5 Instagram med:<\/p>\n<p><a href=\"https:\/\/www.instagram.com\/explore\/tags\/wg%C3%A4taute\/\">#wg\u00e4taute<\/a><\/p>\n<p><a href=\"https:\/\/www.instagram.com\/explore\/tags\/tillsammansmotcorona\/\"><u>#tillsammansmotcorona <\/u><\/a><\/p>\n<p><a href=\"https:\/\/www.instagram.com\/explore\/tags\/st%C3%B6ttarestaurangbranschen\/\">#st\u00f6ttarestaurangbranschen<\/a>[\/vc_column_text][vc_empty_space][\/vc_column][vc_column width=&#8221;1\/2&#8243;][vc_single_image image=&#8221;9050&#8243; img_size=&#8221;large&#8221;][\/vc_column][\/vc_row]<\/p>\n","protected":false},"excerpt":{"rendered":"<p>[vc_row][vc_column][elx_heading font_container=&#8221;p&#8221; text_color=&#8221;inherit&#8221;] Den r\u00e5dande situationen med coronaviruset forts\u00e4tter att sl\u00e5 h\u00e5rt mot restaurangbranschen. I samarbete med White Guide, Visit Sweden och Stockholm Gas st\u00f6ttar vi p\u00e5 Electrolux Professional d\u00e4rf\u00f6r nu initiativet &#8220;\u00c4ta ute&#8221;. [\/elx_heading][\/vc_column][\/vc_row][vc_row][vc_column width=&#8221;1\/2&#8243;][vc_column_text]Vi har tidigare skrivit om hur coronakrisen drabbar restaurangbranschen h\u00e5rt. S\u00e5 l\u00e4nge\u00a0Sverige \u00e4r skonat fr\u00e5n de \u201dlockdowns\u201d som r\u00e5der i [&hellip;]<\/p>\n","protected":false},"author":242,"featured_media":9056,"comment_status":"closed","ping_status":"closed","sticky":false,"template":"","format":"standard","meta":{"footnotes":""},"categories":[53,105],"tags":[],"class_list":["post-9047","post","type-post","status-publish","format-standard","has-post-thumbnail","hentry","category-nyheter","category-food"],"acf":[],"yoast_head":"<!-- This site is optimized with the Yoast SEO plugin v23.3 - https:\/\/yoast.com\/wordpress\/plugins\/seo\/ -->\n<title>Vi st\u00f6ttar initiativet \u00c4ta ute<\/title>\n<meta name=\"description\" content=\"Den r\u00e5dande situationen med coronaviruset forts\u00e4tter att sl\u00e5 h\u00e5rt mot restaurangbranschen. I samarbete med White Guide, Visit Sweden och Stockholm Gas st\u00f6ttar vi p\u00e5 Electrolux Professional d\u00e4rf\u00f6r nu initiativet &quot;\u00c4ta ute&quot;.\" \/>\n<meta name=\"robots\" content=\"index, follow, max-snippet:-1, max-image-preview:large, max-video-preview:-1\" \/>\n<link rel=\"canonical\" href=\"https:\/\/www.electroluxprofessional.com\/se\/vi-stottar-initiativet-ata-ute\/\" \/>\n<meta property=\"og:locale\" content=\"sv_SE\" \/>\n<meta property=\"og:type\" content=\"article\" \/>\n<meta property=\"og:title\" content=\"Vi st\u00f6ttar initiativet \u00c4ta ute\" \/>\n<meta property=\"og:description\" content=\"Den r\u00e5dande situationen med coronaviruset forts\u00e4tter att sl\u00e5 h\u00e5rt mot restaurangbranschen. I samarbete med White Guide, Visit Sweden och Stockholm Gas st\u00f6ttar vi p\u00e5 Electrolux Professional d\u00e4rf\u00f6r nu initiativet &quot;\u00c4ta ute&quot;.\" \/>\n<meta property=\"og:url\" content=\"https:\/\/www.electroluxprofessional.com\/se\/vi-stottar-initiativet-ata-ute\/\" \/>\n<meta property=\"og:site_name\" content=\"Electrolux Professional Sverige\" \/>\n<meta property=\"article:published_time\" content=\"2020-03-27T16:14:06+00:00\" \/>\n<meta property=\"article:modified_time\" content=\"2020-03-27T17:05:59+00:00\" \/>\n<meta property=\"og:image\" content=\"https:\/\/www.electroluxprofessional.com\/se\/wp-content\/uploads\/2020\/03\/restaurang.jpg\" \/>\n<meta name=\"author\" content=\"Alexandra Sj\u00f6gren\" \/>\n<meta name=\"twitter:card\" content=\"summary_large_image\" \/>\n<meta name=\"twitter:label1\" content=\"Skriven av\" \/>\n\t<meta name=\"twitter:data1\" content=\"Alexandra Sj\u00f6gren\" \/>\n\t<meta name=\"twitter:label2\" content=\"Ber\u00e4knad l\u00e4stid\" \/>\n\t<meta name=\"twitter:data2\" content=\"1 minut\" \/>\n<script type=\"application\/ld+json\" class=\"yoast-schema-graph\">{\"@context\":\"https:\/\/schema.org\",\"@graph\":[{\"@type\":\"WebPage\",\"@id\":\"https:\/\/www.electroluxprofessional.com\/se\/vi-stottar-initiativet-ata-ute\/\",\"url\":\"https:\/\/www.electroluxprofessional.com\/se\/vi-stottar-initiativet-ata-ute\/\",\"name\":\"Vi st\u00f6ttar initiativet \u00c4ta ute\",\"isPartOf\":{\"@id\":\"https:\/\/www.electroluxprofessional.com\/se\/#website\"},\"primaryImageOfPage\":{\"@id\":\"https:\/\/www.electroluxprofessional.com\/se\/vi-stottar-initiativet-ata-ute\/#primaryimage\"},\"image\":{\"@id\":\"https:\/\/www.electroluxprofessional.com\/se\/vi-stottar-initiativet-ata-ute\/#primaryimage\"},\"thumbnailUrl\":\"https:\/\/www.electroluxprofessional.com\/se\/wp-content\/uploads\/2020\/03\/\u00c4ta-ute.jpg\",\"datePublished\":\"2020-03-27T16:14:06+00:00\",\"dateModified\":\"2020-03-27T17:05:59+00:00\",\"author\":{\"@id\":\"https:\/\/www.electroluxprofessional.com\/se\/#\/schema\/person\/628816aa76ab5d3b2047e5e37b48f4af\"},\"description\":\"Den r\u00e5dande situationen med coronaviruset forts\u00e4tter att sl\u00e5 h\u00e5rt mot restaurangbranschen. I samarbete med White Guide, Visit Sweden och Stockholm Gas st\u00f6ttar vi p\u00e5 Electrolux Professional d\u00e4rf\u00f6r nu initiativet \\\"\u00c4ta ute\\\".\",\"breadcrumb\":{\"@id\":\"https:\/\/www.electroluxprofessional.com\/se\/vi-stottar-initiativet-ata-ute\/#breadcrumb\"},\"inLanguage\":\"sv-SE\",\"potentialAction\":[{\"@type\":\"ReadAction\",\"target\":[\"https:\/\/www.electroluxprofessional.com\/se\/vi-stottar-initiativet-ata-ute\/\"]}]},{\"@type\":\"ImageObject\",\"inLanguage\":\"sv-SE\",\"@id\":\"https:\/\/www.electroluxprofessional.com\/se\/vi-stottar-initiativet-ata-ute\/#primaryimage\",\"url\":\"https:\/\/www.electroluxprofessional.com\/se\/wp-content\/uploads\/2020\/03\/\u00c4ta-ute.jpg\",\"contentUrl\":\"https:\/\/www.electroluxprofessional.com\/se\/wp-content\/uploads\/2020\/03\/\u00c4ta-ute.jpg\",\"width\":2000,\"height\":350,\"caption\":\"\u00c4ta ute\"},{\"@type\":\"BreadcrumbList\",\"@id\":\"https:\/\/www.electroluxprofessional.com\/se\/vi-stottar-initiativet-ata-ute\/#breadcrumb\",\"itemListElement\":[{\"@type\":\"ListItem\",\"position\":1,\"name\":\"Home\",\"item\":\"https:\/\/www.electroluxprofessional.com\/se\/\"},{\"@type\":\"ListItem\",\"position\":2,\"name\":\"Vi st\u00f6ttar initiativet &#8220;\u00c4ta ute&#8221;\"}]},{\"@type\":\"WebSite\",\"@id\":\"https:\/\/www.electroluxprofessional.com\/se\/#website\",\"url\":\"https:\/\/www.electroluxprofessional.com\/se\/\",\"name\":\"Electrolux Professional Sverige\",\"description\":\"\",\"potentialAction\":[{\"@type\":\"SearchAction\",\"target\":{\"@type\":\"EntryPoint\",\"urlTemplate\":\"https:\/\/www.electroluxprofessional.com\/se\/?src={search_term_string}\"},\"query-input\":\"required name=search_term_string\"}],\"inLanguage\":\"sv-SE\"},{\"@type\":\"Person\",\"@id\":\"https:\/\/www.electroluxprofessional.com\/se\/#\/schema\/person\/628816aa76ab5d3b2047e5e37b48f4af\",\"name\":\"Alexandra Sj\u00f6gren\",\"image\":{\"@type\":\"ImageObject\",\"inLanguage\":\"sv-SE\",\"@id\":\"https:\/\/www.electroluxprofessional.com\/se\/#\/schema\/person\/image\/\",\"url\":\"https:\/\/secure.gravatar.com\/avatar\/741b66dd62e187e3c747a6b91a4f1a3f?s=96&d=mm&r=g\",\"contentUrl\":\"https:\/\/secure.gravatar.com\/avatar\/741b66dd62e187e3c747a6b91a4f1a3f?s=96&d=mm&r=g\",\"caption\":\"Alexandra Sj\u00f6gren\"},\"url\":\"https:\/\/www.electroluxprofessional.com\/se\/author\/alexandra-sjogren-electroluxprofessional-com\/\"}]}<\/script>\n<!-- \/ Yoast SEO plugin. -->","yoast_head_json":{"title":"Vi st\u00f6ttar initiativet \u00c4ta ute","description":"Den r\u00e5dande situationen med coronaviruset forts\u00e4tter att sl\u00e5 h\u00e5rt mot restaurangbranschen. I samarbete med White Guide, Visit Sweden och Stockholm Gas st\u00f6ttar vi p\u00e5 Electrolux Professional d\u00e4rf\u00f6r nu initiativet \"\u00c4ta ute\".","robots":{"index":"index","follow":"follow","max-snippet":"max-snippet:-1","max-image-preview":"max-image-preview:large","max-video-preview":"max-video-preview:-1"},"canonical":"https:\/\/www.electroluxprofessional.com\/se\/vi-stottar-initiativet-ata-ute\/","og_locale":"sv_SE","og_type":"article","og_title":"Vi st\u00f6ttar initiativet \u00c4ta ute","og_description":"Den r\u00e5dande situationen med coronaviruset forts\u00e4tter att sl\u00e5 h\u00e5rt mot restaurangbranschen. I samarbete med White Guide, Visit Sweden och Stockholm Gas st\u00f6ttar vi p\u00e5 Electrolux Professional d\u00e4rf\u00f6r nu initiativet \"\u00c4ta ute\".","og_url":"https:\/\/www.electroluxprofessional.com\/se\/vi-stottar-initiativet-ata-ute\/","og_site_name":"Electrolux Professional Sverige","article_published_time":"2020-03-27T16:14:06+00:00","article_modified_time":"2020-03-27T17:05:59+00:00","og_image":[{"url":"https:\/\/www.electroluxprofessional.com\/se\/wp-content\/uploads\/2020\/03\/restaurang.jpg"}],"author":"Alexandra Sj\u00f6gren","twitter_card":"summary_large_image","twitter_misc":{"Skriven av":"Alexandra Sj\u00f6gren","Ber\u00e4knad l\u00e4stid":"1 minut"},"schema":{"@context":"https:\/\/schema.org","@graph":[{"@type":"WebPage","@id":"https:\/\/www.electroluxprofessional.com\/se\/vi-stottar-initiativet-ata-ute\/","url":"https:\/\/www.electroluxprofessional.com\/se\/vi-stottar-initiativet-ata-ute\/","name":"Vi st\u00f6ttar initiativet \u00c4ta ute","isPartOf":{"@id":"https:\/\/www.electroluxprofessional.com\/se\/#website"},"primaryImageOfPage":{"@id":"https:\/\/www.electroluxprofessional.com\/se\/vi-stottar-initiativet-ata-ute\/#primaryimage"},"image":{"@id":"https:\/\/www.electroluxprofessional.com\/se\/vi-stottar-initiativet-ata-ute\/#primaryimage"},"thumbnailUrl":"https:\/\/www.electroluxprofessional.com\/se\/wp-content\/uploads\/2020\/03\/\u00c4ta-ute.jpg","datePublished":"2020-03-27T16:14:06+00:00","dateModified":"2020-03-27T17:05:59+00:00","author":{"@id":"https:\/\/www.electroluxprofessional.com\/se\/#\/schema\/person\/628816aa76ab5d3b2047e5e37b48f4af"},"description":"Den r\u00e5dande situationen med coronaviruset forts\u00e4tter att sl\u00e5 h\u00e5rt mot restaurangbranschen. I samarbete med White Guide, Visit Sweden och Stockholm Gas st\u00f6ttar vi p\u00e5 Electrolux Professional d\u00e4rf\u00f6r nu initiativet \"\u00c4ta ute\".","breadcrumb":{"@id":"https:\/\/www.electroluxprofessional.com\/se\/vi-stottar-initiativet-ata-ute\/#breadcrumb"},"inLanguage":"sv-SE","potentialAction":[{"@type":"ReadAction","target":["https:\/\/www.electroluxprofessional.com\/se\/vi-stottar-initiativet-ata-ute\/"]}]},{"@type":"ImageObject","inLanguage":"sv-SE","@id":"https:\/\/www.electroluxprofessional.com\/se\/vi-stottar-initiativet-ata-ute\/#primaryimage","url":"https:\/\/www.electroluxprofessional.com\/se\/wp-content\/uploads\/2020\/03\/\u00c4ta-ute.jpg","contentUrl":"https:\/\/www.electroluxprofessional.com\/se\/wp-content\/uploads\/2020\/03\/\u00c4ta-ute.jpg","width":2000,"height":350,"caption":"\u00c4ta ute"},{"@type":"BreadcrumbList","@id":"https:\/\/www.electroluxprofessional.com\/se\/vi-stottar-initiativet-ata-ute\/#breadcrumb","itemListElement":[{"@type":"ListItem","position":1,"name":"Home","item":"https:\/\/www.electroluxprofessional.com\/se\/"},{"@type":"ListItem","position":2,"name":"Vi st\u00f6ttar initiativet &#8220;\u00c4ta ute&#8221;"}]},{"@type":"WebSite","@id":"https:\/\/www.electroluxprofessional.com\/se\/#website","url":"https:\/\/www.electroluxprofessional.com\/se\/","name":"Electrolux Professional Sverige","description":"","potentialAction":[{"@type":"SearchAction","target":{"@type":"EntryPoint","urlTemplate":"https:\/\/www.electroluxprofessional.com\/se\/?src={search_term_string}"},"query-input":"required name=search_term_string"}],"inLanguage":"sv-SE"},{"@type":"Person","@id":"https:\/\/www.electroluxprofessional.com\/se\/#\/schema\/person\/628816aa76ab5d3b2047e5e37b48f4af","name":"Alexandra Sj\u00f6gren","image":{"@type":"ImageObject","inLanguage":"sv-SE","@id":"https:\/\/www.electroluxprofessional.com\/se\/#\/schema\/person\/image\/","url":"https:\/\/secure.gravatar.com\/avatar\/741b66dd62e187e3c747a6b91a4f1a3f?s=96&d=mm&r=g","contentUrl":"https:\/\/secure.gravatar.com\/avatar\/741b66dd62e187e3c747a6b91a4f1a3f?s=96&d=mm&r=g","caption":"Alexandra Sj\u00f6gren"},"url":"https:\/\/www.electroluxprofessional.com\/se\/author\/alexandra-sjogren-electroluxprofessional-com\/"}]}},"_links":{"self":[{"href":"https:\/\/www.electroluxprofessional.com\/se\/wp-json\/wp\/v2\/posts\/9047"}],"collection":[{"href":"https:\/\/www.electroluxprofessional.com\/se\/wp-json\/wp\/v2\/posts"}],"about":[{"href":"https:\/\/www.electroluxprofessional.com\/se\/wp-json\/wp\/v2\/types\/post"}],"author":[{"embeddable":true,"href":"https:\/\/www.electroluxprofessional.com\/se\/wp-json\/wp\/v2\/users\/242"}],"replies":[{"embeddable":true,"href":"https:\/\/www.electroluxprofessional.com\/se\/wp-json\/wp\/v2\/comments?post=9047"}],"version-history":[{"count":6,"href":"https:\/\/www.electroluxprofessional.com\/se\/wp-json\/wp\/v2\/posts\/9047\/revisions"}],"predecessor-version":[{"id":9058,"href":"https:\/\/www.electroluxprofessional.com\/se\/wp-json\/wp\/v2\/posts\/9047\/revisions\/9058"}],"wp:featuredmedia":[{"embeddable":true,"href":"https:\/\/www.electroluxprofessional.com\/se\/wp-json\/wp\/v2\/media\/9056"}],"wp:attachment":[{"href":"https:\/\/www.electroluxprofessional.com\/se\/wp-json\/wp\/v2\/media?parent=9047"}],"wp:term":[{"taxonomy":"category","embeddable":true,"href":"https:\/\/www.electroluxprofessional.com\/se\/wp-json\/wp\/v2\/categories?post=9047"},{"taxonomy":"post_tag","embeddable":true,"href":"https:\/\/www.electroluxprofessional.com\/se\/wp-json\/wp\/v2\/tags?post=9047"}],"curies":[{"name":"wp","href":"https:\/\/api.w.org\/{rel}","templated":true}]}}