{"id":6815,"date":"2019-11-05T15:06:09","date_gmt":"2019-11-05T15:06:09","guid":{"rendered":"https:\/\/www.electroluxprofessional.com\/se\/?p=6815"},"modified":"2020-08-31T13:38:14","modified_gmt":"2020-08-31T13:38:14","slug":"service-och-underhall","status":"publish","type":"post","link":"https:\/\/www.electroluxprofessional.com\/se\/service-och-underhall\/","title":{"rendered":"Service och underh\u00e5ll f\u00f6rl\u00e4nger livsl\u00e4ngden avsev\u00e4rt"},"content":{"rendered":"<p>[vc_row][vc_column][elx_heading font_container=&#8221;p&#8221; text_color=&#8221;inherit&#8221;]<strong>Sedan 1984 har en av Electrolux Professional v\u00e4rmepumpstorktumlare av modellen TT210HP snurrat i en fastighet tillh\u00f6rande Rikshem i \u00d6stersund. Electrolux servicepartner Marklunds Service har st\u00e5tt f\u00f6r underh\u00e5ll, och exemplaret bevisar att god service och kontinuerligt underh\u00e5ll l\u00f6nar sig.<br \/>\n\u2013 \u00c4ven om maskinen har n\u00e5gra \u00e5r p\u00e5 nacken fungerar den fortfarande riktigt bra, s\u00e4ger Lars Erik Eriksson, VD Marklunds Service.<br \/>\n<\/strong>[\/elx_heading][\/vc_column][\/vc_row][vc_row][vc_column][vc_empty_space][\/vc_column][\/vc_row][vc_row][vc_column width=&#8221;1\/2&#8243;][vc_column_text]Samma \u00e5r som Ronald Reagan blev omvald som president i USA och Facebook-grundaren Mark Zuckerberg f\u00f6ddes installerades torktumlaren TT210HP i en av Rikshems, d\u00e5varande \u00d6stersundshem, fastigheter. I 35 \u00e5r har den anv\u00e4nts flitigt av de boende och tack vare kontinuerligt underh\u00e5ll av erfarna servicetekniker sp\u00e5s den ha flera goda \u00e5r kvar. Marklunds Service, auktoriserad servicepartner och \u00e5terf\u00f6rs\u00e4ljare av Electrolux Professionals produkter i distriktet J\u00e4mtland\/H\u00e4rjedalen, har st\u00e5tt f\u00f6r underh\u00e5llet. Lars Erik Eriksson b\u00f6rjade p\u00e5 f\u00f6retaget 1977 och har f\u00f6ljt utvecklingen av Electrolux produkter p\u00e5 n\u00e4ra h\u00e5ll.<\/p>\n<p>\u2013 \u00c4ven om produkterna i sig alltid har h\u00e5llit en otroligt h\u00f6g kvalitet kr\u00e4vs det underh\u00e5ll p\u00e5 maskiner f\u00f6r att de ska klara sig l\u00e4nge. Maskinen i \u00d6stersund m\u00e5 se omodern ut, men den fungerar lika bra som de nyare modellerna, s\u00e4ger Lars Erik Eriksson.[\/vc_column_text][\/vc_column][vc_column reveal_effect=&#8221;&#8221; width=&#8221;1\/2&#8243;][vc_empty_space][vc_single_image image=&#8221;6834&#8243; img_size=&#8221;560px&#8221; alignment=&#8221;right&#8221;][\/vc_column][\/vc_row][vc_row][vc_column][vc_column_text]<\/p>\n<h2>V\u00e4rmepumpsteknik som h\u00e5ller<\/h2>\n<p>Electrolux Professional levererar k\u00f6ks- och tv\u00e4ttl\u00f6sningar till olika typer av verksamheter, bland annat kommunala bolag, fastighetsbolag, st\u00e4dfirmor, offentlig sektor, skolk\u00f6k och privata restauranger. M\u00e5nga av f\u00f6retagets produkter \u00e4r byggda med v\u00e4rmepumpsteknik, n\u00e5got som de b\u00f6rjade med redan p\u00e5 1980-talet och s\u00e5ledes var tidiga med. N\u00e4r tekniken kom var en del skeptiska eftersom produkterna var n\u00e5got h\u00f6gre i ink\u00f6pspris och att torktumlarnas torktider var l\u00e4ngre. Den \u00f6kade milj\u00f6medvetenheten och h\u00e5llbarhetst\u00e4nket som r\u00e5der nu har dock gett tekniken ett rej\u00e4lt uppsving \u2013 och allt fler inser produkternas f\u00f6rdelar.<\/p>\n<p>\u2013 V\u00e4rmepumpstekniken ger inte bara besparingar i form av energi, utan de h\u00e5ller \u00e4ven l\u00e4ngre om de underh\u00e5lls kontinuerligt. Den teknik som kom f\u00f6r 30 \u00e5r sedan har ocks\u00e5 utvecklats och torktiderna \u00e4r mycket snabbare nu. V\u00e5r ambition \u00e4r att vi ska ha de mest energisn\u00e5la produkterna med de l\u00e4gsta livscykelkostnaderna, s\u00e4ger Stefan Linn\u00e9r, Customer Care Manager Electrolux Professional.[\/vc_column_text][\/vc_column][\/vc_row][vc_row][vc_column width=&#8221;1\/2&#8243;][vc_column_text]<\/p>\n<h2>Finns med genom hela livscykeln<\/h2>\n<p>Torktumlaren i \u00d6stersund \u00e4r ett exempel som tydligt visar att produkterna h\u00e5ller l\u00e4ngre ju b\u00e4ttre de underh\u00e5lls. Maskinen har servats av erfarna tekniker som utbildats f\u00f6r leverera service av h\u00f6g kvalitet. F\u00f6r tv\u00e5 \u00e5r sedan startade \u00e4ven Electrolux Professional det v\u00e4rldsomsp\u00e4nnande n\u00e4tverket Essentia \u2013 f\u00f6r att ta sina underh\u00e5llstj\u00e4nster till en \u00e4nnu h\u00f6gre niv\u00e5. M\u00e5let med Essentia \u00e4r att finnas med fr\u00e5n installation till slutet av varje produkts livscykel och att erbjuda flexibla servicepaket som har n\u00e5got f\u00f6r alla. Dessutom tillhandah\u00e5lls olika tillbeh\u00f6r och f\u00f6rbrukningsartiklar till produkterna, f\u00f6r att s\u00e4kerst\u00e4lla h\u00e5llbarhet och prestanda f\u00f6r utrustningen.<\/p>\n<p>\u2013 Vi vill inte komma in i bilden f\u00f6rst n\u00e4r n\u00e5got h\u00e4nder med produkten. Vi \u00e4r en part under hela resans g\u00e5ng och g\u00f6r allt f\u00f6r att kunden ska f\u00e5 en s\u00e5 bra upplevelse av produkten som m\u00f6jligt. De ska kunna fokusera p\u00e5 sin k\u00e4rnverksamhet och f\u00e5 en enklare vardag, avslutar Stefan Linn\u00e9r.[\/vc_column_text][vc_column_text]<\/p>\n<h3>Mer om Essentia:<\/h3>\n<ul>\n<li>\u00d6ver 2 200 auktoriserade servicepartners runt om i v\u00e4rlden<\/li>\n<li>Skr\u00e4ddarsydda exklusiva tj\u00e4nster\/underh\u00e5llsavtal<\/li>\n<li>55 000 reservdelar p\u00e5 lager<\/li>\n<li>Leverans \u00f6ver hela v\u00e4rlden inom 24-48 h<\/li>\n<\/ul>\n<p><a href=\"https:\/\/www.electroluxprofessional.com\/se\/service-och-support\/\" target=\"_blank\" rel=\"noopener\">L\u00e4s mer om Essentia h\u00e4r<\/a>[\/vc_column_text][\/vc_column][vc_column width=&#8221;1\/2&#8243;][vc_single_image image=&#8221;6845&#8243; img_size=&#8221;560px&#8221; alignment=&#8221;right&#8221;][vc_column_text]<\/p>\n<p style=\"text-align: center;\"><em>Stefan Linn\u00e9r,\u00a0Customer Care Manager<\/em><\/p>\n<p>[\/vc_column_text][\/vc_column][\/vc_row][vc_row][vc_column][vc_column_text]<a href=\"https:\/\/www.electroluxprofessional.com\/se\/fordelar-med-service\/\">L\u00e4s mer om f\u00f6rdelar med service &#8211; och om vad du kan g\u00f6ra sj\u00e4lv<\/a><\/p>\n<p>&nbsp;<\/p>\n<h3>Jag \u00e4r intresserad av att veta mer om Electrolux Professionals l\u00f6sningar f\u00f6r tv\u00e4ttstugor!<\/h3>\n<p>[\/vc_column_text][\/vc_column][\/vc_row][vc_row][vc_column][elx_o2000_contact_us r=&#8221;Jag vill g\u00e4rna veta mer om era l\u00f6sningar f\u00f6r tv\u00e4ttstugor och om hur de kan s\u00e4nka v\u00e5ra kostnader och v\u00e5r milj\u00f6p\u00e5verkan. Kontakta mig!&#8221; s=&#8221;Kontakta mig om hur tv\u00e4ttstugan kan hj\u00e4lpa oss att s\u00e4nka v\u00e5ra kostnader och v\u00e5r milj\u00f6p\u00e5verkan&#8221; country=&#8221;Sweden&#8221; l=&#8221;se&#8221; e=&#8221;jennie.walther@electroluxprofessional.com&#8221;][\/vc_column][\/vc_row]<\/p>\n","protected":false},"excerpt":{"rendered":"<p>[vc_row][vc_column][elx_heading font_container=&#8221;p&#8221; text_color=&#8221;inherit&#8221;]Sedan 1984 har en av Electrolux Professional v\u00e4rmepumpstorktumlare av modellen TT210HP snurrat i en fastighet tillh\u00f6rande Rikshem i \u00d6stersund. Electrolux servicepartner Marklunds Service har st\u00e5tt f\u00f6r underh\u00e5ll, och exemplaret bevisar att god service och kontinuerligt underh\u00e5ll l\u00f6nar sig. \u2013 \u00c4ven om maskinen har n\u00e5gra \u00e5r p\u00e5 nacken fungerar den fortfarande riktigt bra, s\u00e4ger [&hellip;]<\/p>\n","protected":false},"author":174,"featured_media":6824,"comment_status":"closed","ping_status":"closed","sticky":false,"template":"","format":"standard","meta":{"footnotes":""},"categories":[53,114,106],"tags":[],"class_list":["post-6815","post","type-post","status-publish","format-standard","has-post-thumbnail","hentry","category-nyheter","category-underhall","category-laundry"],"acf":[],"yoast_head":"<!-- This site is optimized with the Yoast SEO plugin v23.3 - https:\/\/yoast.com\/wordpress\/plugins\/seo\/ -->\n<title>Service och underh\u00e5ll f\u00f6rl\u00e4nger livsl\u00e4ngden - Electrolux Professional<\/title>\n<meta name=\"description\" content=\"V\u00e4rmepumpstekniken ger besparingar i form av energi och produkterna h\u00e5ller \u00e4ven l\u00e4ngre om med kontinuerlig service och underh\u00e5ll. V\u00e5r ambition \u00e4r att vi ska ha de mest energisn\u00e5la produkterna med de l\u00e4gsta livscykelkostnaderna, s\u00e4ger Stefan Linn\u00e9r, Customer Care Manager Electrolux Professional.\" \/>\n<meta name=\"robots\" content=\"index, follow, max-snippet:-1, max-image-preview:large, max-video-preview:-1\" \/>\n<link rel=\"canonical\" href=\"https:\/\/www.electroluxprofessional.com\/se\/service-och-underhall\/\" \/>\n<meta property=\"og:locale\" content=\"sv_SE\" \/>\n<meta property=\"og:type\" content=\"article\" \/>\n<meta property=\"og:title\" content=\"Service och underh\u00e5ll f\u00f6rl\u00e4nger livsl\u00e4ngden - Electrolux Professional\" \/>\n<meta property=\"og:description\" content=\"V\u00e4rmepumpstekniken ger besparingar i form av energi och produkterna h\u00e5ller \u00e4ven l\u00e4ngre om med kontinuerlig service och underh\u00e5ll. V\u00e5r ambition \u00e4r att vi ska ha de mest energisn\u00e5la produkterna med de l\u00e4gsta livscykelkostnaderna, s\u00e4ger Stefan Linn\u00e9r, Customer Care Manager Electrolux Professional.\" \/>\n<meta property=\"og:url\" content=\"https:\/\/www.electroluxprofessional.com\/se\/service-och-underhall\/\" \/>\n<meta property=\"og:site_name\" content=\"Electrolux Professional Sverige\" \/>\n<meta property=\"article:published_time\" content=\"2019-11-05T15:06:09+00:00\" \/>\n<meta property=\"article:modified_time\" content=\"2020-08-31T13:38:14+00:00\" \/>\n<meta property=\"og:image\" content=\"https:\/\/www.electroluxprofessional.com\/se\/wp-content\/uploads\/2019\/11\/Stefan_Linner_Electrolux_Professional_2a.jpg\" \/>\n<meta name=\"author\" content=\"sara.albertson@readydigital.se\" \/>\n<meta name=\"twitter:card\" content=\"summary_large_image\" \/>\n<meta name=\"twitter:label1\" content=\"Skriven av\" \/>\n\t<meta name=\"twitter:data1\" content=\"sara.albertson@readydigital.se\" \/>\n\t<meta name=\"twitter:label2\" content=\"Ber\u00e4knad l\u00e4stid\" \/>\n\t<meta name=\"twitter:data2\" content=\"4 minuter\" \/>\n<script type=\"application\/ld+json\" class=\"yoast-schema-graph\">{\"@context\":\"https:\/\/schema.org\",\"@graph\":[{\"@type\":\"WebPage\",\"@id\":\"https:\/\/www.electroluxprofessional.com\/se\/service-och-underhall\/\",\"url\":\"https:\/\/www.electroluxprofessional.com\/se\/service-och-underhall\/\",\"name\":\"Service och underh\u00e5ll f\u00f6rl\u00e4nger livsl\u00e4ngden - Electrolux Professional\",\"isPartOf\":{\"@id\":\"https:\/\/www.electroluxprofessional.com\/se\/#website\"},\"primaryImageOfPage\":{\"@id\":\"https:\/\/www.electroluxprofessional.com\/se\/service-och-underhall\/#primaryimage\"},\"image\":{\"@id\":\"https:\/\/www.electroluxprofessional.com\/se\/service-och-underhall\/#primaryimage\"},\"thumbnailUrl\":\"https:\/\/www.electroluxprofessional.com\/se\/wp-content\/uploads\/2019\/11\/Serviceochunderh\u00e5ll_2000px.jpg\",\"datePublished\":\"2019-11-05T15:06:09+00:00\",\"dateModified\":\"2020-08-31T13:38:14+00:00\",\"author\":{\"@id\":\"https:\/\/www.electroluxprofessional.com\/se\/#\/schema\/person\/aa7411a10917933a66d91ba52cb4fbbd\"},\"description\":\"V\u00e4rmepumpstekniken ger besparingar i form av energi och produkterna h\u00e5ller \u00e4ven l\u00e4ngre om med kontinuerlig service och underh\u00e5ll. V\u00e5r ambition \u00e4r att vi ska ha de mest energisn\u00e5la produkterna med de l\u00e4gsta livscykelkostnaderna, s\u00e4ger Stefan Linn\u00e9r, Customer Care Manager Electrolux Professional.\",\"breadcrumb\":{\"@id\":\"https:\/\/www.electroluxprofessional.com\/se\/service-och-underhall\/#breadcrumb\"},\"inLanguage\":\"sv-SE\",\"potentialAction\":[{\"@type\":\"ReadAction\",\"target\":[\"https:\/\/www.electroluxprofessional.com\/se\/service-och-underhall\/\"]}]},{\"@type\":\"ImageObject\",\"inLanguage\":\"sv-SE\",\"@id\":\"https:\/\/www.electroluxprofessional.com\/se\/service-och-underhall\/#primaryimage\",\"url\":\"https:\/\/www.electroluxprofessional.com\/se\/wp-content\/uploads\/2019\/11\/Serviceochunderh\u00e5ll_2000px.jpg\",\"contentUrl\":\"https:\/\/www.electroluxprofessional.com\/se\/wp-content\/uploads\/2019\/11\/Serviceochunderh\u00e5ll_2000px.jpg\",\"width\":2000,\"height\":360,\"caption\":\"service och underh\u00e5ll essentia\"},{\"@type\":\"BreadcrumbList\",\"@id\":\"https:\/\/www.electroluxprofessional.com\/se\/service-och-underhall\/#breadcrumb\",\"itemListElement\":[{\"@type\":\"ListItem\",\"position\":1,\"name\":\"Home\",\"item\":\"https:\/\/www.electroluxprofessional.com\/se\/\"},{\"@type\":\"ListItem\",\"position\":2,\"name\":\"Service och underh\u00e5ll f\u00f6rl\u00e4nger livsl\u00e4ngden avsev\u00e4rt\"}]},{\"@type\":\"WebSite\",\"@id\":\"https:\/\/www.electroluxprofessional.com\/se\/#website\",\"url\":\"https:\/\/www.electroluxprofessional.com\/se\/\",\"name\":\"Electrolux Professional Sverige\",\"description\":\"\",\"potentialAction\":[{\"@type\":\"SearchAction\",\"target\":{\"@type\":\"EntryPoint\",\"urlTemplate\":\"https:\/\/www.electroluxprofessional.com\/se\/?src={search_term_string}\"},\"query-input\":\"required name=search_term_string\"}],\"inLanguage\":\"sv-SE\"},{\"@type\":\"Person\",\"@id\":\"https:\/\/www.electroluxprofessional.com\/se\/#\/schema\/person\/aa7411a10917933a66d91ba52cb4fbbd\",\"name\":\"sara.albertson@readydigital.se\",\"image\":{\"@type\":\"ImageObject\",\"inLanguage\":\"sv-SE\",\"@id\":\"https:\/\/www.electroluxprofessional.com\/se\/#\/schema\/person\/image\/\",\"url\":\"https:\/\/secure.gravatar.com\/avatar\/ee2a1b9694dbbbe319a8f6ebb828bc2f?s=96&d=mm&r=g\",\"contentUrl\":\"https:\/\/secure.gravatar.com\/avatar\/ee2a1b9694dbbbe319a8f6ebb828bc2f?s=96&d=mm&r=g\",\"caption\":\"sara.albertson@readydigital.se\"},\"url\":\"https:\/\/www.electroluxprofessional.com\/se\/author\/sara-albertson\/\"}]}<\/script>\n<!-- \/ Yoast SEO plugin. -->","yoast_head_json":{"title":"Service och underh\u00e5ll f\u00f6rl\u00e4nger livsl\u00e4ngden - Electrolux Professional","description":"V\u00e4rmepumpstekniken ger besparingar i form av energi och produkterna h\u00e5ller \u00e4ven l\u00e4ngre om med kontinuerlig service och underh\u00e5ll. V\u00e5r ambition \u00e4r att vi ska ha de mest energisn\u00e5la produkterna med de l\u00e4gsta livscykelkostnaderna, s\u00e4ger Stefan Linn\u00e9r, Customer Care Manager Electrolux Professional.","robots":{"index":"index","follow":"follow","max-snippet":"max-snippet:-1","max-image-preview":"max-image-preview:large","max-video-preview":"max-video-preview:-1"},"canonical":"https:\/\/www.electroluxprofessional.com\/se\/service-och-underhall\/","og_locale":"sv_SE","og_type":"article","og_title":"Service och underh\u00e5ll f\u00f6rl\u00e4nger livsl\u00e4ngden - Electrolux Professional","og_description":"V\u00e4rmepumpstekniken ger besparingar i form av energi och produkterna h\u00e5ller \u00e4ven l\u00e4ngre om med kontinuerlig service och underh\u00e5ll. V\u00e5r ambition \u00e4r att vi ska ha de mest energisn\u00e5la produkterna med de l\u00e4gsta livscykelkostnaderna, s\u00e4ger Stefan Linn\u00e9r, Customer Care Manager Electrolux Professional.","og_url":"https:\/\/www.electroluxprofessional.com\/se\/service-och-underhall\/","og_site_name":"Electrolux Professional Sverige","article_published_time":"2019-11-05T15:06:09+00:00","article_modified_time":"2020-08-31T13:38:14+00:00","og_image":[{"url":"https:\/\/www.electroluxprofessional.com\/se\/wp-content\/uploads\/2019\/11\/Stefan_Linner_Electrolux_Professional_2a.jpg"}],"author":"sara.albertson@readydigital.se","twitter_card":"summary_large_image","twitter_misc":{"Skriven av":"sara.albertson@readydigital.se","Ber\u00e4knad l\u00e4stid":"4 minuter"},"schema":{"@context":"https:\/\/schema.org","@graph":[{"@type":"WebPage","@id":"https:\/\/www.electroluxprofessional.com\/se\/service-och-underhall\/","url":"https:\/\/www.electroluxprofessional.com\/se\/service-och-underhall\/","name":"Service och underh\u00e5ll f\u00f6rl\u00e4nger livsl\u00e4ngden - Electrolux Professional","isPartOf":{"@id":"https:\/\/www.electroluxprofessional.com\/se\/#website"},"primaryImageOfPage":{"@id":"https:\/\/www.electroluxprofessional.com\/se\/service-och-underhall\/#primaryimage"},"image":{"@id":"https:\/\/www.electroluxprofessional.com\/se\/service-och-underhall\/#primaryimage"},"thumbnailUrl":"https:\/\/www.electroluxprofessional.com\/se\/wp-content\/uploads\/2019\/11\/Serviceochunderh\u00e5ll_2000px.jpg","datePublished":"2019-11-05T15:06:09+00:00","dateModified":"2020-08-31T13:38:14+00:00","author":{"@id":"https:\/\/www.electroluxprofessional.com\/se\/#\/schema\/person\/aa7411a10917933a66d91ba52cb4fbbd"},"description":"V\u00e4rmepumpstekniken ger besparingar i form av energi och produkterna h\u00e5ller \u00e4ven l\u00e4ngre om med kontinuerlig service och underh\u00e5ll. V\u00e5r ambition \u00e4r att vi ska ha de mest energisn\u00e5la produkterna med de l\u00e4gsta livscykelkostnaderna, s\u00e4ger Stefan Linn\u00e9r, Customer Care Manager Electrolux Professional.","breadcrumb":{"@id":"https:\/\/www.electroluxprofessional.com\/se\/service-och-underhall\/#breadcrumb"},"inLanguage":"sv-SE","potentialAction":[{"@type":"ReadAction","target":["https:\/\/www.electroluxprofessional.com\/se\/service-och-underhall\/"]}]},{"@type":"ImageObject","inLanguage":"sv-SE","@id":"https:\/\/www.electroluxprofessional.com\/se\/service-och-underhall\/#primaryimage","url":"https:\/\/www.electroluxprofessional.com\/se\/wp-content\/uploads\/2019\/11\/Serviceochunderh\u00e5ll_2000px.jpg","contentUrl":"https:\/\/www.electroluxprofessional.com\/se\/wp-content\/uploads\/2019\/11\/Serviceochunderh\u00e5ll_2000px.jpg","width":2000,"height":360,"caption":"service och underh\u00e5ll essentia"},{"@type":"BreadcrumbList","@id":"https:\/\/www.electroluxprofessional.com\/se\/service-och-underhall\/#breadcrumb","itemListElement":[{"@type":"ListItem","position":1,"name":"Home","item":"https:\/\/www.electroluxprofessional.com\/se\/"},{"@type":"ListItem","position":2,"name":"Service och underh\u00e5ll f\u00f6rl\u00e4nger livsl\u00e4ngden avsev\u00e4rt"}]},{"@type":"WebSite","@id":"https:\/\/www.electroluxprofessional.com\/se\/#website","url":"https:\/\/www.electroluxprofessional.com\/se\/","name":"Electrolux Professional Sverige","description":"","potentialAction":[{"@type":"SearchAction","target":{"@type":"EntryPoint","urlTemplate":"https:\/\/www.electroluxprofessional.com\/se\/?src={search_term_string}"},"query-input":"required name=search_term_string"}],"inLanguage":"sv-SE"},{"@type":"Person","@id":"https:\/\/www.electroluxprofessional.com\/se\/#\/schema\/person\/aa7411a10917933a66d91ba52cb4fbbd","name":"sara.albertson@readydigital.se","image":{"@type":"ImageObject","inLanguage":"sv-SE","@id":"https:\/\/www.electroluxprofessional.com\/se\/#\/schema\/person\/image\/","url":"https:\/\/secure.gravatar.com\/avatar\/ee2a1b9694dbbbe319a8f6ebb828bc2f?s=96&d=mm&r=g","contentUrl":"https:\/\/secure.gravatar.com\/avatar\/ee2a1b9694dbbbe319a8f6ebb828bc2f?s=96&d=mm&r=g","caption":"sara.albertson@readydigital.se"},"url":"https:\/\/www.electroluxprofessional.com\/se\/author\/sara-albertson\/"}]}},"_links":{"self":[{"href":"https:\/\/www.electroluxprofessional.com\/se\/wp-json\/wp\/v2\/posts\/6815"}],"collection":[{"href":"https:\/\/www.electroluxprofessional.com\/se\/wp-json\/wp\/v2\/posts"}],"about":[{"href":"https:\/\/www.electroluxprofessional.com\/se\/wp-json\/wp\/v2\/types\/post"}],"author":[{"embeddable":true,"href":"https:\/\/www.electroluxprofessional.com\/se\/wp-json\/wp\/v2\/users\/174"}],"replies":[{"embeddable":true,"href":"https:\/\/www.electroluxprofessional.com\/se\/wp-json\/wp\/v2\/comments?post=6815"}],"version-history":[{"count":21,"href":"https:\/\/www.electroluxprofessional.com\/se\/wp-json\/wp\/v2\/posts\/6815\/revisions"}],"predecessor-version":[{"id":10743,"href":"https:\/\/www.electroluxprofessional.com\/se\/wp-json\/wp\/v2\/posts\/6815\/revisions\/10743"}],"wp:featuredmedia":[{"embeddable":true,"href":"https:\/\/www.electroluxprofessional.com\/se\/wp-json\/wp\/v2\/media\/6824"}],"wp:attachment":[{"href":"https:\/\/www.electroluxprofessional.com\/se\/wp-json\/wp\/v2\/media?parent=6815"}],"wp:term":[{"taxonomy":"category","embeddable":true,"href":"https:\/\/www.electroluxprofessional.com\/se\/wp-json\/wp\/v2\/categories?post=6815"},{"taxonomy":"post_tag","embeddable":true,"href":"https:\/\/www.electroluxprofessional.com\/se\/wp-json\/wp\/v2\/tags?post=6815"}],"curies":[{"name":"wp","href":"https:\/\/api.w.org\/{rel}","templated":true}]}}