{"id":6611,"date":"2019-10-04T09:01:21","date_gmt":"2019-10-04T09:01:21","guid":{"rendered":"https:\/\/www.electroluxprofessional.com\/se\/?p=6611"},"modified":"2020-05-14T12:51:59","modified_gmt":"2020-05-14T12:51:59","slug":"nya-skyline-en-unik-cookchill-losning","status":"publish","type":"post","link":"https:\/\/www.electroluxprofessional.com\/se\/nya-skyline-en-unik-cookchill-losning\/","title":{"rendered":"Nya SkyLine \u2013 en unik Cook&#038;Chill-l\u00f6sning som revolutionerar arbetss\u00e4ttet i professionella k\u00f6k"},"content":{"rendered":"<p>[vc_row][vc_column][elx_heading font_container=&#8221;p&#8221; text_color=&#8221;inherit&#8221;]<strong>SkyLine \u00e4r en helhetsl\u00f6sning som f\u00f6r\u00e4ndrar arbetss\u00e4ttet i k\u00f6ket genom smart kommunikation mellan kombiugn och blastchiller. Unikt f\u00f6r den nya Cook&amp;Chill-l\u00f6sningen \u00e4r att konceptet har marknadens l\u00e4gsta driftkostnad och att det \u00e4r den enda l\u00f6sningen p\u00e5 marknaden som har 4-stj\u00e4rnig ergonomicertifiering.<\/strong>[\/elx_heading][\/vc_column][\/vc_row][vc_row][vc_column][vc_empty_space][\/vc_column][\/vc_row][vc_row][vc_column width=&#8221;1\/2&#8243;][vc_column_text]-\u00a0 Lanseringen av SkyLine \u00e4r en av v\u00e5ra st\u00f6rsta satsningar inom Electrolux Professional, s\u00e4ger Sverigechef Kristian Ekstr\u00f6m. V\u00e5rt m\u00e5l med SkyLine \u00e4r att g\u00f6ra v\u00e5ra kunders vardag enklare och mer l\u00f6nsam, samtidigt som det st\u00e4lls h\u00f6ga krav p\u00e5 h\u00e5llbarhet.<\/p>\n<p>Den innovativa tekniken som g\u00f6r att ugnen och blast chillern kan kommunicera inneb\u00e4r att blast chillern kan f\u00f6rbereda sig f\u00f6r kylning och vara f\u00e4rdig att anv\u00e4ndas s\u00e5 snart ugnens program \u00e4r klart. Detta sparar b\u00e5de tid och pengar i k\u00f6ket, s\u00e4ger Kristian Ekstr\u00f6m.<\/p>\n<p>SkyLine erbjuder milj\u00f6v\u00e4nliga funktioner som eco-cooking och automatiska matlagningsprogram. N\u00e5gra fler nya funktioner \u00e4r:<\/p>\n<ul>\n<li style=\"margin-bottom: 15px;\"><strong>Plan-n-save<\/strong><br \/>\nOptimerar energi- och vatten\u00e5tg\u00e5ng genom att SkyLine ber\u00e4knar i vilken ordning tillagningen ska utf\u00f6ras.<\/li>\n<li><strong>Uppv\u00e4rmningsfunktion<\/strong><br \/>\n\u00c5teruppv\u00e4rmer mat f\u00f6r servering p\u00e5 endast 7 minuter.<\/li>\n<\/ul>\n<p>[\/vc_column_text][\/vc_column][vc_column reveal_effect=&#8221;&#8221; width=&#8221;1\/2&#8243;][vc_single_image image=&#8221;6614&#8243; img_size=&#8221;560px&#8221;][\/vc_column][\/vc_row][vc_row][vc_column][vc_column_text]<\/p>\n<ul>\n<li style=\"margin-bottom: 15px;\"><strong>Statisk kombi<\/strong><br \/>\nFl\u00e4kt med 7 olika hastigheter fr\u00e5n det unikt l\u00e5ga varvtalet p\u00e5 300 rpm upp till 1500 rpm med omv\u00e4nd rotation f\u00f6r optimal j\u00e4mnhet.<\/li>\n<li style=\"margin-bottom: 15px;\"><strong>Low Temperature Cooking (LTC)<\/strong><br \/>\nM\u00f6rar k\u00f6tt genom att reducera \u201cmognadsprocessen\u201d. Minskar matsvinnet markant och bidrar till h\u00e5llbarheten f\u00f6r b\u00e5de energi- och r\u00e5varu\u00e5tg\u00e5ng.<\/li>\n<li style=\"margin-bottom: 15px;\"><strong>Funktion f\u00f6r torkning<\/strong><br \/>\nTorkar r\u00e5varor och bevarar f\u00e4rg, form, smak och n\u00e4ringsv\u00e4rden genom en kombination av v\u00e4rme, fl\u00e4kthastighet och fuktighetskontroll.<\/li>\n<li><strong>Smart fl\u00e4kt<\/strong><br \/>\nFl\u00e4kten bromsas ner p\u00e5 ett par sekunder f\u00f6r att h\u00e5lla energin i ugnsutrymmet.<\/li>\n<\/ul>\n<p>&nbsp;<\/p>\n<h3>Kocklandslaget anv\u00e4nder SkyLine<\/h3>\n<p>Kockarna i Svenska Kocklandslaget arbetar regelbundet med SkyLine i Framtidens K\u00f6k hos Electrolux\u00a0 \u2013 se vad de har att s\u00e4ga om den nya l\u00f6sningen!<br \/>\n[\/vc_column_text][\/vc_column][\/vc_row][vc_row][vc_column width=&#8221;1\/2&#8243;][elx_video_block background_image=&#8221;6597&#8243; is_full_height=&#8221;full-height&#8221; video_link=&#8221;https:\/\/www.youtube.com\/watch?v=nQO0k8Hprwk&#8221; minimum_height=&#8221;300px&#8221;][\/vc_column][vc_column width=&#8221;1\/2&#8243;][\/vc_column][\/vc_row][vc_row][vc_column][vc_empty_space][\/vc_column][\/vc_row][vc_row][vc_column][vc_column_text]<a href=\"https:\/\/www.mynewsdesk.com\/se\/electrolux-professional-ab\/pressreleases\/electrolux-professional-storsatsar-paa-skyline-en-fullskalig-loesning-foer-restaurangkoek-2913017\" target=\"_blank\" rel=\"noopener\">L\u00e4s hela pressreleasen: Electrolux Professionals Sverigechef Kristian Ekstr\u00f6m presenterar SkyLine<\/a><\/p>\n<p><a href=\"https:\/\/www.electroluxprofessional.com\/se\/food-professionella-storkok-och-restauranger\/cook-and-chill\/\" target=\"_blank\" rel=\"noopener\">L\u00e4s mer information om SkyLine<\/a><\/p>\n<p>&nbsp;<\/p>\n<h3><strong>\u00c4r du nyfiken p\u00e5 att se vilka matlagningsf\u00f6rdelar du skulle f\u00e5 med SkyLine? Boka en helt kostnadsfri demo!<\/strong><\/h3>\n<p>[\/vc_column_text][\/vc_column][\/vc_row][vc_row][vc_column][elx_o2000_contact_us r=&#8221;Jag skulle vilja boka en demo av SkyLine Cook and Chill. V\u00e4nligen kontakta mig!&#8221; s=&#8221;Demo SkyLine &#8211; KE&#8221; e=&#8221;jennie.walther@electrolux.com&#8221; country=&#8221;Sweden&#8221; l=&#8221;se&#8221;][\/vc_column][\/vc_row]<\/p>\n","protected":false},"excerpt":{"rendered":"<p>[vc_row][vc_column][elx_heading font_container=&#8221;p&#8221; text_color=&#8221;inherit&#8221;]SkyLine \u00e4r en helhetsl\u00f6sning som f\u00f6r\u00e4ndrar arbetss\u00e4ttet i k\u00f6ket genom smart kommunikation mellan kombiugn och blastchiller. Unikt f\u00f6r den nya Cook&amp;Chill-l\u00f6sningen \u00e4r att konceptet har marknadens l\u00e4gsta driftkostnad och att det \u00e4r den enda l\u00f6sningen p\u00e5 marknaden som har 4-stj\u00e4rnig ergonomicertifiering.[\/elx_heading][\/vc_column][\/vc_row][vc_row][vc_column][vc_empty_space][\/vc_column][\/vc_row][vc_row][vc_column width=&#8221;1\/2&#8243;][vc_column_text]-\u00a0 Lanseringen av SkyLine \u00e4r en av v\u00e5ra st\u00f6rsta satsningar inom Electrolux [&hellip;]<\/p>\n","protected":false},"author":174,"featured_media":6629,"comment_status":"closed","ping_status":"closed","sticky":false,"template":"","format":"standard","meta":{"footnotes":""},"categories":[53,128,105],"tags":[],"class_list":["post-6611","post","type-post","status-publish","format-standard","has-post-thumbnail","hentry","category-nyheter","category-skyline","category-food"],"acf":[],"yoast_head":"<!-- This site is optimized with the Yoast SEO plugin v23.3 - https:\/\/yoast.com\/wordpress\/plugins\/seo\/ -->\n<title>Nya SkyLine \u2013 revolutionerar arbetss\u00e4ttet i professionella k\u00f6k<\/title>\n<meta name=\"description\" content=\"SkyLine \u00e4r en helhetsl\u00f6sning som f\u00f6r\u00e4ndrar arbetss\u00e4ttet i k\u00f6ket genom smart kommunikation mellan kombiugn och blastchiller. Unikt f\u00f6r den nya Cook&amp;Chill-l\u00f6sningen \u00e4r att konceptet har marknadens l\u00e4gsta driftkostnad och att det \u00e4r den enda l\u00f6sningen p\u00e5 marknaden som har 4-stj\u00e4rnig ergonomicertifiering.\" \/>\n<meta name=\"robots\" content=\"index, follow, max-snippet:-1, max-image-preview:large, max-video-preview:-1\" \/>\n<link rel=\"canonical\" href=\"https:\/\/www.electroluxprofessional.com\/se\/nya-skyline-en-unik-cookchill-losning\/\" \/>\n<meta property=\"og:locale\" content=\"sv_SE\" \/>\n<meta property=\"og:type\" content=\"article\" \/>\n<meta property=\"og:title\" content=\"Nya SkyLine \u2013 revolutionerar arbetss\u00e4ttet i professionella k\u00f6k\" \/>\n<meta property=\"og:description\" content=\"SkyLine \u00e4r en helhetsl\u00f6sning som f\u00f6r\u00e4ndrar arbetss\u00e4ttet i k\u00f6ket genom smart kommunikation mellan kombiugn och blastchiller. Unikt f\u00f6r den nya Cook&amp;Chill-l\u00f6sningen \u00e4r att konceptet har marknadens l\u00e4gsta driftkostnad och att det \u00e4r den enda l\u00f6sningen p\u00e5 marknaden som har 4-stj\u00e4rnig ergonomicertifiering.\" \/>\n<meta property=\"og:url\" content=\"https:\/\/www.electroluxprofessional.com\/se\/nya-skyline-en-unik-cookchill-losning\/\" \/>\n<meta property=\"og:site_name\" content=\"Electrolux Professional Sverige\" \/>\n<meta property=\"article:published_time\" content=\"2019-10-04T09:01:21+00:00\" \/>\n<meta property=\"article:modified_time\" content=\"2020-05-14T12:51:59+00:00\" \/>\n<meta property=\"og:image\" content=\"https:\/\/www.electroluxprofessional.com\/se\/wp-content\/uploads\/2019\/10\/Kristian_Ekstrom_Skyline__sm-1.jpg\" \/>\n<meta name=\"author\" content=\"sara.albertson@readydigital.se\" \/>\n<meta name=\"twitter:card\" content=\"summary_large_image\" \/>\n<meta name=\"twitter:label1\" content=\"Skriven av\" \/>\n\t<meta name=\"twitter:data1\" content=\"sara.albertson@readydigital.se\" \/>\n\t<meta name=\"twitter:label2\" content=\"Ber\u00e4knad l\u00e4stid\" \/>\n\t<meta name=\"twitter:data2\" content=\"3 minuter\" \/>\n<script type=\"application\/ld+json\" class=\"yoast-schema-graph\">{\"@context\":\"https:\/\/schema.org\",\"@graph\":[{\"@type\":\"WebPage\",\"@id\":\"https:\/\/www.electroluxprofessional.com\/se\/nya-skyline-en-unik-cookchill-losning\/\",\"url\":\"https:\/\/www.electroluxprofessional.com\/se\/nya-skyline-en-unik-cookchill-losning\/\",\"name\":\"Nya SkyLine \u2013 revolutionerar arbetss\u00e4ttet i professionella k\u00f6k\",\"isPartOf\":{\"@id\":\"https:\/\/www.electroluxprofessional.com\/se\/#website\"},\"primaryImageOfPage\":{\"@id\":\"https:\/\/www.electroluxprofessional.com\/se\/nya-skyline-en-unik-cookchill-losning\/#primaryimage\"},\"image\":{\"@id\":\"https:\/\/www.electroluxprofessional.com\/se\/nya-skyline-en-unik-cookchill-losning\/#primaryimage\"},\"thumbnailUrl\":\"https:\/\/www.electroluxprofessional.com\/se\/wp-content\/uploads\/2019\/10\/Kristian_Ekstrom_Skyline_header2.jpg\",\"datePublished\":\"2019-10-04T09:01:21+00:00\",\"dateModified\":\"2020-05-14T12:51:59+00:00\",\"author\":{\"@id\":\"https:\/\/www.electroluxprofessional.com\/se\/#\/schema\/person\/aa7411a10917933a66d91ba52cb4fbbd\"},\"description\":\"SkyLine \u00e4r en helhetsl\u00f6sning som f\u00f6r\u00e4ndrar arbetss\u00e4ttet i k\u00f6ket genom smart kommunikation mellan kombiugn och blastchiller. Unikt f\u00f6r den nya Cook&Chill-l\u00f6sningen \u00e4r att konceptet har marknadens l\u00e4gsta driftkostnad och att det \u00e4r den enda l\u00f6sningen p\u00e5 marknaden som har 4-stj\u00e4rnig ergonomicertifiering.\",\"breadcrumb\":{\"@id\":\"https:\/\/www.electroluxprofessional.com\/se\/nya-skyline-en-unik-cookchill-losning\/#breadcrumb\"},\"inLanguage\":\"sv-SE\",\"potentialAction\":[{\"@type\":\"ReadAction\",\"target\":[\"https:\/\/www.electroluxprofessional.com\/se\/nya-skyline-en-unik-cookchill-losning\/\"]}]},{\"@type\":\"ImageObject\",\"inLanguage\":\"sv-SE\",\"@id\":\"https:\/\/www.electroluxprofessional.com\/se\/nya-skyline-en-unik-cookchill-losning\/#primaryimage\",\"url\":\"https:\/\/www.electroluxprofessional.com\/se\/wp-content\/uploads\/2019\/10\/Kristian_Ekstrom_Skyline_header2.jpg\",\"contentUrl\":\"https:\/\/www.electroluxprofessional.com\/se\/wp-content\/uploads\/2019\/10\/Kristian_Ekstrom_Skyline_header2.jpg\",\"width\":2234,\"height\":620,\"caption\":\"Kristian_Ekstrom_Skyline_header2\"},{\"@type\":\"BreadcrumbList\",\"@id\":\"https:\/\/www.electroluxprofessional.com\/se\/nya-skyline-en-unik-cookchill-losning\/#breadcrumb\",\"itemListElement\":[{\"@type\":\"ListItem\",\"position\":1,\"name\":\"Home\",\"item\":\"https:\/\/www.electroluxprofessional.com\/se\/\"},{\"@type\":\"ListItem\",\"position\":2,\"name\":\"Nya SkyLine \u2013 en unik Cook&#038;Chill-l\u00f6sning som revolutionerar arbetss\u00e4ttet i professionella k\u00f6k\"}]},{\"@type\":\"WebSite\",\"@id\":\"https:\/\/www.electroluxprofessional.com\/se\/#website\",\"url\":\"https:\/\/www.electroluxprofessional.com\/se\/\",\"name\":\"Electrolux Professional Sverige\",\"description\":\"\",\"potentialAction\":[{\"@type\":\"SearchAction\",\"target\":{\"@type\":\"EntryPoint\",\"urlTemplate\":\"https:\/\/www.electroluxprofessional.com\/se\/?src={search_term_string}\"},\"query-input\":\"required name=search_term_string\"}],\"inLanguage\":\"sv-SE\"},{\"@type\":\"Person\",\"@id\":\"https:\/\/www.electroluxprofessional.com\/se\/#\/schema\/person\/aa7411a10917933a66d91ba52cb4fbbd\",\"name\":\"sara.albertson@readydigital.se\",\"image\":{\"@type\":\"ImageObject\",\"inLanguage\":\"sv-SE\",\"@id\":\"https:\/\/www.electroluxprofessional.com\/se\/#\/schema\/person\/image\/\",\"url\":\"https:\/\/secure.gravatar.com\/avatar\/ee2a1b9694dbbbe319a8f6ebb828bc2f?s=96&d=mm&r=g\",\"contentUrl\":\"https:\/\/secure.gravatar.com\/avatar\/ee2a1b9694dbbbe319a8f6ebb828bc2f?s=96&d=mm&r=g\",\"caption\":\"sara.albertson@readydigital.se\"},\"url\":\"https:\/\/www.electroluxprofessional.com\/se\/author\/sara-albertson\/\"}]}<\/script>\n<!-- \/ Yoast SEO plugin. -->","yoast_head_json":{"title":"Nya SkyLine \u2013 revolutionerar arbetss\u00e4ttet i professionella k\u00f6k","description":"SkyLine \u00e4r en helhetsl\u00f6sning som f\u00f6r\u00e4ndrar arbetss\u00e4ttet i k\u00f6ket genom smart kommunikation mellan kombiugn och blastchiller. Unikt f\u00f6r den nya Cook&Chill-l\u00f6sningen \u00e4r att konceptet har marknadens l\u00e4gsta driftkostnad och att det \u00e4r den enda l\u00f6sningen p\u00e5 marknaden som har 4-stj\u00e4rnig ergonomicertifiering.","robots":{"index":"index","follow":"follow","max-snippet":"max-snippet:-1","max-image-preview":"max-image-preview:large","max-video-preview":"max-video-preview:-1"},"canonical":"https:\/\/www.electroluxprofessional.com\/se\/nya-skyline-en-unik-cookchill-losning\/","og_locale":"sv_SE","og_type":"article","og_title":"Nya SkyLine \u2013 revolutionerar arbetss\u00e4ttet i professionella k\u00f6k","og_description":"SkyLine \u00e4r en helhetsl\u00f6sning som f\u00f6r\u00e4ndrar arbetss\u00e4ttet i k\u00f6ket genom smart kommunikation mellan kombiugn och blastchiller. Unikt f\u00f6r den nya Cook&Chill-l\u00f6sningen \u00e4r att konceptet har marknadens l\u00e4gsta driftkostnad och att det \u00e4r den enda l\u00f6sningen p\u00e5 marknaden som har 4-stj\u00e4rnig ergonomicertifiering.","og_url":"https:\/\/www.electroluxprofessional.com\/se\/nya-skyline-en-unik-cookchill-losning\/","og_site_name":"Electrolux Professional Sverige","article_published_time":"2019-10-04T09:01:21+00:00","article_modified_time":"2020-05-14T12:51:59+00:00","og_image":[{"url":"https:\/\/www.electroluxprofessional.com\/se\/wp-content\/uploads\/2019\/10\/Kristian_Ekstrom_Skyline__sm-1.jpg"}],"author":"sara.albertson@readydigital.se","twitter_card":"summary_large_image","twitter_misc":{"Skriven av":"sara.albertson@readydigital.se","Ber\u00e4knad l\u00e4stid":"3 minuter"},"schema":{"@context":"https:\/\/schema.org","@graph":[{"@type":"WebPage","@id":"https:\/\/www.electroluxprofessional.com\/se\/nya-skyline-en-unik-cookchill-losning\/","url":"https:\/\/www.electroluxprofessional.com\/se\/nya-skyline-en-unik-cookchill-losning\/","name":"Nya SkyLine \u2013 revolutionerar arbetss\u00e4ttet i professionella k\u00f6k","isPartOf":{"@id":"https:\/\/www.electroluxprofessional.com\/se\/#website"},"primaryImageOfPage":{"@id":"https:\/\/www.electroluxprofessional.com\/se\/nya-skyline-en-unik-cookchill-losning\/#primaryimage"},"image":{"@id":"https:\/\/www.electroluxprofessional.com\/se\/nya-skyline-en-unik-cookchill-losning\/#primaryimage"},"thumbnailUrl":"https:\/\/www.electroluxprofessional.com\/se\/wp-content\/uploads\/2019\/10\/Kristian_Ekstrom_Skyline_header2.jpg","datePublished":"2019-10-04T09:01:21+00:00","dateModified":"2020-05-14T12:51:59+00:00","author":{"@id":"https:\/\/www.electroluxprofessional.com\/se\/#\/schema\/person\/aa7411a10917933a66d91ba52cb4fbbd"},"description":"SkyLine \u00e4r en helhetsl\u00f6sning som f\u00f6r\u00e4ndrar arbetss\u00e4ttet i k\u00f6ket genom smart kommunikation mellan kombiugn och blastchiller. Unikt f\u00f6r den nya Cook&Chill-l\u00f6sningen \u00e4r att konceptet har marknadens l\u00e4gsta driftkostnad och att det \u00e4r den enda l\u00f6sningen p\u00e5 marknaden som har 4-stj\u00e4rnig ergonomicertifiering.","breadcrumb":{"@id":"https:\/\/www.electroluxprofessional.com\/se\/nya-skyline-en-unik-cookchill-losning\/#breadcrumb"},"inLanguage":"sv-SE","potentialAction":[{"@type":"ReadAction","target":["https:\/\/www.electroluxprofessional.com\/se\/nya-skyline-en-unik-cookchill-losning\/"]}]},{"@type":"ImageObject","inLanguage":"sv-SE","@id":"https:\/\/www.electroluxprofessional.com\/se\/nya-skyline-en-unik-cookchill-losning\/#primaryimage","url":"https:\/\/www.electroluxprofessional.com\/se\/wp-content\/uploads\/2019\/10\/Kristian_Ekstrom_Skyline_header2.jpg","contentUrl":"https:\/\/www.electroluxprofessional.com\/se\/wp-content\/uploads\/2019\/10\/Kristian_Ekstrom_Skyline_header2.jpg","width":2234,"height":620,"caption":"Kristian_Ekstrom_Skyline_header2"},{"@type":"BreadcrumbList","@id":"https:\/\/www.electroluxprofessional.com\/se\/nya-skyline-en-unik-cookchill-losning\/#breadcrumb","itemListElement":[{"@type":"ListItem","position":1,"name":"Home","item":"https:\/\/www.electroluxprofessional.com\/se\/"},{"@type":"ListItem","position":2,"name":"Nya SkyLine \u2013 en unik Cook&#038;Chill-l\u00f6sning som revolutionerar arbetss\u00e4ttet i professionella k\u00f6k"}]},{"@type":"WebSite","@id":"https:\/\/www.electroluxprofessional.com\/se\/#website","url":"https:\/\/www.electroluxprofessional.com\/se\/","name":"Electrolux Professional Sverige","description":"","potentialAction":[{"@type":"SearchAction","target":{"@type":"EntryPoint","urlTemplate":"https:\/\/www.electroluxprofessional.com\/se\/?src={search_term_string}"},"query-input":"required name=search_term_string"}],"inLanguage":"sv-SE"},{"@type":"Person","@id":"https:\/\/www.electroluxprofessional.com\/se\/#\/schema\/person\/aa7411a10917933a66d91ba52cb4fbbd","name":"sara.albertson@readydigital.se","image":{"@type":"ImageObject","inLanguage":"sv-SE","@id":"https:\/\/www.electroluxprofessional.com\/se\/#\/schema\/person\/image\/","url":"https:\/\/secure.gravatar.com\/avatar\/ee2a1b9694dbbbe319a8f6ebb828bc2f?s=96&d=mm&r=g","contentUrl":"https:\/\/secure.gravatar.com\/avatar\/ee2a1b9694dbbbe319a8f6ebb828bc2f?s=96&d=mm&r=g","caption":"sara.albertson@readydigital.se"},"url":"https:\/\/www.electroluxprofessional.com\/se\/author\/sara-albertson\/"}]}},"_links":{"self":[{"href":"https:\/\/www.electroluxprofessional.com\/se\/wp-json\/wp\/v2\/posts\/6611"}],"collection":[{"href":"https:\/\/www.electroluxprofessional.com\/se\/wp-json\/wp\/v2\/posts"}],"about":[{"href":"https:\/\/www.electroluxprofessional.com\/se\/wp-json\/wp\/v2\/types\/post"}],"author":[{"embeddable":true,"href":"https:\/\/www.electroluxprofessional.com\/se\/wp-json\/wp\/v2\/users\/174"}],"replies":[{"embeddable":true,"href":"https:\/\/www.electroluxprofessional.com\/se\/wp-json\/wp\/v2\/comments?post=6611"}],"version-history":[{"count":24,"href":"https:\/\/www.electroluxprofessional.com\/se\/wp-json\/wp\/v2\/posts\/6611\/revisions"}],"predecessor-version":[{"id":6664,"href":"https:\/\/www.electroluxprofessional.com\/se\/wp-json\/wp\/v2\/posts\/6611\/revisions\/6664"}],"wp:featuredmedia":[{"embeddable":true,"href":"https:\/\/www.electroluxprofessional.com\/se\/wp-json\/wp\/v2\/media\/6629"}],"wp:attachment":[{"href":"https:\/\/www.electroluxprofessional.com\/se\/wp-json\/wp\/v2\/media?parent=6611"}],"wp:term":[{"taxonomy":"category","embeddable":true,"href":"https:\/\/www.electroluxprofessional.com\/se\/wp-json\/wp\/v2\/categories?post=6611"},{"taxonomy":"post_tag","embeddable":true,"href":"https:\/\/www.electroluxprofessional.com\/se\/wp-json\/wp\/v2\/tags?post=6611"}],"curies":[{"name":"wp","href":"https:\/\/api.w.org\/{rel}","templated":true}]}}