{"id":5714,"date":"2019-02-12T13:52:55","date_gmt":"2019-02-12T13:52:55","guid":{"rendered":"https:\/\/www.electroluxprofessional.com\/se\/?p=5714"},"modified":"2025-05-16T10:22:21","modified_gmt":"2025-05-16T09:22:21","slug":"electrolux-forbereder-avknoppning","status":"publish","type":"post","link":"https:\/\/www.electroluxprofessional.com\/se\/electrolux-forbereder-avknoppning\/","title":{"rendered":"Electrolux Professional f\u00f6rbereder avknoppning och b\u00f6rsnotering av aff\u00e4rsomr\u00e5det professionella produkter"},"content":{"rendered":"<p>[vc_row][vc_column][vc_column_text]<\/p>\n<div id=\"single_content\">\n<p><strong>Electrolux Professionals moderbolag Electrolux AB, meddelade nyligen att bolaget f\u00f6rbereder en avknoppning av aff\u00e4rsomr\u00e5det Professionella Produkter fr\u00e5n koncernen. Electrolux styrelse har inlett ett arbete med avsikt att kunna f\u00f6resl\u00e5 en bolagsst\u00e4mma att besluta att dela koncernen i tv\u00e5 noterade bolag <\/strong><strong>\u2013<\/strong><strong> \u201dElectrolux\u201d f\u00f6r hush\u00e5llsprodukter samt \u201dElectrolux Professional\u201d f\u00f6r professionella produkter <\/strong><strong>\u2013<\/strong><strong> genom en utdelning av Electrolux Professional till aktie\u00e4garna i AB Electrolux under 2020.\u00a0<\/strong><\/p>\n<p>Electrolux styrelse \u00e4r av uppfattningen att en s\u00e5dan uppdelning har m\u00f6jlighet att skapa betydande v\u00e4rde f\u00f6r aktie\u00e4garna \u00f6ver tid eftersom de tv\u00e5 verksamheterna har olika slutmarknader, kunder och drivkrafter. En uppdelning bed\u00f6ms underl\u00e4tta f\u00f6r b\u00e5da bolagen att fokusera p\u00e5 sina respektive tillv\u00e4xtm\u00f6jligheter, med tydliga strategier f\u00f6r innovation och kundfokus samt en h\u00f6g grad av kapitaleffektivitet. Kostnader f\u00f6r uppdelningen f\u00f6rv\u00e4ntas vara relativt l\u00e5ga.<\/p>\n<\/div>\n<p>[\/vc_column_text][\/vc_column][\/vc_row][vc_row][vc_column width=&#8221;1\/4&#8243;][elx_download_block text=&#8221;L\u00e4s mer h\u00e4r&#8221; link=&#8221;https:\/\/www.electroluxgroup.com\/sv\/electrolux-forbereder-avknoppning-och-borsnotering-av-affarsomradet-professionella-produkter-8008\/&#8221; background_color=&#8221;electrolux-blue&#8221;][\/vc_column][vc_column width=&#8221;1\/4&#8243;][\/vc_column][vc_column width=&#8221;1\/4&#8243;][\/vc_column][vc_column width=&#8221;1\/4&#8243;][\/vc_column][\/vc_row]<\/p>\n","protected":false},"excerpt":{"rendered":"<p>[vc_row][vc_column][vc_column_text] Electrolux Professionals moderbolag Electrolux AB, meddelade nyligen att bolaget f\u00f6rbereder en avknoppning av aff\u00e4rsomr\u00e5det Professionella Produkter fr\u00e5n koncernen. Electrolux styrelse har inlett ett arbete med avsikt att kunna f\u00f6resl\u00e5 en bolagsst\u00e4mma att besluta att dela koncernen i tv\u00e5 noterade bolag \u2013 \u201dElectrolux\u201d f\u00f6r hush\u00e5llsprodukter samt \u201dElectrolux Professional\u201d f\u00f6r professionella produkter \u2013 genom en utdelning [&hellip;]<\/p>\n","protected":false},"author":4,"featured_media":0,"comment_status":"closed","ping_status":"closed","sticky":false,"template":"","format":"standard","meta":{"footnotes":""},"categories":[53],"tags":[],"class_list":["post-5714","post","type-post","status-publish","format-standard","hentry","category-nyheter"],"acf":[],"yoast_head":"<!-- This site is optimized with the Yoast SEO plugin v23.3 - https:\/\/yoast.com\/wordpress\/plugins\/seo\/ -->\n<title>Electrolux Professional f\u00f6rbereder avknoppning och b\u00f6rsnotering av aff\u00e4rsomr\u00e5det professionella produkter - Electrolux Professional Sverige<\/title>\n<meta name=\"description\" content=\"Electrolux AB meddelade nyligen att bolaget f\u00f6rbereder en avknoppning av aff\u00e4rsomr\u00e5det Professionella Produkter fr\u00e5n koncernen.\" \/>\n<meta name=\"robots\" content=\"index, follow, max-snippet:-1, max-image-preview:large, max-video-preview:-1\" \/>\n<link rel=\"canonical\" href=\"https:\/\/www.electroluxprofessional.com\/se\/electrolux-forbereder-avknoppning\/\" \/>\n<meta property=\"og:locale\" content=\"sv_SE\" \/>\n<meta property=\"og:type\" content=\"article\" \/>\n<meta property=\"og:title\" content=\"Electrolux Professional f\u00f6rbereder avknoppning och b\u00f6rsnotering av aff\u00e4rsomr\u00e5det professionella produkter - Electrolux Professional Sverige\" \/>\n<meta property=\"og:description\" content=\"Electrolux AB meddelade nyligen att bolaget f\u00f6rbereder en avknoppning av aff\u00e4rsomr\u00e5det Professionella Produkter fr\u00e5n koncernen.\" \/>\n<meta property=\"og:url\" content=\"https:\/\/www.electroluxprofessional.com\/se\/electrolux-forbereder-avknoppning\/\" \/>\n<meta property=\"og:site_name\" content=\"Electrolux Professional Sverige\" \/>\n<meta property=\"article:published_time\" content=\"2019-02-12T13:52:55+00:00\" \/>\n<meta property=\"article:modified_time\" content=\"2025-05-16T09:22:21+00:00\" \/>\n<meta name=\"author\" content=\"jennie.eriksson@electroluxprofessional.com\" \/>\n<meta name=\"twitter:card\" content=\"summary_large_image\" \/>\n<meta name=\"twitter:label1\" content=\"Skriven av\" \/>\n\t<meta name=\"twitter:data1\" content=\"jennie.eriksson@electroluxprofessional.com\" \/>\n\t<meta name=\"twitter:label2\" content=\"Ber\u00e4knad l\u00e4stid\" \/>\n\t<meta name=\"twitter:data2\" content=\"1 minut\" \/>\n<script type=\"application\/ld+json\" class=\"yoast-schema-graph\">{\"@context\":\"https:\/\/schema.org\",\"@graph\":[{\"@type\":\"WebPage\",\"@id\":\"https:\/\/www.electroluxprofessional.com\/se\/electrolux-forbereder-avknoppning\/\",\"url\":\"https:\/\/www.electroluxprofessional.com\/se\/electrolux-forbereder-avknoppning\/\",\"name\":\"Electrolux Professional f\u00f6rbereder avknoppning och b\u00f6rsnotering av aff\u00e4rsomr\u00e5det professionella produkter - Electrolux Professional Sverige\",\"isPartOf\":{\"@id\":\"https:\/\/www.electroluxprofessional.com\/se\/#website\"},\"datePublished\":\"2019-02-12T13:52:55+00:00\",\"dateModified\":\"2025-05-16T09:22:21+00:00\",\"author\":{\"@id\":\"https:\/\/www.electroluxprofessional.com\/se\/#\/schema\/person\/0892f17dd34c90de0e8be429d2f3042a\"},\"description\":\"Electrolux AB meddelade nyligen att bolaget f\u00f6rbereder en avknoppning av aff\u00e4rsomr\u00e5det Professionella Produkter fr\u00e5n koncernen.\",\"breadcrumb\":{\"@id\":\"https:\/\/www.electroluxprofessional.com\/se\/electrolux-forbereder-avknoppning\/#breadcrumb\"},\"inLanguage\":\"sv-SE\",\"potentialAction\":[{\"@type\":\"ReadAction\",\"target\":[\"https:\/\/www.electroluxprofessional.com\/se\/electrolux-forbereder-avknoppning\/\"]}]},{\"@type\":\"BreadcrumbList\",\"@id\":\"https:\/\/www.electroluxprofessional.com\/se\/electrolux-forbereder-avknoppning\/#breadcrumb\",\"itemListElement\":[{\"@type\":\"ListItem\",\"position\":1,\"name\":\"Home\",\"item\":\"https:\/\/www.electroluxprofessional.com\/se\/\"},{\"@type\":\"ListItem\",\"position\":2,\"name\":\"Electrolux Professional f\u00f6rbereder avknoppning och b\u00f6rsnotering av aff\u00e4rsomr\u00e5det professionella produkter\"}]},{\"@type\":\"WebSite\",\"@id\":\"https:\/\/www.electroluxprofessional.com\/se\/#website\",\"url\":\"https:\/\/www.electroluxprofessional.com\/se\/\",\"name\":\"Electrolux Professional Sverige\",\"description\":\"\",\"potentialAction\":[{\"@type\":\"SearchAction\",\"target\":{\"@type\":\"EntryPoint\",\"urlTemplate\":\"https:\/\/www.electroluxprofessional.com\/se\/?src={search_term_string}\"},\"query-input\":\"required name=search_term_string\"}],\"inLanguage\":\"sv-SE\"},{\"@type\":\"Person\",\"@id\":\"https:\/\/www.electroluxprofessional.com\/se\/#\/schema\/person\/0892f17dd34c90de0e8be429d2f3042a\",\"name\":\"jennie.eriksson@electroluxprofessional.com\",\"image\":{\"@type\":\"ImageObject\",\"inLanguage\":\"sv-SE\",\"@id\":\"https:\/\/www.electroluxprofessional.com\/se\/#\/schema\/person\/image\/\",\"url\":\"https:\/\/secure.gravatar.com\/avatar\/ea33f056f7953fa16c4f998e258c9aea?s=96&d=mm&r=g\",\"contentUrl\":\"https:\/\/secure.gravatar.com\/avatar\/ea33f056f7953fa16c4f998e258c9aea?s=96&d=mm&r=g\",\"caption\":\"jennie.eriksson@electroluxprofessional.com\"},\"url\":\"https:\/\/www.electroluxprofessional.com\/se\/author\/jennie-eriksson-electroluxprofessional-com\/\"}]}<\/script>\n<!-- \/ Yoast SEO plugin. -->","yoast_head_json":{"title":"Electrolux Professional f\u00f6rbereder avknoppning och b\u00f6rsnotering av aff\u00e4rsomr\u00e5det professionella produkter - Electrolux Professional Sverige","description":"Electrolux AB meddelade nyligen att bolaget f\u00f6rbereder en avknoppning av aff\u00e4rsomr\u00e5det Professionella Produkter fr\u00e5n koncernen.","robots":{"index":"index","follow":"follow","max-snippet":"max-snippet:-1","max-image-preview":"max-image-preview:large","max-video-preview":"max-video-preview:-1"},"canonical":"https:\/\/www.electroluxprofessional.com\/se\/electrolux-forbereder-avknoppning\/","og_locale":"sv_SE","og_type":"article","og_title":"Electrolux Professional f\u00f6rbereder avknoppning och b\u00f6rsnotering av aff\u00e4rsomr\u00e5det professionella produkter - Electrolux Professional Sverige","og_description":"Electrolux AB meddelade nyligen att bolaget f\u00f6rbereder en avknoppning av aff\u00e4rsomr\u00e5det Professionella Produkter fr\u00e5n koncernen.","og_url":"https:\/\/www.electroluxprofessional.com\/se\/electrolux-forbereder-avknoppning\/","og_site_name":"Electrolux Professional Sverige","article_published_time":"2019-02-12T13:52:55+00:00","article_modified_time":"2025-05-16T09:22:21+00:00","author":"jennie.eriksson@electroluxprofessional.com","twitter_card":"summary_large_image","twitter_misc":{"Skriven av":"jennie.eriksson@electroluxprofessional.com","Ber\u00e4knad l\u00e4stid":"1 minut"},"schema":{"@context":"https:\/\/schema.org","@graph":[{"@type":"WebPage","@id":"https:\/\/www.electroluxprofessional.com\/se\/electrolux-forbereder-avknoppning\/","url":"https:\/\/www.electroluxprofessional.com\/se\/electrolux-forbereder-avknoppning\/","name":"Electrolux Professional f\u00f6rbereder avknoppning och b\u00f6rsnotering av aff\u00e4rsomr\u00e5det professionella produkter - Electrolux Professional Sverige","isPartOf":{"@id":"https:\/\/www.electroluxprofessional.com\/se\/#website"},"datePublished":"2019-02-12T13:52:55+00:00","dateModified":"2025-05-16T09:22:21+00:00","author":{"@id":"https:\/\/www.electroluxprofessional.com\/se\/#\/schema\/person\/0892f17dd34c90de0e8be429d2f3042a"},"description":"Electrolux AB meddelade nyligen att bolaget f\u00f6rbereder en avknoppning av aff\u00e4rsomr\u00e5det Professionella Produkter fr\u00e5n koncernen.","breadcrumb":{"@id":"https:\/\/www.electroluxprofessional.com\/se\/electrolux-forbereder-avknoppning\/#breadcrumb"},"inLanguage":"sv-SE","potentialAction":[{"@type":"ReadAction","target":["https:\/\/www.electroluxprofessional.com\/se\/electrolux-forbereder-avknoppning\/"]}]},{"@type":"BreadcrumbList","@id":"https:\/\/www.electroluxprofessional.com\/se\/electrolux-forbereder-avknoppning\/#breadcrumb","itemListElement":[{"@type":"ListItem","position":1,"name":"Home","item":"https:\/\/www.electroluxprofessional.com\/se\/"},{"@type":"ListItem","position":2,"name":"Electrolux Professional f\u00f6rbereder avknoppning och b\u00f6rsnotering av aff\u00e4rsomr\u00e5det professionella produkter"}]},{"@type":"WebSite","@id":"https:\/\/www.electroluxprofessional.com\/se\/#website","url":"https:\/\/www.electroluxprofessional.com\/se\/","name":"Electrolux Professional Sverige","description":"","potentialAction":[{"@type":"SearchAction","target":{"@type":"EntryPoint","urlTemplate":"https:\/\/www.electroluxprofessional.com\/se\/?src={search_term_string}"},"query-input":"required name=search_term_string"}],"inLanguage":"sv-SE"},{"@type":"Person","@id":"https:\/\/www.electroluxprofessional.com\/se\/#\/schema\/person\/0892f17dd34c90de0e8be429d2f3042a","name":"jennie.eriksson@electroluxprofessional.com","image":{"@type":"ImageObject","inLanguage":"sv-SE","@id":"https:\/\/www.electroluxprofessional.com\/se\/#\/schema\/person\/image\/","url":"https:\/\/secure.gravatar.com\/avatar\/ea33f056f7953fa16c4f998e258c9aea?s=96&d=mm&r=g","contentUrl":"https:\/\/secure.gravatar.com\/avatar\/ea33f056f7953fa16c4f998e258c9aea?s=96&d=mm&r=g","caption":"jennie.eriksson@electroluxprofessional.com"},"url":"https:\/\/www.electroluxprofessional.com\/se\/author\/jennie-eriksson-electroluxprofessional-com\/"}]}},"_links":{"self":[{"href":"https:\/\/www.electroluxprofessional.com\/se\/wp-json\/wp\/v2\/posts\/5714"}],"collection":[{"href":"https:\/\/www.electroluxprofessional.com\/se\/wp-json\/wp\/v2\/posts"}],"about":[{"href":"https:\/\/www.electroluxprofessional.com\/se\/wp-json\/wp\/v2\/types\/post"}],"author":[{"embeddable":true,"href":"https:\/\/www.electroluxprofessional.com\/se\/wp-json\/wp\/v2\/users\/4"}],"replies":[{"embeddable":true,"href":"https:\/\/www.electroluxprofessional.com\/se\/wp-json\/wp\/v2\/comments?post=5714"}],"version-history":[{"count":8,"href":"https:\/\/www.electroluxprofessional.com\/se\/wp-json\/wp\/v2\/posts\/5714\/revisions"}],"predecessor-version":[{"id":5723,"href":"https:\/\/www.electroluxprofessional.com\/se\/wp-json\/wp\/v2\/posts\/5714\/revisions\/5723"}],"wp:attachment":[{"href":"https:\/\/www.electroluxprofessional.com\/se\/wp-json\/wp\/v2\/media?parent=5714"}],"wp:term":[{"taxonomy":"category","embeddable":true,"href":"https:\/\/www.electroluxprofessional.com\/se\/wp-json\/wp\/v2\/categories?post=5714"},{"taxonomy":"post_tag","embeddable":true,"href":"https:\/\/www.electroluxprofessional.com\/se\/wp-json\/wp\/v2\/tags?post=5714"}],"curies":[{"name":"wp","href":"https:\/\/api.w.org\/{rel}","templated":true}]}}