{"id":5483,"date":"2018-11-06T13:19:25","date_gmt":"2018-11-06T13:19:25","guid":{"rendered":"https:\/\/www.electroluxprofessional.com\/se\/?p=5483"},"modified":"2019-11-20T12:57:30","modified_gmt":"2019-11-20T12:57:30","slug":"karma","status":"publish","type":"post","link":"https:\/\/www.electroluxprofessional.com\/se\/karma\/","title":{"rendered":"Electrolux Professional och karma introducerar smart kylsk\u00e5p f\u00f6r att minska matsvinn"},"content":{"rendered":"<p>[vc_row][vc_column][vc_column_text]<\/p>\n<h6>Electrolux introducerar tillsammans med startupbolaget Karma ett uppkopplat kylsk\u00e5p f\u00f6r matbutiker. Kylsk\u00e5pet som betalanseras idag, \u00e4r integrerat med Karmas app och ska bidra till minskat matsvinn genom att g\u00f6ra det enklare att s\u00e4lja os\u00e5ld mat direkt till konsumenter.<\/h6>\n<p>[\/vc_column_text][vc_column_text]Det var i augusti i \u00e5r som Electrolux meddelade att man har g\u00e5tt in som investerare i Karma. De b\u00e5da bolagen inledde samtidigt ett samarbete f\u00f6r att utforska nya innovativa l\u00f6sningar f\u00f6r framtidens mat och f\u00f6r att gemensamt m\u00f6jligg\u00f6ra f\u00f6r b\u00e5de konsumenter och livsmedelsbranschen att ta ett st\u00f6rre ansvar f\u00f6r mindre matsvinn. Samarbetet kombinerar Electrolux expertis kring livsmedelsf\u00f6rvaring med Karmas app och kunskap om matsvinn.<\/p>\n<p>Kylsk\u00e5pet effektiviserar f\u00f6rvaring och upph\u00e4mtning av os\u00e5lda matvaror som annars riskerar att sl\u00e4ngas. Det g\u00f6r det m\u00f6jligt f\u00f6r matbutiker som inte har en naturlig upph\u00e4mtningsplats att anv\u00e4nda Karma.<br \/>\nIdag introduceras kylsk\u00e5pet som en betaversion och finns p\u00e5 ICA Liljeholmen i Stockholm.[\/vc_column_text][\/vc_column][\/vc_row][vc_row][vc_column width=&#8221;1\/2&#8243;][vc_column_text]<strong>S\u00e5 fungerar det:<\/strong><\/p>\n<ul>\n<li>Karmas anv\u00e4ndare g\u00f6r ett k\u00f6p hos ICA Kvantum Liljeholmen i Stockholm och kan genom Karma-appen h\u00e4mta ut best\u00e4llda varor direkt fr\u00e5n det uppkopplade kylsk\u00e5pet.<\/li>\n<li>Anv\u00e4ndaren l\u00e5ser upp det uppkopplade kylsk\u00e5pet, som \u00e4r utrustat med ett smart l\u00e5s, genom att uppvisa en QR-kod vid det smarta l\u00e5set.<\/li>\n<li>Den k\u00f6pta produkten visas sedan upp i matbutikens kassa.<\/li>\n<\/ul>\n<p>[\/vc_column_text][\/vc_column][vc_column width=&#8221;1\/2&#8243;][elx_image_block background_image=&#8221;5480&#8243; minimum_height=&#8221;300px&#8221;][\/vc_column][\/vc_row][vc_row][vc_column][vc_empty_space][elx_citation name=&#8221;Tove Chevalley&#8221; company=&#8221;chef f\u00f6r Digital Innovation p\u00e5 Electrolux.&#8221;][elx_heading font_container=&#8221;h5&#8243; text_color=&#8221;inherit&#8221;]Att hitta innovativa l\u00f6sningar som fr\u00e4mjar ett b\u00e4ttre och mer h\u00e5llbart s\u00e4tt att \u00e4ta \u00e4r en del av v\u00e5rt syfte som bolag. F\u00f6r Electrolux \u00e4r samarbetet med en startup som Karma ett nytt och kraftfullt s\u00e4tt f\u00f6r att skapa f\u00f6r\u00e4ndring. Genom att kombinera v\u00e5ra och Karmas unika egenskaper har vi snabbt kunnat skapa en kreativ l\u00f6sning som g\u00f6r det enklare f\u00f6r konsumenter och matleverant\u00f6rer att r\u00e4dda mat fr\u00e5n att sl\u00e4ngas.[\/elx_heading][\/elx_citation][\/vc_column][\/vc_row][vc_row][vc_column][\/vc_column][\/vc_row]<\/p>\n","protected":false},"excerpt":{"rendered":"<p>[vc_row][vc_column][vc_column_text] Electrolux introducerar tillsammans med startupbolaget Karma ett uppkopplat kylsk\u00e5p f\u00f6r matbutiker. Kylsk\u00e5pet som betalanseras idag, \u00e4r integrerat med Karmas app och ska bidra till minskat matsvinn genom att g\u00f6ra det enklare att s\u00e4lja os\u00e5ld mat direkt till konsumenter. [\/vc_column_text][vc_column_text]Det var i augusti i \u00e5r som Electrolux meddelade att man har g\u00e5tt in som investerare [&hellip;]<\/p>\n","protected":false},"author":4,"featured_media":5489,"comment_status":"closed","ping_status":"closed","sticky":false,"template":"","format":"standard","meta":{"footnotes":""},"categories":[107,73,53],"tags":[],"class_list":["post-5483","post","type-post","status-publish","format-standard","has-post-thumbnail","hentry","category-art-and-science","category-hallbarhet-2","category-nyheter"],"acf":[],"yoast_head":"<!-- This site is optimized with the Yoast SEO plugin v23.3 - https:\/\/yoast.com\/wordpress\/plugins\/seo\/ -->\n<title>Electrolux och Karma introducerar smart kylsk\u00e5p f\u00f6r att minska matsvinn<\/title>\n<meta name=\"description\" content=\"Electrolux introducerar tillsammans med startupbolaget Karma ett uppkopplat kylsk\u00e5p f\u00f6r matbutiker. Kylsk\u00e5pet som betalanseras idag, \u00e4r integrerat med Karmas app och ska bidra till minskat matsvinn genom att g\u00f6ra det enklare att s\u00e4lja os\u00e5ld mat direkt till konsumenter.\" \/>\n<meta name=\"robots\" content=\"index, follow, max-snippet:-1, max-image-preview:large, max-video-preview:-1\" \/>\n<link rel=\"canonical\" href=\"https:\/\/www.electroluxprofessional.com\/se\/karma\/\" \/>\n<meta property=\"og:locale\" content=\"sv_SE\" \/>\n<meta property=\"og:type\" content=\"article\" \/>\n<meta property=\"og:title\" content=\"Electrolux och Karma introducerar smart kylsk\u00e5p f\u00f6r att minska matsvinn\" \/>\n<meta property=\"og:description\" content=\"Electrolux introducerar tillsammans med startupbolaget Karma ett uppkopplat kylsk\u00e5p f\u00f6r matbutiker. Kylsk\u00e5pet som betalanseras idag, \u00e4r integrerat med Karmas app och ska bidra till minskat matsvinn genom att g\u00f6ra det enklare att s\u00e4lja os\u00e5ld mat direkt till konsumenter.\" \/>\n<meta property=\"og:url\" content=\"https:\/\/www.electroluxprofessional.com\/se\/karma\/\" \/>\n<meta property=\"og:site_name\" content=\"Electrolux Professional Sverige\" \/>\n<meta property=\"article:published_time\" content=\"2018-11-06T13:19:25+00:00\" \/>\n<meta property=\"article:modified_time\" content=\"2019-11-20T12:57:30+00:00\" \/>\n<meta property=\"og:image\" content=\"https:\/\/www.electroluxprofessional.com\/se\/wp-content\/uploads\/2018\/11\/Karma1.jpg\" \/>\n\t<meta property=\"og:image:width\" content=\"6558\" \/>\n\t<meta property=\"og:image:height\" content=\"1769\" \/>\n\t<meta property=\"og:image:type\" content=\"image\/jpeg\" \/>\n<meta name=\"author\" content=\"jennie.eriksson@electroluxprofessional.com\" \/>\n<meta name=\"twitter:card\" content=\"summary_large_image\" \/>\n<meta name=\"twitter:label1\" content=\"Skriven av\" \/>\n\t<meta name=\"twitter:data1\" content=\"jennie.eriksson@electroluxprofessional.com\" \/>\n\t<meta name=\"twitter:label2\" content=\"Ber\u00e4knad l\u00e4stid\" \/>\n\t<meta name=\"twitter:data2\" content=\"2 minuter\" \/>\n<script type=\"application\/ld+json\" class=\"yoast-schema-graph\">{\"@context\":\"https:\/\/schema.org\",\"@graph\":[{\"@type\":\"WebPage\",\"@id\":\"https:\/\/www.electroluxprofessional.com\/se\/karma\/\",\"url\":\"https:\/\/www.electroluxprofessional.com\/se\/karma\/\",\"name\":\"Electrolux och Karma introducerar smart kylsk\u00e5p f\u00f6r att minska matsvinn\",\"isPartOf\":{\"@id\":\"https:\/\/www.electroluxprofessional.com\/se\/#website\"},\"primaryImageOfPage\":{\"@id\":\"https:\/\/www.electroluxprofessional.com\/se\/karma\/#primaryimage\"},\"image\":{\"@id\":\"https:\/\/www.electroluxprofessional.com\/se\/karma\/#primaryimage\"},\"thumbnailUrl\":\"https:\/\/www.electroluxprofessional.com\/se\/wp-content\/uploads\/2018\/11\/Karma1.jpg\",\"datePublished\":\"2018-11-06T13:19:25+00:00\",\"dateModified\":\"2019-11-20T12:57:30+00:00\",\"author\":{\"@id\":\"https:\/\/www.electroluxprofessional.com\/se\/#\/schema\/person\/0892f17dd34c90de0e8be429d2f3042a\"},\"description\":\"Electrolux introducerar tillsammans med startupbolaget Karma ett uppkopplat kylsk\u00e5p f\u00f6r matbutiker. Kylsk\u00e5pet som betalanseras idag, \u00e4r integrerat med Karmas app och ska bidra till minskat matsvinn genom att g\u00f6ra det enklare att s\u00e4lja os\u00e5ld mat direkt till konsumenter.\",\"breadcrumb\":{\"@id\":\"https:\/\/www.electroluxprofessional.com\/se\/karma\/#breadcrumb\"},\"inLanguage\":\"sv-SE\",\"potentialAction\":[{\"@type\":\"ReadAction\",\"target\":[\"https:\/\/www.electroluxprofessional.com\/se\/karma\/\"]}]},{\"@type\":\"ImageObject\",\"inLanguage\":\"sv-SE\",\"@id\":\"https:\/\/www.electroluxprofessional.com\/se\/karma\/#primaryimage\",\"url\":\"https:\/\/www.electroluxprofessional.com\/se\/wp-content\/uploads\/2018\/11\/Karma1.jpg\",\"contentUrl\":\"https:\/\/www.electroluxprofessional.com\/se\/wp-content\/uploads\/2018\/11\/Karma1.jpg\",\"width\":6558,\"height\":1769,\"caption\":\"Karma1\"},{\"@type\":\"BreadcrumbList\",\"@id\":\"https:\/\/www.electroluxprofessional.com\/se\/karma\/#breadcrumb\",\"itemListElement\":[{\"@type\":\"ListItem\",\"position\":1,\"name\":\"Home\",\"item\":\"https:\/\/www.electroluxprofessional.com\/se\/\"},{\"@type\":\"ListItem\",\"position\":2,\"name\":\"Electrolux och Karma introducerar smart kylsk\u00e5p f\u00f6r att minska matsvinn\"}]},{\"@type\":\"WebSite\",\"@id\":\"https:\/\/www.electroluxprofessional.com\/se\/#website\",\"url\":\"https:\/\/www.electroluxprofessional.com\/se\/\",\"name\":\"Electrolux Professional Sverige\",\"description\":\"\",\"potentialAction\":[{\"@type\":\"SearchAction\",\"target\":{\"@type\":\"EntryPoint\",\"urlTemplate\":\"https:\/\/www.electroluxprofessional.com\/se\/?src={search_term_string}\"},\"query-input\":\"required name=search_term_string\"}],\"inLanguage\":\"sv-SE\"},{\"@type\":\"Person\",\"@id\":\"https:\/\/www.electroluxprofessional.com\/se\/#\/schema\/person\/0892f17dd34c90de0e8be429d2f3042a\",\"name\":\"jennie.eriksson@electroluxprofessional.com\",\"image\":{\"@type\":\"ImageObject\",\"inLanguage\":\"sv-SE\",\"@id\":\"https:\/\/www.electroluxprofessional.com\/se\/#\/schema\/person\/image\/\",\"url\":\"https:\/\/secure.gravatar.com\/avatar\/ea33f056f7953fa16c4f998e258c9aea?s=96&d=mm&r=g\",\"contentUrl\":\"https:\/\/secure.gravatar.com\/avatar\/ea33f056f7953fa16c4f998e258c9aea?s=96&d=mm&r=g\",\"caption\":\"jennie.eriksson@electroluxprofessional.com\"},\"url\":\"https:\/\/www.electroluxprofessional.com\/se\/author\/jennie-eriksson-electroluxprofessional-com\/\"}]}<\/script>\n<!-- \/ Yoast SEO plugin. -->","yoast_head_json":{"title":"Electrolux och Karma introducerar smart kylsk\u00e5p f\u00f6r att minska matsvinn","description":"Electrolux introducerar tillsammans med startupbolaget Karma ett uppkopplat kylsk\u00e5p f\u00f6r matbutiker. Kylsk\u00e5pet som betalanseras idag, \u00e4r integrerat med Karmas app och ska bidra till minskat matsvinn genom att g\u00f6ra det enklare att s\u00e4lja os\u00e5ld mat direkt till konsumenter.","robots":{"index":"index","follow":"follow","max-snippet":"max-snippet:-1","max-image-preview":"max-image-preview:large","max-video-preview":"max-video-preview:-1"},"canonical":"https:\/\/www.electroluxprofessional.com\/se\/karma\/","og_locale":"sv_SE","og_type":"article","og_title":"Electrolux och Karma introducerar smart kylsk\u00e5p f\u00f6r att minska matsvinn","og_description":"Electrolux introducerar tillsammans med startupbolaget Karma ett uppkopplat kylsk\u00e5p f\u00f6r matbutiker. Kylsk\u00e5pet som betalanseras idag, \u00e4r integrerat med Karmas app och ska bidra till minskat matsvinn genom att g\u00f6ra det enklare att s\u00e4lja os\u00e5ld mat direkt till konsumenter.","og_url":"https:\/\/www.electroluxprofessional.com\/se\/karma\/","og_site_name":"Electrolux Professional Sverige","article_published_time":"2018-11-06T13:19:25+00:00","article_modified_time":"2019-11-20T12:57:30+00:00","og_image":[{"width":6558,"height":1769,"url":"https:\/\/www.electroluxprofessional.com\/se\/wp-content\/uploads\/2018\/11\/Karma1.jpg","type":"image\/jpeg"}],"author":"jennie.eriksson@electroluxprofessional.com","twitter_card":"summary_large_image","twitter_misc":{"Skriven av":"jennie.eriksson@electroluxprofessional.com","Ber\u00e4knad l\u00e4stid":"2 minuter"},"schema":{"@context":"https:\/\/schema.org","@graph":[{"@type":"WebPage","@id":"https:\/\/www.electroluxprofessional.com\/se\/karma\/","url":"https:\/\/www.electroluxprofessional.com\/se\/karma\/","name":"Electrolux och Karma introducerar smart kylsk\u00e5p f\u00f6r att minska matsvinn","isPartOf":{"@id":"https:\/\/www.electroluxprofessional.com\/se\/#website"},"primaryImageOfPage":{"@id":"https:\/\/www.electroluxprofessional.com\/se\/karma\/#primaryimage"},"image":{"@id":"https:\/\/www.electroluxprofessional.com\/se\/karma\/#primaryimage"},"thumbnailUrl":"https:\/\/www.electroluxprofessional.com\/se\/wp-content\/uploads\/2018\/11\/Karma1.jpg","datePublished":"2018-11-06T13:19:25+00:00","dateModified":"2019-11-20T12:57:30+00:00","author":{"@id":"https:\/\/www.electroluxprofessional.com\/se\/#\/schema\/person\/0892f17dd34c90de0e8be429d2f3042a"},"description":"Electrolux introducerar tillsammans med startupbolaget Karma ett uppkopplat kylsk\u00e5p f\u00f6r matbutiker. Kylsk\u00e5pet som betalanseras idag, \u00e4r integrerat med Karmas app och ska bidra till minskat matsvinn genom att g\u00f6ra det enklare att s\u00e4lja os\u00e5ld mat direkt till konsumenter.","breadcrumb":{"@id":"https:\/\/www.electroluxprofessional.com\/se\/karma\/#breadcrumb"},"inLanguage":"sv-SE","potentialAction":[{"@type":"ReadAction","target":["https:\/\/www.electroluxprofessional.com\/se\/karma\/"]}]},{"@type":"ImageObject","inLanguage":"sv-SE","@id":"https:\/\/www.electroluxprofessional.com\/se\/karma\/#primaryimage","url":"https:\/\/www.electroluxprofessional.com\/se\/wp-content\/uploads\/2018\/11\/Karma1.jpg","contentUrl":"https:\/\/www.electroluxprofessional.com\/se\/wp-content\/uploads\/2018\/11\/Karma1.jpg","width":6558,"height":1769,"caption":"Karma1"},{"@type":"BreadcrumbList","@id":"https:\/\/www.electroluxprofessional.com\/se\/karma\/#breadcrumb","itemListElement":[{"@type":"ListItem","position":1,"name":"Home","item":"https:\/\/www.electroluxprofessional.com\/se\/"},{"@type":"ListItem","position":2,"name":"Electrolux och Karma introducerar smart kylsk\u00e5p f\u00f6r att minska matsvinn"}]},{"@type":"WebSite","@id":"https:\/\/www.electroluxprofessional.com\/se\/#website","url":"https:\/\/www.electroluxprofessional.com\/se\/","name":"Electrolux Professional Sverige","description":"","potentialAction":[{"@type":"SearchAction","target":{"@type":"EntryPoint","urlTemplate":"https:\/\/www.electroluxprofessional.com\/se\/?src={search_term_string}"},"query-input":"required name=search_term_string"}],"inLanguage":"sv-SE"},{"@type":"Person","@id":"https:\/\/www.electroluxprofessional.com\/se\/#\/schema\/person\/0892f17dd34c90de0e8be429d2f3042a","name":"jennie.eriksson@electroluxprofessional.com","image":{"@type":"ImageObject","inLanguage":"sv-SE","@id":"https:\/\/www.electroluxprofessional.com\/se\/#\/schema\/person\/image\/","url":"https:\/\/secure.gravatar.com\/avatar\/ea33f056f7953fa16c4f998e258c9aea?s=96&d=mm&r=g","contentUrl":"https:\/\/secure.gravatar.com\/avatar\/ea33f056f7953fa16c4f998e258c9aea?s=96&d=mm&r=g","caption":"jennie.eriksson@electroluxprofessional.com"},"url":"https:\/\/www.electroluxprofessional.com\/se\/author\/jennie-eriksson-electroluxprofessional-com\/"}]}},"_links":{"self":[{"href":"https:\/\/www.electroluxprofessional.com\/se\/wp-json\/wp\/v2\/posts\/5483"}],"collection":[{"href":"https:\/\/www.electroluxprofessional.com\/se\/wp-json\/wp\/v2\/posts"}],"about":[{"href":"https:\/\/www.electroluxprofessional.com\/se\/wp-json\/wp\/v2\/types\/post"}],"author":[{"embeddable":true,"href":"https:\/\/www.electroluxprofessional.com\/se\/wp-json\/wp\/v2\/users\/4"}],"replies":[{"embeddable":true,"href":"https:\/\/www.electroluxprofessional.com\/se\/wp-json\/wp\/v2\/comments?post=5483"}],"version-history":[{"count":8,"href":"https:\/\/www.electroluxprofessional.com\/se\/wp-json\/wp\/v2\/posts\/5483\/revisions"}],"predecessor-version":[{"id":5492,"href":"https:\/\/www.electroluxprofessional.com\/se\/wp-json\/wp\/v2\/posts\/5483\/revisions\/5492"}],"wp:featuredmedia":[{"embeddable":true,"href":"https:\/\/www.electroluxprofessional.com\/se\/wp-json\/wp\/v2\/media\/5489"}],"wp:attachment":[{"href":"https:\/\/www.electroluxprofessional.com\/se\/wp-json\/wp\/v2\/media?parent=5483"}],"wp:term":[{"taxonomy":"category","embeddable":true,"href":"https:\/\/www.electroluxprofessional.com\/se\/wp-json\/wp\/v2\/categories?post=5483"},{"taxonomy":"post_tag","embeddable":true,"href":"https:\/\/www.electroluxprofessional.com\/se\/wp-json\/wp\/v2\/tags?post=5483"}],"curies":[{"name":"wp","href":"https:\/\/api.w.org\/{rel}","templated":true}]}}