{"id":52754,"date":"2024-12-27T09:00:44","date_gmt":"2024-12-27T08:00:44","guid":{"rendered":"https:\/\/www.electroluxprofessional.com\/se\/?p=52754"},"modified":"2024-12-27T14:30:37","modified_gmt":"2024-12-27T13:30:37","slug":"electrolux-professional-arskronika-2024","status":"publish","type":"post","link":"https:\/\/www.electroluxprofessional.com\/se\/electrolux-professional-arskronika-2024\/","title":{"rendered":"Electrolux Professional \u00e5rskr\u00f6nika 2024"},"content":{"rendered":"<p>[vc_row][vc_column][vc_row_inner][vc_column_inner width=&#8221;1\/2&#8243;][vc_single_image image=&#8221;52675&#8243; img_size=&#8221;full&#8221;][vc_column_text]<em>Robin Bosma, Head of sales Food Sweden.<\/em>[\/vc_column_text][\/vc_column_inner][vc_column_inner width=&#8221;1\/2&#8243;][vc_single_image image=&#8221;52764&#8243; img_size=&#8221;large&#8221; alignment=&#8221;right&#8221;][vc_column_text]<em>J\u00f6rgen Andersson, Head of sales Laundry Sweden.<\/em>[\/vc_column_text][\/vc_column_inner][\/vc_row_inner][vc_empty_space height=&#8221;12px&#8221;][vc_empty_space][vc_column_text]<strong>2024 n\u00e4rmar sig sitt slut och det \u00e4r \u00e5terigen dags att reflektera \u00f6ver \u00e5ret som g\u00e5tt f\u00f6r Electrolux Professional Sverige. Robin Bosma, Head of Sales Food Sweden, och J\u00f6rgen Andersson, Head of Sales Laundry Sweden, delar med sig av sina insikter och belyser n\u00e5gra av de mest betydelsefulla h\u00e4ndelserna under \u00e5ret f\u00f6r v\u00e5ra respektive aff\u00e4rsomr\u00e5den \u2013 stork\u00f6k och tv\u00e4tt. Tillsammans har vi tagit stora steg fram\u00e5t och blickar nu fram emot nya m\u00f6jligheter och utmaningar under 2025.<\/strong>[\/vc_column_text][vc_empty_space][\/vc_column][\/vc_row][vc_row][vc_column width=&#8221;1\/2&#8243;][vc_column_text]<\/p>\n<h2>\u00c5rskr\u00f6nika Stork\u00f6k<\/h2>\n<p>signerad Robin Bosma[\/vc_column_text][vc_empty_space height=&#8221;12px&#8221;][elx_button button_text=&#8221;L\u00e4s Robins \u00e5rskr\u00f6nika&#8221; button_link=&#8221;url:https%3A%2F%2Fwww.electroluxprofessional.com%2Fse%2Farskronika-2024-food%2F|title:EPR%20Food%20%C3%85rskr%C3%B6nika|target:_blank&#8221;][\/vc_column][vc_column width=&#8221;1\/2&#8243;][vc_column_text]<\/p>\n<h2>\u00c5rskr\u00f6nika Tv\u00e4tt<\/h2>\n<p>signerad J\u00f6rgen Andersson[\/vc_column_text][vc_empty_space height=&#8221;12px&#8221;][elx_button button_text=&#8221;L\u00e4s J\u00f6rgens \u00e5rskr\u00f6nika&#8221; button_link=&#8221;url:https%3A%2F%2Fwww.electroluxprofessional.com%2Fse%2Farskronika-2024-laundry%2F|title:EPR%20Laundry%20%C3%A5rskr%C3%B6nika|target:_blank&#8221;][\/vc_column][\/vc_row][vc_row][vc_column][vc_empty_space][\/vc_column][\/vc_row][vc_row][vc_column][vc_empty_space height=&#8221;12px&#8221;][vc_empty_space height=&#8221;12px&#8221;][\/vc_column][\/vc_row][vc_row][vc_column][vc_empty_space][vc_single_image image=&#8221;52695&#8243; img_size=&#8221;full&#8221; alignment=&#8221;center&#8221;][\/vc_column][\/vc_row][vc_row][vc_column][\/vc_column][\/vc_row]<\/p>\n","protected":false},"excerpt":{"rendered":"<p>2024 n\u00e4rmar sig sitt slut, och vi ser tillbaka p\u00e5 \u00e5ret som g\u00e5tt f\u00f6r Electrolux Professional Sverige i v\u00e5r \u00e5rliga \u00e5rskr\u00f6nika. Robin Bosma, Head of Sales Food Sweden, och J\u00f6rgen Andersson, Head of Sales Laundry Sweden, delar med sig av sina insikter och belyser n\u00e5gra av de mest betydelsefulla h\u00e4ndelserna under \u00e5ret.<\/p>\n","protected":false},"author":242,"featured_media":52906,"comment_status":"closed","ping_status":"closed","sticky":false,"template":"","format":"standard","meta":{"footnotes":""},"categories":[116,105,106],"tags":[],"class_list":["post-52754","post","type-post","status-publish","format-standard","has-post-thumbnail","hentry","category-arskronika","category-food","category-laundry"],"acf":[],"yoast_head":"<!-- This site is optimized with the Yoast SEO plugin v23.3 - https:\/\/yoast.com\/wordpress\/plugins\/seo\/ -->\n<title>Electrolux Professional \u00e5rskr\u00f6nika 2024 - Electrolux Professional Sverige<\/title>\n<meta name=\"description\" content=\"2024 n\u00e4rmar sig sitt slut, och vi ser tillbaka p\u00e5 \u00e5ret som g\u00e5tt f\u00f6r Electrolux Professional Sverige i v\u00e5r \u00e5rliga \u00e5rskr\u00f6nika.\" \/>\n<meta name=\"robots\" content=\"index, follow, max-snippet:-1, max-image-preview:large, max-video-preview:-1\" \/>\n<link rel=\"canonical\" href=\"https:\/\/www.electroluxprofessional.com\/se\/electrolux-professional-arskronika-2024\/\" \/>\n<meta property=\"og:locale\" content=\"sv_SE\" \/>\n<meta property=\"og:type\" content=\"article\" \/>\n<meta property=\"og:title\" content=\"Electrolux Professional \u00e5rskr\u00f6nika 2024 - Electrolux Professional Sverige\" \/>\n<meta property=\"og:description\" content=\"2024 n\u00e4rmar sig sitt slut, och vi ser tillbaka p\u00e5 \u00e5ret som g\u00e5tt f\u00f6r Electrolux Professional Sverige i v\u00e5r \u00e5rliga \u00e5rskr\u00f6nika.\" \/>\n<meta property=\"og:url\" content=\"https:\/\/www.electroluxprofessional.com\/se\/electrolux-professional-arskronika-2024\/\" \/>\n<meta property=\"og:site_name\" content=\"Electrolux Professional Sverige\" \/>\n<meta property=\"article:published_time\" content=\"2024-12-27T08:00:44+00:00\" \/>\n<meta property=\"article:modified_time\" content=\"2024-12-27T13:30:37+00:00\" \/>\n<meta property=\"og:image\" content=\"https:\/\/www.electroluxprofessional.com\/se\/wp-content\/uploads\/2024\/12\/banner-kronika-1.jpg\" \/>\n\t<meta property=\"og:image:width\" content=\"2000\" \/>\n\t<meta property=\"og:image:height\" content=\"350\" \/>\n\t<meta property=\"og:image:type\" content=\"image\/jpeg\" \/>\n<meta name=\"author\" content=\"Alexandra Sj\u00f6gren\" \/>\n<meta name=\"twitter:card\" content=\"summary_large_image\" \/>\n<meta name=\"twitter:label1\" content=\"Skriven av\" \/>\n\t<meta name=\"twitter:data1\" content=\"Alexandra Sj\u00f6gren\" \/>\n\t<meta name=\"twitter:label2\" content=\"Ber\u00e4knad l\u00e4stid\" \/>\n\t<meta name=\"twitter:data2\" content=\"1 minut\" \/>\n<script type=\"application\/ld+json\" class=\"yoast-schema-graph\">{\"@context\":\"https:\/\/schema.org\",\"@graph\":[{\"@type\":\"WebPage\",\"@id\":\"https:\/\/www.electroluxprofessional.com\/se\/electrolux-professional-arskronika-2024\/\",\"url\":\"https:\/\/www.electroluxprofessional.com\/se\/electrolux-professional-arskronika-2024\/\",\"name\":\"Electrolux Professional \u00e5rskr\u00f6nika 2024 - Electrolux Professional Sverige\",\"isPartOf\":{\"@id\":\"https:\/\/www.electroluxprofessional.com\/se\/#website\"},\"primaryImageOfPage\":{\"@id\":\"https:\/\/www.electroluxprofessional.com\/se\/electrolux-professional-arskronika-2024\/#primaryimage\"},\"image\":{\"@id\":\"https:\/\/www.electroluxprofessional.com\/se\/electrolux-professional-arskronika-2024\/#primaryimage\"},\"thumbnailUrl\":\"https:\/\/www.electroluxprofessional.com\/se\/wp-content\/uploads\/2024\/12\/banner-kronika-1.jpg\",\"datePublished\":\"2024-12-27T08:00:44+00:00\",\"dateModified\":\"2024-12-27T13:30:37+00:00\",\"author\":{\"@id\":\"https:\/\/www.electroluxprofessional.com\/se\/#\/schema\/person\/628816aa76ab5d3b2047e5e37b48f4af\"},\"description\":\"2024 n\u00e4rmar sig sitt slut, och vi ser tillbaka p\u00e5 \u00e5ret som g\u00e5tt f\u00f6r Electrolux Professional Sverige i v\u00e5r \u00e5rliga \u00e5rskr\u00f6nika.\",\"breadcrumb\":{\"@id\":\"https:\/\/www.electroluxprofessional.com\/se\/electrolux-professional-arskronika-2024\/#breadcrumb\"},\"inLanguage\":\"sv-SE\",\"potentialAction\":[{\"@type\":\"ReadAction\",\"target\":[\"https:\/\/www.electroluxprofessional.com\/se\/electrolux-professional-arskronika-2024\/\"]}]},{\"@type\":\"ImageObject\",\"inLanguage\":\"sv-SE\",\"@id\":\"https:\/\/www.electroluxprofessional.com\/se\/electrolux-professional-arskronika-2024\/#primaryimage\",\"url\":\"https:\/\/www.electroluxprofessional.com\/se\/wp-content\/uploads\/2024\/12\/banner-kronika-1.jpg\",\"contentUrl\":\"https:\/\/www.electroluxprofessional.com\/se\/wp-content\/uploads\/2024\/12\/banner-kronika-1.jpg\",\"width\":2000,\"height\":350},{\"@type\":\"BreadcrumbList\",\"@id\":\"https:\/\/www.electroluxprofessional.com\/se\/electrolux-professional-arskronika-2024\/#breadcrumb\",\"itemListElement\":[{\"@type\":\"ListItem\",\"position\":1,\"name\":\"Home\",\"item\":\"https:\/\/www.electroluxprofessional.com\/se\/\"},{\"@type\":\"ListItem\",\"position\":2,\"name\":\"Electrolux Professional \u00e5rskr\u00f6nika 2024\"}]},{\"@type\":\"WebSite\",\"@id\":\"https:\/\/www.electroluxprofessional.com\/se\/#website\",\"url\":\"https:\/\/www.electroluxprofessional.com\/se\/\",\"name\":\"Electrolux Professional Sverige\",\"description\":\"\",\"potentialAction\":[{\"@type\":\"SearchAction\",\"target\":{\"@type\":\"EntryPoint\",\"urlTemplate\":\"https:\/\/www.electroluxprofessional.com\/se\/?src={search_term_string}\"},\"query-input\":\"required name=search_term_string\"}],\"inLanguage\":\"sv-SE\"},{\"@type\":\"Person\",\"@id\":\"https:\/\/www.electroluxprofessional.com\/se\/#\/schema\/person\/628816aa76ab5d3b2047e5e37b48f4af\",\"name\":\"Alexandra Sj\u00f6gren\",\"image\":{\"@type\":\"ImageObject\",\"inLanguage\":\"sv-SE\",\"@id\":\"https:\/\/www.electroluxprofessional.com\/se\/#\/schema\/person\/image\/\",\"url\":\"https:\/\/secure.gravatar.com\/avatar\/741b66dd62e187e3c747a6b91a4f1a3f?s=96&d=mm&r=g\",\"contentUrl\":\"https:\/\/secure.gravatar.com\/avatar\/741b66dd62e187e3c747a6b91a4f1a3f?s=96&d=mm&r=g\",\"caption\":\"Alexandra Sj\u00f6gren\"},\"url\":\"https:\/\/www.electroluxprofessional.com\/se\/author\/alexandra-sjogren-electroluxprofessional-com\/\"}]}<\/script>\n<!-- \/ Yoast SEO plugin. -->","yoast_head_json":{"title":"Electrolux Professional \u00e5rskr\u00f6nika 2024 - Electrolux Professional Sverige","description":"2024 n\u00e4rmar sig sitt slut, och vi ser tillbaka p\u00e5 \u00e5ret som g\u00e5tt f\u00f6r Electrolux Professional Sverige i v\u00e5r \u00e5rliga \u00e5rskr\u00f6nika.","robots":{"index":"index","follow":"follow","max-snippet":"max-snippet:-1","max-image-preview":"max-image-preview:large","max-video-preview":"max-video-preview:-1"},"canonical":"https:\/\/www.electroluxprofessional.com\/se\/electrolux-professional-arskronika-2024\/","og_locale":"sv_SE","og_type":"article","og_title":"Electrolux Professional \u00e5rskr\u00f6nika 2024 - Electrolux Professional Sverige","og_description":"2024 n\u00e4rmar sig sitt slut, och vi ser tillbaka p\u00e5 \u00e5ret som g\u00e5tt f\u00f6r Electrolux Professional Sverige i v\u00e5r \u00e5rliga \u00e5rskr\u00f6nika.","og_url":"https:\/\/www.electroluxprofessional.com\/se\/electrolux-professional-arskronika-2024\/","og_site_name":"Electrolux Professional Sverige","article_published_time":"2024-12-27T08:00:44+00:00","article_modified_time":"2024-12-27T13:30:37+00:00","og_image":[{"width":2000,"height":350,"url":"https:\/\/www.electroluxprofessional.com\/se\/wp-content\/uploads\/2024\/12\/banner-kronika-1.jpg","type":"image\/jpeg"}],"author":"Alexandra Sj\u00f6gren","twitter_card":"summary_large_image","twitter_misc":{"Skriven av":"Alexandra Sj\u00f6gren","Ber\u00e4knad l\u00e4stid":"1 minut"},"schema":{"@context":"https:\/\/schema.org","@graph":[{"@type":"WebPage","@id":"https:\/\/www.electroluxprofessional.com\/se\/electrolux-professional-arskronika-2024\/","url":"https:\/\/www.electroluxprofessional.com\/se\/electrolux-professional-arskronika-2024\/","name":"Electrolux Professional \u00e5rskr\u00f6nika 2024 - Electrolux Professional Sverige","isPartOf":{"@id":"https:\/\/www.electroluxprofessional.com\/se\/#website"},"primaryImageOfPage":{"@id":"https:\/\/www.electroluxprofessional.com\/se\/electrolux-professional-arskronika-2024\/#primaryimage"},"image":{"@id":"https:\/\/www.electroluxprofessional.com\/se\/electrolux-professional-arskronika-2024\/#primaryimage"},"thumbnailUrl":"https:\/\/www.electroluxprofessional.com\/se\/wp-content\/uploads\/2024\/12\/banner-kronika-1.jpg","datePublished":"2024-12-27T08:00:44+00:00","dateModified":"2024-12-27T13:30:37+00:00","author":{"@id":"https:\/\/www.electroluxprofessional.com\/se\/#\/schema\/person\/628816aa76ab5d3b2047e5e37b48f4af"},"description":"2024 n\u00e4rmar sig sitt slut, och vi ser tillbaka p\u00e5 \u00e5ret som g\u00e5tt f\u00f6r Electrolux Professional Sverige i v\u00e5r \u00e5rliga \u00e5rskr\u00f6nika.","breadcrumb":{"@id":"https:\/\/www.electroluxprofessional.com\/se\/electrolux-professional-arskronika-2024\/#breadcrumb"},"inLanguage":"sv-SE","potentialAction":[{"@type":"ReadAction","target":["https:\/\/www.electroluxprofessional.com\/se\/electrolux-professional-arskronika-2024\/"]}]},{"@type":"ImageObject","inLanguage":"sv-SE","@id":"https:\/\/www.electroluxprofessional.com\/se\/electrolux-professional-arskronika-2024\/#primaryimage","url":"https:\/\/www.electroluxprofessional.com\/se\/wp-content\/uploads\/2024\/12\/banner-kronika-1.jpg","contentUrl":"https:\/\/www.electroluxprofessional.com\/se\/wp-content\/uploads\/2024\/12\/banner-kronika-1.jpg","width":2000,"height":350},{"@type":"BreadcrumbList","@id":"https:\/\/www.electroluxprofessional.com\/se\/electrolux-professional-arskronika-2024\/#breadcrumb","itemListElement":[{"@type":"ListItem","position":1,"name":"Home","item":"https:\/\/www.electroluxprofessional.com\/se\/"},{"@type":"ListItem","position":2,"name":"Electrolux Professional \u00e5rskr\u00f6nika 2024"}]},{"@type":"WebSite","@id":"https:\/\/www.electroluxprofessional.com\/se\/#website","url":"https:\/\/www.electroluxprofessional.com\/se\/","name":"Electrolux Professional Sverige","description":"","potentialAction":[{"@type":"SearchAction","target":{"@type":"EntryPoint","urlTemplate":"https:\/\/www.electroluxprofessional.com\/se\/?src={search_term_string}"},"query-input":"required name=search_term_string"}],"inLanguage":"sv-SE"},{"@type":"Person","@id":"https:\/\/www.electroluxprofessional.com\/se\/#\/schema\/person\/628816aa76ab5d3b2047e5e37b48f4af","name":"Alexandra Sj\u00f6gren","image":{"@type":"ImageObject","inLanguage":"sv-SE","@id":"https:\/\/www.electroluxprofessional.com\/se\/#\/schema\/person\/image\/","url":"https:\/\/secure.gravatar.com\/avatar\/741b66dd62e187e3c747a6b91a4f1a3f?s=96&d=mm&r=g","contentUrl":"https:\/\/secure.gravatar.com\/avatar\/741b66dd62e187e3c747a6b91a4f1a3f?s=96&d=mm&r=g","caption":"Alexandra Sj\u00f6gren"},"url":"https:\/\/www.electroluxprofessional.com\/se\/author\/alexandra-sjogren-electroluxprofessional-com\/"}]}},"_links":{"self":[{"href":"https:\/\/www.electroluxprofessional.com\/se\/wp-json\/wp\/v2\/posts\/52754"}],"collection":[{"href":"https:\/\/www.electroluxprofessional.com\/se\/wp-json\/wp\/v2\/posts"}],"about":[{"href":"https:\/\/www.electroluxprofessional.com\/se\/wp-json\/wp\/v2\/types\/post"}],"author":[{"embeddable":true,"href":"https:\/\/www.electroluxprofessional.com\/se\/wp-json\/wp\/v2\/users\/242"}],"replies":[{"embeddable":true,"href":"https:\/\/www.electroluxprofessional.com\/se\/wp-json\/wp\/v2\/comments?post=52754"}],"version-history":[{"count":8,"href":"https:\/\/www.electroluxprofessional.com\/se\/wp-json\/wp\/v2\/posts\/52754\/revisions"}],"predecessor-version":[{"id":52914,"href":"https:\/\/www.electroluxprofessional.com\/se\/wp-json\/wp\/v2\/posts\/52754\/revisions\/52914"}],"wp:featuredmedia":[{"embeddable":true,"href":"https:\/\/www.electroluxprofessional.com\/se\/wp-json\/wp\/v2\/media\/52906"}],"wp:attachment":[{"href":"https:\/\/www.electroluxprofessional.com\/se\/wp-json\/wp\/v2\/media?parent=52754"}],"wp:term":[{"taxonomy":"category","embeddable":true,"href":"https:\/\/www.electroluxprofessional.com\/se\/wp-json\/wp\/v2\/categories?post=52754"},{"taxonomy":"post_tag","embeddable":true,"href":"https:\/\/www.electroluxprofessional.com\/se\/wp-json\/wp\/v2\/tags?post=52754"}],"curies":[{"name":"wp","href":"https:\/\/api.w.org\/{rel}","templated":true}]}}