{"id":52320,"date":"2024-10-04T14:56:25","date_gmt":"2024-10-04T13:56:25","guid":{"rendered":"https:\/\/www.electroluxprofessional.com\/se\/?p=52320"},"modified":"2024-10-04T15:47:13","modified_gmt":"2024-10-04T14:47:13","slug":"kock-daniels-kanelbullerecept","status":"publish","type":"post","link":"https:\/\/www.electroluxprofessional.com\/se\/kock-daniels-kanelbullerecept\/","title":{"rendered":"Kanelbullens Dag! Se utbildningskock Daniels kanelbullerecept"},"content":{"rendered":"<p>[vc_row][vc_column][vc_column_text]<strong>Idag den 4 oktober firar vi Kanelbullens dag, och vad passar b\u00e4ttre \u00e4n att v\u00e5r egen utbildningskock Daniel bakar f\u00e4rska bullar i v\u00e5rt utbildningsk\u00f6k?<\/strong><\/p>\n<p><strong>F\u00f6r att g\u00f6ra bakningen smidigare skapade Daniel ett speciellt &#8220;Kanelbulle-program&#8221; genom att anv\u00e4nda SkyDuo, en unik funktion d\u00e4r <a href=\"https:\/\/www.electroluxprofessional.com\/se\/storkok\/skyline-kombiugn\/\">SkyLine Premium S kombiugn<\/a> och <a href=\"https:\/\/professional.electrolux.se\/food-professionella-storkok-och-restauranger\/cook-and-chill\/\">SkyLine Chill S Blast Chiller<\/a> kopplas ihop och p\u00e5 s\u00e5 vis kan b\u00f6rja kommunicera med varandra. <\/strong>[\/vc_column_text][vc_empty_space height=&#8221;12px&#8221;][vc_single_image image=&#8221;52347&#8243; img_size=&#8221;large&#8221;][\/vc_column][\/vc_row][vc_row][vc_column][\/vc_column][\/vc_row][vc_row][vc_column][vc_empty_space][vc_column_text]<strong>Skr\u00e4ddarsytt kanelbulle-program med SkyDuo<\/strong><\/p>\n<p>Ugnen och Blast Chillern programmerades med den \u00f6nskv\u00e4rda temperaturen, tiden, fl\u00e4kthastigheten samt luftfuktigheten. Bullarna j\u00e4stes i Blast Chillern och n\u00e4r j\u00e4sningen var klar meddelade Blast Chillern detta till SkyLine-ugnen som i sin tur f\u00f6rberedde sig f\u00f6r att gr\u00e4dda bullarna perfekt.<\/p>\n<p>Genom att skapa egna, skr\u00e4ddarsydda program med hj\u00e4lp av av SkyDuo-funktionen p\u00e5 detta s\u00e4tt blir arbetsfl\u00f6det smidigare samtidigt som v\u00e4rdefull tid frig\u00f6rs! \u00c4r du nyfiken p\u00e5 att vet mer om hur SkyDuo fungerar f\u00e5r du g\u00e4rna kontakta oss direkt via kontaktformul\u00e4ret l\u00e4ngst ner p\u00e5 sidan, eller ta kontakt med din <a href=\"https:\/\/www.electroluxprofessional.com\/se\/sales-service-locator\/\">n\u00e4rmsta \u00e5terf\u00f6rs\u00e4ljare som du hittar h\u00e4r.<\/a>[\/vc_column_text][vc_empty_space height=&#8221;12px&#8221;][vc_column_text]<\/p>\n<h2><strong>Daniels Kanelbullar\u00a0<\/strong><\/h2>\n<p>[\/vc_column_text][vc_empty_space][\/vc_column][\/vc_row][vc_row][vc_column width=&#8221;1\/2&#8243;][vc_column_text]<strong>Ingredienser f\u00f6r ca 20 kanelbullar<br \/>\n<\/strong><u><\/u>[\/vc_column_text][vc_empty_space height=&#8221;12px&#8221;][vc_column_text]<strong><u>Deg<\/u><\/strong><br \/>\n25 g\u00a0j\u00e4st<br \/>\n50 g\u00a0sm\u00f6r eller margarin<br \/>\n3 dl standardmj\u00f6lk<br \/>\n1\/2 dl\u00a0str\u00f6socker1 krm salt<br \/>\n8 dl vetemj\u00f6l<br \/>\n\u00bd tesked mald kardemumma[\/vc_column_text][vc_empty_space][\/vc_column][vc_column width=&#8221;1\/2&#8243;][vc_empty_space][vc_empty_space height=&#8221;13px&#8221;][vc_column_text]<u><strong>Fyllning<\/strong><\/u><br \/>\n100 g\u00a0rumsvarmt sm\u00f6r eller margarin<br \/>\n1 msk\u00a0malen kanel<br \/>\n1 dl\u00a0str\u00f6socker<\/p>\n<p><strong><u>Pensling<\/u><\/strong><br \/>\n\u00e4gg<br \/>\np\u00e4rlsocker[\/vc_column_text][\/vc_column][\/vc_row][vc_row][vc_column][vc_empty_space][vc_column_text]<strong>G\u00f6r s\u00e5 h\u00e4r:<\/strong><\/p>\n<p><strong>Deg:<\/strong><br \/>\nSmula j\u00e4sten i en bunke. Sm\u00e4lt matfettet i en kastrull eller i en sk\u00e5l i mikrov\u00e5gsugnen p\u00e5 full effekt (max 800 W) ca 30 sek. Tills\u00e4tt mj\u00f6lken och v\u00e4rm till fingervarmt (37\u00b0C). H\u00e4ll lite av degv\u00e4tskan \u00f6ver j\u00e4sten och r\u00f6r tills den l\u00f6st sig.<\/p>\n<p>Tills\u00e4tt resten av degv\u00e4tskan, socker, salt, kardemumma och n\u00e4stan allt vetemj\u00f6let, spara lite till utbakningen. Arbeta degen smidig f\u00f6r hand eller i maskin tills degen sl\u00e4pper bunkens kanter. L\u00e5t degen j\u00e4sa \u00f6vert\u00e4ckt ca 30 min. eller i SkyLine chill S p\u00e5 j\u00e4sprogrammet i 20-25 minuter.<\/p>\n<p><strong>Fyllning: <\/strong><br \/>\nTa upp degen p\u00e5 arbetsb\u00e4nk och kn\u00e5da den smidig med resterande mj\u00f6l. Kavla ut degen till en platta, ca 30&#215;40 cm (f\u00f6r 20 st). Bred p\u00e5 fyllningen och rulla ihop fr\u00e5n l\u00e5ngsidan. Sk\u00e4r rullen i ca 2 cm breda bitar. L\u00e4gg bitarna med snittytan upp\u00e5t p\u00e5 en bakpl\u00e5tspapperskl\u00e4dd pl\u00e5t eller i bullformar av papper.<\/p>\n<p><strong>Programmera ugn och blastchiller: (kr\u00e4ver att du har SkyDuo-funktionen)<\/strong><br \/>\nSkyLine Chill S: programmera \u201dLiteHot\u201d 34 \u00b0C, 20 minuter. Fl\u00e4kthastighet: 2<br \/>\nSkyLine Premium S: Varmluft 160 \u00b0C, max 40 % luftfuktighet. Till k\u00e4rntemperatur 92 \u00b0C. eller tid ca. 8 minuter.<br \/>\nD\u00f6p b\u00e5da programmen till samma namn f\u00f6r att kunna aktivera Duofunktionen, till exempel \u201dKanelbulle\u201d.<\/p>\n<p><img loading=\"lazy\" decoding=\"async\" class=\"alignnone wp-image-52349\" src=\"https:\/\/www.electroluxprofessional.com\/se\/wp-content\/uploads\/2024\/10\/progam-300x221.jpg\" alt=\"\" width=\"768\" height=\"566\" srcset=\"https:\/\/www.electroluxprofessional.com\/se\/wp-content\/uploads\/2024\/10\/progam-300x221.jpg 300w, https:\/\/www.electroluxprofessional.com\/se\/wp-content\/uploads\/2024\/10\/progam-768x566.jpg 768w, https:\/\/www.electroluxprofessional.com\/se\/wp-content\/uploads\/2024\/10\/progam.jpg 966w\" sizes=\"(max-width: 768px) 100vw, 768px\" \/><\/p>\n<p>Starta j\u00e4sning i SkyLine ChillS. Om duofunktionen \u00e4r tillg\u00e4nglig f\u00f6rv\u00e4rms ugnen n\u00e4r j\u00e4sningen b\u00f6rjar bli f\u00e4rdig. Pensla med \u00e4gg och str\u00f6 \u00f6ver p\u00e4rlsocker mellan j\u00e4sning och bakning.<\/p>\n<p>Gr\u00e4dda bullarna i ugnen i 160\u00b0C, ca 8 min\/eller till k\u00e4rntemperatur p\u00e5 92 \u00b0C. (Anv\u00e4nd ugnens inbyggda m\u00e4tsticka med 6 m\u00e4tpunkter, placera stickan mitt i en av bullarna, se till att t\u00e4cka s\u00e5 mycket som m\u00f6jligt av m\u00e4tstickan). Ugnen talar d\u00e5 automatiskt om n\u00e4r tillagningen \u00e4r klar.<\/p>\n<p>L\u00e5t kallna p\u00e5 galler under bakduk innan de packas i p\u00e5se eller burk med lock.<\/p>\n<p><strong>F\u00f6r en h\u00f6stigare variant: <\/strong>Tills\u00e4tt muscovadosocker, mandelmassa och t\u00e4rnat \u00e4pple i fyllningen. Str\u00f6 \u00e4ven hackad mandel p\u00e5 toppen av bullarna innan gr\u00e4ddning.<\/p>\n<p><strong>Tips!\u00a0<\/strong>F\u00f6r snabb och effektiv t\u00e4rning av \u00e4pple anv\u00e4nde Daniel <a href=\"https:\/\/www.electroluxprofessional.com\/se\/gronsaksskarare-kokshack-mixer\/trinitypro\/?_gl=1*iq3adz*_up*MQ..*_ga*MTYwNDg0NTY2NS4xNzI4MDQ4NDcz*_ga_MNVYVN9CET*MTcyODA0ODQ3Mi4xLjAuMTcyODA0ODQ3Mi4wLjAuMA..*_ga_28J7B14W8H*MTcyODA0ODQ3Mi4xLjAuMTcyODA0ODQ3Mi4wLjAuMA..\">TrinityPro kombinerad gr\u00f6nsakssk\u00e4rare\/k\u00f6kshack<\/a>. Du kan ocks\u00e5 v\u00e4lja att <a href=\"https:\/\/www.electroluxprofessional.com\/se\/storkok\/vakuumpackmaskin\/?_gl=1%2Asnawua%2A_up%2AMQ..%2A_ga%2AMTYwNDg0NTY2NS4xNzI4MDQ4NDcz%2A_ga_MNVYVN9CET%2AMTcyODA0ODQ3Mi4xLjAuMTcyODA0ODQ3Mi4wLjAuMA..%2A_ga_28J7B14W8H%2AMTcyODA0ODQ3Mi4xLjAuMTcyODA0ODQ3Mi4wLjAuMA..\">vakuumf\u00f6rpacka<\/a> det t\u00e4rnade \u00e4pplet f\u00f6r att bibeh\u00e5lla dess fina f\u00e4rg om fyllningen inte anv\u00e4nds med en g\u00e5ng.[\/vc_column_text][vc_empty_space][\/vc_column][\/vc_row][vc_row][vc_column][vc_single_image image=&#8221;52354&#8243; img_size=&#8221;large&#8221; onclick=&#8221;custom_link&#8221; link=&#8221;https:\/\/www.electroluxprofessional.com\/se\/haccp\/&#8221;][vc_column_text]<\/p>\n<h2><strong>De h\u00e4r produkterna anv\u00e4nde Daniel:<\/strong><\/h2>\n<p>[\/vc_column_text][vc_empty_space][vc_column_text]<a href=\"https:\/\/www.electroluxprofessional.com\/se\/food-professionella-storkok-och-restauranger\/skyline-kombiugn\/\" target=\"_blank\" rel=\"noopener\"><b>Skyline Kombiugn<\/b><\/a>[\/vc_column_text][vc_column_text]<a href=\"https:\/\/www.electroluxprofessional.com\/se\/storkok\/cook-and-chill\/\"><b>ChillS Blast Chiller\/Freezer<\/b><\/a>[\/vc_column_text][vc_column_text]<a href=\"https:\/\/www.electroluxprofessional.com\/se\/food-professionella-storkok-och-restauranger\/vakuumpackmaskin\/\" target=\"_blank\" rel=\"noopener\"><b>Vakuumf\u00f6rpackningspackmaskin<\/b><\/a>[\/vc_column_text][vc_column_text]<a href=\"https:\/\/www.electroluxprofessional.com\/se\/gronsaksskarare-kokshack-mixer\/trinitypro\/\" target=\"_blank\" rel=\"noopener\"><b>TrinityPro kombinerad gr\u00f6nsakssk\u00e4rare\/k\u00f6kshack<\/b><\/a>[\/vc_column_text][vc_empty_space][elx_o2000_contact_us country=&#8221;Sweden&#8221; b=&#8221;food&#8221; thanks=&#8221;Tack f\u00f6r din f\u00f6rfr\u00e5gan! Vi h\u00f6r av oss inom kort!&#8221; r=&#8221;Jag vill veta mer om SkyDuo&#8221;][vc_empty_space][\/vc_column][\/vc_row]<\/p>\n","protected":false},"excerpt":{"rendered":"<p>V\u00e5r utbildningskock Daniel Pettersson delar ett riktigt gott recept p\u00e5 kanelbullar som bakas med smidiga funktionen SkyDuo.<\/p>\n","protected":false},"author":242,"featured_media":52346,"comment_status":"closed","ping_status":"closed","sticky":false,"template":"","format":"standard","meta":{"footnotes":""},"categories":[53,199,128],"tags":[],"class_list":["post-52320","post","type-post","status-publish","format-standard","has-post-thumbnail","hentry","category-nyheter","category-recept","category-skyline"],"acf":[],"yoast_head":"<!-- This site is optimized with the Yoast SEO plugin v23.3 - https:\/\/yoast.com\/wordpress\/plugins\/seo\/ -->\n<title>Kanelbullens Dag! Se utbildningskock Daniels kanelbullerecept - Electrolux Professional Sverige<\/title>\n<meta name=\"description\" content=\"Kanelbullerecept med SkyDuo, en funktion som sammankopplar ugn &amp; Blast Chiller, och g\u00f6r bakningen smidigare och mer effektiv!\" \/>\n<meta name=\"robots\" content=\"index, follow, max-snippet:-1, max-image-preview:large, max-video-preview:-1\" \/>\n<link rel=\"canonical\" href=\"https:\/\/www.electroluxprofessional.com\/se\/kock-daniels-kanelbullerecept\/\" \/>\n<meta property=\"og:locale\" content=\"sv_SE\" \/>\n<meta property=\"og:type\" content=\"article\" \/>\n<meta property=\"og:title\" content=\"Kanelbullens Dag! Se utbildningskock Daniels kanelbullerecept - Electrolux Professional Sverige\" \/>\n<meta property=\"og:description\" content=\"Kanelbullerecept med SkyDuo, en funktion som sammankopplar ugn &amp; Blast Chiller, och g\u00f6r bakningen smidigare och mer effektiv!\" \/>\n<meta property=\"og:url\" content=\"https:\/\/www.electroluxprofessional.com\/se\/kock-daniels-kanelbullerecept\/\" \/>\n<meta property=\"og:site_name\" content=\"Electrolux Professional Sverige\" \/>\n<meta property=\"article:published_time\" content=\"2024-10-04T13:56:25+00:00\" \/>\n<meta property=\"article:modified_time\" content=\"2024-10-04T14:47:13+00:00\" \/>\n<meta property=\"og:image\" content=\"https:\/\/www.electroluxprofessional.com\/se\/wp-content\/uploads\/2022\/12\/julbord-966x712-1.jpg\" \/>\n\t<meta property=\"og:image:width\" content=\"966\" \/>\n\t<meta property=\"og:image:height\" content=\"712\" \/>\n\t<meta property=\"og:image:type\" content=\"image\/jpeg\" \/>\n<meta name=\"author\" content=\"Alexandra Sj\u00f6gren\" \/>\n<meta name=\"twitter:card\" content=\"summary_large_image\" \/>\n<meta name=\"twitter:label1\" content=\"Skriven av\" \/>\n\t<meta name=\"twitter:data1\" content=\"Alexandra Sj\u00f6gren\" \/>\n\t<meta name=\"twitter:label2\" content=\"Ber\u00e4knad l\u00e4stid\" \/>\n\t<meta name=\"twitter:data2\" content=\"4 minuter\" \/>\n<script type=\"application\/ld+json\" class=\"yoast-schema-graph\">{\"@context\":\"https:\/\/schema.org\",\"@graph\":[{\"@type\":\"WebPage\",\"@id\":\"https:\/\/www.electroluxprofessional.com\/se\/kock-daniels-kanelbullerecept\/\",\"url\":\"https:\/\/www.electroluxprofessional.com\/se\/kock-daniels-kanelbullerecept\/\",\"name\":\"Kanelbullens Dag! Se utbildningskock Daniels kanelbullerecept - Electrolux Professional Sverige\",\"isPartOf\":{\"@id\":\"https:\/\/www.electroluxprofessional.com\/se\/#website\"},\"primaryImageOfPage\":{\"@id\":\"https:\/\/www.electroluxprofessional.com\/se\/kock-daniels-kanelbullerecept\/#primaryimage\"},\"image\":{\"@id\":\"https:\/\/www.electroluxprofessional.com\/se\/kock-daniels-kanelbullerecept\/#primaryimage\"},\"thumbnailUrl\":\"https:\/\/www.electroluxprofessional.com\/se\/wp-content\/uploads\/2024\/10\/bullar.jpg\",\"datePublished\":\"2024-10-04T13:56:25+00:00\",\"dateModified\":\"2024-10-04T14:47:13+00:00\",\"author\":{\"@id\":\"https:\/\/www.electroluxprofessional.com\/se\/#\/schema\/person\/628816aa76ab5d3b2047e5e37b48f4af\"},\"description\":\"Kanelbullerecept med SkyDuo, en funktion som sammankopplar ugn & Blast Chiller, och g\u00f6r bakningen smidigare och mer effektiv!\",\"breadcrumb\":{\"@id\":\"https:\/\/www.electroluxprofessional.com\/se\/kock-daniels-kanelbullerecept\/#breadcrumb\"},\"inLanguage\":\"sv-SE\",\"potentialAction\":[{\"@type\":\"ReadAction\",\"target\":[\"https:\/\/www.electroluxprofessional.com\/se\/kock-daniels-kanelbullerecept\/\"]}]},{\"@type\":\"ImageObject\",\"inLanguage\":\"sv-SE\",\"@id\":\"https:\/\/www.electroluxprofessional.com\/se\/kock-daniels-kanelbullerecept\/#primaryimage\",\"url\":\"https:\/\/www.electroluxprofessional.com\/se\/wp-content\/uploads\/2024\/10\/bullar.jpg\",\"contentUrl\":\"https:\/\/www.electroluxprofessional.com\/se\/wp-content\/uploads\/2024\/10\/bullar.jpg\",\"width\":1920,\"height\":681},{\"@type\":\"BreadcrumbList\",\"@id\":\"https:\/\/www.electroluxprofessional.com\/se\/kock-daniels-kanelbullerecept\/#breadcrumb\",\"itemListElement\":[{\"@type\":\"ListItem\",\"position\":1,\"name\":\"Home\",\"item\":\"https:\/\/www.electroluxprofessional.com\/se\/\"},{\"@type\":\"ListItem\",\"position\":2,\"name\":\"Kanelbullens Dag! Se utbildningskock Daniels kanelbullerecept\"}]},{\"@type\":\"WebSite\",\"@id\":\"https:\/\/www.electroluxprofessional.com\/se\/#website\",\"url\":\"https:\/\/www.electroluxprofessional.com\/se\/\",\"name\":\"Electrolux Professional Sverige\",\"description\":\"\",\"potentialAction\":[{\"@type\":\"SearchAction\",\"target\":{\"@type\":\"EntryPoint\",\"urlTemplate\":\"https:\/\/www.electroluxprofessional.com\/se\/?src={search_term_string}\"},\"query-input\":\"required name=search_term_string\"}],\"inLanguage\":\"sv-SE\"},{\"@type\":\"Person\",\"@id\":\"https:\/\/www.electroluxprofessional.com\/se\/#\/schema\/person\/628816aa76ab5d3b2047e5e37b48f4af\",\"name\":\"Alexandra Sj\u00f6gren\",\"image\":{\"@type\":\"ImageObject\",\"inLanguage\":\"sv-SE\",\"@id\":\"https:\/\/www.electroluxprofessional.com\/se\/#\/schema\/person\/image\/\",\"url\":\"https:\/\/secure.gravatar.com\/avatar\/741b66dd62e187e3c747a6b91a4f1a3f?s=96&d=mm&r=g\",\"contentUrl\":\"https:\/\/secure.gravatar.com\/avatar\/741b66dd62e187e3c747a6b91a4f1a3f?s=96&d=mm&r=g\",\"caption\":\"Alexandra Sj\u00f6gren\"},\"url\":\"https:\/\/www.electroluxprofessional.com\/se\/author\/alexandra-sjogren-electroluxprofessional-com\/\"}]}<\/script>\n<!-- \/ Yoast SEO plugin. -->","yoast_head_json":{"title":"Kanelbullens Dag! Se utbildningskock Daniels kanelbullerecept - Electrolux Professional Sverige","description":"Kanelbullerecept med SkyDuo, en funktion som sammankopplar ugn & Blast Chiller, och g\u00f6r bakningen smidigare och mer effektiv!","robots":{"index":"index","follow":"follow","max-snippet":"max-snippet:-1","max-image-preview":"max-image-preview:large","max-video-preview":"max-video-preview:-1"},"canonical":"https:\/\/www.electroluxprofessional.com\/se\/kock-daniels-kanelbullerecept\/","og_locale":"sv_SE","og_type":"article","og_title":"Kanelbullens Dag! Se utbildningskock Daniels kanelbullerecept - Electrolux Professional Sverige","og_description":"Kanelbullerecept med SkyDuo, en funktion som sammankopplar ugn & Blast Chiller, och g\u00f6r bakningen smidigare och mer effektiv!","og_url":"https:\/\/www.electroluxprofessional.com\/se\/kock-daniels-kanelbullerecept\/","og_site_name":"Electrolux Professional Sverige","article_published_time":"2024-10-04T13:56:25+00:00","article_modified_time":"2024-10-04T14:47:13+00:00","og_image":[{"width":966,"height":712,"url":"https:\/\/www.electroluxprofessional.com\/se\/wp-content\/uploads\/2022\/12\/julbord-966x712-1.jpg","type":"image\/jpeg"}],"author":"Alexandra Sj\u00f6gren","twitter_card":"summary_large_image","twitter_misc":{"Skriven av":"Alexandra Sj\u00f6gren","Ber\u00e4knad l\u00e4stid":"4 minuter"},"schema":{"@context":"https:\/\/schema.org","@graph":[{"@type":"WebPage","@id":"https:\/\/www.electroluxprofessional.com\/se\/kock-daniels-kanelbullerecept\/","url":"https:\/\/www.electroluxprofessional.com\/se\/kock-daniels-kanelbullerecept\/","name":"Kanelbullens Dag! Se utbildningskock Daniels kanelbullerecept - Electrolux Professional Sverige","isPartOf":{"@id":"https:\/\/www.electroluxprofessional.com\/se\/#website"},"primaryImageOfPage":{"@id":"https:\/\/www.electroluxprofessional.com\/se\/kock-daniels-kanelbullerecept\/#primaryimage"},"image":{"@id":"https:\/\/www.electroluxprofessional.com\/se\/kock-daniels-kanelbullerecept\/#primaryimage"},"thumbnailUrl":"https:\/\/www.electroluxprofessional.com\/se\/wp-content\/uploads\/2024\/10\/bullar.jpg","datePublished":"2024-10-04T13:56:25+00:00","dateModified":"2024-10-04T14:47:13+00:00","author":{"@id":"https:\/\/www.electroluxprofessional.com\/se\/#\/schema\/person\/628816aa76ab5d3b2047e5e37b48f4af"},"description":"Kanelbullerecept med SkyDuo, en funktion som sammankopplar ugn & Blast Chiller, och g\u00f6r bakningen smidigare och mer effektiv!","breadcrumb":{"@id":"https:\/\/www.electroluxprofessional.com\/se\/kock-daniels-kanelbullerecept\/#breadcrumb"},"inLanguage":"sv-SE","potentialAction":[{"@type":"ReadAction","target":["https:\/\/www.electroluxprofessional.com\/se\/kock-daniels-kanelbullerecept\/"]}]},{"@type":"ImageObject","inLanguage":"sv-SE","@id":"https:\/\/www.electroluxprofessional.com\/se\/kock-daniels-kanelbullerecept\/#primaryimage","url":"https:\/\/www.electroluxprofessional.com\/se\/wp-content\/uploads\/2024\/10\/bullar.jpg","contentUrl":"https:\/\/www.electroluxprofessional.com\/se\/wp-content\/uploads\/2024\/10\/bullar.jpg","width":1920,"height":681},{"@type":"BreadcrumbList","@id":"https:\/\/www.electroluxprofessional.com\/se\/kock-daniels-kanelbullerecept\/#breadcrumb","itemListElement":[{"@type":"ListItem","position":1,"name":"Home","item":"https:\/\/www.electroluxprofessional.com\/se\/"},{"@type":"ListItem","position":2,"name":"Kanelbullens Dag! Se utbildningskock Daniels kanelbullerecept"}]},{"@type":"WebSite","@id":"https:\/\/www.electroluxprofessional.com\/se\/#website","url":"https:\/\/www.electroluxprofessional.com\/se\/","name":"Electrolux Professional Sverige","description":"","potentialAction":[{"@type":"SearchAction","target":{"@type":"EntryPoint","urlTemplate":"https:\/\/www.electroluxprofessional.com\/se\/?src={search_term_string}"},"query-input":"required name=search_term_string"}],"inLanguage":"sv-SE"},{"@type":"Person","@id":"https:\/\/www.electroluxprofessional.com\/se\/#\/schema\/person\/628816aa76ab5d3b2047e5e37b48f4af","name":"Alexandra Sj\u00f6gren","image":{"@type":"ImageObject","inLanguage":"sv-SE","@id":"https:\/\/www.electroluxprofessional.com\/se\/#\/schema\/person\/image\/","url":"https:\/\/secure.gravatar.com\/avatar\/741b66dd62e187e3c747a6b91a4f1a3f?s=96&d=mm&r=g","contentUrl":"https:\/\/secure.gravatar.com\/avatar\/741b66dd62e187e3c747a6b91a4f1a3f?s=96&d=mm&r=g","caption":"Alexandra Sj\u00f6gren"},"url":"https:\/\/www.electroluxprofessional.com\/se\/author\/alexandra-sjogren-electroluxprofessional-com\/"}]}},"_links":{"self":[{"href":"https:\/\/www.electroluxprofessional.com\/se\/wp-json\/wp\/v2\/posts\/52320"}],"collection":[{"href":"https:\/\/www.electroluxprofessional.com\/se\/wp-json\/wp\/v2\/posts"}],"about":[{"href":"https:\/\/www.electroluxprofessional.com\/se\/wp-json\/wp\/v2\/types\/post"}],"author":[{"embeddable":true,"href":"https:\/\/www.electroluxprofessional.com\/se\/wp-json\/wp\/v2\/users\/242"}],"replies":[{"embeddable":true,"href":"https:\/\/www.electroluxprofessional.com\/se\/wp-json\/wp\/v2\/comments?post=52320"}],"version-history":[{"count":30,"href":"https:\/\/www.electroluxprofessional.com\/se\/wp-json\/wp\/v2\/posts\/52320\/revisions"}],"predecessor-version":[{"id":52367,"href":"https:\/\/www.electroluxprofessional.com\/se\/wp-json\/wp\/v2\/posts\/52320\/revisions\/52367"}],"wp:featuredmedia":[{"embeddable":true,"href":"https:\/\/www.electroluxprofessional.com\/se\/wp-json\/wp\/v2\/media\/52346"}],"wp:attachment":[{"href":"https:\/\/www.electroluxprofessional.com\/se\/wp-json\/wp\/v2\/media?parent=52320"}],"wp:term":[{"taxonomy":"category","embeddable":true,"href":"https:\/\/www.electroluxprofessional.com\/se\/wp-json\/wp\/v2\/categories?post=52320"},{"taxonomy":"post_tag","embeddable":true,"href":"https:\/\/www.electroluxprofessional.com\/se\/wp-json\/wp\/v2\/tags?post=52320"}],"curies":[{"name":"wp","href":"https:\/\/api.w.org\/{rel}","templated":true}]}}