{"id":50827,"date":"2026-04-16T14:00:01","date_gmt":"2026-04-16T13:00:01","guid":{"rendered":"https:\/\/www.electroluxprofessional.com\/se\/?p=50827"},"modified":"2026-04-13T09:22:40","modified_gmt":"2026-04-13T08:22:40","slug":"brand-raddning-vastervik-15maj","status":"publish","type":"post","link":"https:\/\/www.electroluxprofessional.com\/se\/brand-raddning-vastervik-15maj\/","title":{"rendered":"Vi ses p\u00e5 Brand &#038; R\u00e4ddning 20-21 maj i V\u00e4stervik"},"content":{"rendered":"<p>[vc_row][vc_column][elx_heading text_color=&#8221;inherit&#8221;]<strong> Tv\u00e4ttl\u00f6sningar utvecklade med fokus p\u00e5 s\u00e4kerhet och h\u00e4lsa f\u00f6r alla er som \u00e4r verksamma inom R\u00e4ddningstj\u00e4nsten <\/strong>[\/elx_heading][vc_empty_space height=&#8221;12px&#8221;][\/vc_column][\/vc_row][vc_row][vc_column width=&#8221;1\/2&#8243;][vc_column_text]\u00c4ven i \u00e5r kommer Electrolux Professional finnas p\u00e5 plats p\u00e5 m\u00e4ssan Brand&amp;R\u00e4ddning i V\u00e4stervik vid Gr\u00e4ns\u00f6 slott. D\u00e4r \u00e4r vi en av n\u00e4stan 100 utst\u00e4llare som deltar fr\u00e5n Nordens och norra Europas alla h\u00f6rn.<\/p>\n<p>Det ska bli riktigt roligt att tr\u00e4ffa dig som yrkesverksam och ber\u00e4tta om v\u00e5ra professionella tv\u00e4ttl\u00f6sningar utifr\u00e5n v\u00e5r specialkunskap och erfarenhet inom branschen. Ni finner oss som vanligt inne i Magazinet.[\/vc_column_text][vc_empty_space height=&#8221;12px&#8221;][\/vc_column][vc_column width=&#8221;1\/2&#8243;][vc_single_image image=&#8221;50830&#8243; img_size=&#8221;full&#8221; alignment=&#8221;center&#8221;][vc_empty_space][\/vc_column][\/vc_row][vc_row][vc_column width=&#8221;1\/2&#8243;][vc_column_text]<\/p>\n<h3>Fullt skydd och komfort efter tv\u00e4tt<\/h3>\n<p>Vi \u00e4r experter p\u00e5 tv\u00e4tt av skyddsutrustning. Skyddskl\u00e4dernas livsl\u00e4ngd och effektivitet beror p\u00e5 hur utrustningen sk\u00f6ts om. V\u00e5ra tv\u00e4ttl\u00f6sningar f\u00f6r r\u00e4ddningstj\u00e4nsten \u00e4r utformade s\u00e5 att fullt skydd och komfort \u00e5terst\u00e4lls efter varje tv\u00e4tt.<\/p>\n<p>P\u00e5 m\u00e4ssan kommer vi visa effektiva tv\u00e4ttl\u00f6sningar som v\u00e5r barri\u00e4rtv\u00e4ttmaskin, Clarus Vibe och andra professionella tv\u00e4ttmaskiner.<\/p>\n<p>S\u00e4kra din fribiljett till m\u00e4ssan redan idag och <a href=\"https:\/\/docs.google.com\/forms\/d\/e\/1FAIpQLSf6IfOW-wPMcD8ZR2OxR6Cf8idc73a-SdzGXxKKQrE1LEs4DQ\/viewform\" target=\"_blank\" rel=\"noopener\">registrera dig som m\u00e4ssbes\u00f6kare<\/a>.[\/vc_column_text][vc_empty_space height=&#8221;12px&#8221;][\/vc_column][vc_column width=&#8221;1\/2&#8243; css=&#8221;.vc_custom_1715085406878{background-color: #eeeeee !important;}&#8221;][vc_empty_space height=&#8221;22px&#8221;][vc_column_text]<strong>M\u00e4ssans \u00f6ppettider<\/strong><\/p>\n<p>15 maj kl 09.00 &#8211; 16:00<\/p>\n<p>16 maj kl 09:00 &#8211; 12:00<\/p>\n<p>(gratis parkering personbil)<\/p>\n<p><a href=\"https:\/\/www.westervik247.se\/besokare\/\" target=\"_blank\" rel=\"noopener\">L\u00e4s mer om m\u00e4ssan<\/a>[\/vc_column_text][vc_empty_space height=&#8221;22px&#8221;][elx_button button_text=&#8221;S\u00c4KRA DIN FRIBILJETT TILL M\u00c4SSAN H\u00c4R&#8221; button_link=&#8221;url:https%3A%2F%2Fdocs.google.com%2Fforms%2Fd%2Fe%2F1FAIpQLSf6IfOW-wPMcD8ZR2OxR6Cf8idc73a-SdzGXxKKQrE1LEs4DQ%2Fviewform|title:Fribiljett%20Brand%20%26%20R%C3%A4ddnig%2015-16%20maj|target:_blank&#8221;][vc_empty_space][\/vc_column][\/vc_row][vc_row disable_element=&#8221;yes&#8221;][vc_column width=&#8221;1\/2&#8243;][vc_empty_space][\/vc_column][vc_column width=&#8221;1\/2&#8243; css=&#8221;.vc_custom_1715084738482{background-color: #eeeeee !important;}&#8221;][elx_button button_text=&#8221;L\u00c4S MER OM M\u00c4SSAN H\u00c4R&#8221; button_link=&#8221;url:https%3A%2F%2Fwww.westervik247.se%2Fbesokare%2F|title:Fribiljett%20Brand%20%26%20R%C3%A4ddning%2015-16%20maj|target:_blank&#8221;][\/vc_column][\/vc_row][vc_row][vc_column][vc_column_text]<\/p>\n<h2><strong>Redan nu kan du l\u00e4sa mer om n\u00e5gra av de l\u00f6sningar vi visar p\u00e5 m\u00e4ssan:<br \/>\n<\/strong><\/h2>\n<p>[\/vc_column_text][\/vc_column][\/vc_row][vc_row][vc_column width=&#8221;1\/2&#8243;][vc_empty_space][elx_maylike_box id_box=&#8221;19684&#8243;][\/vc_column][vc_column width=&#8221;1\/2&#8243;][vc_empty_space][elx_maylike_box id_box=&#8221;2824&#8243;][\/vc_column][\/vc_row]<\/p>\n","protected":false},"excerpt":{"rendered":"<p>Kom och bes\u00f6k oss p\u00e5 m\u00e4ssan Brand &#038; R\u00e4ddning 15-16 maj i V\u00e4stervik! Vi ber\u00e4ttar om hur v\u00e5ra tv\u00e4ttl\u00f6sningar f\u00f6r r\u00e4ddningstj\u00e4nsten \u00e4r utformade s\u00e5 att fullt skydd och komfort \u00e5terst\u00e4lls efter varje tv\u00e4tt.<\/p>\n","protected":false},"author":458,"featured_media":50832,"comment_status":"closed","ping_status":"closed","sticky":false,"template":"","format":"standard","meta":{"footnotes":""},"categories":[100,109,136],"tags":[],"class_list":["post-50827","post","type-post","status-publish","format-standard","has-post-thumbnail","hentry","category-artikel","category-events","category-line-6000"],"acf":[],"yoast_head":"<!-- This site is optimized with the Yoast SEO plugin v23.3 - https:\/\/yoast.com\/wordpress\/plugins\/seo\/ -->\n<title>Bes\u00f6k oss p\u00e5 m\u00e4ssan Brand &amp; R\u00e4ddning 15-16 maj i V\u00e4stervik<\/title>\n<meta name=\"description\" content=\"S\u00e4kra din fribiljett och tr\u00e4ffa oss i monter F:18 d\u00e4r vi visar n\u00e5gra av v\u00e5ra m\u00e5ngsidiga och h\u00f6gproduktiva l\u00f6sningar f\u00f6r QSR.\" \/>\n<meta name=\"robots\" content=\"index, follow, max-snippet:-1, max-image-preview:large, max-video-preview:-1\" \/>\n<link rel=\"canonical\" href=\"https:\/\/www.electroluxprofessional.com\/se\/brand-raddning-vastervik-15maj\/\" \/>\n<meta property=\"og:locale\" content=\"sv_SE\" \/>\n<meta property=\"og:type\" content=\"article\" \/>\n<meta property=\"og:title\" content=\"Bes\u00f6k oss p\u00e5 m\u00e4ssan Brand &amp; R\u00e4ddning 15-16 maj i V\u00e4stervik\" \/>\n<meta property=\"og:description\" content=\"S\u00e4kra din fribiljett och tr\u00e4ffa oss i monter F:18 d\u00e4r vi visar n\u00e5gra av v\u00e5ra m\u00e5ngsidiga och h\u00f6gproduktiva l\u00f6sningar f\u00f6r QSR.\" \/>\n<meta property=\"og:url\" content=\"https:\/\/www.electroluxprofessional.com\/se\/brand-raddning-vastervik-15maj\/\" \/>\n<meta property=\"og:site_name\" content=\"Electrolux Professional Sverige\" \/>\n<meta property=\"article:published_time\" content=\"2026-04-16T13:00:01+00:00\" \/>\n<meta property=\"article:modified_time\" content=\"2026-04-13T08:22:40+00:00\" \/>\n<meta property=\"og:image\" content=\"https:\/\/www.electroluxprofessional.com\/se\/wp-content\/uploads\/2024\/01\/GourmeXpress-SEO-2-683x683-1.jpg\" \/>\n\t<meta property=\"og:image:width\" content=\"683\" \/>\n\t<meta property=\"og:image:height\" content=\"683\" \/>\n\t<meta property=\"og:image:type\" content=\"image\/jpeg\" \/>\n<meta name=\"author\" content=\"charlott.edner@electroluxprofessional.com\" \/>\n<meta name=\"twitter:card\" content=\"summary_large_image\" \/>\n<meta name=\"twitter:label1\" content=\"Skriven av\" \/>\n\t<meta name=\"twitter:data1\" content=\"charlott.edner@electroluxprofessional.com\" \/>\n\t<meta name=\"twitter:label2\" content=\"Ber\u00e4knad l\u00e4stid\" \/>\n\t<meta name=\"twitter:data2\" content=\"2 minuter\" \/>\n<script type=\"application\/ld+json\" class=\"yoast-schema-graph\">{\"@context\":\"https:\/\/schema.org\",\"@graph\":[{\"@type\":\"WebPage\",\"@id\":\"https:\/\/www.electroluxprofessional.com\/se\/brand-raddning-vastervik-15maj\/\",\"url\":\"https:\/\/www.electroluxprofessional.com\/se\/brand-raddning-vastervik-15maj\/\",\"name\":\"Bes\u00f6k oss p\u00e5 m\u00e4ssan Brand & R\u00e4ddning 15-16 maj i V\u00e4stervik\",\"isPartOf\":{\"@id\":\"https:\/\/www.electroluxprofessional.com\/se\/#website\"},\"primaryImageOfPage\":{\"@id\":\"https:\/\/www.electroluxprofessional.com\/se\/brand-raddning-vastervik-15maj\/#primaryimage\"},\"image\":{\"@id\":\"https:\/\/www.electroluxprofessional.com\/se\/brand-raddning-vastervik-15maj\/#primaryimage\"},\"thumbnailUrl\":\"https:\/\/www.electroluxprofessional.com\/se\/wp-content\/uploads\/2024\/05\/Header_Brandmassa.jpg\",\"datePublished\":\"2026-04-16T13:00:01+00:00\",\"dateModified\":\"2026-04-13T08:22:40+00:00\",\"author\":{\"@id\":\"https:\/\/www.electroluxprofessional.com\/se\/#\/schema\/person\/735f5eb15711e115a8e896c594c3e05f\"},\"description\":\"S\u00e4kra din fribiljett och tr\u00e4ffa oss i monter F:18 d\u00e4r vi visar n\u00e5gra av v\u00e5ra m\u00e5ngsidiga och h\u00f6gproduktiva l\u00f6sningar f\u00f6r QSR.\",\"breadcrumb\":{\"@id\":\"https:\/\/www.electroluxprofessional.com\/se\/brand-raddning-vastervik-15maj\/#breadcrumb\"},\"inLanguage\":\"sv-SE\",\"potentialAction\":[{\"@type\":\"ReadAction\",\"target\":[\"https:\/\/www.electroluxprofessional.com\/se\/brand-raddning-vastervik-15maj\/\"]}]},{\"@type\":\"ImageObject\",\"inLanguage\":\"sv-SE\",\"@id\":\"https:\/\/www.electroluxprofessional.com\/se\/brand-raddning-vastervik-15maj\/#primaryimage\",\"url\":\"https:\/\/www.electroluxprofessional.com\/se\/wp-content\/uploads\/2024\/05\/Header_Brandmassa.jpg\",\"contentUrl\":\"https:\/\/www.electroluxprofessional.com\/se\/wp-content\/uploads\/2024\/05\/Header_Brandmassa.jpg\",\"width\":1343,\"height\":445},{\"@type\":\"BreadcrumbList\",\"@id\":\"https:\/\/www.electroluxprofessional.com\/se\/brand-raddning-vastervik-15maj\/#breadcrumb\",\"itemListElement\":[{\"@type\":\"ListItem\",\"position\":1,\"name\":\"Home\",\"item\":\"https:\/\/www.electroluxprofessional.com\/se\/\"},{\"@type\":\"ListItem\",\"position\":2,\"name\":\"Vi ses p\u00e5 Brand &#038; R\u00e4ddning 20-21 maj i V\u00e4stervik\"}]},{\"@type\":\"WebSite\",\"@id\":\"https:\/\/www.electroluxprofessional.com\/se\/#website\",\"url\":\"https:\/\/www.electroluxprofessional.com\/se\/\",\"name\":\"Electrolux Professional Sverige\",\"description\":\"\",\"potentialAction\":[{\"@type\":\"SearchAction\",\"target\":{\"@type\":\"EntryPoint\",\"urlTemplate\":\"https:\/\/www.electroluxprofessional.com\/se\/?src={search_term_string}\"},\"query-input\":\"required name=search_term_string\"}],\"inLanguage\":\"sv-SE\"},{\"@type\":\"Person\",\"@id\":\"https:\/\/www.electroluxprofessional.com\/se\/#\/schema\/person\/735f5eb15711e115a8e896c594c3e05f\",\"name\":\"charlott.edner@electroluxprofessional.com\",\"image\":{\"@type\":\"ImageObject\",\"inLanguage\":\"sv-SE\",\"@id\":\"https:\/\/www.electroluxprofessional.com\/se\/#\/schema\/person\/image\/\",\"url\":\"https:\/\/secure.gravatar.com\/avatar\/ddc060e76c2ff048786d9979cc8497ab?s=96&d=mm&r=g\",\"contentUrl\":\"https:\/\/secure.gravatar.com\/avatar\/ddc060e76c2ff048786d9979cc8497ab?s=96&d=mm&r=g\",\"caption\":\"charlott.edner@electroluxprofessional.com\"},\"url\":\"https:\/\/www.electroluxprofessional.com\/se\/author\/charlott-edner\/\"}]}<\/script>\n<!-- \/ Yoast SEO plugin. -->","yoast_head_json":{"title":"Bes\u00f6k oss p\u00e5 m\u00e4ssan Brand & R\u00e4ddning 15-16 maj i V\u00e4stervik","description":"S\u00e4kra din fribiljett och tr\u00e4ffa oss i monter F:18 d\u00e4r vi visar n\u00e5gra av v\u00e5ra m\u00e5ngsidiga och h\u00f6gproduktiva l\u00f6sningar f\u00f6r QSR.","robots":{"index":"index","follow":"follow","max-snippet":"max-snippet:-1","max-image-preview":"max-image-preview:large","max-video-preview":"max-video-preview:-1"},"canonical":"https:\/\/www.electroluxprofessional.com\/se\/brand-raddning-vastervik-15maj\/","og_locale":"sv_SE","og_type":"article","og_title":"Bes\u00f6k oss p\u00e5 m\u00e4ssan Brand & R\u00e4ddning 15-16 maj i V\u00e4stervik","og_description":"S\u00e4kra din fribiljett och tr\u00e4ffa oss i monter F:18 d\u00e4r vi visar n\u00e5gra av v\u00e5ra m\u00e5ngsidiga och h\u00f6gproduktiva l\u00f6sningar f\u00f6r QSR.","og_url":"https:\/\/www.electroluxprofessional.com\/se\/brand-raddning-vastervik-15maj\/","og_site_name":"Electrolux Professional Sverige","article_published_time":"2026-04-16T13:00:01+00:00","article_modified_time":"2026-04-13T08:22:40+00:00","og_image":[{"width":683,"height":683,"url":"https:\/\/www.electroluxprofessional.com\/se\/wp-content\/uploads\/2024\/01\/GourmeXpress-SEO-2-683x683-1.jpg","type":"image\/jpeg"}],"author":"charlott.edner@electroluxprofessional.com","twitter_card":"summary_large_image","twitter_misc":{"Skriven av":"charlott.edner@electroluxprofessional.com","Ber\u00e4knad l\u00e4stid":"2 minuter"},"schema":{"@context":"https:\/\/schema.org","@graph":[{"@type":"WebPage","@id":"https:\/\/www.electroluxprofessional.com\/se\/brand-raddning-vastervik-15maj\/","url":"https:\/\/www.electroluxprofessional.com\/se\/brand-raddning-vastervik-15maj\/","name":"Bes\u00f6k oss p\u00e5 m\u00e4ssan Brand & R\u00e4ddning 15-16 maj i V\u00e4stervik","isPartOf":{"@id":"https:\/\/www.electroluxprofessional.com\/se\/#website"},"primaryImageOfPage":{"@id":"https:\/\/www.electroluxprofessional.com\/se\/brand-raddning-vastervik-15maj\/#primaryimage"},"image":{"@id":"https:\/\/www.electroluxprofessional.com\/se\/brand-raddning-vastervik-15maj\/#primaryimage"},"thumbnailUrl":"https:\/\/www.electroluxprofessional.com\/se\/wp-content\/uploads\/2024\/05\/Header_Brandmassa.jpg","datePublished":"2026-04-16T13:00:01+00:00","dateModified":"2026-04-13T08:22:40+00:00","author":{"@id":"https:\/\/www.electroluxprofessional.com\/se\/#\/schema\/person\/735f5eb15711e115a8e896c594c3e05f"},"description":"S\u00e4kra din fribiljett och tr\u00e4ffa oss i monter F:18 d\u00e4r vi visar n\u00e5gra av v\u00e5ra m\u00e5ngsidiga och h\u00f6gproduktiva l\u00f6sningar f\u00f6r QSR.","breadcrumb":{"@id":"https:\/\/www.electroluxprofessional.com\/se\/brand-raddning-vastervik-15maj\/#breadcrumb"},"inLanguage":"sv-SE","potentialAction":[{"@type":"ReadAction","target":["https:\/\/www.electroluxprofessional.com\/se\/brand-raddning-vastervik-15maj\/"]}]},{"@type":"ImageObject","inLanguage":"sv-SE","@id":"https:\/\/www.electroluxprofessional.com\/se\/brand-raddning-vastervik-15maj\/#primaryimage","url":"https:\/\/www.electroluxprofessional.com\/se\/wp-content\/uploads\/2024\/05\/Header_Brandmassa.jpg","contentUrl":"https:\/\/www.electroluxprofessional.com\/se\/wp-content\/uploads\/2024\/05\/Header_Brandmassa.jpg","width":1343,"height":445},{"@type":"BreadcrumbList","@id":"https:\/\/www.electroluxprofessional.com\/se\/brand-raddning-vastervik-15maj\/#breadcrumb","itemListElement":[{"@type":"ListItem","position":1,"name":"Home","item":"https:\/\/www.electroluxprofessional.com\/se\/"},{"@type":"ListItem","position":2,"name":"Vi ses p\u00e5 Brand &#038; R\u00e4ddning 20-21 maj i V\u00e4stervik"}]},{"@type":"WebSite","@id":"https:\/\/www.electroluxprofessional.com\/se\/#website","url":"https:\/\/www.electroluxprofessional.com\/se\/","name":"Electrolux Professional Sverige","description":"","potentialAction":[{"@type":"SearchAction","target":{"@type":"EntryPoint","urlTemplate":"https:\/\/www.electroluxprofessional.com\/se\/?src={search_term_string}"},"query-input":"required name=search_term_string"}],"inLanguage":"sv-SE"},{"@type":"Person","@id":"https:\/\/www.electroluxprofessional.com\/se\/#\/schema\/person\/735f5eb15711e115a8e896c594c3e05f","name":"charlott.edner@electroluxprofessional.com","image":{"@type":"ImageObject","inLanguage":"sv-SE","@id":"https:\/\/www.electroluxprofessional.com\/se\/#\/schema\/person\/image\/","url":"https:\/\/secure.gravatar.com\/avatar\/ddc060e76c2ff048786d9979cc8497ab?s=96&d=mm&r=g","contentUrl":"https:\/\/secure.gravatar.com\/avatar\/ddc060e76c2ff048786d9979cc8497ab?s=96&d=mm&r=g","caption":"charlott.edner@electroluxprofessional.com"},"url":"https:\/\/www.electroluxprofessional.com\/se\/author\/charlott-edner\/"}]}},"_links":{"self":[{"href":"https:\/\/www.electroluxprofessional.com\/se\/wp-json\/wp\/v2\/posts\/50827"}],"collection":[{"href":"https:\/\/www.electroluxprofessional.com\/se\/wp-json\/wp\/v2\/posts"}],"about":[{"href":"https:\/\/www.electroluxprofessional.com\/se\/wp-json\/wp\/v2\/types\/post"}],"author":[{"embeddable":true,"href":"https:\/\/www.electroluxprofessional.com\/se\/wp-json\/wp\/v2\/users\/458"}],"replies":[{"embeddable":true,"href":"https:\/\/www.electroluxprofessional.com\/se\/wp-json\/wp\/v2\/comments?post=50827"}],"version-history":[{"count":19,"href":"https:\/\/www.electroluxprofessional.com\/se\/wp-json\/wp\/v2\/posts\/50827\/revisions"}],"predecessor-version":[{"id":56007,"href":"https:\/\/www.electroluxprofessional.com\/se\/wp-json\/wp\/v2\/posts\/50827\/revisions\/56007"}],"wp:featuredmedia":[{"embeddable":true,"href":"https:\/\/www.electroluxprofessional.com\/se\/wp-json\/wp\/v2\/media\/50832"}],"wp:attachment":[{"href":"https:\/\/www.electroluxprofessional.com\/se\/wp-json\/wp\/v2\/media?parent=50827"}],"wp:term":[{"taxonomy":"category","embeddable":true,"href":"https:\/\/www.electroluxprofessional.com\/se\/wp-json\/wp\/v2\/categories?post=50827"},{"taxonomy":"post_tag","embeddable":true,"href":"https:\/\/www.electroluxprofessional.com\/se\/wp-json\/wp\/v2\/tags?post=50827"}],"curies":[{"name":"wp","href":"https:\/\/api.w.org\/{rel}","templated":true}]}}