{"id":4424,"date":"2017-10-03T14:28:52","date_gmt":"2017-10-03T14:28:52","guid":{"rendered":"https:\/\/www.electroluxprofessional.com\/se\/?p=4424"},"modified":"2019-03-11T15:52:54","modified_gmt":"2019-03-11T15:52:54","slug":"electrolux-professional-bjuder-till-host-massan-2017","status":"publish","type":"post","link":"https:\/\/www.electroluxprofessional.com\/se\/electrolux-professional-bjuder-till-host-massan-2017\/","title":{"rendered":"Electrolux Professional bjuder in till HOST-m\u00e4ssan 2017"},"content":{"rendered":"<p>[vc_row][vc_column width=&#8221;2\/3&#8243;][vc_column_text]<strong>Den 20-24 oktober v\u00e4lkomnar Electrolux Professional dig att g\u00f6ra oss s\u00e4llskap p\u00e5 HOST-m\u00e4ssan i Milano.<\/strong><\/p>\n<p>Ett socialt experiment av Electrolux Professional fann att stora f\u00f6rb\u00e4ttringar kan skapas genom en mer h\u00e5llbar balans mellan arbete och fritid. Med bakgrund av detta kommer \u00e5rets HOST-m\u00e4ssa g\u00f6ra det m\u00f6jligt f\u00f6r bes\u00f6kare att ta reda p\u00e5 hur de med l\u00e4tthet kan uppn\u00e5 sina \u00f6nskade resultat.<\/p>\n<p>Genom exklusiva demonstrationer av v\u00e5ra mest innovativa l\u00f6sningar och digitala upplevelser, kommer bes\u00f6kare till Electrolux monter kunna uppleva hur skapandet av mer h\u00e5llbara och effektiva k\u00f6ks- och tv\u00e4ttl\u00f6sningar \u00e4r nyckeln till att f\u00f6rb\u00e4ttra arbetslivsbalansen f\u00f6r kockar och personal, samtidigt som verksamheten blir smidigare och mer l\u00f6nsam.<\/p>\n<p><strong>V\u00e4lkommen med din anm\u00e4lan till HOST-2017!<\/strong><br \/>\n<a href=\"https:\/\/www.electroluxprofessional.com\/se\/host-2017\/\">https:\/\/www.electroluxprofessional.com\/se\/host-2017\/<\/a>[\/vc_column_text][\/vc_column][vc_column width=&#8221;1\/3&#8243;][vc_single_image image=&#8221;4435&#8243; img_size=&#8221;large&#8221; onclick=&#8221;custom_link&#8221; link=&#8221;https:\/\/www.electroluxprofessional.com\/se\/host-2017\/&#8221;][\/vc_column][\/vc_row][vc_row][vc_column][elx_heading font_container=&#8221;h3&#8243; text_color=&#8221;inherit&#8221;]Se \u00e4ven:[\/elx_heading][\/vc_column][\/vc_row][vc_row][vc_column width=&#8221;1\/3&#8243;][elx_maylike_box id_box=&#8221;3523&#8243;][\/vc_column][vc_column width=&#8221;1\/3&#8243;][elx_maylike_box id_box=&#8221;3693&#8243;][\/vc_column][vc_column width=&#8221;1\/3&#8243;][elx_maylike_box id_box=&#8221;2691&#8243;][\/vc_column][\/vc_row]<\/p>\n","protected":false},"excerpt":{"rendered":"<p>[vc_row][vc_column width=&#8221;2\/3&#8243;][vc_column_text]Den 20-24 oktober v\u00e4lkomnar Electrolux Professional dig att g\u00f6ra oss s\u00e4llskap p\u00e5 HOST-m\u00e4ssan i Milano. Ett socialt experiment av Electrolux Professional fann att stora f\u00f6rb\u00e4ttringar kan skapas genom en mer h\u00e5llbar balans mellan arbete och fritid. Med bakgrund av detta kommer \u00e5rets HOST-m\u00e4ssa g\u00f6ra det m\u00f6jligt f\u00f6r bes\u00f6kare att ta reda p\u00e5 hur de [&hellip;]<\/p>\n","protected":false},"author":4,"featured_media":0,"comment_status":"closed","ping_status":"closed","sticky":false,"template":"","format":"standard","meta":{"footnotes":""},"categories":[53],"tags":[],"class_list":["post-4424","post","type-post","status-publish","format-standard","hentry","category-nyheter"],"acf":[],"yoast_head":"<!-- This site is optimized with the Yoast SEO plugin v23.3 - https:\/\/yoast.com\/wordpress\/plugins\/seo\/ -->\n<title>Electrolux Professional bjuder in till HOST-m\u00e4ssan 2017<\/title>\n<meta name=\"description\" content=\"Den 20-24 oktober 2017 v\u00e4lkomnar Electrolux Professional dig att g\u00f6ra oss s\u00e4llskap p\u00e5 HOST-m\u00e4ssan i Milano.\" \/>\n<meta name=\"robots\" content=\"index, follow, max-snippet:-1, max-image-preview:large, max-video-preview:-1\" \/>\n<link rel=\"canonical\" href=\"https:\/\/www.electroluxprofessional.com\/se\/electrolux-professional-bjuder-till-host-massan-2017\/\" \/>\n<meta property=\"og:locale\" content=\"sv_SE\" \/>\n<meta property=\"og:type\" content=\"article\" \/>\n<meta property=\"og:title\" content=\"Electrolux Professional bjuder in till HOST-m\u00e4ssan 2017\" \/>\n<meta property=\"og:description\" content=\"Den 20-24 oktober 2017 v\u00e4lkomnar Electrolux Professional dig att g\u00f6ra oss s\u00e4llskap p\u00e5 HOST-m\u00e4ssan i Milano.\" \/>\n<meta property=\"og:url\" content=\"https:\/\/www.electroluxprofessional.com\/se\/electrolux-professional-bjuder-till-host-massan-2017\/\" \/>\n<meta property=\"og:site_name\" content=\"Electrolux Professional Sverige\" \/>\n<meta property=\"article:published_time\" content=\"2017-10-03T14:28:52+00:00\" \/>\n<meta property=\"article:modified_time\" content=\"2019-03-11T15:52:54+00:00\" \/>\n<meta name=\"author\" content=\"jennie.eriksson@electroluxprofessional.com\" \/>\n<meta name=\"twitter:card\" content=\"summary_large_image\" \/>\n<meta name=\"twitter:label1\" content=\"Skriven av\" \/>\n\t<meta name=\"twitter:data1\" content=\"jennie.eriksson@electroluxprofessional.com\" \/>\n\t<meta name=\"twitter:label2\" content=\"Ber\u00e4knad l\u00e4stid\" \/>\n\t<meta name=\"twitter:data2\" content=\"1 minut\" \/>\n<script type=\"application\/ld+json\" class=\"yoast-schema-graph\">{\"@context\":\"https:\/\/schema.org\",\"@graph\":[{\"@type\":\"WebPage\",\"@id\":\"https:\/\/www.electroluxprofessional.com\/se\/electrolux-professional-bjuder-till-host-massan-2017\/\",\"url\":\"https:\/\/www.electroluxprofessional.com\/se\/electrolux-professional-bjuder-till-host-massan-2017\/\",\"name\":\"Electrolux Professional bjuder in till HOST-m\u00e4ssan 2017\",\"isPartOf\":{\"@id\":\"https:\/\/www.electroluxprofessional.com\/se\/#website\"},\"datePublished\":\"2017-10-03T14:28:52+00:00\",\"dateModified\":\"2019-03-11T15:52:54+00:00\",\"author\":{\"@id\":\"https:\/\/www.electroluxprofessional.com\/se\/#\/schema\/person\/0892f17dd34c90de0e8be429d2f3042a\"},\"description\":\"Den 20-24 oktober 2017 v\u00e4lkomnar Electrolux Professional dig att g\u00f6ra oss s\u00e4llskap p\u00e5 HOST-m\u00e4ssan i Milano.\",\"breadcrumb\":{\"@id\":\"https:\/\/www.electroluxprofessional.com\/se\/electrolux-professional-bjuder-till-host-massan-2017\/#breadcrumb\"},\"inLanguage\":\"sv-SE\",\"potentialAction\":[{\"@type\":\"ReadAction\",\"target\":[\"https:\/\/www.electroluxprofessional.com\/se\/electrolux-professional-bjuder-till-host-massan-2017\/\"]}]},{\"@type\":\"BreadcrumbList\",\"@id\":\"https:\/\/www.electroluxprofessional.com\/se\/electrolux-professional-bjuder-till-host-massan-2017\/#breadcrumb\",\"itemListElement\":[{\"@type\":\"ListItem\",\"position\":1,\"name\":\"Home\",\"item\":\"https:\/\/www.electroluxprofessional.com\/se\/\"},{\"@type\":\"ListItem\",\"position\":2,\"name\":\"Electrolux Professional bjuder in till HOST-m\u00e4ssan 2017\"}]},{\"@type\":\"WebSite\",\"@id\":\"https:\/\/www.electroluxprofessional.com\/se\/#website\",\"url\":\"https:\/\/www.electroluxprofessional.com\/se\/\",\"name\":\"Electrolux Professional Sverige\",\"description\":\"\",\"potentialAction\":[{\"@type\":\"SearchAction\",\"target\":{\"@type\":\"EntryPoint\",\"urlTemplate\":\"https:\/\/www.electroluxprofessional.com\/se\/?src={search_term_string}\"},\"query-input\":\"required name=search_term_string\"}],\"inLanguage\":\"sv-SE\"},{\"@type\":\"Person\",\"@id\":\"https:\/\/www.electroluxprofessional.com\/se\/#\/schema\/person\/0892f17dd34c90de0e8be429d2f3042a\",\"name\":\"jennie.eriksson@electroluxprofessional.com\",\"image\":{\"@type\":\"ImageObject\",\"inLanguage\":\"sv-SE\",\"@id\":\"https:\/\/www.electroluxprofessional.com\/se\/#\/schema\/person\/image\/\",\"url\":\"https:\/\/secure.gravatar.com\/avatar\/ea33f056f7953fa16c4f998e258c9aea?s=96&d=mm&r=g\",\"contentUrl\":\"https:\/\/secure.gravatar.com\/avatar\/ea33f056f7953fa16c4f998e258c9aea?s=96&d=mm&r=g\",\"caption\":\"jennie.eriksson@electroluxprofessional.com\"},\"url\":\"https:\/\/www.electroluxprofessional.com\/se\/author\/jennie-eriksson-electroluxprofessional-com\/\"}]}<\/script>\n<!-- \/ Yoast SEO plugin. -->","yoast_head_json":{"title":"Electrolux Professional bjuder in till HOST-m\u00e4ssan 2017","description":"Den 20-24 oktober 2017 v\u00e4lkomnar Electrolux Professional dig att g\u00f6ra oss s\u00e4llskap p\u00e5 HOST-m\u00e4ssan i Milano.","robots":{"index":"index","follow":"follow","max-snippet":"max-snippet:-1","max-image-preview":"max-image-preview:large","max-video-preview":"max-video-preview:-1"},"canonical":"https:\/\/www.electroluxprofessional.com\/se\/electrolux-professional-bjuder-till-host-massan-2017\/","og_locale":"sv_SE","og_type":"article","og_title":"Electrolux Professional bjuder in till HOST-m\u00e4ssan 2017","og_description":"Den 20-24 oktober 2017 v\u00e4lkomnar Electrolux Professional dig att g\u00f6ra oss s\u00e4llskap p\u00e5 HOST-m\u00e4ssan i Milano.","og_url":"https:\/\/www.electroluxprofessional.com\/se\/electrolux-professional-bjuder-till-host-massan-2017\/","og_site_name":"Electrolux Professional Sverige","article_published_time":"2017-10-03T14:28:52+00:00","article_modified_time":"2019-03-11T15:52:54+00:00","author":"jennie.eriksson@electroluxprofessional.com","twitter_card":"summary_large_image","twitter_misc":{"Skriven av":"jennie.eriksson@electroluxprofessional.com","Ber\u00e4knad l\u00e4stid":"1 minut"},"schema":{"@context":"https:\/\/schema.org","@graph":[{"@type":"WebPage","@id":"https:\/\/www.electroluxprofessional.com\/se\/electrolux-professional-bjuder-till-host-massan-2017\/","url":"https:\/\/www.electroluxprofessional.com\/se\/electrolux-professional-bjuder-till-host-massan-2017\/","name":"Electrolux Professional bjuder in till HOST-m\u00e4ssan 2017","isPartOf":{"@id":"https:\/\/www.electroluxprofessional.com\/se\/#website"},"datePublished":"2017-10-03T14:28:52+00:00","dateModified":"2019-03-11T15:52:54+00:00","author":{"@id":"https:\/\/www.electroluxprofessional.com\/se\/#\/schema\/person\/0892f17dd34c90de0e8be429d2f3042a"},"description":"Den 20-24 oktober 2017 v\u00e4lkomnar Electrolux Professional dig att g\u00f6ra oss s\u00e4llskap p\u00e5 HOST-m\u00e4ssan i Milano.","breadcrumb":{"@id":"https:\/\/www.electroluxprofessional.com\/se\/electrolux-professional-bjuder-till-host-massan-2017\/#breadcrumb"},"inLanguage":"sv-SE","potentialAction":[{"@type":"ReadAction","target":["https:\/\/www.electroluxprofessional.com\/se\/electrolux-professional-bjuder-till-host-massan-2017\/"]}]},{"@type":"BreadcrumbList","@id":"https:\/\/www.electroluxprofessional.com\/se\/electrolux-professional-bjuder-till-host-massan-2017\/#breadcrumb","itemListElement":[{"@type":"ListItem","position":1,"name":"Home","item":"https:\/\/www.electroluxprofessional.com\/se\/"},{"@type":"ListItem","position":2,"name":"Electrolux Professional bjuder in till HOST-m\u00e4ssan 2017"}]},{"@type":"WebSite","@id":"https:\/\/www.electroluxprofessional.com\/se\/#website","url":"https:\/\/www.electroluxprofessional.com\/se\/","name":"Electrolux Professional Sverige","description":"","potentialAction":[{"@type":"SearchAction","target":{"@type":"EntryPoint","urlTemplate":"https:\/\/www.electroluxprofessional.com\/se\/?src={search_term_string}"},"query-input":"required name=search_term_string"}],"inLanguage":"sv-SE"},{"@type":"Person","@id":"https:\/\/www.electroluxprofessional.com\/se\/#\/schema\/person\/0892f17dd34c90de0e8be429d2f3042a","name":"jennie.eriksson@electroluxprofessional.com","image":{"@type":"ImageObject","inLanguage":"sv-SE","@id":"https:\/\/www.electroluxprofessional.com\/se\/#\/schema\/person\/image\/","url":"https:\/\/secure.gravatar.com\/avatar\/ea33f056f7953fa16c4f998e258c9aea?s=96&d=mm&r=g","contentUrl":"https:\/\/secure.gravatar.com\/avatar\/ea33f056f7953fa16c4f998e258c9aea?s=96&d=mm&r=g","caption":"jennie.eriksson@electroluxprofessional.com"},"url":"https:\/\/www.electroluxprofessional.com\/se\/author\/jennie-eriksson-electroluxprofessional-com\/"}]}},"_links":{"self":[{"href":"https:\/\/www.electroluxprofessional.com\/se\/wp-json\/wp\/v2\/posts\/4424"}],"collection":[{"href":"https:\/\/www.electroluxprofessional.com\/se\/wp-json\/wp\/v2\/posts"}],"about":[{"href":"https:\/\/www.electroluxprofessional.com\/se\/wp-json\/wp\/v2\/types\/post"}],"author":[{"embeddable":true,"href":"https:\/\/www.electroluxprofessional.com\/se\/wp-json\/wp\/v2\/users\/4"}],"replies":[{"embeddable":true,"href":"https:\/\/www.electroluxprofessional.com\/se\/wp-json\/wp\/v2\/comments?post=4424"}],"version-history":[{"count":7,"href":"https:\/\/www.electroluxprofessional.com\/se\/wp-json\/wp\/v2\/posts\/4424\/revisions"}],"predecessor-version":[{"id":4448,"href":"https:\/\/www.electroluxprofessional.com\/se\/wp-json\/wp\/v2\/posts\/4424\/revisions\/4448"}],"wp:attachment":[{"href":"https:\/\/www.electroluxprofessional.com\/se\/wp-json\/wp\/v2\/media?parent=4424"}],"wp:term":[{"taxonomy":"category","embeddable":true,"href":"https:\/\/www.electroluxprofessional.com\/se\/wp-json\/wp\/v2\/categories?post=4424"},{"taxonomy":"post_tag","embeddable":true,"href":"https:\/\/www.electroluxprofessional.com\/se\/wp-json\/wp\/v2\/tags?post=4424"}],"curies":[{"name":"wp","href":"https:\/\/api.w.org\/{rel}","templated":true}]}}