{"id":4366,"date":"2017-09-20T09:33:04","date_gmt":"2017-09-20T09:33:04","guid":{"rendered":"https:\/\/www.electroluxprofessional.com\/se\/?p=4366"},"modified":"2019-03-13T12:33:48","modified_gmt":"2019-03-13T12:33:48","slug":"hsblivinglab_jubileum","status":"publish","type":"post","link":"https:\/\/www.electroluxprofessional.com\/se\/hsblivinglab_jubileum\/","title":{"rendered":"Ett\u00e5rsjubileum p\u00e5 HSB Living Lab"},"content":{"rendered":"<p>[vc_row][vc_column][vc_column_text]Under tisdagen uppm\u00e4rksammades att det nu g\u00e5tt ett \u00e5r sedan invigningen av HSB Living Lab, en unik forskningsarena vid Chalmers i G\u00f6teborg, d\u00e4r man kontinuerligt testar och utvecklar h\u00e5llbara l\u00f6sningar f\u00f6r framtidens boende.[\/vc_column_text][\/vc_column][\/vc_row][vc_row][vc_column][vc_empty_space][\/vc_column][\/vc_row][vc_row][vc_column width=&#8221;1\/2&#8243;][vc_column_text]Bland g\u00e4sterna fanns representanter fr\u00e5n regeringen, universitetet, n\u00e4ringslivet och kommunen. Bostads- och digitaliseringsminister Peter Eriksson (MP), som anl\u00e4nde med eldriven stadsbuss, deltog bland annat i ett panelsamtal om utmaningarna med att bygga klimatsmarta och h\u00e5llbara boenden f\u00f6r framtiden.<\/p>\n<p>Electrolux Professional deltar i projektet genom att utforma <em>Framtidens tv\u00e4ttstudio<\/em>, en ljus och fr\u00e4sch tv\u00e4ttstudio med \u00f6ppna ytor i markplan som inbjuder till social samvaro.[\/vc_column_text][\/vc_column][vc_column width=&#8221;1\/2&#8243;][vc_single_image image=&#8221;4377&#8243; img_size=&#8221;full&#8221;][vc_column_text]Bostads- och digitaliseringsminister Peter Eriksson (MP)[\/vc_column_text][\/vc_column][\/vc_row][vc_row][vc_column width=&#8221;1\/2&#8243;][vc_column_text]Tv\u00e4ttstudion \u00e4r ett bra exempel p\u00e5 en klimatsmart l\u00f6sning. Id\u00e9n med en gemensam tv\u00e4ttstuga \u00e4r v\u00e4l bepr\u00f6vad och visar hur bra det kan fungera att dela p\u00e5 resurser. Kombinerad med modern teknik som \u00e4r skonsam f\u00f6r plaggen och inte minst ser till att minimera energi- och vattenf\u00f6rbrukningen blir den ett sj\u00e4lvklart val ocks\u00e5 f\u00f6r framtidens bost\u00e4der. Den \u00f6kade effektiviteten samt det faktum att m\u00e5nga delar p\u00e5 f\u00e5 maskiner bidrar i h\u00f6gsta grad till en h\u00e5llbar framtid. \u00a0Samtidigt minskar s\u00e5v\u00e4l byggkostnader som kostnader f\u00f6r drift och underh\u00e5ll med betydande summor. F\u00f6r de boende inneb\u00e4r en gemensam tv\u00e4ttstudio ocks\u00e5 att yta frig\u00f6rs i l\u00e4genheterna och att de f\u00e5r mer tid \u00f6ver till annat i och med att tiden de m\u00e5ste l\u00e4gga p\u00e5 sin tv\u00e4tthantering reduceras till ett minimum.<\/p>\n<p><a href=\"http:\/\/theresearchhub.electrolux.com\/\">The Research Hub by Electrolux Professional<\/a> kopplar samman\u00a0forskningen kring tv\u00e4ttstudion. Tillsammans med Chalmers har vi m\u00f6jlighet att studera anv\u00e4ndarnas interaktion med maskinerna och hur ett h\u00e5llbart tv\u00e4ttbeteende kan uppmuntras. S\u00e4rskilt intressant \u00e4r sammankopplingen med bost\u00e4der och att titta p\u00e5 tv\u00e4tthanteringen som helhet &#8211; och hur denna passar ihop med anv\u00e4ndarnas beteenden i ett st\u00f6rre perspektiv. Samarbetet med universitetet g\u00f6r att vi f\u00e5r del av generella infallsvinklar, nya fr\u00e5gest\u00e4llningar och nya insikter fr\u00e5n forskningen.<\/p>\n<p>S\u00e5h\u00e4r ett \u00e5r efter invigningen \u00e4r vi p\u00e5 Electrolux Professional n\u00f6jda med samarbetet, som ocks\u00e5 gett Framtidens tv\u00e4ttstudio mycket medial uppm\u00e4rksamhet. Projektet med tv\u00e4ttstudions utveckling kommer nu att forts\u00e4tta i ytterligare nio \u00e5r.<\/p>\n<p>Kontakta oss p\u00e5 0372-665 01 om du vill veta mer om hur modern tv\u00e4ttutrustning faktiskt kan hj\u00e4lpa er att n\u00e5 milj\u00f6m\u00e5len och minska er milj\u00f6p\u00e5verkan &#8211; och era kostnader.[\/vc_column_text][vc_single_image image=&#8221;4379&#8243; img_size=&#8221;full&#8221;][\/vc_column][vc_column width=&#8221;1\/2&#8243;][vc_single_image image=&#8221;4368&#8243; img_size=&#8221;full&#8221;][vc_column_text]Den sociala tv\u00e4ttstudion med toppmodern tv\u00e4ttutrustning fr\u00e5n Electrolux Professional.[\/vc_column_text][\/vc_column][\/vc_row]<\/p>\n","protected":false},"excerpt":{"rendered":"<p>[vc_row][vc_column][vc_column_text]Under tisdagen uppm\u00e4rksammades att det nu g\u00e5tt ett \u00e5r sedan invigningen av HSB Living Lab, en unik forskningsarena vid Chalmers i G\u00f6teborg, d\u00e4r man kontinuerligt testar och utvecklar h\u00e5llbara l\u00f6sningar f\u00f6r framtidens boende.[\/vc_column_text][\/vc_column][\/vc_row][vc_row][vc_column][vc_empty_space][\/vc_column][\/vc_row][vc_row][vc_column width=&#8221;1\/2&#8243;][vc_column_text]Bland g\u00e4sterna fanns representanter fr\u00e5n regeringen, universitetet, n\u00e4ringslivet och kommunen. Bostads- och digitaliseringsminister Peter Eriksson (MP), som anl\u00e4nde med eldriven stadsbuss, deltog [&hellip;]<\/p>\n","protected":false},"author":3,"featured_media":4375,"comment_status":"closed","ping_status":"closed","sticky":false,"template":"","format":"standard","meta":{"footnotes":""},"categories":[53],"tags":[],"class_list":["post-4366","post","type-post","status-publish","format-standard","has-post-thumbnail","hentry","category-nyheter"],"acf":[],"yoast_head":"<!-- This site is optimized with the Yoast SEO plugin v23.3 - https:\/\/yoast.com\/wordpress\/plugins\/seo\/ -->\n<title>Ett\u00e5rsjubileum p\u00e5 HSB Living Lab - Electrolux Professional Sverige<\/title>\n<meta name=\"description\" content=\"Under tisdagen uppm\u00e4rksammades att det nu g\u00e5tt ett \u00e5r sedan invigningen av HSB Living Lab, en unik forskningsarena vid Chalmers i G\u00f6teborg, d\u00e4r man kontinuerligt testar och utvecklar h\u00e5llbara l\u00f6sningar f\u00f6r framtidens boende.\" \/>\n<meta name=\"robots\" content=\"index, follow, max-snippet:-1, max-image-preview:large, max-video-preview:-1\" \/>\n<link rel=\"canonical\" href=\"https:\/\/www.electroluxprofessional.com\/se\/hsblivinglab_jubileum\/\" \/>\n<meta property=\"og:locale\" content=\"sv_SE\" \/>\n<meta property=\"og:type\" content=\"article\" \/>\n<meta property=\"og:title\" content=\"Ett\u00e5rsjubileum p\u00e5 HSB Living Lab - Electrolux Professional Sverige\" \/>\n<meta property=\"og:description\" content=\"Under tisdagen uppm\u00e4rksammades att det nu g\u00e5tt ett \u00e5r sedan invigningen av HSB Living Lab, en unik forskningsarena vid Chalmers i G\u00f6teborg, d\u00e4r man kontinuerligt testar och utvecklar h\u00e5llbara l\u00f6sningar f\u00f6r framtidens boende.\" \/>\n<meta property=\"og:url\" content=\"https:\/\/www.electroluxprofessional.com\/se\/hsblivinglab_jubileum\/\" \/>\n<meta property=\"og:site_name\" content=\"Electrolux Professional Sverige\" \/>\n<meta property=\"article:published_time\" content=\"2017-09-20T09:33:04+00:00\" \/>\n<meta property=\"article:modified_time\" content=\"2019-03-13T12:33:48+00:00\" \/>\n<meta property=\"og:image\" content=\"https:\/\/www.electroluxprofessional.com\/se\/wp-content\/uploads\/2017\/09\/hsbLLjubileumtopimage.jpg\" \/>\n\t<meta property=\"og:image:width\" content=\"2000\" \/>\n\t<meta property=\"og:image:height\" content=\"320\" \/>\n\t<meta property=\"og:image:type\" content=\"image\/jpeg\" \/>\n<meta name=\"author\" content=\"Johan Granrot\" \/>\n<meta name=\"twitter:card\" content=\"summary_large_image\" \/>\n<meta name=\"twitter:label1\" content=\"Skriven av\" \/>\n\t<meta name=\"twitter:data1\" content=\"Johan Granrot\" \/>\n\t<meta name=\"twitter:label2\" content=\"Ber\u00e4knad l\u00e4stid\" \/>\n\t<meta name=\"twitter:data2\" content=\"3 minuter\" \/>\n<script type=\"application\/ld+json\" class=\"yoast-schema-graph\">{\"@context\":\"https:\/\/schema.org\",\"@graph\":[{\"@type\":\"WebPage\",\"@id\":\"https:\/\/www.electroluxprofessional.com\/se\/hsblivinglab_jubileum\/\",\"url\":\"https:\/\/www.electroluxprofessional.com\/se\/hsblivinglab_jubileum\/\",\"name\":\"Ett\u00e5rsjubileum p\u00e5 HSB Living Lab - Electrolux Professional Sverige\",\"isPartOf\":{\"@id\":\"https:\/\/www.electroluxprofessional.com\/se\/#website\"},\"primaryImageOfPage\":{\"@id\":\"https:\/\/www.electroluxprofessional.com\/se\/hsblivinglab_jubileum\/#primaryimage\"},\"image\":{\"@id\":\"https:\/\/www.electroluxprofessional.com\/se\/hsblivinglab_jubileum\/#primaryimage\"},\"thumbnailUrl\":\"https:\/\/www.electroluxprofessional.com\/se\/wp-content\/uploads\/2017\/09\/hsbLLjubileumtopimage.jpg\",\"datePublished\":\"2017-09-20T09:33:04+00:00\",\"dateModified\":\"2019-03-13T12:33:48+00:00\",\"author\":{\"@id\":\"https:\/\/www.electroluxprofessional.com\/se\/#\/schema\/person\/95eb8984fdc688e367707ed06e3bc03a\"},\"description\":\"Under tisdagen uppm\u00e4rksammades att det nu g\u00e5tt ett \u00e5r sedan invigningen av HSB Living Lab, en unik forskningsarena vid Chalmers i G\u00f6teborg, d\u00e4r man kontinuerligt testar och utvecklar h\u00e5llbara l\u00f6sningar f\u00f6r framtidens boende.\",\"breadcrumb\":{\"@id\":\"https:\/\/www.electroluxprofessional.com\/se\/hsblivinglab_jubileum\/#breadcrumb\"},\"inLanguage\":\"sv-SE\",\"potentialAction\":[{\"@type\":\"ReadAction\",\"target\":[\"https:\/\/www.electroluxprofessional.com\/se\/hsblivinglab_jubileum\/\"]}]},{\"@type\":\"ImageObject\",\"inLanguage\":\"sv-SE\",\"@id\":\"https:\/\/www.electroluxprofessional.com\/se\/hsblivinglab_jubileum\/#primaryimage\",\"url\":\"https:\/\/www.electroluxprofessional.com\/se\/wp-content\/uploads\/2017\/09\/hsbLLjubileumtopimage.jpg\",\"contentUrl\":\"https:\/\/www.electroluxprofessional.com\/se\/wp-content\/uploads\/2017\/09\/hsbLLjubileumtopimage.jpg\",\"width\":2000,\"height\":320,\"caption\":\"hsbLLjubileumtopimage\"},{\"@type\":\"BreadcrumbList\",\"@id\":\"https:\/\/www.electroluxprofessional.com\/se\/hsblivinglab_jubileum\/#breadcrumb\",\"itemListElement\":[{\"@type\":\"ListItem\",\"position\":1,\"name\":\"Home\",\"item\":\"https:\/\/www.electroluxprofessional.com\/se\/\"},{\"@type\":\"ListItem\",\"position\":2,\"name\":\"Ett\u00e5rsjubileum p\u00e5 HSB Living Lab\"}]},{\"@type\":\"WebSite\",\"@id\":\"https:\/\/www.electroluxprofessional.com\/se\/#website\",\"url\":\"https:\/\/www.electroluxprofessional.com\/se\/\",\"name\":\"Electrolux Professional Sverige\",\"description\":\"\",\"potentialAction\":[{\"@type\":\"SearchAction\",\"target\":{\"@type\":\"EntryPoint\",\"urlTemplate\":\"https:\/\/www.electroluxprofessional.com\/se\/?src={search_term_string}\"},\"query-input\":\"required name=search_term_string\"}],\"inLanguage\":\"sv-SE\"},{\"@type\":\"Person\",\"@id\":\"https:\/\/www.electroluxprofessional.com\/se\/#\/schema\/person\/95eb8984fdc688e367707ed06e3bc03a\",\"name\":\"Johan Granrot\",\"image\":{\"@type\":\"ImageObject\",\"inLanguage\":\"sv-SE\",\"@id\":\"https:\/\/www.electroluxprofessional.com\/se\/#\/schema\/person\/image\/\",\"url\":\"https:\/\/secure.gravatar.com\/avatar\/929688b3b9ae46e86fa6a87ec87fa83b?s=96&d=mm&r=g\",\"contentUrl\":\"https:\/\/secure.gravatar.com\/avatar\/929688b3b9ae46e86fa6a87ec87fa83b?s=96&d=mm&r=g\",\"caption\":\"Johan Granrot\"},\"url\":\"https:\/\/www.electroluxprofessional.com\/se\/author\/johan-granrot\/\"}]}<\/script>\n<!-- \/ Yoast SEO plugin. -->","yoast_head_json":{"title":"Ett\u00e5rsjubileum p\u00e5 HSB Living Lab - Electrolux Professional Sverige","description":"Under tisdagen uppm\u00e4rksammades att det nu g\u00e5tt ett \u00e5r sedan invigningen av HSB Living Lab, en unik forskningsarena vid Chalmers i G\u00f6teborg, d\u00e4r man kontinuerligt testar och utvecklar h\u00e5llbara l\u00f6sningar f\u00f6r framtidens boende.","robots":{"index":"index","follow":"follow","max-snippet":"max-snippet:-1","max-image-preview":"max-image-preview:large","max-video-preview":"max-video-preview:-1"},"canonical":"https:\/\/www.electroluxprofessional.com\/se\/hsblivinglab_jubileum\/","og_locale":"sv_SE","og_type":"article","og_title":"Ett\u00e5rsjubileum p\u00e5 HSB Living Lab - Electrolux Professional Sverige","og_description":"Under tisdagen uppm\u00e4rksammades att det nu g\u00e5tt ett \u00e5r sedan invigningen av HSB Living Lab, en unik forskningsarena vid Chalmers i G\u00f6teborg, d\u00e4r man kontinuerligt testar och utvecklar h\u00e5llbara l\u00f6sningar f\u00f6r framtidens boende.","og_url":"https:\/\/www.electroluxprofessional.com\/se\/hsblivinglab_jubileum\/","og_site_name":"Electrolux Professional Sverige","article_published_time":"2017-09-20T09:33:04+00:00","article_modified_time":"2019-03-13T12:33:48+00:00","og_image":[{"width":2000,"height":320,"url":"https:\/\/www.electroluxprofessional.com\/se\/wp-content\/uploads\/2017\/09\/hsbLLjubileumtopimage.jpg","type":"image\/jpeg"}],"author":"Johan Granrot","twitter_card":"summary_large_image","twitter_misc":{"Skriven av":"Johan Granrot","Ber\u00e4knad l\u00e4stid":"3 minuter"},"schema":{"@context":"https:\/\/schema.org","@graph":[{"@type":"WebPage","@id":"https:\/\/www.electroluxprofessional.com\/se\/hsblivinglab_jubileum\/","url":"https:\/\/www.electroluxprofessional.com\/se\/hsblivinglab_jubileum\/","name":"Ett\u00e5rsjubileum p\u00e5 HSB Living Lab - Electrolux Professional Sverige","isPartOf":{"@id":"https:\/\/www.electroluxprofessional.com\/se\/#website"},"primaryImageOfPage":{"@id":"https:\/\/www.electroluxprofessional.com\/se\/hsblivinglab_jubileum\/#primaryimage"},"image":{"@id":"https:\/\/www.electroluxprofessional.com\/se\/hsblivinglab_jubileum\/#primaryimage"},"thumbnailUrl":"https:\/\/www.electroluxprofessional.com\/se\/wp-content\/uploads\/2017\/09\/hsbLLjubileumtopimage.jpg","datePublished":"2017-09-20T09:33:04+00:00","dateModified":"2019-03-13T12:33:48+00:00","author":{"@id":"https:\/\/www.electroluxprofessional.com\/se\/#\/schema\/person\/95eb8984fdc688e367707ed06e3bc03a"},"description":"Under tisdagen uppm\u00e4rksammades att det nu g\u00e5tt ett \u00e5r sedan invigningen av HSB Living Lab, en unik forskningsarena vid Chalmers i G\u00f6teborg, d\u00e4r man kontinuerligt testar och utvecklar h\u00e5llbara l\u00f6sningar f\u00f6r framtidens boende.","breadcrumb":{"@id":"https:\/\/www.electroluxprofessional.com\/se\/hsblivinglab_jubileum\/#breadcrumb"},"inLanguage":"sv-SE","potentialAction":[{"@type":"ReadAction","target":["https:\/\/www.electroluxprofessional.com\/se\/hsblivinglab_jubileum\/"]}]},{"@type":"ImageObject","inLanguage":"sv-SE","@id":"https:\/\/www.electroluxprofessional.com\/se\/hsblivinglab_jubileum\/#primaryimage","url":"https:\/\/www.electroluxprofessional.com\/se\/wp-content\/uploads\/2017\/09\/hsbLLjubileumtopimage.jpg","contentUrl":"https:\/\/www.electroluxprofessional.com\/se\/wp-content\/uploads\/2017\/09\/hsbLLjubileumtopimage.jpg","width":2000,"height":320,"caption":"hsbLLjubileumtopimage"},{"@type":"BreadcrumbList","@id":"https:\/\/www.electroluxprofessional.com\/se\/hsblivinglab_jubileum\/#breadcrumb","itemListElement":[{"@type":"ListItem","position":1,"name":"Home","item":"https:\/\/www.electroluxprofessional.com\/se\/"},{"@type":"ListItem","position":2,"name":"Ett\u00e5rsjubileum p\u00e5 HSB Living Lab"}]},{"@type":"WebSite","@id":"https:\/\/www.electroluxprofessional.com\/se\/#website","url":"https:\/\/www.electroluxprofessional.com\/se\/","name":"Electrolux Professional Sverige","description":"","potentialAction":[{"@type":"SearchAction","target":{"@type":"EntryPoint","urlTemplate":"https:\/\/www.electroluxprofessional.com\/se\/?src={search_term_string}"},"query-input":"required name=search_term_string"}],"inLanguage":"sv-SE"},{"@type":"Person","@id":"https:\/\/www.electroluxprofessional.com\/se\/#\/schema\/person\/95eb8984fdc688e367707ed06e3bc03a","name":"Johan Granrot","image":{"@type":"ImageObject","inLanguage":"sv-SE","@id":"https:\/\/www.electroluxprofessional.com\/se\/#\/schema\/person\/image\/","url":"https:\/\/secure.gravatar.com\/avatar\/929688b3b9ae46e86fa6a87ec87fa83b?s=96&d=mm&r=g","contentUrl":"https:\/\/secure.gravatar.com\/avatar\/929688b3b9ae46e86fa6a87ec87fa83b?s=96&d=mm&r=g","caption":"Johan Granrot"},"url":"https:\/\/www.electroluxprofessional.com\/se\/author\/johan-granrot\/"}]}},"_links":{"self":[{"href":"https:\/\/www.electroluxprofessional.com\/se\/wp-json\/wp\/v2\/posts\/4366"}],"collection":[{"href":"https:\/\/www.electroluxprofessional.com\/se\/wp-json\/wp\/v2\/posts"}],"about":[{"href":"https:\/\/www.electroluxprofessional.com\/se\/wp-json\/wp\/v2\/types\/post"}],"author":[{"embeddable":true,"href":"https:\/\/www.electroluxprofessional.com\/se\/wp-json\/wp\/v2\/users\/3"}],"replies":[{"embeddable":true,"href":"https:\/\/www.electroluxprofessional.com\/se\/wp-json\/wp\/v2\/comments?post=4366"}],"version-history":[{"count":12,"href":"https:\/\/www.electroluxprofessional.com\/se\/wp-json\/wp\/v2\/posts\/4366\/revisions"}],"predecessor-version":[{"id":4386,"href":"https:\/\/www.electroluxprofessional.com\/se\/wp-json\/wp\/v2\/posts\/4366\/revisions\/4386"}],"wp:featuredmedia":[{"embeddable":true,"href":"https:\/\/www.electroluxprofessional.com\/se\/wp-json\/wp\/v2\/media\/4375"}],"wp:attachment":[{"href":"https:\/\/www.electroluxprofessional.com\/se\/wp-json\/wp\/v2\/media?parent=4366"}],"wp:term":[{"taxonomy":"category","embeddable":true,"href":"https:\/\/www.electroluxprofessional.com\/se\/wp-json\/wp\/v2\/categories?post=4366"},{"taxonomy":"post_tag","embeddable":true,"href":"https:\/\/www.electroluxprofessional.com\/se\/wp-json\/wp\/v2\/tags?post=4366"}],"curies":[{"name":"wp","href":"https:\/\/api.w.org\/{rel}","templated":true}]}}