{"id":4309,"date":"2017-09-07T06:31:01","date_gmt":"2017-09-07T06:31:01","guid":{"rendered":"https:\/\/www.electroluxprofessional.com\/se\/?p=4309"},"modified":"2019-03-11T15:42:10","modified_gmt":"2019-03-11T15:42:10","slug":"115arsjubileum","status":"publish","type":"post","link":"https:\/\/www.electroluxprofessional.com\/se\/115arsjubileum\/","title":{"rendered":"Med sm\u00e5l\u00e4ndska r\u00f6tter mot framtidens tv\u00e4ttl\u00f6sningar"},"content":{"rendered":"<p>[vc_row][vc_column][vc_column_text]<em>Det b\u00f6rjade f\u00f6r 115 \u00e5r sedan, d\u00e5 V\u00e4rmelednings AB Calor presenterade sin f\u00f6rsta tv\u00e4ttmaskin. Sedan dess har vi fortsatt att vara innovativa, starkt pr\u00e4glade av v\u00e5rt sm\u00e5l\u00e4ndska arv d\u00e4r hush\u00e5llning med resurserna \u00e4r en dygd och den enkla grundfilosofin \u00e4r att kvalitet alltid l\u00f6nar sig.\u00a0<\/em>[\/vc_column_text][\/vc_column][\/vc_row][vc_row][vc_column][vc_empty_space][\/vc_column][\/vc_row][vc_row][vc_column width=&#8221;1\/2&#8243;][vc_column_text]Grunden f\u00f6r dagens Electrolux Professional Laundry lades 1902, d\u00e5 V\u00e4rmelednings AB Calor byggde sin allra f\u00f6rsta tv\u00e4ttmaskin. Via Wascators fabrik i sm\u00e5l\u00e4ndska Ljungby har vi idag n\u00e5tt fram till en ledande position inom professionella tv\u00e4ttl\u00f6sningar &#8211; fortfarande med hj\u00e4rtat kvar i Ljungby.[\/vc_column_text][\/vc_column][vc_column width=&#8221;1\/2&#8243;][vc_single_image image=&#8221;4318&#8243; img_size=&#8221;full&#8221;][vc_column_text]<em>V\u00e4rmeledning AB Calors f\u00f6rsta tv\u00e4ttmaskin, 1902.<\/em>[\/vc_column_text][\/vc_column][\/vc_row][vc_row][vc_column width=&#8221;1\/2&#8243;][vc_column_text]D\u00e5 som nu pr\u00e4glas vi av den sm\u00e5l\u00e4ndska str\u00e4vsamheten. Det har lett fram till flera viktiga innovationer som alla bidrar till att minska v\u00e5rt eget och v\u00e5ra kunders avtryck p\u00e5 milj\u00f6n. Genom att s\u00e4nka f\u00f6rbrukningen av vatten och energi sparar vi inte bara stora pengar \u00e5t v\u00e5ra kunder, utan bidrar ocks\u00e5 till en h\u00e5llbar framtid.<\/p>\n<p>L\u00e4gg till marknadens b\u00e4sta servicen\u00e4tverk, med global leverans av reservdelar \u00f6ver natten, s\u00e5 \u00e4r det enkelt att f\u00f6rst\u00e5 varf\u00f6r vi idag n\u00e5tt fram till den ledande position i branschen som vi har idag. Varmt v\u00e4lkommen till en ovanligt pigg 115-\u00e5ring.[\/vc_column_text][vc_single_image image=&#8221;4332&#8243; img_size=&#8221;full&#8221;][\/vc_column][vc_column width=&#8221;1\/2&#8243;][vc_single_image image=&#8221;4321&#8243; img_size=&#8221;full&#8221;][vc_column_text]<em>Att hush\u00e5lla med resurserna ger l\u00e4gre driftskostnader och reducerad milj\u00f6p\u00e5verkan.<\/em>[\/vc_column_text][\/vc_column][\/vc_row]<\/p>\n","protected":false},"excerpt":{"rendered":"<p>[vc_row][vc_column][vc_column_text]Det b\u00f6rjade f\u00f6r 115 \u00e5r sedan, d\u00e5 V\u00e4rmelednings AB Calor presenterade sin f\u00f6rsta tv\u00e4ttmaskin. Sedan dess har vi fortsatt att vara innovativa, starkt pr\u00e4glade av v\u00e5rt sm\u00e5l\u00e4ndska arv d\u00e4r hush\u00e5llning med resurserna \u00e4r en dygd och den enkla grundfilosofin \u00e4r att kvalitet alltid l\u00f6nar sig.\u00a0[\/vc_column_text][\/vc_column][\/vc_row][vc_row][vc_column][vc_empty_space][\/vc_column][\/vc_row][vc_row][vc_column width=&#8221;1\/2&#8243;][vc_column_text]Grunden f\u00f6r dagens Electrolux Professional Laundry lades 1902, d\u00e5 V\u00e4rmelednings [&hellip;]<\/p>\n","protected":false},"author":5,"featured_media":4390,"comment_status":"closed","ping_status":"closed","sticky":false,"template":"","format":"standard","meta":{"footnotes":""},"categories":[53],"tags":[],"class_list":["post-4309","post","type-post","status-publish","format-standard","has-post-thumbnail","hentry","category-nyheter"],"acf":[],"yoast_head":"<!-- This site is optimized with the Yoast SEO plugin v23.3 - https:\/\/yoast.com\/wordpress\/plugins\/seo\/ -->\n<title>Med sm\u00e5l\u00e4ndska r\u00f6tter mot framtidens tv\u00e4ttl\u00f6sningar - 115-\u00e5rsjubileum<\/title>\n<meta name=\"description\" content=\"Det b\u00f6rjade f\u00f6r 115 \u00e5r sedan, d\u00e5 V\u00e4rmelednings AB Calor presenterade sin f\u00f6rsta tv\u00e4ttmaskin. Sedan dess har vi fortsatt att vara innovativa, starkt pr\u00e4glade av v\u00e5rt sm\u00e5l\u00e4ndska arv.\" \/>\n<meta name=\"robots\" content=\"index, follow, max-snippet:-1, max-image-preview:large, max-video-preview:-1\" \/>\n<link rel=\"canonical\" href=\"https:\/\/www.electroluxprofessional.com\/se\/115arsjubileum\/\" \/>\n<meta property=\"og:locale\" content=\"sv_SE\" \/>\n<meta property=\"og:type\" content=\"article\" \/>\n<meta property=\"og:title\" content=\"Med sm\u00e5l\u00e4ndska r\u00f6tter mot framtidens tv\u00e4ttl\u00f6sningar - 115-\u00e5rsjubileum\" \/>\n<meta property=\"og:description\" content=\"Det b\u00f6rjade f\u00f6r 115 \u00e5r sedan, d\u00e5 V\u00e4rmelednings AB Calor presenterade sin f\u00f6rsta tv\u00e4ttmaskin. Sedan dess har vi fortsatt att vara innovativa, starkt pr\u00e4glade av v\u00e5rt sm\u00e5l\u00e4ndska arv.\" \/>\n<meta property=\"og:url\" content=\"https:\/\/www.electroluxprofessional.com\/se\/115arsjubileum\/\" \/>\n<meta property=\"og:site_name\" content=\"Electrolux Professional Sverige\" \/>\n<meta property=\"article:published_time\" content=\"2017-09-07T06:31:01+00:00\" \/>\n<meta property=\"article:modified_time\" content=\"2019-03-11T15:42:10+00:00\" \/>\n<meta property=\"og:image\" content=\"https:\/\/www.electroluxprofessional.com\/se\/wp-content\/uploads\/2017\/09\/Electrolux-115-large5.jpg\" \/>\n\t<meta property=\"og:image:width\" content=\"2000\" \/>\n\t<meta property=\"og:image:height\" content=\"600\" \/>\n\t<meta property=\"og:image:type\" content=\"image\/jpeg\" \/>\n<meta name=\"author\" content=\"mattias.sundberg@electrolux.se\" \/>\n<meta name=\"twitter:card\" content=\"summary_large_image\" \/>\n<meta name=\"twitter:label1\" content=\"Skriven av\" \/>\n\t<meta name=\"twitter:data1\" content=\"mattias.sundberg@electrolux.se\" \/>\n\t<meta name=\"twitter:label2\" content=\"Ber\u00e4knad l\u00e4stid\" \/>\n\t<meta name=\"twitter:data2\" content=\"2 minuter\" \/>\n<script type=\"application\/ld+json\" class=\"yoast-schema-graph\">{\"@context\":\"https:\/\/schema.org\",\"@graph\":[{\"@type\":\"WebPage\",\"@id\":\"https:\/\/www.electroluxprofessional.com\/se\/115arsjubileum\/\",\"url\":\"https:\/\/www.electroluxprofessional.com\/se\/115arsjubileum\/\",\"name\":\"Med sm\u00e5l\u00e4ndska r\u00f6tter mot framtidens tv\u00e4ttl\u00f6sningar - 115-\u00e5rsjubileum\",\"isPartOf\":{\"@id\":\"https:\/\/www.electroluxprofessional.com\/se\/#website\"},\"primaryImageOfPage\":{\"@id\":\"https:\/\/www.electroluxprofessional.com\/se\/115arsjubileum\/#primaryimage\"},\"image\":{\"@id\":\"https:\/\/www.electroluxprofessional.com\/se\/115arsjubileum\/#primaryimage\"},\"thumbnailUrl\":\"https:\/\/www.electroluxprofessional.com\/se\/wp-content\/uploads\/2017\/09\/Electrolux-115-large5.jpg\",\"datePublished\":\"2017-09-07T06:31:01+00:00\",\"dateModified\":\"2019-03-11T15:42:10+00:00\",\"author\":{\"@id\":\"https:\/\/www.electroluxprofessional.com\/se\/#\/schema\/person\/d877131c501c198da8ef7a21e21cf5e7\"},\"description\":\"Det b\u00f6rjade f\u00f6r 115 \u00e5r sedan, d\u00e5 V\u00e4rmelednings AB Calor presenterade sin f\u00f6rsta tv\u00e4ttmaskin. Sedan dess har vi fortsatt att vara innovativa, starkt pr\u00e4glade av v\u00e5rt sm\u00e5l\u00e4ndska arv.\",\"breadcrumb\":{\"@id\":\"https:\/\/www.electroluxprofessional.com\/se\/115arsjubileum\/#breadcrumb\"},\"inLanguage\":\"sv-SE\",\"potentialAction\":[{\"@type\":\"ReadAction\",\"target\":[\"https:\/\/www.electroluxprofessional.com\/se\/115arsjubileum\/\"]}]},{\"@type\":\"ImageObject\",\"inLanguage\":\"sv-SE\",\"@id\":\"https:\/\/www.electroluxprofessional.com\/se\/115arsjubileum\/#primaryimage\",\"url\":\"https:\/\/www.electroluxprofessional.com\/se\/wp-content\/uploads\/2017\/09\/Electrolux-115-large5.jpg\",\"contentUrl\":\"https:\/\/www.electroluxprofessional.com\/se\/wp-content\/uploads\/2017\/09\/Electrolux-115-large5.jpg\",\"width\":2000,\"height\":600,\"caption\":\"Electrolux Professional-115-large5\"},{\"@type\":\"BreadcrumbList\",\"@id\":\"https:\/\/www.electroluxprofessional.com\/se\/115arsjubileum\/#breadcrumb\",\"itemListElement\":[{\"@type\":\"ListItem\",\"position\":1,\"name\":\"Home\",\"item\":\"https:\/\/www.electroluxprofessional.com\/se\/\"},{\"@type\":\"ListItem\",\"position\":2,\"name\":\"Med sm\u00e5l\u00e4ndska r\u00f6tter mot framtidens tv\u00e4ttl\u00f6sningar\"}]},{\"@type\":\"WebSite\",\"@id\":\"https:\/\/www.electroluxprofessional.com\/se\/#website\",\"url\":\"https:\/\/www.electroluxprofessional.com\/se\/\",\"name\":\"Electrolux Professional Sverige\",\"description\":\"\",\"potentialAction\":[{\"@type\":\"SearchAction\",\"target\":{\"@type\":\"EntryPoint\",\"urlTemplate\":\"https:\/\/www.electroluxprofessional.com\/se\/?src={search_term_string}\"},\"query-input\":\"required name=search_term_string\"}],\"inLanguage\":\"sv-SE\"},{\"@type\":\"Person\",\"@id\":\"https:\/\/www.electroluxprofessional.com\/se\/#\/schema\/person\/d877131c501c198da8ef7a21e21cf5e7\",\"name\":\"mattias.sundberg@electrolux.se\",\"image\":{\"@type\":\"ImageObject\",\"inLanguage\":\"sv-SE\",\"@id\":\"https:\/\/www.electroluxprofessional.com\/se\/#\/schema\/person\/image\/\",\"url\":\"https:\/\/secure.gravatar.com\/avatar\/3b9f63191d5e95edffd981fb50419b2a?s=96&d=mm&r=g\",\"contentUrl\":\"https:\/\/secure.gravatar.com\/avatar\/3b9f63191d5e95edffd981fb50419b2a?s=96&d=mm&r=g\",\"caption\":\"mattias.sundberg@electrolux.se\"},\"url\":\"https:\/\/www.electroluxprofessional.com\/se\/author\/mattias-sundberg\/\"}]}<\/script>\n<!-- \/ Yoast SEO plugin. -->","yoast_head_json":{"title":"Med sm\u00e5l\u00e4ndska r\u00f6tter mot framtidens tv\u00e4ttl\u00f6sningar - 115-\u00e5rsjubileum","description":"Det b\u00f6rjade f\u00f6r 115 \u00e5r sedan, d\u00e5 V\u00e4rmelednings AB Calor presenterade sin f\u00f6rsta tv\u00e4ttmaskin. Sedan dess har vi fortsatt att vara innovativa, starkt pr\u00e4glade av v\u00e5rt sm\u00e5l\u00e4ndska arv.","robots":{"index":"index","follow":"follow","max-snippet":"max-snippet:-1","max-image-preview":"max-image-preview:large","max-video-preview":"max-video-preview:-1"},"canonical":"https:\/\/www.electroluxprofessional.com\/se\/115arsjubileum\/","og_locale":"sv_SE","og_type":"article","og_title":"Med sm\u00e5l\u00e4ndska r\u00f6tter mot framtidens tv\u00e4ttl\u00f6sningar - 115-\u00e5rsjubileum","og_description":"Det b\u00f6rjade f\u00f6r 115 \u00e5r sedan, d\u00e5 V\u00e4rmelednings AB Calor presenterade sin f\u00f6rsta tv\u00e4ttmaskin. Sedan dess har vi fortsatt att vara innovativa, starkt pr\u00e4glade av v\u00e5rt sm\u00e5l\u00e4ndska arv.","og_url":"https:\/\/www.electroluxprofessional.com\/se\/115arsjubileum\/","og_site_name":"Electrolux Professional Sverige","article_published_time":"2017-09-07T06:31:01+00:00","article_modified_time":"2019-03-11T15:42:10+00:00","og_image":[{"width":2000,"height":600,"url":"https:\/\/www.electroluxprofessional.com\/se\/wp-content\/uploads\/2017\/09\/Electrolux-115-large5.jpg","type":"image\/jpeg"}],"author":"mattias.sundberg@electrolux.se","twitter_card":"summary_large_image","twitter_misc":{"Skriven av":"mattias.sundberg@electrolux.se","Ber\u00e4knad l\u00e4stid":"2 minuter"},"schema":{"@context":"https:\/\/schema.org","@graph":[{"@type":"WebPage","@id":"https:\/\/www.electroluxprofessional.com\/se\/115arsjubileum\/","url":"https:\/\/www.electroluxprofessional.com\/se\/115arsjubileum\/","name":"Med sm\u00e5l\u00e4ndska r\u00f6tter mot framtidens tv\u00e4ttl\u00f6sningar - 115-\u00e5rsjubileum","isPartOf":{"@id":"https:\/\/www.electroluxprofessional.com\/se\/#website"},"primaryImageOfPage":{"@id":"https:\/\/www.electroluxprofessional.com\/se\/115arsjubileum\/#primaryimage"},"image":{"@id":"https:\/\/www.electroluxprofessional.com\/se\/115arsjubileum\/#primaryimage"},"thumbnailUrl":"https:\/\/www.electroluxprofessional.com\/se\/wp-content\/uploads\/2017\/09\/Electrolux-115-large5.jpg","datePublished":"2017-09-07T06:31:01+00:00","dateModified":"2019-03-11T15:42:10+00:00","author":{"@id":"https:\/\/www.electroluxprofessional.com\/se\/#\/schema\/person\/d877131c501c198da8ef7a21e21cf5e7"},"description":"Det b\u00f6rjade f\u00f6r 115 \u00e5r sedan, d\u00e5 V\u00e4rmelednings AB Calor presenterade sin f\u00f6rsta tv\u00e4ttmaskin. Sedan dess har vi fortsatt att vara innovativa, starkt pr\u00e4glade av v\u00e5rt sm\u00e5l\u00e4ndska arv.","breadcrumb":{"@id":"https:\/\/www.electroluxprofessional.com\/se\/115arsjubileum\/#breadcrumb"},"inLanguage":"sv-SE","potentialAction":[{"@type":"ReadAction","target":["https:\/\/www.electroluxprofessional.com\/se\/115arsjubileum\/"]}]},{"@type":"ImageObject","inLanguage":"sv-SE","@id":"https:\/\/www.electroluxprofessional.com\/se\/115arsjubileum\/#primaryimage","url":"https:\/\/www.electroluxprofessional.com\/se\/wp-content\/uploads\/2017\/09\/Electrolux-115-large5.jpg","contentUrl":"https:\/\/www.electroluxprofessional.com\/se\/wp-content\/uploads\/2017\/09\/Electrolux-115-large5.jpg","width":2000,"height":600,"caption":"Electrolux Professional-115-large5"},{"@type":"BreadcrumbList","@id":"https:\/\/www.electroluxprofessional.com\/se\/115arsjubileum\/#breadcrumb","itemListElement":[{"@type":"ListItem","position":1,"name":"Home","item":"https:\/\/www.electroluxprofessional.com\/se\/"},{"@type":"ListItem","position":2,"name":"Med sm\u00e5l\u00e4ndska r\u00f6tter mot framtidens tv\u00e4ttl\u00f6sningar"}]},{"@type":"WebSite","@id":"https:\/\/www.electroluxprofessional.com\/se\/#website","url":"https:\/\/www.electroluxprofessional.com\/se\/","name":"Electrolux Professional Sverige","description":"","potentialAction":[{"@type":"SearchAction","target":{"@type":"EntryPoint","urlTemplate":"https:\/\/www.electroluxprofessional.com\/se\/?src={search_term_string}"},"query-input":"required name=search_term_string"}],"inLanguage":"sv-SE"},{"@type":"Person","@id":"https:\/\/www.electroluxprofessional.com\/se\/#\/schema\/person\/d877131c501c198da8ef7a21e21cf5e7","name":"mattias.sundberg@electrolux.se","image":{"@type":"ImageObject","inLanguage":"sv-SE","@id":"https:\/\/www.electroluxprofessional.com\/se\/#\/schema\/person\/image\/","url":"https:\/\/secure.gravatar.com\/avatar\/3b9f63191d5e95edffd981fb50419b2a?s=96&d=mm&r=g","contentUrl":"https:\/\/secure.gravatar.com\/avatar\/3b9f63191d5e95edffd981fb50419b2a?s=96&d=mm&r=g","caption":"mattias.sundberg@electrolux.se"},"url":"https:\/\/www.electroluxprofessional.com\/se\/author\/mattias-sundberg\/"}]}},"_links":{"self":[{"href":"https:\/\/www.electroluxprofessional.com\/se\/wp-json\/wp\/v2\/posts\/4309"}],"collection":[{"href":"https:\/\/www.electroluxprofessional.com\/se\/wp-json\/wp\/v2\/posts"}],"about":[{"href":"https:\/\/www.electroluxprofessional.com\/se\/wp-json\/wp\/v2\/types\/post"}],"author":[{"embeddable":true,"href":"https:\/\/www.electroluxprofessional.com\/se\/wp-json\/wp\/v2\/users\/5"}],"replies":[{"embeddable":true,"href":"https:\/\/www.electroluxprofessional.com\/se\/wp-json\/wp\/v2\/comments?post=4309"}],"version-history":[{"count":34,"href":"https:\/\/www.electroluxprofessional.com\/se\/wp-json\/wp\/v2\/posts\/4309\/revisions"}],"predecessor-version":[{"id":4363,"href":"https:\/\/www.electroluxprofessional.com\/se\/wp-json\/wp\/v2\/posts\/4309\/revisions\/4363"}],"wp:featuredmedia":[{"embeddable":true,"href":"https:\/\/www.electroluxprofessional.com\/se\/wp-json\/wp\/v2\/media\/4390"}],"wp:attachment":[{"href":"https:\/\/www.electroluxprofessional.com\/se\/wp-json\/wp\/v2\/media?parent=4309"}],"wp:term":[{"taxonomy":"category","embeddable":true,"href":"https:\/\/www.electroluxprofessional.com\/se\/wp-json\/wp\/v2\/categories?post=4309"},{"taxonomy":"post_tag","embeddable":true,"href":"https:\/\/www.electroluxprofessional.com\/se\/wp-json\/wp\/v2\/tags?post=4309"}],"curies":[{"name":"wp","href":"https:\/\/api.w.org\/{rel}","templated":true}]}}