{"id":4271,"date":"2017-09-01T12:51:20","date_gmt":"2017-09-01T12:51:20","guid":{"rendered":"https:\/\/www.electroluxprofessional.com\/se\/?p=4271"},"modified":"2019-03-11T15:45:33","modified_gmt":"2019-03-11T15:45:33","slug":"chef2chef","status":"publish","type":"post","link":"https:\/\/www.electroluxprofessional.com\/se\/chef2chef\/","title":{"rendered":"Chef2Chef &#8211; ett seminarium om h\u00e5llbar mat f\u00f6r professionella kockar"},"content":{"rendered":"<p>[vc_row][vc_column width=&#8221;2\/3&#8243;][vc_column_text]<strong>M\u00e5ndag 4 september anordnar Electrolux Professional i samarbete med World Chefs ett seminarium om h\u00e5llbar mat.<\/strong><\/p>\n<p>Tillsammans utforskar vi vegetariska r\u00e4tter och modern k\u00f6ksteknologi som effektiviserar arbetet i k\u00f6ket. Ett seminarium om h\u00e5llbar mat f\u00f6r professionella kockar i regi av worldchefs.<\/p>\n<p><strong>V\u00e4rdar f\u00f6r seminariet \u00e4r <\/strong>Worldchefs Chef2Chef representant Jonas Franz\u00e9n, Fredrik Juhlin och Magnus Forsell, Electrolux Professional.<br \/>\nSeminariet \u00e4ger rum i Framtidens k\u00f6k p\u00e5 Electrolux Professional.<\/p>\n<p><strong>F\u00f6r mer information, v\u00e4nligen kontakta <\/strong><br \/>\nJonas Franz\u00e9n<br \/>\n<a href=\"mailto:Jonas.franzen@kocklandslaget.se\">Jonas.franzen@kocklandslaget.se<br \/>\n+46 70\u00a0378 56 00<\/a>[\/vc_column_text][\/vc_column][vc_column width=&#8221;1\/3&#8243;][vc_single_image image=&#8221;4273&#8243; img_size=&#8221;large&#8221; onclick=&#8221;custom_link&#8221; link=&#8221;https:\/\/www.electroluxprofessional.com\/se\/for-the-better\/&#8221;][vc_single_image image=&#8221;4302&#8243; img_size=&#8221;large&#8221; alignment=&#8221;center&#8221; onclick=&#8221;custom_link&#8221; link=&#8221;https:\/\/www.electroluxprofessional.com\/se\/for-the-better\/&#8221;][\/vc_column][\/vc_row][vc_row][vc_column][vc_column_text]<em><span id=\"result_box\" class=\"\" lang=\"sv\"><span class=\"\">Electrolux Professional och WORLDCHEFS genomf\u00f6r Chef2Chef-seminarium som en del av v\u00e5r &#8220;Art &amp; Science Come Together&#8221;.<\/span> <span class=\"\">Dessa workshops utbildar kockar i h\u00e5llbara och innovativa metoder i k\u00f6ket.<\/span> <span class=\"\">Kockarna serverar kvalitetsmat med en balanserad mix av Electrolux innovativa l\u00f6sningar och kockarnas kreativitet.<\/span><\/span><\/em><\/p>\n<p><a href=\"https:\/\/www.worldchefs.org\/Art&amp;ScienceElectrolux\">L\u00e4s mer om samarbetet h\u00e4r!<\/a>[\/vc_column_text][vc_empty_space][\/vc_column][\/vc_row][vc_row][vc_column][elx_social_share position=&#8221;right&#8221;][elx_heading font_container=&#8221;h3&#8243; text_color=&#8221;inherit&#8221;]Se \u00e4ven:[\/elx_heading][\/vc_column][\/vc_row][vc_row][vc_column width=&#8221;1\/3&#8243;][elx_maylike_box id_box=&#8221;3523&#8243;][\/vc_column][vc_column width=&#8221;1\/3&#8243;][elx_maylike_box id_box=&#8221;3693&#8243;][\/vc_column][vc_column width=&#8221;1\/3&#8243;][elx_maylike_box id_box=&#8221;330&#8243;][\/vc_column][\/vc_row]<\/p>\n","protected":false},"excerpt":{"rendered":"<p>[vc_row][vc_column width=&#8221;2\/3&#8243;][vc_column_text]M\u00e5ndag 4 september anordnar Electrolux Professional i samarbete med World Chefs ett seminarium om h\u00e5llbar mat. Tillsammans utforskar vi vegetariska r\u00e4tter och modern k\u00f6ksteknologi som effektiviserar arbetet i k\u00f6ket. Ett seminarium om h\u00e5llbar mat f\u00f6r professionella kockar i regi av worldchefs. V\u00e4rdar f\u00f6r seminariet \u00e4r Worldchefs Chef2Chef representant Jonas Franz\u00e9n, Fredrik Juhlin och Magnus [&hellip;]<\/p>\n","protected":false},"author":4,"featured_media":0,"comment_status":"closed","ping_status":"closed","sticky":false,"template":"","format":"standard","meta":{"footnotes":""},"categories":[53],"tags":[],"class_list":["post-4271","post","type-post","status-publish","format-standard","hentry","category-nyheter"],"acf":[],"yoast_head":"<!-- This site is optimized with the Yoast SEO plugin v23.3 - https:\/\/yoast.com\/wordpress\/plugins\/seo\/ -->\n<title>Chef2Chef \u2013 ett seminarium om h\u00e5llbar mat f\u00f6r professionella kockar<\/title>\n<meta name=\"description\" content=\"M\u00e5ndag 4 september 2017 anordnade Electrolux Professional i samarbete med World Chefs ett seminarium om h\u00e5llbar mat .Seminariet \u00e4gde rum i Framtidens k\u00f6k p\u00e5 Electrolux Professional.\" \/>\n<meta name=\"robots\" content=\"index, follow, max-snippet:-1, max-image-preview:large, max-video-preview:-1\" \/>\n<link rel=\"canonical\" href=\"https:\/\/www.electroluxprofessional.com\/se\/chef2chef\/\" \/>\n<meta property=\"og:locale\" content=\"sv_SE\" \/>\n<meta property=\"og:type\" content=\"article\" \/>\n<meta property=\"og:title\" content=\"Chef2Chef \u2013 ett seminarium om h\u00e5llbar mat f\u00f6r professionella kockar\" \/>\n<meta property=\"og:description\" content=\"M\u00e5ndag 4 september 2017 anordnade Electrolux Professional i samarbete med World Chefs ett seminarium om h\u00e5llbar mat .Seminariet \u00e4gde rum i Framtidens k\u00f6k p\u00e5 Electrolux Professional.\" \/>\n<meta property=\"og:url\" content=\"https:\/\/www.electroluxprofessional.com\/se\/chef2chef\/\" \/>\n<meta property=\"og:site_name\" content=\"Electrolux Professional Sverige\" \/>\n<meta property=\"article:published_time\" content=\"2017-09-01T12:51:20+00:00\" \/>\n<meta property=\"article:modified_time\" content=\"2019-03-11T15:45:33+00:00\" \/>\n<meta name=\"author\" content=\"jennie.eriksson@electroluxprofessional.com\" \/>\n<meta name=\"twitter:card\" content=\"summary_large_image\" \/>\n<meta name=\"twitter:label1\" content=\"Skriven av\" \/>\n\t<meta name=\"twitter:data1\" content=\"jennie.eriksson@electroluxprofessional.com\" \/>\n\t<meta name=\"twitter:label2\" content=\"Ber\u00e4knad l\u00e4stid\" \/>\n\t<meta name=\"twitter:data2\" content=\"1 minut\" \/>\n<script type=\"application\/ld+json\" class=\"yoast-schema-graph\">{\"@context\":\"https:\/\/schema.org\",\"@graph\":[{\"@type\":\"WebPage\",\"@id\":\"https:\/\/www.electroluxprofessional.com\/se\/chef2chef\/\",\"url\":\"https:\/\/www.electroluxprofessional.com\/se\/chef2chef\/\",\"name\":\"Chef2Chef \u2013 ett seminarium om h\u00e5llbar mat f\u00f6r professionella kockar\",\"isPartOf\":{\"@id\":\"https:\/\/www.electroluxprofessional.com\/se\/#website\"},\"datePublished\":\"2017-09-01T12:51:20+00:00\",\"dateModified\":\"2019-03-11T15:45:33+00:00\",\"author\":{\"@id\":\"https:\/\/www.electroluxprofessional.com\/se\/#\/schema\/person\/0892f17dd34c90de0e8be429d2f3042a\"},\"description\":\"M\u00e5ndag 4 september 2017 anordnade Electrolux Professional i samarbete med World Chefs ett seminarium om h\u00e5llbar mat .Seminariet \u00e4gde rum i Framtidens k\u00f6k p\u00e5 Electrolux Professional.\",\"breadcrumb\":{\"@id\":\"https:\/\/www.electroluxprofessional.com\/se\/chef2chef\/#breadcrumb\"},\"inLanguage\":\"sv-SE\",\"potentialAction\":[{\"@type\":\"ReadAction\",\"target\":[\"https:\/\/www.electroluxprofessional.com\/se\/chef2chef\/\"]}]},{\"@type\":\"BreadcrumbList\",\"@id\":\"https:\/\/www.electroluxprofessional.com\/se\/chef2chef\/#breadcrumb\",\"itemListElement\":[{\"@type\":\"ListItem\",\"position\":1,\"name\":\"Home\",\"item\":\"https:\/\/www.electroluxprofessional.com\/se\/\"},{\"@type\":\"ListItem\",\"position\":2,\"name\":\"Chef2Chef &#8211; ett seminarium om h\u00e5llbar mat f\u00f6r professionella kockar\"}]},{\"@type\":\"WebSite\",\"@id\":\"https:\/\/www.electroluxprofessional.com\/se\/#website\",\"url\":\"https:\/\/www.electroluxprofessional.com\/se\/\",\"name\":\"Electrolux Professional Sverige\",\"description\":\"\",\"potentialAction\":[{\"@type\":\"SearchAction\",\"target\":{\"@type\":\"EntryPoint\",\"urlTemplate\":\"https:\/\/www.electroluxprofessional.com\/se\/?src={search_term_string}\"},\"query-input\":\"required name=search_term_string\"}],\"inLanguage\":\"sv-SE\"},{\"@type\":\"Person\",\"@id\":\"https:\/\/www.electroluxprofessional.com\/se\/#\/schema\/person\/0892f17dd34c90de0e8be429d2f3042a\",\"name\":\"jennie.eriksson@electroluxprofessional.com\",\"image\":{\"@type\":\"ImageObject\",\"inLanguage\":\"sv-SE\",\"@id\":\"https:\/\/www.electroluxprofessional.com\/se\/#\/schema\/person\/image\/\",\"url\":\"https:\/\/secure.gravatar.com\/avatar\/ea33f056f7953fa16c4f998e258c9aea?s=96&d=mm&r=g\",\"contentUrl\":\"https:\/\/secure.gravatar.com\/avatar\/ea33f056f7953fa16c4f998e258c9aea?s=96&d=mm&r=g\",\"caption\":\"jennie.eriksson@electroluxprofessional.com\"},\"url\":\"https:\/\/www.electroluxprofessional.com\/se\/author\/jennie-eriksson-electroluxprofessional-com\/\"}]}<\/script>\n<!-- \/ Yoast SEO plugin. -->","yoast_head_json":{"title":"Chef2Chef \u2013 ett seminarium om h\u00e5llbar mat f\u00f6r professionella kockar","description":"M\u00e5ndag 4 september 2017 anordnade Electrolux Professional i samarbete med World Chefs ett seminarium om h\u00e5llbar mat .Seminariet \u00e4gde rum i Framtidens k\u00f6k p\u00e5 Electrolux Professional.","robots":{"index":"index","follow":"follow","max-snippet":"max-snippet:-1","max-image-preview":"max-image-preview:large","max-video-preview":"max-video-preview:-1"},"canonical":"https:\/\/www.electroluxprofessional.com\/se\/chef2chef\/","og_locale":"sv_SE","og_type":"article","og_title":"Chef2Chef \u2013 ett seminarium om h\u00e5llbar mat f\u00f6r professionella kockar","og_description":"M\u00e5ndag 4 september 2017 anordnade Electrolux Professional i samarbete med World Chefs ett seminarium om h\u00e5llbar mat .Seminariet \u00e4gde rum i Framtidens k\u00f6k p\u00e5 Electrolux Professional.","og_url":"https:\/\/www.electroluxprofessional.com\/se\/chef2chef\/","og_site_name":"Electrolux Professional Sverige","article_published_time":"2017-09-01T12:51:20+00:00","article_modified_time":"2019-03-11T15:45:33+00:00","author":"jennie.eriksson@electroluxprofessional.com","twitter_card":"summary_large_image","twitter_misc":{"Skriven av":"jennie.eriksson@electroluxprofessional.com","Ber\u00e4knad l\u00e4stid":"1 minut"},"schema":{"@context":"https:\/\/schema.org","@graph":[{"@type":"WebPage","@id":"https:\/\/www.electroluxprofessional.com\/se\/chef2chef\/","url":"https:\/\/www.electroluxprofessional.com\/se\/chef2chef\/","name":"Chef2Chef \u2013 ett seminarium om h\u00e5llbar mat f\u00f6r professionella kockar","isPartOf":{"@id":"https:\/\/www.electroluxprofessional.com\/se\/#website"},"datePublished":"2017-09-01T12:51:20+00:00","dateModified":"2019-03-11T15:45:33+00:00","author":{"@id":"https:\/\/www.electroluxprofessional.com\/se\/#\/schema\/person\/0892f17dd34c90de0e8be429d2f3042a"},"description":"M\u00e5ndag 4 september 2017 anordnade Electrolux Professional i samarbete med World Chefs ett seminarium om h\u00e5llbar mat .Seminariet \u00e4gde rum i Framtidens k\u00f6k p\u00e5 Electrolux Professional.","breadcrumb":{"@id":"https:\/\/www.electroluxprofessional.com\/se\/chef2chef\/#breadcrumb"},"inLanguage":"sv-SE","potentialAction":[{"@type":"ReadAction","target":["https:\/\/www.electroluxprofessional.com\/se\/chef2chef\/"]}]},{"@type":"BreadcrumbList","@id":"https:\/\/www.electroluxprofessional.com\/se\/chef2chef\/#breadcrumb","itemListElement":[{"@type":"ListItem","position":1,"name":"Home","item":"https:\/\/www.electroluxprofessional.com\/se\/"},{"@type":"ListItem","position":2,"name":"Chef2Chef &#8211; ett seminarium om h\u00e5llbar mat f\u00f6r professionella kockar"}]},{"@type":"WebSite","@id":"https:\/\/www.electroluxprofessional.com\/se\/#website","url":"https:\/\/www.electroluxprofessional.com\/se\/","name":"Electrolux Professional Sverige","description":"","potentialAction":[{"@type":"SearchAction","target":{"@type":"EntryPoint","urlTemplate":"https:\/\/www.electroluxprofessional.com\/se\/?src={search_term_string}"},"query-input":"required name=search_term_string"}],"inLanguage":"sv-SE"},{"@type":"Person","@id":"https:\/\/www.electroluxprofessional.com\/se\/#\/schema\/person\/0892f17dd34c90de0e8be429d2f3042a","name":"jennie.eriksson@electroluxprofessional.com","image":{"@type":"ImageObject","inLanguage":"sv-SE","@id":"https:\/\/www.electroluxprofessional.com\/se\/#\/schema\/person\/image\/","url":"https:\/\/secure.gravatar.com\/avatar\/ea33f056f7953fa16c4f998e258c9aea?s=96&d=mm&r=g","contentUrl":"https:\/\/secure.gravatar.com\/avatar\/ea33f056f7953fa16c4f998e258c9aea?s=96&d=mm&r=g","caption":"jennie.eriksson@electroluxprofessional.com"},"url":"https:\/\/www.electroluxprofessional.com\/se\/author\/jennie-eriksson-electroluxprofessional-com\/"}]}},"_links":{"self":[{"href":"https:\/\/www.electroluxprofessional.com\/se\/wp-json\/wp\/v2\/posts\/4271"}],"collection":[{"href":"https:\/\/www.electroluxprofessional.com\/se\/wp-json\/wp\/v2\/posts"}],"about":[{"href":"https:\/\/www.electroluxprofessional.com\/se\/wp-json\/wp\/v2\/types\/post"}],"author":[{"embeddable":true,"href":"https:\/\/www.electroluxprofessional.com\/se\/wp-json\/wp\/v2\/users\/4"}],"replies":[{"embeddable":true,"href":"https:\/\/www.electroluxprofessional.com\/se\/wp-json\/wp\/v2\/comments?post=4271"}],"version-history":[{"count":9,"href":"https:\/\/www.electroluxprofessional.com\/se\/wp-json\/wp\/v2\/posts\/4271\/revisions"}],"predecessor-version":[{"id":4308,"href":"https:\/\/www.electroluxprofessional.com\/se\/wp-json\/wp\/v2\/posts\/4271\/revisions\/4308"}],"wp:attachment":[{"href":"https:\/\/www.electroluxprofessional.com\/se\/wp-json\/wp\/v2\/media?parent=4271"}],"wp:term":[{"taxonomy":"category","embeddable":true,"href":"https:\/\/www.electroluxprofessional.com\/se\/wp-json\/wp\/v2\/categories?post=4271"},{"taxonomy":"post_tag","embeddable":true,"href":"https:\/\/www.electroluxprofessional.com\/se\/wp-json\/wp\/v2\/tags?post=4271"}],"curies":[{"name":"wp","href":"https:\/\/api.w.org\/{rel}","templated":true}]}}