{"id":4119,"date":"2017-06-19T09:11:04","date_gmt":"2017-06-19T09:11:04","guid":{"rendered":"https:\/\/www.electroluxprofessional.com\/se\/?p=4119"},"modified":"2025-05-13T14:07:34","modified_gmt":"2025-05-13T13:07:34","slug":"lernia-electrolux-professional-samarbete-fler-kockar-till-branschen","status":"publish","type":"post","link":"https:\/\/www.electroluxprofessional.com\/se\/lernia-electrolux-professional-samarbete-fler-kockar-till-branschen\/","title":{"rendered":"Lernia &#038; Electrolux Professional i samarbete f\u00f6r fler kockar till branschen"},"content":{"rendered":"<p>[vc_row][vc_column][vc_column_text]<strong>Enligt branschorganisationen Visita beh\u00f6vs det uppemot 5 000 kockar de n\u00e4rmaste sju \u00e5ren f\u00f6r att m\u00e4tta den snabbt v\u00e4xande restaurangbranschen. F\u00f6r att bidra till fortsatt god utveckling av restaurangbranschen och svensk gastronomi inleder Electrolux Professional och Lernia ett samarbete kring tv\u00e5 kockutbildningar.<\/strong><\/p>\n<ul>\n<li>\u201dSveriges b\u00e4sta kockskola\u201d &#8211; en ambiti\u00f6s kockutbildning baserad p\u00e5 Komvux.<\/li>\n<li>\u201dJOIN\u201d (Jobb och Integration i N\u00e4ringslivet) &#8211; restaurangskola f\u00f6r nyanl\u00e4nda d\u00e4r spr\u00e5kutbildning kombineras med yrkesutbildning.<\/li>\n<\/ul>\n<p>Delar av utbildningarna genomf\u00f6rs i Framtidens k\u00f6k p\u00e5 Electrolux d\u00e4r deltagarna f\u00e5r l\u00e4ra sig modern matlagningsteknik med fokus p\u00e5 h\u00e5llbarhet och effektivitet.<\/p>\n<p>I f\u00f6rsta hand skall parterna samarbeta kring att attrahera elever till de b\u00e5da kockskolorna f\u00f6r att lyfta en av branschens viktigaste utmaningar; att s\u00e4kra kompetensf\u00f6rs\u00f6rjningen i n\u00e4ringslivet och samtidigt f\u00e5 en h\u00e5llbar arbetsmarknad d\u00e4r fler m\u00e4nniskor kan arbeta. Tanken \u00e4r ocks\u00e5 att introducera eleverna till Electrolux kunder under utbildningen s\u00e5 att det efter avslutad utbildning finns en naturlig koppling till dessa arbetsgivare.[\/vc_column_text][vc_empty_space][\/vc_column][\/vc_row][vc_row][vc_column width=&#8221;2\/3&#8243;][vc_column_text]<\/p>\n<p><em>&#8220;Vi \u00e4r stolt partner till initiativen &#8220;Sveriges b\u00e4sta kockskola&#8221; och &#8220;Join&#8221; f\u00f6r att bidra till fortsatt god utveckling av restaurangbranschen och svensk gastronomi. Vi ser fram emot att f\u00e5 dela med oss av v\u00e5r kunskap om h\u00e5llbar och effektiv matlagningsteknik i &#8220;Framtidens k\u00f6k&#8221; p\u00e5 Electrolux. Initiativen ligger v\u00e4l i linje med v\u00e5rt h\u00e5llbarhetsarbete &#8220;For the Better&#8221; som innefattar nio l\u00f6ften inom omr\u00e5dena B\u00e4ttre l\u00f6sningar, B\u00e4ttre verksamhet och B\u00e4ttre samh\u00e4lle.&#8221;<\/em><br \/>\n\u2013 Marcus \u00d6rnmark, Electrolux Professional[\/vc_column_text][\/vc_column][vc_column width=&#8221;1\/3&#8243;][vc_single_image image=&#8221;1068&#8243; img_size=&#8221;large&#8221; onclick=&#8221;custom_link&#8221; link=&#8221;https:\/\/www.electroluxprofessional.com\/se\/for-the-better\/&#8221; title=&#8221;For the Better&#8221;][\/vc_column][\/vc_row][vc_row][vc_column][elx_social_share position=&#8221;right&#8221;][elx_heading font_container=&#8221;h3&#8243; text_color=&#8221;inherit&#8221;]Se \u00e4ven:[\/elx_heading][\/vc_column][\/vc_row][vc_row][vc_column width=&#8221;1\/3&#8243;][elx_maylike_box id_box=&#8221;3523&#8243;][\/vc_column][vc_column width=&#8221;1\/3&#8243;][elx_maylike_box id_box=&#8221;3693&#8243;][\/vc_column][vc_column width=&#8221;1\/3&#8243;][elx_maylike_box id_box=&#8221;330&#8243;][\/vc_column][\/vc_row]<\/p>\n","protected":false},"excerpt":{"rendered":"<p>[vc_row][vc_column][vc_column_text]Enligt branschorganisationen Visita beh\u00f6vs det uppemot 5 000 kockar de n\u00e4rmaste sju \u00e5ren f\u00f6r att m\u00e4tta den snabbt v\u00e4xande restaurangbranschen. F\u00f6r att bidra till fortsatt god utveckling av restaurangbranschen och svensk gastronomi inleder Electrolux Professional och Lernia ett samarbete kring tv\u00e5 kockutbildningar. \u201dSveriges b\u00e4sta kockskola\u201d &#8211; en ambiti\u00f6s kockutbildning baserad p\u00e5 Komvux. \u201dJOIN\u201d (Jobb och [&hellip;]<\/p>\n","protected":false},"author":4,"featured_media":0,"comment_status":"closed","ping_status":"closed","sticky":false,"template":"","format":"standard","meta":{"footnotes":""},"categories":[53],"tags":[],"class_list":["post-4119","post","type-post","status-publish","format-standard","hentry","category-nyheter"],"acf":[],"yoast_head":"<!-- This site is optimized with the Yoast SEO plugin v23.3 - https:\/\/yoast.com\/wordpress\/plugins\/seo\/ -->\n<title>Lernia &amp; Electrolux Professional i samarbete f\u00f6r fler kockar till branschen - Electrolux Professional Sverige<\/title>\n<meta name=\"description\" content=\"Electrolux Professional samarbetar med Lernia f\u00f6r att utbilda mer kockar, uppfylla restaurangbranschens behov p\u00e5 kommande sju \u00e5r.\" \/>\n<meta name=\"robots\" content=\"index, follow, max-snippet:-1, max-image-preview:large, max-video-preview:-1\" \/>\n<link rel=\"canonical\" href=\"https:\/\/www.electroluxprofessional.com\/se\/lernia-electrolux-professional-samarbete-fler-kockar-till-branschen\/\" \/>\n<meta property=\"og:locale\" content=\"sv_SE\" \/>\n<meta property=\"og:type\" content=\"article\" \/>\n<meta property=\"og:title\" content=\"Lernia &amp; Electrolux Professional i samarbete f\u00f6r fler kockar till branschen - Electrolux Professional Sverige\" \/>\n<meta property=\"og:description\" content=\"Electrolux Professional samarbetar med Lernia f\u00f6r att utbilda mer kockar, uppfylla restaurangbranschens behov p\u00e5 kommande sju \u00e5r.\" \/>\n<meta property=\"og:url\" content=\"https:\/\/www.electroluxprofessional.com\/se\/lernia-electrolux-professional-samarbete-fler-kockar-till-branschen\/\" \/>\n<meta property=\"og:site_name\" content=\"Electrolux Professional Sverige\" \/>\n<meta property=\"article:published_time\" content=\"2017-06-19T09:11:04+00:00\" \/>\n<meta property=\"article:modified_time\" content=\"2025-05-13T13:07:34+00:00\" \/>\n<meta name=\"author\" content=\"jennie.eriksson@electroluxprofessional.com\" \/>\n<meta name=\"twitter:card\" content=\"summary_large_image\" \/>\n<meta name=\"twitter:label1\" content=\"Skriven av\" \/>\n\t<meta name=\"twitter:data1\" content=\"jennie.eriksson@electroluxprofessional.com\" \/>\n\t<meta name=\"twitter:label2\" content=\"Ber\u00e4knad l\u00e4stid\" \/>\n\t<meta name=\"twitter:data2\" content=\"2 minuter\" \/>\n<script type=\"application\/ld+json\" class=\"yoast-schema-graph\">{\"@context\":\"https:\/\/schema.org\",\"@graph\":[{\"@type\":\"WebPage\",\"@id\":\"https:\/\/www.electroluxprofessional.com\/se\/lernia-electrolux-professional-samarbete-fler-kockar-till-branschen\/\",\"url\":\"https:\/\/www.electroluxprofessional.com\/se\/lernia-electrolux-professional-samarbete-fler-kockar-till-branschen\/\",\"name\":\"Lernia & Electrolux Professional i samarbete f\u00f6r fler kockar till branschen - Electrolux Professional Sverige\",\"isPartOf\":{\"@id\":\"https:\/\/www.electroluxprofessional.com\/se\/#website\"},\"datePublished\":\"2017-06-19T09:11:04+00:00\",\"dateModified\":\"2025-05-13T13:07:34+00:00\",\"author\":{\"@id\":\"https:\/\/www.electroluxprofessional.com\/se\/#\/schema\/person\/0892f17dd34c90de0e8be429d2f3042a\"},\"description\":\"Electrolux Professional samarbetar med Lernia f\u00f6r att utbilda mer kockar, uppfylla restaurangbranschens behov p\u00e5 kommande sju \u00e5r.\",\"breadcrumb\":{\"@id\":\"https:\/\/www.electroluxprofessional.com\/se\/lernia-electrolux-professional-samarbete-fler-kockar-till-branschen\/#breadcrumb\"},\"inLanguage\":\"sv-SE\",\"potentialAction\":[{\"@type\":\"ReadAction\",\"target\":[\"https:\/\/www.electroluxprofessional.com\/se\/lernia-electrolux-professional-samarbete-fler-kockar-till-branschen\/\"]}]},{\"@type\":\"BreadcrumbList\",\"@id\":\"https:\/\/www.electroluxprofessional.com\/se\/lernia-electrolux-professional-samarbete-fler-kockar-till-branschen\/#breadcrumb\",\"itemListElement\":[{\"@type\":\"ListItem\",\"position\":1,\"name\":\"Home\",\"item\":\"https:\/\/www.electroluxprofessional.com\/se\/\"},{\"@type\":\"ListItem\",\"position\":2,\"name\":\"Lernia &#038; Electrolux Professional i samarbete f\u00f6r fler kockar till branschen\"}]},{\"@type\":\"WebSite\",\"@id\":\"https:\/\/www.electroluxprofessional.com\/se\/#website\",\"url\":\"https:\/\/www.electroluxprofessional.com\/se\/\",\"name\":\"Electrolux Professional Sverige\",\"description\":\"\",\"potentialAction\":[{\"@type\":\"SearchAction\",\"target\":{\"@type\":\"EntryPoint\",\"urlTemplate\":\"https:\/\/www.electroluxprofessional.com\/se\/?src={search_term_string}\"},\"query-input\":\"required name=search_term_string\"}],\"inLanguage\":\"sv-SE\"},{\"@type\":\"Person\",\"@id\":\"https:\/\/www.electroluxprofessional.com\/se\/#\/schema\/person\/0892f17dd34c90de0e8be429d2f3042a\",\"name\":\"jennie.eriksson@electroluxprofessional.com\",\"image\":{\"@type\":\"ImageObject\",\"inLanguage\":\"sv-SE\",\"@id\":\"https:\/\/www.electroluxprofessional.com\/se\/#\/schema\/person\/image\/\",\"url\":\"https:\/\/secure.gravatar.com\/avatar\/ea33f056f7953fa16c4f998e258c9aea?s=96&d=mm&r=g\",\"contentUrl\":\"https:\/\/secure.gravatar.com\/avatar\/ea33f056f7953fa16c4f998e258c9aea?s=96&d=mm&r=g\",\"caption\":\"jennie.eriksson@electroluxprofessional.com\"},\"url\":\"https:\/\/www.electroluxprofessional.com\/se\/author\/jennie-eriksson-electroluxprofessional-com\/\"}]}<\/script>\n<!-- \/ Yoast SEO plugin. -->","yoast_head_json":{"title":"Lernia & Electrolux Professional i samarbete f\u00f6r fler kockar till branschen - Electrolux Professional Sverige","description":"Electrolux Professional samarbetar med Lernia f\u00f6r att utbilda mer kockar, uppfylla restaurangbranschens behov p\u00e5 kommande sju \u00e5r.","robots":{"index":"index","follow":"follow","max-snippet":"max-snippet:-1","max-image-preview":"max-image-preview:large","max-video-preview":"max-video-preview:-1"},"canonical":"https:\/\/www.electroluxprofessional.com\/se\/lernia-electrolux-professional-samarbete-fler-kockar-till-branschen\/","og_locale":"sv_SE","og_type":"article","og_title":"Lernia & Electrolux Professional i samarbete f\u00f6r fler kockar till branschen - Electrolux Professional Sverige","og_description":"Electrolux Professional samarbetar med Lernia f\u00f6r att utbilda mer kockar, uppfylla restaurangbranschens behov p\u00e5 kommande sju \u00e5r.","og_url":"https:\/\/www.electroluxprofessional.com\/se\/lernia-electrolux-professional-samarbete-fler-kockar-till-branschen\/","og_site_name":"Electrolux Professional Sverige","article_published_time":"2017-06-19T09:11:04+00:00","article_modified_time":"2025-05-13T13:07:34+00:00","author":"jennie.eriksson@electroluxprofessional.com","twitter_card":"summary_large_image","twitter_misc":{"Skriven av":"jennie.eriksson@electroluxprofessional.com","Ber\u00e4knad l\u00e4stid":"2 minuter"},"schema":{"@context":"https:\/\/schema.org","@graph":[{"@type":"WebPage","@id":"https:\/\/www.electroluxprofessional.com\/se\/lernia-electrolux-professional-samarbete-fler-kockar-till-branschen\/","url":"https:\/\/www.electroluxprofessional.com\/se\/lernia-electrolux-professional-samarbete-fler-kockar-till-branschen\/","name":"Lernia & Electrolux Professional i samarbete f\u00f6r fler kockar till branschen - Electrolux Professional Sverige","isPartOf":{"@id":"https:\/\/www.electroluxprofessional.com\/se\/#website"},"datePublished":"2017-06-19T09:11:04+00:00","dateModified":"2025-05-13T13:07:34+00:00","author":{"@id":"https:\/\/www.electroluxprofessional.com\/se\/#\/schema\/person\/0892f17dd34c90de0e8be429d2f3042a"},"description":"Electrolux Professional samarbetar med Lernia f\u00f6r att utbilda mer kockar, uppfylla restaurangbranschens behov p\u00e5 kommande sju \u00e5r.","breadcrumb":{"@id":"https:\/\/www.electroluxprofessional.com\/se\/lernia-electrolux-professional-samarbete-fler-kockar-till-branschen\/#breadcrumb"},"inLanguage":"sv-SE","potentialAction":[{"@type":"ReadAction","target":["https:\/\/www.electroluxprofessional.com\/se\/lernia-electrolux-professional-samarbete-fler-kockar-till-branschen\/"]}]},{"@type":"BreadcrumbList","@id":"https:\/\/www.electroluxprofessional.com\/se\/lernia-electrolux-professional-samarbete-fler-kockar-till-branschen\/#breadcrumb","itemListElement":[{"@type":"ListItem","position":1,"name":"Home","item":"https:\/\/www.electroluxprofessional.com\/se\/"},{"@type":"ListItem","position":2,"name":"Lernia &#038; Electrolux Professional i samarbete f\u00f6r fler kockar till branschen"}]},{"@type":"WebSite","@id":"https:\/\/www.electroluxprofessional.com\/se\/#website","url":"https:\/\/www.electroluxprofessional.com\/se\/","name":"Electrolux Professional Sverige","description":"","potentialAction":[{"@type":"SearchAction","target":{"@type":"EntryPoint","urlTemplate":"https:\/\/www.electroluxprofessional.com\/se\/?src={search_term_string}"},"query-input":"required name=search_term_string"}],"inLanguage":"sv-SE"},{"@type":"Person","@id":"https:\/\/www.electroluxprofessional.com\/se\/#\/schema\/person\/0892f17dd34c90de0e8be429d2f3042a","name":"jennie.eriksson@electroluxprofessional.com","image":{"@type":"ImageObject","inLanguage":"sv-SE","@id":"https:\/\/www.electroluxprofessional.com\/se\/#\/schema\/person\/image\/","url":"https:\/\/secure.gravatar.com\/avatar\/ea33f056f7953fa16c4f998e258c9aea?s=96&d=mm&r=g","contentUrl":"https:\/\/secure.gravatar.com\/avatar\/ea33f056f7953fa16c4f998e258c9aea?s=96&d=mm&r=g","caption":"jennie.eriksson@electroluxprofessional.com"},"url":"https:\/\/www.electroluxprofessional.com\/se\/author\/jennie-eriksson-electroluxprofessional-com\/"}]}},"_links":{"self":[{"href":"https:\/\/www.electroluxprofessional.com\/se\/wp-json\/wp\/v2\/posts\/4119"}],"collection":[{"href":"https:\/\/www.electroluxprofessional.com\/se\/wp-json\/wp\/v2\/posts"}],"about":[{"href":"https:\/\/www.electroluxprofessional.com\/se\/wp-json\/wp\/v2\/types\/post"}],"author":[{"embeddable":true,"href":"https:\/\/www.electroluxprofessional.com\/se\/wp-json\/wp\/v2\/users\/4"}],"replies":[{"embeddable":true,"href":"https:\/\/www.electroluxprofessional.com\/se\/wp-json\/wp\/v2\/comments?post=4119"}],"version-history":[{"count":6,"href":"https:\/\/www.electroluxprofessional.com\/se\/wp-json\/wp\/v2\/posts\/4119\/revisions"}],"predecessor-version":[{"id":4354,"href":"https:\/\/www.electroluxprofessional.com\/se\/wp-json\/wp\/v2\/posts\/4119\/revisions\/4354"}],"wp:attachment":[{"href":"https:\/\/www.electroluxprofessional.com\/se\/wp-json\/wp\/v2\/media?parent=4119"}],"wp:term":[{"taxonomy":"category","embeddable":true,"href":"https:\/\/www.electroluxprofessional.com\/se\/wp-json\/wp\/v2\/categories?post=4119"},{"taxonomy":"post_tag","embeddable":true,"href":"https:\/\/www.electroluxprofessional.com\/se\/wp-json\/wp\/v2\/tags?post=4119"}],"curies":[{"name":"wp","href":"https:\/\/api.w.org\/{rel}","templated":true}]}}