{"id":19494,"date":"2022-06-07T08:09:26","date_gmt":"2022-06-07T07:09:26","guid":{"rendered":"https:\/\/www.electroluxprofessional.com\/se\/?p=19494"},"modified":"2022-06-07T22:09:16","modified_gmt":"2022-06-07T21:09:16","slug":"vinnardag-arets-skolkock-2021-david-gustavsson","status":"publish","type":"post","link":"https:\/\/www.electroluxprofessional.com\/se\/vinnardag-arets-skolkock-2021-david-gustavsson\/","title":{"rendered":"White Guide Junior &#8211; \u00c5rets Skolkock 2021 David Gustavsson, vinnardag!"},"content":{"rendered":"<p>[vc_row][vc_column][elx_heading font_size=&#8221;h6&#8243; text_color=&#8221;inherit&#8221;]I november h\u00f6lls White Guide Junior-galan d\u00e4r Electrolux Professional hade \u00e4ran att utse David Gustavsson fr\u00e5n Aggarpsskolan som vinnaren i kategorin \u00c5rets Skolkock 2021. N\u00e4r Coronarestriktioner togs bort kunde David \u00e4ntligen f\u00e5 sin vinnardag.[\/elx_heading][\/vc_column][\/vc_row][vc_row][vc_column width=&#8221;1\/2&#8243;][vc_column_text]En del av priset var en heldag i Framtidens K\u00f6k i Stockholm tillsammans med stj\u00e4rnkocken och Electrolux Professional-ambassad\u00f6ren Sebastian Gibrand och hans kollega Robert Sj\u00f6gren.<\/p>\n<p>\u2013 Det var helt otroligt, en riktig toppendag. Sebastian och Robert var b\u00e5da \u00f6dmjuka och p\u00e5l\u00e4sta. Sebastian \u00e4r v\u00e4ldigt duktig p\u00e5 att l\u00e4ra ut och Robert \u00e4r ett levande uppslagsverk.<\/p>\n<p>Tillsammans lagade de en femr\u00e4ttersmiddag d\u00e4r Sebastian brutit ner menyer han tidigare t\u00e4vlat med till enklare r\u00e4tter.<\/p>\n<p>\u2013 Vi pratade om tekniker och tillagningss\u00e4tt och mycket om smakbild. Det var n\u00e5got som jag tog med mig hem. Smakbilder kan vara sv\u00e5rt n\u00e4r man g\u00f6r mat till barn, men det \u00e4r egentligen samma sak som p\u00e5 en h\u00f6gre niv\u00e5. Det g\u00e4ller bara att anv\u00e4nda en f\u00f6renklad teknik. Tomatcevichen som vi lagade skulle jag utan problem kunna servera i skolan.<\/p>\n<p>Sebastian Gibrand var ocks\u00e5 n\u00f6jd med dagen.<br \/>\n\u2013 Det var roligt och intressant att laga mat tillsammans och vi hade sp\u00e4nnande samtal. Jag tycker att David och hans g\u00e4ng har ett fint och pedagogiskt s\u00e4tt att f\u00f6rh\u00e5lla sig till matlagning, s\u00e4ger Sebastian.[\/vc_column_text][elx_heading font_size=&#8221;h6&#8243; text_color=&#8221;inherit&#8221;]Att vinna \u00c5rets Skolkock 2021[\/elx_heading][vc_column_text]I motiveringen f\u00f6r \u00c5rets Skolkock 2021 hyllades David f\u00f6r sin kreativitet. \u201dUnder detta pr\u00f6vningarnas \u00e5r har du visat att du \u00e4r en sann krigare \u2013 och en oerh\u00f6rt v\u00e4rdig vinnare! F\u00f6r varje utmaning k\u00e4mpar du h\u00e5rdare och blir \u00e4nnu mer kreativ, b\u00e5de i och utanf\u00f6r ditt k\u00f6k.\u201d<\/p>\n<p>\u2013 Det var en otrolig k\u00e4nsla att vinna \u00c5rets Skolkock. Jag har vunnit saker tidigare, men den h\u00e4r g\u00e5ngen k\u00e4ndes det mer personligt och priset har lett till ett st\u00f6rre kontaktn\u00e4t, s\u00e4ger David.<\/p>\n<p>\u2013 Inom det offentliga k\u00f6ket m\u00e5ste man v\u00e5ga sticka ut och ta andra v\u00e4gar \u00e4n man tidigare gjort. V\u00e5ga anv\u00e4nda olika l\u00f6sningar p\u00e5 samma problematik d\u00e5 det inte finns n\u00e5got facit. Anv\u00e4nd de olika kompetenserna och styrkorna hos personalen och l\u00e5t de leda arbetet. V\u00e5ga g\u00f6ra eleverna delaktiga, f\u00f6r delaktighet ger engagemang och det kommer leda till stord\u00e5d.[\/vc_column_text][vc_empty_space][\/vc_column][vc_column width=&#8221;1\/2&#8243;][vc_single_image image=&#8221;19507&#8243; img_size=&#8221;large&#8221; alignment=&#8221;center&#8221;][vc_column_text]<em>David Gustavsson, vinnare av \u00c5rets Skolkock 2021 tillsammans med Sebastian Gibrand i Framtidens K\u00f6k.<\/em>[\/vc_column_text][vc_empty_space][vc_single_image image=&#8221;19512&#8243; img_size=&#8221;large&#8221; alignment=&#8221;center&#8221;][vc_column_text]<em>David och hans team med Sebastian.<\/em>[\/vc_column_text][vc_empty_space][vc_single_image image=&#8221;19508&#8243; img_size=&#8221;large&#8221; alignment=&#8221;center&#8221;][vc_column_text]<em>Fullt fokus i Framtidens K\u00f6k.<\/em>[\/vc_column_text][vc_empty_space][\/vc_column][\/vc_row][vc_row][vc_column][elx_heading font_size=&#8221;h6&#8243; text_color=&#8221;inherit&#8221;]Electrolux Professional \u00e4r partner till White Guide Junior och sponsrar priset \u201d\u00c5rets Skolkock\u201d d\u00e5 detta \u00e4r i linje med Electrolux Professionals ambition att lyfta den offentliga gastronomin. En av f\u00f6rhoppningarna med priset \u00e4r att inspirera andra att h\u00f6ja kvaliteten p\u00e5 den offentliga m\u00e5ltiden.[\/elx_heading][\/vc_column][\/vc_row][vc_row][vc_column width=&#8221;1\/3&#8243;][vc_single_image image=&#8221;19511&#8243; img_size=&#8221;medium&#8221;][\/vc_column][vc_column width=&#8221;1\/3&#8243;][vc_single_image image=&#8221;19510&#8243; img_size=&#8221;medium&#8221;][\/vc_column][vc_column width=&#8221;1\/3&#8243;][vc_single_image image=&#8221;19509&#8243; img_size=&#8221;medium&#8221;][\/vc_column][\/vc_row][vc_row][vc_column][vc_empty_space][vc_column_text]L\u00e4s g\u00e4rna mer om t\u00e4vlingen och kategorierna p\u00e5\u00a0<a href=\"https:\/\/whiteguidejunior.com\/\">White Guide Junior\u2019s hemsida\u00a0<\/a>[\/vc_column_text][vc_empty_space][\/vc_column][\/vc_row]<\/p>\n","protected":false},"excerpt":{"rendered":"<p>L\u00e4s om inspirationsdagen i Framtidens K\u00f6k med Electrolux Professional-ambassad\u00f6ren Sebastian Gibrand.<\/p>\n","protected":false},"author":4,"featured_media":19517,"comment_status":"closed","ping_status":"closed","sticky":false,"template":"","format":"standard","meta":{"footnotes":""},"categories":[53,164,142,105],"tags":[],"class_list":["post-19494","post","type-post","status-publish","format-standard","has-post-thumbnail","hentry","category-nyheter","category-offentlig-gastronomi","category-partnerskap","category-food"],"acf":[],"yoast_head":"<!-- This site is optimized with the Yoast SEO plugin v23.3 - https:\/\/yoast.com\/wordpress\/plugins\/seo\/ -->\n<title>White Guide Junior - \u00c5rets Skolkock 2021 David Gustavsson, vinnardag!<\/title>\n<meta name=\"description\" content=\"\u00c5rets Skolkock 2021 - David Gustavsson fick sin vinnardag med stj\u00e4rnkocken och Electrolux Professional-ambassad\u00f6ren Sebastian Gibrand. %\" \/>\n<meta name=\"robots\" content=\"index, follow, max-snippet:-1, max-image-preview:large, max-video-preview:-1\" \/>\n<link rel=\"canonical\" href=\"https:\/\/www.electroluxprofessional.com\/se\/vinnardag-arets-skolkock-2021-david-gustavsson\/\" \/>\n<meta property=\"og:locale\" content=\"sv_SE\" \/>\n<meta property=\"og:type\" content=\"article\" \/>\n<meta property=\"og:title\" content=\"White Guide Junior - \u00c5rets Skolkock 2021 David Gustavsson, vinnardag!\" \/>\n<meta property=\"og:description\" content=\"\u00c5rets Skolkock 2021 - David Gustavsson fick sin vinnardag med stj\u00e4rnkocken och Electrolux Professional-ambassad\u00f6ren Sebastian Gibrand. %\" \/>\n<meta property=\"og:url\" content=\"https:\/\/www.electroluxprofessional.com\/se\/vinnardag-arets-skolkock-2021-david-gustavsson\/\" \/>\n<meta property=\"og:site_name\" content=\"Electrolux Professional Sverige\" \/>\n<meta property=\"article:published_time\" content=\"2022-06-07T07:09:26+00:00\" \/>\n<meta property=\"article:modified_time\" content=\"2022-06-07T21:09:16+00:00\" \/>\n<meta property=\"og:image\" content=\"https:\/\/www.electroluxprofessional.com\/se\/wp-content\/uploads\/2022\/06\/Arets-Skolkock-2021-vinnardag-hos-Electrolux-Professional_news-image.jpg\" \/>\n\t<meta property=\"og:image:width\" content=\"966\" \/>\n\t<meta property=\"og:image:height\" content=\"712\" \/>\n\t<meta property=\"og:image:type\" content=\"image\/jpeg\" \/>\n<meta name=\"author\" content=\"jennie.eriksson@electroluxprofessional.com\" \/>\n<meta name=\"twitter:card\" content=\"summary_large_image\" \/>\n<meta name=\"twitter:label1\" content=\"Skriven av\" \/>\n\t<meta name=\"twitter:data1\" content=\"jennie.eriksson@electroluxprofessional.com\" \/>\n\t<meta name=\"twitter:label2\" content=\"Ber\u00e4knad l\u00e4stid\" \/>\n\t<meta name=\"twitter:data2\" content=\"3 minuter\" \/>\n<script type=\"application\/ld+json\" class=\"yoast-schema-graph\">{\"@context\":\"https:\/\/schema.org\",\"@graph\":[{\"@type\":\"WebPage\",\"@id\":\"https:\/\/www.electroluxprofessional.com\/se\/vinnardag-arets-skolkock-2021-david-gustavsson\/\",\"url\":\"https:\/\/www.electroluxprofessional.com\/se\/vinnardag-arets-skolkock-2021-david-gustavsson\/\",\"name\":\"White Guide Junior - \u00c5rets Skolkock 2021 David Gustavsson, vinnardag!\",\"isPartOf\":{\"@id\":\"https:\/\/www.electroluxprofessional.com\/se\/#website\"},\"primaryImageOfPage\":{\"@id\":\"https:\/\/www.electroluxprofessional.com\/se\/vinnardag-arets-skolkock-2021-david-gustavsson\/#primaryimage\"},\"image\":{\"@id\":\"https:\/\/www.electroluxprofessional.com\/se\/vinnardag-arets-skolkock-2021-david-gustavsson\/#primaryimage\"},\"thumbnailUrl\":\"https:\/\/www.electroluxprofessional.com\/se\/wp-content\/uploads\/2022\/06\/Arets-Skolkock-2021-vinnardag-hos-Electrolux-Professional_banner.jpg\",\"datePublished\":\"2022-06-07T07:09:26+00:00\",\"dateModified\":\"2022-06-07T21:09:16+00:00\",\"author\":{\"@id\":\"https:\/\/www.electroluxprofessional.com\/se\/#\/schema\/person\/0892f17dd34c90de0e8be429d2f3042a\"},\"description\":\"\u00c5rets Skolkock 2021 - David Gustavsson fick sin vinnardag med stj\u00e4rnkocken och Electrolux Professional-ambassad\u00f6ren Sebastian Gibrand. %\",\"breadcrumb\":{\"@id\":\"https:\/\/www.electroluxprofessional.com\/se\/vinnardag-arets-skolkock-2021-david-gustavsson\/#breadcrumb\"},\"inLanguage\":\"sv-SE\",\"potentialAction\":[{\"@type\":\"ReadAction\",\"target\":[\"https:\/\/www.electroluxprofessional.com\/se\/vinnardag-arets-skolkock-2021-david-gustavsson\/\"]}]},{\"@type\":\"ImageObject\",\"inLanguage\":\"sv-SE\",\"@id\":\"https:\/\/www.electroluxprofessional.com\/se\/vinnardag-arets-skolkock-2021-david-gustavsson\/#primaryimage\",\"url\":\"https:\/\/www.electroluxprofessional.com\/se\/wp-content\/uploads\/2022\/06\/Arets-Skolkock-2021-vinnardag-hos-Electrolux-Professional_banner.jpg\",\"contentUrl\":\"https:\/\/www.electroluxprofessional.com\/se\/wp-content\/uploads\/2022\/06\/Arets-Skolkock-2021-vinnardag-hos-Electrolux-Professional_banner.jpg\",\"width\":2000,\"height\":350,\"caption\":\"\u00c5rets Skolkock 2021 vinnardag hos Electrolux Professional\"},{\"@type\":\"BreadcrumbList\",\"@id\":\"https:\/\/www.electroluxprofessional.com\/se\/vinnardag-arets-skolkock-2021-david-gustavsson\/#breadcrumb\",\"itemListElement\":[{\"@type\":\"ListItem\",\"position\":1,\"name\":\"Home\",\"item\":\"https:\/\/www.electroluxprofessional.com\/se\/\"},{\"@type\":\"ListItem\",\"position\":2,\"name\":\"White Guide Junior &#8211; \u00c5rets Skolkock 2021 David Gustavsson, vinnardag!\"}]},{\"@type\":\"WebSite\",\"@id\":\"https:\/\/www.electroluxprofessional.com\/se\/#website\",\"url\":\"https:\/\/www.electroluxprofessional.com\/se\/\",\"name\":\"Electrolux Professional Sverige\",\"description\":\"\",\"potentialAction\":[{\"@type\":\"SearchAction\",\"target\":{\"@type\":\"EntryPoint\",\"urlTemplate\":\"https:\/\/www.electroluxprofessional.com\/se\/?src={search_term_string}\"},\"query-input\":\"required name=search_term_string\"}],\"inLanguage\":\"sv-SE\"},{\"@type\":\"Person\",\"@id\":\"https:\/\/www.electroluxprofessional.com\/se\/#\/schema\/person\/0892f17dd34c90de0e8be429d2f3042a\",\"name\":\"jennie.eriksson@electroluxprofessional.com\",\"image\":{\"@type\":\"ImageObject\",\"inLanguage\":\"sv-SE\",\"@id\":\"https:\/\/www.electroluxprofessional.com\/se\/#\/schema\/person\/image\/\",\"url\":\"https:\/\/secure.gravatar.com\/avatar\/ea33f056f7953fa16c4f998e258c9aea?s=96&d=mm&r=g\",\"contentUrl\":\"https:\/\/secure.gravatar.com\/avatar\/ea33f056f7953fa16c4f998e258c9aea?s=96&d=mm&r=g\",\"caption\":\"jennie.eriksson@electroluxprofessional.com\"},\"url\":\"https:\/\/www.electroluxprofessional.com\/se\/author\/jennie-eriksson-electroluxprofessional-com\/\"}]}<\/script>\n<!-- \/ Yoast SEO plugin. -->","yoast_head_json":{"title":"White Guide Junior - \u00c5rets Skolkock 2021 David Gustavsson, vinnardag!","description":"\u00c5rets Skolkock 2021 - David Gustavsson fick sin vinnardag med stj\u00e4rnkocken och Electrolux Professional-ambassad\u00f6ren Sebastian Gibrand. %","robots":{"index":"index","follow":"follow","max-snippet":"max-snippet:-1","max-image-preview":"max-image-preview:large","max-video-preview":"max-video-preview:-1"},"canonical":"https:\/\/www.electroluxprofessional.com\/se\/vinnardag-arets-skolkock-2021-david-gustavsson\/","og_locale":"sv_SE","og_type":"article","og_title":"White Guide Junior - \u00c5rets Skolkock 2021 David Gustavsson, vinnardag!","og_description":"\u00c5rets Skolkock 2021 - David Gustavsson fick sin vinnardag med stj\u00e4rnkocken och Electrolux Professional-ambassad\u00f6ren Sebastian Gibrand. %","og_url":"https:\/\/www.electroluxprofessional.com\/se\/vinnardag-arets-skolkock-2021-david-gustavsson\/","og_site_name":"Electrolux Professional Sverige","article_published_time":"2022-06-07T07:09:26+00:00","article_modified_time":"2022-06-07T21:09:16+00:00","og_image":[{"width":966,"height":712,"url":"https:\/\/www.electroluxprofessional.com\/se\/wp-content\/uploads\/2022\/06\/Arets-Skolkock-2021-vinnardag-hos-Electrolux-Professional_news-image.jpg","type":"image\/jpeg"}],"author":"jennie.eriksson@electroluxprofessional.com","twitter_card":"summary_large_image","twitter_misc":{"Skriven av":"jennie.eriksson@electroluxprofessional.com","Ber\u00e4knad l\u00e4stid":"3 minuter"},"schema":{"@context":"https:\/\/schema.org","@graph":[{"@type":"WebPage","@id":"https:\/\/www.electroluxprofessional.com\/se\/vinnardag-arets-skolkock-2021-david-gustavsson\/","url":"https:\/\/www.electroluxprofessional.com\/se\/vinnardag-arets-skolkock-2021-david-gustavsson\/","name":"White Guide Junior - \u00c5rets Skolkock 2021 David Gustavsson, vinnardag!","isPartOf":{"@id":"https:\/\/www.electroluxprofessional.com\/se\/#website"},"primaryImageOfPage":{"@id":"https:\/\/www.electroluxprofessional.com\/se\/vinnardag-arets-skolkock-2021-david-gustavsson\/#primaryimage"},"image":{"@id":"https:\/\/www.electroluxprofessional.com\/se\/vinnardag-arets-skolkock-2021-david-gustavsson\/#primaryimage"},"thumbnailUrl":"https:\/\/www.electroluxprofessional.com\/se\/wp-content\/uploads\/2022\/06\/Arets-Skolkock-2021-vinnardag-hos-Electrolux-Professional_banner.jpg","datePublished":"2022-06-07T07:09:26+00:00","dateModified":"2022-06-07T21:09:16+00:00","author":{"@id":"https:\/\/www.electroluxprofessional.com\/se\/#\/schema\/person\/0892f17dd34c90de0e8be429d2f3042a"},"description":"\u00c5rets Skolkock 2021 - David Gustavsson fick sin vinnardag med stj\u00e4rnkocken och Electrolux Professional-ambassad\u00f6ren Sebastian Gibrand. %","breadcrumb":{"@id":"https:\/\/www.electroluxprofessional.com\/se\/vinnardag-arets-skolkock-2021-david-gustavsson\/#breadcrumb"},"inLanguage":"sv-SE","potentialAction":[{"@type":"ReadAction","target":["https:\/\/www.electroluxprofessional.com\/se\/vinnardag-arets-skolkock-2021-david-gustavsson\/"]}]},{"@type":"ImageObject","inLanguage":"sv-SE","@id":"https:\/\/www.electroluxprofessional.com\/se\/vinnardag-arets-skolkock-2021-david-gustavsson\/#primaryimage","url":"https:\/\/www.electroluxprofessional.com\/se\/wp-content\/uploads\/2022\/06\/Arets-Skolkock-2021-vinnardag-hos-Electrolux-Professional_banner.jpg","contentUrl":"https:\/\/www.electroluxprofessional.com\/se\/wp-content\/uploads\/2022\/06\/Arets-Skolkock-2021-vinnardag-hos-Electrolux-Professional_banner.jpg","width":2000,"height":350,"caption":"\u00c5rets Skolkock 2021 vinnardag hos Electrolux Professional"},{"@type":"BreadcrumbList","@id":"https:\/\/www.electroluxprofessional.com\/se\/vinnardag-arets-skolkock-2021-david-gustavsson\/#breadcrumb","itemListElement":[{"@type":"ListItem","position":1,"name":"Home","item":"https:\/\/www.electroluxprofessional.com\/se\/"},{"@type":"ListItem","position":2,"name":"White Guide Junior &#8211; \u00c5rets Skolkock 2021 David Gustavsson, vinnardag!"}]},{"@type":"WebSite","@id":"https:\/\/www.electroluxprofessional.com\/se\/#website","url":"https:\/\/www.electroluxprofessional.com\/se\/","name":"Electrolux Professional Sverige","description":"","potentialAction":[{"@type":"SearchAction","target":{"@type":"EntryPoint","urlTemplate":"https:\/\/www.electroluxprofessional.com\/se\/?src={search_term_string}"},"query-input":"required name=search_term_string"}],"inLanguage":"sv-SE"},{"@type":"Person","@id":"https:\/\/www.electroluxprofessional.com\/se\/#\/schema\/person\/0892f17dd34c90de0e8be429d2f3042a","name":"jennie.eriksson@electroluxprofessional.com","image":{"@type":"ImageObject","inLanguage":"sv-SE","@id":"https:\/\/www.electroluxprofessional.com\/se\/#\/schema\/person\/image\/","url":"https:\/\/secure.gravatar.com\/avatar\/ea33f056f7953fa16c4f998e258c9aea?s=96&d=mm&r=g","contentUrl":"https:\/\/secure.gravatar.com\/avatar\/ea33f056f7953fa16c4f998e258c9aea?s=96&d=mm&r=g","caption":"jennie.eriksson@electroluxprofessional.com"},"url":"https:\/\/www.electroluxprofessional.com\/se\/author\/jennie-eriksson-electroluxprofessional-com\/"}]}},"_links":{"self":[{"href":"https:\/\/www.electroluxprofessional.com\/se\/wp-json\/wp\/v2\/posts\/19494"}],"collection":[{"href":"https:\/\/www.electroluxprofessional.com\/se\/wp-json\/wp\/v2\/posts"}],"about":[{"href":"https:\/\/www.electroluxprofessional.com\/se\/wp-json\/wp\/v2\/types\/post"}],"author":[{"embeddable":true,"href":"https:\/\/www.electroluxprofessional.com\/se\/wp-json\/wp\/v2\/users\/4"}],"replies":[{"embeddable":true,"href":"https:\/\/www.electroluxprofessional.com\/se\/wp-json\/wp\/v2\/comments?post=19494"}],"version-history":[{"count":28,"href":"https:\/\/www.electroluxprofessional.com\/se\/wp-json\/wp\/v2\/posts\/19494\/revisions"}],"predecessor-version":[{"id":19541,"href":"https:\/\/www.electroluxprofessional.com\/se\/wp-json\/wp\/v2\/posts\/19494\/revisions\/19541"}],"wp:featuredmedia":[{"embeddable":true,"href":"https:\/\/www.electroluxprofessional.com\/se\/wp-json\/wp\/v2\/media\/19517"}],"wp:attachment":[{"href":"https:\/\/www.electroluxprofessional.com\/se\/wp-json\/wp\/v2\/media?parent=19494"}],"wp:term":[{"taxonomy":"category","embeddable":true,"href":"https:\/\/www.electroluxprofessional.com\/se\/wp-json\/wp\/v2\/categories?post=19494"},{"taxonomy":"post_tag","embeddable":true,"href":"https:\/\/www.electroluxprofessional.com\/se\/wp-json\/wp\/v2\/tags?post=19494"}],"curies":[{"name":"wp","href":"https:\/\/api.w.org\/{rel}","templated":true}]}}