{"id":16745,"date":"2021-10-26T13:07:47","date_gmt":"2021-10-26T12:07:47","guid":{"rendered":"https:\/\/www.electroluxprofessional.com\/se\/?p=16745"},"modified":"2021-10-26T13:41:08","modified_gmt":"2021-10-26T12:41:08","slug":"var-premium-spisserie-therma-firar-150-ar","status":"publish","type":"post","link":"https:\/\/www.electroluxprofessional.com\/se\/var-premium-spisserie-therma-firar-150-ar\/","title":{"rendered":"V\u00e5r premium spisserie Thermaline firar 150 \u00e5r"},"content":{"rendered":"<p>[vc_row][vc_column][elx_heading text_color=&#8221;inherit&#8221;]Schweizisk design sedan 1871. 150 \u00e5r av produktion, precision och tradition. Vi blickar tillbaka p\u00e5 Thermas l\u00e5nga och f\u00e4rgstarka historia.[\/elx_heading][\/vc_column][\/vc_row][vc_row][vc_column][vc_empty_space][\/vc_column][\/vc_row][vc_row][vc_column width=&#8221;1\/2&#8243;][vc_empty_space][vc_column_text]<\/p>\n<h2>L\u00e5ssmeden som skapade v\u00e4rldens f\u00f6rsta modul\u00e4ra spis<\/h2>\n<p>Thermalines historia str\u00e4cker sig \u00e4nda till 1871 d\u00e5 l\u00e5ssmeden Franz Xaver Weltert tillverkade en unik \u201dmobil ugn\u201d i B\u00fcron, Schweiz. Denna ugn kan ses som den allra f\u00f6rsta typen av modul\u00e4r spis som vi k\u00e4nner till idag.<\/p>\n<p>Welterts ugnsverksamhet flyttade s\u00e5 sm\u00e5ningom till Sursee d\u00e4r verksamheten expanderade och 1923 startade tillverkningen av elektriska spisar. Vid den h\u00e4r tiden hade Weltert dock g\u00e5tt vidare till nya satsningar och f\u00f6retaget drevs under namnet Sursee Werke AG.<\/p>\n<p>Under samma period hade en blivande schweizisk uppfinnare vid namn Samuel Blumer b\u00f6rjat unders\u00f6ka hur elektrisk energi kunde omvandlas till v\u00e4rmeenergi. I b\u00f6rjan av 1900-talet inr\u00e4ttade Blumer en liten fabrik i Schwanden d\u00e4r han till en b\u00f6rjan producerade hush\u00e5llsstrykj\u00e4rn och elektriska spisar. Tack vare investerare som togs in i bolaget lyckades man sedan omstrukturera verksamheten och bilda Therma AG som 1927 startade tillverkningen av spisar f\u00f6r stork\u00f6k.[\/vc_column_text][\/vc_column][vc_column width=&#8221;1\/2&#8243;][vc_empty_space][vc_empty_space][vc_empty_space][vc_empty_space][vc_empty_space][vc_single_image image=&#8221;16746&#8243; img_size=&#8221;large&#8221;][\/vc_column][\/vc_row][vc_row][vc_column][vc_empty_space][\/vc_column][\/vc_row][vc_row][vc_column width=&#8221;1\/2&#8243;][vc_column_text]<\/p>\n<h2>Blomstrande tider<\/h2>\n<p>I b\u00f6rjan av 1930 -talet dominerade Therma -varum\u00e4rket p\u00e5 den schweiziska marknaden f\u00f6r hush\u00e5llsapparater och b\u00f6rjade exportera sina produkter l\u00e4ngre bort till Frankrike, Italien, Danmark och Norge. Verksamheten fortsatte att v\u00e4xa och under 40-talet arbetade \u00f6ver 1000 anst\u00e4llda p\u00e5 Schwanden-anl\u00e4ggningen.<\/p>\n<p>Efter 30 \u00e5rs tillv\u00e4xt b\u00f6rjade den ekonomiska nedg\u00e5ngen ta ut sin r\u00e4tt. Under den tiden hade Therma g\u00e5tt samman med Sursee Werke AG och ytterligare ett bolag i Aarau.[\/vc_column_text][\/vc_column][vc_column width=&#8221;1\/2&#8243;][vc_empty_space][vc_empty_space][vc_single_image image=&#8221;16747&#8243; img_size=&#8221;large&#8221;][\/vc_column][\/vc_row][vc_row][vc_column][vc_empty_space][\/vc_column][\/vc_row][vc_row][vc_column width=&#8221;1\/2&#8243;][vc_column_text]<\/p>\n<h2><strong>Blir en del av Electrolux-familjen<\/strong><\/h2>\n<p>1978 f\u00f6rv\u00e4rvades Therma av Electrolux Group. Ambitionen med f\u00f6rv\u00e4rvet var att kombinera de b\u00e5da f\u00f6retagens kunskap och erfarenhet f\u00f6r att producera f\u00f6rstklassiga kommersiella l\u00f6sningar med innovativ design. Som ett resultat f\u00f6ddes therma<em>line.<\/em><\/p>\n<p>\u00c5r 2008 arbetade fortfarande 300 anst\u00e4llda p\u00e5 tillverkningsanl\u00e4ggen i Schwanden medan f\u00f6rs\u00e4ljningsorganisationen var baserad i Aarau. N\u00e5gra \u00e5r senare kom f\u00f6retaget dock att \u00e5terg\u00e5 till sin ursprungsort Sursee d\u00e4r en toppmodern produktions- och kontorsanl\u00e4ggning anlades. I den nya anl\u00e4ggningen, p\u00e5 hela 26 000 kvadratmeter, ryms b\u00e5de tillverkning och kompetenscenter, FoU, testlaboratorier, showroom samt ett demo- och utbildningsk\u00f6k \u2013 allt under ett och samma tak.[\/vc_column_text][\/vc_column][vc_column width=&#8221;1\/2&#8243;][vc_empty_space][vc_empty_space][vc_single_image image=&#8221;854&#8243; img_size=&#8221;large&#8221; alignment=&#8221;center&#8221;][\/vc_column][\/vc_row][vc_row][vc_column][vc_empty_space][\/vc_column][\/vc_row][vc_row][vc_column][vc_column_text]Idag arbetar 180 stycken Electrolux Professional-anst\u00e4llda p\u00e5 Sursee-anl\u00e4ggnigen d\u00e4r en rad olika skr\u00e4ddarsydda spisar, stekbord och tryckstekbord tillverkas under varum\u00e4rket Therma<em>line<\/em>.<\/p>\n<p>Vi p\u00e5 Electrolux Professional \u00e4r enormt stolta \u00f6ver v\u00e5r premium spisserie och att det \u00e4n idag \u00e4r ett av de mest eftertraktade kvalitetsm\u00e4rkena som finns p\u00e5 marknaden.<\/p>\n<p><a href=\"https:\/\/www.electroluxprofessional.com\/se\/thermaline-cooking-ranges\/\">Uppt\u00e4ck g\u00e4rna v\u00e5r Thermaline spisserie h\u00e4r<\/a>[\/vc_column_text][vc_empty_space][\/vc_column][\/vc_row][vc_row][vc_column][elx_heading text_color=&#8221;inherit&#8221;]Vill du veta mer om Thermaline spisserie eller l\u00e4gga en best\u00e4llning? Kontakta oss![\/elx_heading][vc_empty_space][\/vc_column][\/vc_row][vc_row][vc_column][elx_o2000_contact_us r=&#8221;Jag vill veta mer om Thermaline spisserie och\/eller l\u00e4gga en best\u00e4llning.&#8221; s=&#8221;Thermaline spisserie&#8221; country=&#8221;Sweden&#8221; b=&#8221;food&#8221;][vc_empty_space][\/vc_column][\/vc_row]<\/p>\n","protected":false},"excerpt":{"rendered":"<p>[vc_row][vc_column][elx_heading text_color=&#8221;inherit&#8221;]Schweizisk design sedan 1871. 150 \u00e5r av produktion, precision och tradition. Vi blickar tillbaka p\u00e5 Thermas l\u00e5nga och f\u00e4rgstarka historia.[\/elx_heading][\/vc_column][\/vc_row][vc_row][vc_column][vc_empty_space][\/vc_column][\/vc_row][vc_row][vc_column width=&#8221;1\/2&#8243;][vc_empty_space][vc_column_text] L\u00e5ssmeden som skapade v\u00e4rldens f\u00f6rsta modul\u00e4ra spis Thermalines historia str\u00e4cker sig \u00e4nda till 1871 d\u00e5 l\u00e5ssmeden Franz Xaver Weltert tillverkade en unik \u201dmobil ugn\u201d i B\u00fcron, Schweiz. Denna ugn kan ses som den [&hellip;]<\/p>\n","protected":false},"author":242,"featured_media":16646,"comment_status":"closed","ping_status":"closed","sticky":false,"template":"","format":"standard","meta":{"footnotes":""},"categories":[105],"tags":[],"class_list":["post-16745","post","type-post","status-publish","format-standard","has-post-thumbnail","hentry","category-food"],"acf":[],"yoast_head":"<!-- This site is optimized with the Yoast SEO plugin v23.3 - https:\/\/yoast.com\/wordpress\/plugins\/seo\/ -->\n<title>V\u00e5r premium spisserie Thermaline firar 150 \u00e5r - Electrolux Professional Sverige<\/title>\n<meta name=\"description\" content=\"Schweizisk design sedan 1871. 150 \u00e5r av produktion, precision och tradition. Vi blickar tillbaka p\u00e5 Thermas l\u00e5nga och f\u00e4rgstarka historia.\" \/>\n<meta name=\"robots\" content=\"index, follow, max-snippet:-1, max-image-preview:large, max-video-preview:-1\" \/>\n<link rel=\"canonical\" href=\"https:\/\/www.electroluxprofessional.com\/se\/var-premium-spisserie-therma-firar-150-ar\/\" \/>\n<meta property=\"og:locale\" content=\"sv_SE\" \/>\n<meta property=\"og:type\" content=\"article\" \/>\n<meta property=\"og:title\" content=\"V\u00e5r premium spisserie Thermaline firar 150 \u00e5r - Electrolux Professional Sverige\" \/>\n<meta property=\"og:description\" content=\"Schweizisk design sedan 1871. 150 \u00e5r av produktion, precision och tradition. Vi blickar tillbaka p\u00e5 Thermas l\u00e5nga och f\u00e4rgstarka historia.\" \/>\n<meta property=\"og:url\" content=\"https:\/\/www.electroluxprofessional.com\/se\/var-premium-spisserie-therma-firar-150-ar\/\" \/>\n<meta property=\"og:site_name\" content=\"Electrolux Professional Sverige\" \/>\n<meta property=\"article:published_time\" content=\"2021-10-26T12:07:47+00:00\" \/>\n<meta property=\"article:modified_time\" content=\"2021-10-26T12:41:08+00:00\" \/>\n<meta property=\"og:image\" content=\"https:\/\/www.electroluxprofessional.com\/se\/wp-content\/uploads\/2021\/10\/Therma-150-ar.jpg\" \/>\n\t<meta property=\"og:image:width\" content=\"966\" \/>\n\t<meta property=\"og:image:height\" content=\"712\" \/>\n\t<meta property=\"og:image:type\" content=\"image\/jpeg\" \/>\n<meta name=\"author\" content=\"Alexandra Sj\u00f6gren\" \/>\n<meta name=\"twitter:card\" content=\"summary_large_image\" \/>\n<meta name=\"twitter:label1\" content=\"Skriven av\" \/>\n\t<meta name=\"twitter:data1\" content=\"Alexandra Sj\u00f6gren\" \/>\n\t<meta name=\"twitter:label2\" content=\"Ber\u00e4knad l\u00e4stid\" \/>\n\t<meta name=\"twitter:data2\" content=\"4 minuter\" \/>\n<script type=\"application\/ld+json\" class=\"yoast-schema-graph\">{\"@context\":\"https:\/\/schema.org\",\"@graph\":[{\"@type\":\"WebPage\",\"@id\":\"https:\/\/www.electroluxprofessional.com\/se\/var-premium-spisserie-therma-firar-150-ar\/\",\"url\":\"https:\/\/www.electroluxprofessional.com\/se\/var-premium-spisserie-therma-firar-150-ar\/\",\"name\":\"V\u00e5r premium spisserie Thermaline firar 150 \u00e5r - Electrolux Professional Sverige\",\"isPartOf\":{\"@id\":\"https:\/\/www.electroluxprofessional.com\/se\/#website\"},\"primaryImageOfPage\":{\"@id\":\"https:\/\/www.electroluxprofessional.com\/se\/var-premium-spisserie-therma-firar-150-ar\/#primaryimage\"},\"image\":{\"@id\":\"https:\/\/www.electroluxprofessional.com\/se\/var-premium-spisserie-therma-firar-150-ar\/#primaryimage\"},\"thumbnailUrl\":\"https:\/\/www.electroluxprofessional.com\/se\/wp-content\/uploads\/2021\/10\/banner-home-page-thermaline-150.jpg\",\"datePublished\":\"2021-10-26T12:07:47+00:00\",\"dateModified\":\"2021-10-26T12:41:08+00:00\",\"author\":{\"@id\":\"https:\/\/www.electroluxprofessional.com\/se\/#\/schema\/person\/628816aa76ab5d3b2047e5e37b48f4af\"},\"description\":\"Schweizisk design sedan 1871. 150 \u00e5r av produktion, precision och tradition. Vi blickar tillbaka p\u00e5 Thermas l\u00e5nga och f\u00e4rgstarka historia.\",\"breadcrumb\":{\"@id\":\"https:\/\/www.electroluxprofessional.com\/se\/var-premium-spisserie-therma-firar-150-ar\/#breadcrumb\"},\"inLanguage\":\"sv-SE\",\"potentialAction\":[{\"@type\":\"ReadAction\",\"target\":[\"https:\/\/www.electroluxprofessional.com\/se\/var-premium-spisserie-therma-firar-150-ar\/\"]}]},{\"@type\":\"ImageObject\",\"inLanguage\":\"sv-SE\",\"@id\":\"https:\/\/www.electroluxprofessional.com\/se\/var-premium-spisserie-therma-firar-150-ar\/#primaryimage\",\"url\":\"https:\/\/www.electroluxprofessional.com\/se\/wp-content\/uploads\/2021\/10\/banner-home-page-thermaline-150.jpg\",\"contentUrl\":\"https:\/\/www.electroluxprofessional.com\/se\/wp-content\/uploads\/2021\/10\/banner-home-page-thermaline-150.jpg\",\"width\":1920,\"height\":680},{\"@type\":\"BreadcrumbList\",\"@id\":\"https:\/\/www.electroluxprofessional.com\/se\/var-premium-spisserie-therma-firar-150-ar\/#breadcrumb\",\"itemListElement\":[{\"@type\":\"ListItem\",\"position\":1,\"name\":\"Home\",\"item\":\"https:\/\/www.electroluxprofessional.com\/se\/\"},{\"@type\":\"ListItem\",\"position\":2,\"name\":\"V\u00e5r premium spisserie Thermaline firar 150 \u00e5r\"}]},{\"@type\":\"WebSite\",\"@id\":\"https:\/\/www.electroluxprofessional.com\/se\/#website\",\"url\":\"https:\/\/www.electroluxprofessional.com\/se\/\",\"name\":\"Electrolux Professional Sverige\",\"description\":\"\",\"potentialAction\":[{\"@type\":\"SearchAction\",\"target\":{\"@type\":\"EntryPoint\",\"urlTemplate\":\"https:\/\/www.electroluxprofessional.com\/se\/?src={search_term_string}\"},\"query-input\":\"required name=search_term_string\"}],\"inLanguage\":\"sv-SE\"},{\"@type\":\"Person\",\"@id\":\"https:\/\/www.electroluxprofessional.com\/se\/#\/schema\/person\/628816aa76ab5d3b2047e5e37b48f4af\",\"name\":\"Alexandra Sj\u00f6gren\",\"image\":{\"@type\":\"ImageObject\",\"inLanguage\":\"sv-SE\",\"@id\":\"https:\/\/www.electroluxprofessional.com\/se\/#\/schema\/person\/image\/\",\"url\":\"https:\/\/secure.gravatar.com\/avatar\/741b66dd62e187e3c747a6b91a4f1a3f?s=96&d=mm&r=g\",\"contentUrl\":\"https:\/\/secure.gravatar.com\/avatar\/741b66dd62e187e3c747a6b91a4f1a3f?s=96&d=mm&r=g\",\"caption\":\"Alexandra Sj\u00f6gren\"},\"url\":\"https:\/\/www.electroluxprofessional.com\/se\/author\/alexandra-sjogren-electroluxprofessional-com\/\"}]}<\/script>\n<!-- \/ Yoast SEO plugin. -->","yoast_head_json":{"title":"V\u00e5r premium spisserie Thermaline firar 150 \u00e5r - Electrolux Professional Sverige","description":"Schweizisk design sedan 1871. 150 \u00e5r av produktion, precision och tradition. Vi blickar tillbaka p\u00e5 Thermas l\u00e5nga och f\u00e4rgstarka historia.","robots":{"index":"index","follow":"follow","max-snippet":"max-snippet:-1","max-image-preview":"max-image-preview:large","max-video-preview":"max-video-preview:-1"},"canonical":"https:\/\/www.electroluxprofessional.com\/se\/var-premium-spisserie-therma-firar-150-ar\/","og_locale":"sv_SE","og_type":"article","og_title":"V\u00e5r premium spisserie Thermaline firar 150 \u00e5r - Electrolux Professional Sverige","og_description":"Schweizisk design sedan 1871. 150 \u00e5r av produktion, precision och tradition. Vi blickar tillbaka p\u00e5 Thermas l\u00e5nga och f\u00e4rgstarka historia.","og_url":"https:\/\/www.electroluxprofessional.com\/se\/var-premium-spisserie-therma-firar-150-ar\/","og_site_name":"Electrolux Professional Sverige","article_published_time":"2021-10-26T12:07:47+00:00","article_modified_time":"2021-10-26T12:41:08+00:00","og_image":[{"width":966,"height":712,"url":"https:\/\/www.electroluxprofessional.com\/se\/wp-content\/uploads\/2021\/10\/Therma-150-ar.jpg","type":"image\/jpeg"}],"author":"Alexandra Sj\u00f6gren","twitter_card":"summary_large_image","twitter_misc":{"Skriven av":"Alexandra Sj\u00f6gren","Ber\u00e4knad l\u00e4stid":"4 minuter"},"schema":{"@context":"https:\/\/schema.org","@graph":[{"@type":"WebPage","@id":"https:\/\/www.electroluxprofessional.com\/se\/var-premium-spisserie-therma-firar-150-ar\/","url":"https:\/\/www.electroluxprofessional.com\/se\/var-premium-spisserie-therma-firar-150-ar\/","name":"V\u00e5r premium spisserie Thermaline firar 150 \u00e5r - Electrolux Professional Sverige","isPartOf":{"@id":"https:\/\/www.electroluxprofessional.com\/se\/#website"},"primaryImageOfPage":{"@id":"https:\/\/www.electroluxprofessional.com\/se\/var-premium-spisserie-therma-firar-150-ar\/#primaryimage"},"image":{"@id":"https:\/\/www.electroluxprofessional.com\/se\/var-premium-spisserie-therma-firar-150-ar\/#primaryimage"},"thumbnailUrl":"https:\/\/www.electroluxprofessional.com\/se\/wp-content\/uploads\/2021\/10\/banner-home-page-thermaline-150.jpg","datePublished":"2021-10-26T12:07:47+00:00","dateModified":"2021-10-26T12:41:08+00:00","author":{"@id":"https:\/\/www.electroluxprofessional.com\/se\/#\/schema\/person\/628816aa76ab5d3b2047e5e37b48f4af"},"description":"Schweizisk design sedan 1871. 150 \u00e5r av produktion, precision och tradition. Vi blickar tillbaka p\u00e5 Thermas l\u00e5nga och f\u00e4rgstarka historia.","breadcrumb":{"@id":"https:\/\/www.electroluxprofessional.com\/se\/var-premium-spisserie-therma-firar-150-ar\/#breadcrumb"},"inLanguage":"sv-SE","potentialAction":[{"@type":"ReadAction","target":["https:\/\/www.electroluxprofessional.com\/se\/var-premium-spisserie-therma-firar-150-ar\/"]}]},{"@type":"ImageObject","inLanguage":"sv-SE","@id":"https:\/\/www.electroluxprofessional.com\/se\/var-premium-spisserie-therma-firar-150-ar\/#primaryimage","url":"https:\/\/www.electroluxprofessional.com\/se\/wp-content\/uploads\/2021\/10\/banner-home-page-thermaline-150.jpg","contentUrl":"https:\/\/www.electroluxprofessional.com\/se\/wp-content\/uploads\/2021\/10\/banner-home-page-thermaline-150.jpg","width":1920,"height":680},{"@type":"BreadcrumbList","@id":"https:\/\/www.electroluxprofessional.com\/se\/var-premium-spisserie-therma-firar-150-ar\/#breadcrumb","itemListElement":[{"@type":"ListItem","position":1,"name":"Home","item":"https:\/\/www.electroluxprofessional.com\/se\/"},{"@type":"ListItem","position":2,"name":"V\u00e5r premium spisserie Thermaline firar 150 \u00e5r"}]},{"@type":"WebSite","@id":"https:\/\/www.electroluxprofessional.com\/se\/#website","url":"https:\/\/www.electroluxprofessional.com\/se\/","name":"Electrolux Professional Sverige","description":"","potentialAction":[{"@type":"SearchAction","target":{"@type":"EntryPoint","urlTemplate":"https:\/\/www.electroluxprofessional.com\/se\/?src={search_term_string}"},"query-input":"required name=search_term_string"}],"inLanguage":"sv-SE"},{"@type":"Person","@id":"https:\/\/www.electroluxprofessional.com\/se\/#\/schema\/person\/628816aa76ab5d3b2047e5e37b48f4af","name":"Alexandra Sj\u00f6gren","image":{"@type":"ImageObject","inLanguage":"sv-SE","@id":"https:\/\/www.electroluxprofessional.com\/se\/#\/schema\/person\/image\/","url":"https:\/\/secure.gravatar.com\/avatar\/741b66dd62e187e3c747a6b91a4f1a3f?s=96&d=mm&r=g","contentUrl":"https:\/\/secure.gravatar.com\/avatar\/741b66dd62e187e3c747a6b91a4f1a3f?s=96&d=mm&r=g","caption":"Alexandra Sj\u00f6gren"},"url":"https:\/\/www.electroluxprofessional.com\/se\/author\/alexandra-sjogren-electroluxprofessional-com\/"}]}},"_links":{"self":[{"href":"https:\/\/www.electroluxprofessional.com\/se\/wp-json\/wp\/v2\/posts\/16745"}],"collection":[{"href":"https:\/\/www.electroluxprofessional.com\/se\/wp-json\/wp\/v2\/posts"}],"about":[{"href":"https:\/\/www.electroluxprofessional.com\/se\/wp-json\/wp\/v2\/types\/post"}],"author":[{"embeddable":true,"href":"https:\/\/www.electroluxprofessional.com\/se\/wp-json\/wp\/v2\/users\/242"}],"replies":[{"embeddable":true,"href":"https:\/\/www.electroluxprofessional.com\/se\/wp-json\/wp\/v2\/comments?post=16745"}],"version-history":[{"count":12,"href":"https:\/\/www.electroluxprofessional.com\/se\/wp-json\/wp\/v2\/posts\/16745\/revisions"}],"predecessor-version":[{"id":16761,"href":"https:\/\/www.electroluxprofessional.com\/se\/wp-json\/wp\/v2\/posts\/16745\/revisions\/16761"}],"wp:featuredmedia":[{"embeddable":true,"href":"https:\/\/www.electroluxprofessional.com\/se\/wp-json\/wp\/v2\/media\/16646"}],"wp:attachment":[{"href":"https:\/\/www.electroluxprofessional.com\/se\/wp-json\/wp\/v2\/media?parent=16745"}],"wp:term":[{"taxonomy":"category","embeddable":true,"href":"https:\/\/www.electroluxprofessional.com\/se\/wp-json\/wp\/v2\/categories?post=16745"},{"taxonomy":"post_tag","embeddable":true,"href":"https:\/\/www.electroluxprofessional.com\/se\/wp-json\/wp\/v2\/tags?post=16745"}],"curies":[{"name":"wp","href":"https:\/\/api.w.org\/{rel}","templated":true}]}}