{"id":12209,"date":"2021-11-26T09:00:48","date_gmt":"2021-11-26T08:00:48","guid":{"rendered":"https:\/\/www.electroluxprofessional.com\/?p=33088"},"modified":"2022-06-16T13:55:01","modified_gmt":"2022-06-16T12:55:01","slug":"electrolux-professionals-engagemang-for-raddningstjanstpersonalens-liv-och-halsa","status":"publish","type":"post","link":"https:\/\/www.electroluxprofessional.com\/se\/electrolux-professionals-engagemang-for-raddningstjanstpersonalens-liv-och-halsa\/","title":{"rendered":"Electrolux Professionals engagemang f\u00f6r r\u00e4ddningstj\u00e4nstpersonalens liv och h\u00e4lsa"},"content":{"rendered":"<p>[vc_row][vc_column][elx_heading text_color=&#8221;inherit&#8221;]Electrolux Professionals engagemang f\u00f6r r\u00e4ddningstj\u00e4nstpersonalens liv och h\u00e4lsa[\/elx_heading][vc_empty_space][vc_column_text]<strong>Varje utryckning som en brandman g\u00f6r \u00e4r f\u00f6renat med risker, men vad de flesta inte k\u00e4nner till \u00e4r att \u00e4ven deras skyddsutrustning kan utg\u00f6ra en risk f\u00f6r deras h\u00e4lsa. Detta d\u00e5 kontaminerade partiklar kan fastna i deras skyddutrustning och d\u00e4rmed hota brandm\u00e4nnens h\u00e4lsa p\u00e5 l\u00e4ngre sikt.<\/strong>[\/vc_column_text][vc_empty_space][vc_column_text]Electrolux Professional har beslutat att ta itu med problemet med sjukdomsframkallande \u00e4mnen som fastnar i brandm\u00e4nnens uniformer och erbjuder en l\u00f6sning.<\/p>\n<p>En brandmans uniform skyddar brandmannen, men skadliga partiklar kan fastna i tyget. F\u00f6r att f\u00f6rhindra dessa f\u00f6roreningar fr\u00e5n att byggas upp i tyget och utg\u00f6ra ett hot mot brandmannens h\u00e4lsa \u00e4r det mycket viktigt att utrustningen blir ordentligt rengjord efter varje anv\u00e4ndning.<\/p>\n<p>Electrolux Professional erbjuder s\u00e4kra rutiner och enkel hantering med v\u00e5ra tv\u00e4tt- och torkl\u00f6sningar f\u00f6r R\u00e4ddningstj\u00e4nsten. V\u00e5r barri\u00e4rtv\u00e4ttl\u00f6sning inneb\u00e4r att att all tv\u00e4tt tas om hand direkt p\u00e5 plats och l\u00e4ggs i vattenl\u00f6sliga s\u00e4ckar. Smutsig tv\u00e4tt hanteras p\u00e5 en sida av maskinen och ren tv\u00e4tt hamnar i ett annat rum, p\u00e5 andra sidan av barri\u00e4rtv\u00e4ttmaskinen. P\u00e5 s\u00e5 s\u00e4tt kommer kontaminerad tv\u00e4tt aldrig i kontakt med den rena tv\u00e4tten.<\/p>\n<p>Eugenio Filoni, segmentchef p\u00e5 Electrolux Professional, f\u00f6rklarar: \u201dN\u00e4r vi b\u00f6rjade arbeta med detta projekt, syftade vi till att utveckla en l\u00f6sning f\u00f6r att g\u00f6ra brandm\u00e4nnens arbetsliv s\u00e4krare och h\u00e4lsosammare. F\u00f6r \u00e5tta \u00e5r sedan, n\u00e4r vi arbetade med projektet \u201dFriska brandm\u00e4n\u201d i Sverige, var Electrolux Professional det f\u00f6rsta bolaget som introducerade konceptet med barri\u00e4rtv\u00e4tt. Tanken var att hj\u00e4lpa brandm\u00e4n att arbeta s\u00e4krare och minska risken att f\u00e5 sjukdomar. Vi testade v\u00e5ra barri\u00e4rtv\u00e4ttl\u00f6sningar och uppn\u00e5dde fantastiska resultat: de tar bort det mesta av smuts och f\u00f6roreningar som fastnar i brandm\u00e4nnens skyddsutrustning och erbjuder ett bra skydd f\u00f6r brandm\u00e4nnen. \u201d<\/p>\n<p>Ut\u00f6ver barri\u00e4rtv\u00e4ttl\u00f6sningen erbjuder Electrolux Professional \u00e4ven torksk\u00e5psl\u00f6sningar utformade specifikt f\u00f6r r\u00e4ddningstj\u00e4nstpersonal samt en speciellt framtagen diskl\u00f6sning som diskar och sanerar \u00f6vrig personlig skyddsutrustning s\u00e5som masker, hj\u00e4lmar, st\u00f6vlar och slangar.<\/p>\n<p><a href=\"https:\/\/www.electroluxprofessional.com\/se\/your-business\/raddningstjansten\/\">L\u00e4s mer om v\u00e5ra l\u00f6sningar f\u00f6r R\u00e4ddningstj\u00e4nsten<\/a>[\/vc_column_text][vc_empty_space][elx_heading text_color=&#8221;inherit&#8221;]Kom i kontakt med v\u00e5ra experter[\/elx_heading][elx_o2000_contact_us r=&#8221;Jag vill g\u00e4rna veta mer om era tv\u00e4ttl\u00f6sningar f\u00f6r R\u00e4ddningstj\u00e4nsten. Kontakta mig!&#8221; s=&#8221;Jag vill g\u00e4rna veta mer om era tv\u00e4tt l\u00f6sningar f\u00f6r R\u00e4ddningstj\u00e4nsten. Kontakta mig!&#8221; country=&#8221;Sweden&#8221; b=&#8221;laundry&#8221; l=&#8221;se&#8221;][vc_empty_space][\/vc_column][\/vc_row]<\/p>\n","protected":false},"excerpt":{"rendered":"<p>[vc_row][vc_column][elx_heading text_color=&#8221;inherit&#8221;]Electrolux Professionals engagemang f\u00f6r r\u00e4ddningstj\u00e4nstpersonalens liv och h\u00e4lsa[\/elx_heading][vc_empty_space][vc_column_text]Varje utryckning som en brandman g\u00f6r \u00e4r f\u00f6renat med risker, men vad de flesta inte k\u00e4nner till \u00e4r att \u00e4ven deras skyddsutrustning kan utg\u00f6ra en risk f\u00f6r deras h\u00e4lsa. Detta d\u00e5 kontaminerade partiklar kan fastna i deras skyddutrustning och d\u00e4rmed hota brandm\u00e4nnens h\u00e4lsa p\u00e5 l\u00e4ngre sikt.[\/vc_column_text][vc_empty_space][vc_column_text]Electrolux Professional [&hellip;]<\/p>\n","protected":false},"author":3,"featured_media":12208,"comment_status":"open","ping_status":"closed","sticky":false,"template":"","format":"standard","meta":{"footnotes":""},"categories":[53,106],"tags":[152,153,154,155],"class_list":["post-12209","post","type-post","status-publish","format-standard","has-post-thumbnail","hentry","category-nyheter","category-laundry","tag-barrier-washers","tag-firefighers","tag-protect","tag-protectors"],"acf":[],"yoast_head":"<!-- This site is optimized with the Yoast SEO plugin v23.3 - https:\/\/yoast.com\/wordpress\/plugins\/seo\/ -->\n<title>Electrolux Professionals engagemang f\u00f6r r\u00e4ddningstj\u00e4nstpersonalens liv och h\u00e4lsa - Electrolux Professional Sverige<\/title>\n<meta name=\"description\" content=\"Electrolux Professionals engagemang f\u00f6r r\u00e4ddningstj\u00e4nstpersonalens liv och h\u00e4lsa. V\u00e5ra barri\u00e4rtv\u00e4ttl\u00f6sningar reng\u00f6r larmst\u00e4llen effektivt och s\u00e4kert.\" \/>\n<meta name=\"robots\" content=\"index, follow, max-snippet:-1, max-image-preview:large, max-video-preview:-1\" \/>\n<link rel=\"canonical\" href=\"https:\/\/www.electroluxprofessional.com\/se\/electrolux-professionals-engagemang-for-raddningstjanstpersonalens-liv-och-halsa\/\" \/>\n<meta property=\"og:locale\" content=\"sv_SE\" \/>\n<meta property=\"og:type\" content=\"article\" \/>\n<meta property=\"og:title\" content=\"Electrolux Professionals engagemang f\u00f6r r\u00e4ddningstj\u00e4nstpersonalens liv och h\u00e4lsa - Electrolux Professional Sverige\" \/>\n<meta property=\"og:description\" content=\"Electrolux Professionals engagemang f\u00f6r r\u00e4ddningstj\u00e4nstpersonalens liv och h\u00e4lsa. V\u00e5ra barri\u00e4rtv\u00e4ttl\u00f6sningar reng\u00f6r larmst\u00e4llen effektivt och s\u00e4kert.\" \/>\n<meta property=\"og:url\" content=\"https:\/\/www.electroluxprofessional.com\/se\/electrolux-professionals-engagemang-for-raddningstjanstpersonalens-liv-och-halsa\/\" \/>\n<meta property=\"og:site_name\" content=\"Electrolux Professional Sverige\" \/>\n<meta property=\"article:published_time\" content=\"2021-11-26T08:00:48+00:00\" \/>\n<meta property=\"article:modified_time\" content=\"2022-06-16T12:55:01+00:00\" \/>\n<meta property=\"og:image\" content=\"https:\/\/www.electroluxprofessional.com\/se\/wp-content\/uploads\/2020\/11\/raddningstjansten-friska-brandman.jpg\" \/>\n\t<meta property=\"og:image:width\" content=\"966\" \/>\n\t<meta property=\"og:image:height\" content=\"712\" \/>\n\t<meta property=\"og:image:type\" content=\"image\/jpeg\" \/>\n<meta name=\"author\" content=\"Johan Granrot\" \/>\n<meta name=\"twitter:card\" content=\"summary_large_image\" \/>\n<meta name=\"twitter:label1\" content=\"Skriven av\" \/>\n\t<meta name=\"twitter:data1\" content=\"Johan Granrot\" \/>\n\t<meta name=\"twitter:label2\" content=\"Ber\u00e4knad l\u00e4stid\" \/>\n\t<meta name=\"twitter:data2\" content=\"3 minuter\" \/>\n<script type=\"application\/ld+json\" class=\"yoast-schema-graph\">{\"@context\":\"https:\/\/schema.org\",\"@graph\":[{\"@type\":\"WebPage\",\"@id\":\"https:\/\/www.electroluxprofessional.com\/se\/electrolux-professionals-engagemang-for-raddningstjanstpersonalens-liv-och-halsa\/\",\"url\":\"https:\/\/www.electroluxprofessional.com\/se\/electrolux-professionals-engagemang-for-raddningstjanstpersonalens-liv-och-halsa\/\",\"name\":\"Electrolux Professionals engagemang f\u00f6r r\u00e4ddningstj\u00e4nstpersonalens liv och h\u00e4lsa - Electrolux Professional Sverige\",\"isPartOf\":{\"@id\":\"https:\/\/www.electroluxprofessional.com\/se\/#website\"},\"primaryImageOfPage\":{\"@id\":\"https:\/\/www.electroluxprofessional.com\/se\/electrolux-professionals-engagemang-for-raddningstjanstpersonalens-liv-och-halsa\/#primaryimage\"},\"image\":{\"@id\":\"https:\/\/www.electroluxprofessional.com\/se\/electrolux-professionals-engagemang-for-raddningstjanstpersonalens-liv-och-halsa\/#primaryimage\"},\"thumbnailUrl\":\"https:\/\/www.electroluxprofessional.com\/se\/wp-content\/uploads\/2020\/11\/banner_2000x350.jpg\",\"datePublished\":\"2021-11-26T08:00:48+00:00\",\"dateModified\":\"2022-06-16T12:55:01+00:00\",\"author\":{\"@id\":\"https:\/\/www.electroluxprofessional.com\/se\/#\/schema\/person\/95eb8984fdc688e367707ed06e3bc03a\"},\"description\":\"Electrolux Professionals engagemang f\u00f6r r\u00e4ddningstj\u00e4nstpersonalens liv och h\u00e4lsa. V\u00e5ra barri\u00e4rtv\u00e4ttl\u00f6sningar reng\u00f6r larmst\u00e4llen effektivt och s\u00e4kert.\",\"breadcrumb\":{\"@id\":\"https:\/\/www.electroluxprofessional.com\/se\/electrolux-professionals-engagemang-for-raddningstjanstpersonalens-liv-och-halsa\/#breadcrumb\"},\"inLanguage\":\"sv-SE\",\"potentialAction\":[{\"@type\":\"ReadAction\",\"target\":[\"https:\/\/www.electroluxprofessional.com\/se\/electrolux-professionals-engagemang-for-raddningstjanstpersonalens-liv-och-halsa\/\"]}]},{\"@type\":\"ImageObject\",\"inLanguage\":\"sv-SE\",\"@id\":\"https:\/\/www.electroluxprofessional.com\/se\/electrolux-professionals-engagemang-for-raddningstjanstpersonalens-liv-och-halsa\/#primaryimage\",\"url\":\"https:\/\/www.electroluxprofessional.com\/se\/wp-content\/uploads\/2020\/11\/banner_2000x350.jpg\",\"contentUrl\":\"https:\/\/www.electroluxprofessional.com\/se\/wp-content\/uploads\/2020\/11\/banner_2000x350.jpg\",\"width\":2000,\"height\":350,\"caption\":\"banner_2000x350\"},{\"@type\":\"BreadcrumbList\",\"@id\":\"https:\/\/www.electroluxprofessional.com\/se\/electrolux-professionals-engagemang-for-raddningstjanstpersonalens-liv-och-halsa\/#breadcrumb\",\"itemListElement\":[{\"@type\":\"ListItem\",\"position\":1,\"name\":\"Home\",\"item\":\"https:\/\/www.electroluxprofessional.com\/se\/\"},{\"@type\":\"ListItem\",\"position\":2,\"name\":\"Electrolux Professionals engagemang f\u00f6r r\u00e4ddningstj\u00e4nstpersonalens liv och h\u00e4lsa\"}]},{\"@type\":\"WebSite\",\"@id\":\"https:\/\/www.electroluxprofessional.com\/se\/#website\",\"url\":\"https:\/\/www.electroluxprofessional.com\/se\/\",\"name\":\"Electrolux Professional Sverige\",\"description\":\"\",\"potentialAction\":[{\"@type\":\"SearchAction\",\"target\":{\"@type\":\"EntryPoint\",\"urlTemplate\":\"https:\/\/www.electroluxprofessional.com\/se\/?src={search_term_string}\"},\"query-input\":\"required name=search_term_string\"}],\"inLanguage\":\"sv-SE\"},{\"@type\":\"Person\",\"@id\":\"https:\/\/www.electroluxprofessional.com\/se\/#\/schema\/person\/95eb8984fdc688e367707ed06e3bc03a\",\"name\":\"Johan Granrot\",\"image\":{\"@type\":\"ImageObject\",\"inLanguage\":\"sv-SE\",\"@id\":\"https:\/\/www.electroluxprofessional.com\/se\/#\/schema\/person\/image\/\",\"url\":\"https:\/\/secure.gravatar.com\/avatar\/929688b3b9ae46e86fa6a87ec87fa83b?s=96&d=mm&r=g\",\"contentUrl\":\"https:\/\/secure.gravatar.com\/avatar\/929688b3b9ae46e86fa6a87ec87fa83b?s=96&d=mm&r=g\",\"caption\":\"Johan Granrot\"},\"url\":\"https:\/\/www.electroluxprofessional.com\/se\/author\/johan-granrot\/\"}]}<\/script>\n<!-- \/ Yoast SEO plugin. -->","yoast_head_json":{"title":"Electrolux Professionals engagemang f\u00f6r r\u00e4ddningstj\u00e4nstpersonalens liv och h\u00e4lsa - Electrolux Professional Sverige","description":"Electrolux Professionals engagemang f\u00f6r r\u00e4ddningstj\u00e4nstpersonalens liv och h\u00e4lsa. V\u00e5ra barri\u00e4rtv\u00e4ttl\u00f6sningar reng\u00f6r larmst\u00e4llen effektivt och s\u00e4kert.","robots":{"index":"index","follow":"follow","max-snippet":"max-snippet:-1","max-image-preview":"max-image-preview:large","max-video-preview":"max-video-preview:-1"},"canonical":"https:\/\/www.electroluxprofessional.com\/se\/electrolux-professionals-engagemang-for-raddningstjanstpersonalens-liv-och-halsa\/","og_locale":"sv_SE","og_type":"article","og_title":"Electrolux Professionals engagemang f\u00f6r r\u00e4ddningstj\u00e4nstpersonalens liv och h\u00e4lsa - Electrolux Professional Sverige","og_description":"Electrolux Professionals engagemang f\u00f6r r\u00e4ddningstj\u00e4nstpersonalens liv och h\u00e4lsa. V\u00e5ra barri\u00e4rtv\u00e4ttl\u00f6sningar reng\u00f6r larmst\u00e4llen effektivt och s\u00e4kert.","og_url":"https:\/\/www.electroluxprofessional.com\/se\/electrolux-professionals-engagemang-for-raddningstjanstpersonalens-liv-och-halsa\/","og_site_name":"Electrolux Professional Sverige","article_published_time":"2021-11-26T08:00:48+00:00","article_modified_time":"2022-06-16T12:55:01+00:00","og_image":[{"width":966,"height":712,"url":"https:\/\/www.electroluxprofessional.com\/se\/wp-content\/uploads\/2020\/11\/raddningstjansten-friska-brandman.jpg","type":"image\/jpeg"}],"author":"Johan Granrot","twitter_card":"summary_large_image","twitter_misc":{"Skriven av":"Johan Granrot","Ber\u00e4knad l\u00e4stid":"3 minuter"},"schema":{"@context":"https:\/\/schema.org","@graph":[{"@type":"WebPage","@id":"https:\/\/www.electroluxprofessional.com\/se\/electrolux-professionals-engagemang-for-raddningstjanstpersonalens-liv-och-halsa\/","url":"https:\/\/www.electroluxprofessional.com\/se\/electrolux-professionals-engagemang-for-raddningstjanstpersonalens-liv-och-halsa\/","name":"Electrolux Professionals engagemang f\u00f6r r\u00e4ddningstj\u00e4nstpersonalens liv och h\u00e4lsa - Electrolux Professional Sverige","isPartOf":{"@id":"https:\/\/www.electroluxprofessional.com\/se\/#website"},"primaryImageOfPage":{"@id":"https:\/\/www.electroluxprofessional.com\/se\/electrolux-professionals-engagemang-for-raddningstjanstpersonalens-liv-och-halsa\/#primaryimage"},"image":{"@id":"https:\/\/www.electroluxprofessional.com\/se\/electrolux-professionals-engagemang-for-raddningstjanstpersonalens-liv-och-halsa\/#primaryimage"},"thumbnailUrl":"https:\/\/www.electroluxprofessional.com\/se\/wp-content\/uploads\/2020\/11\/banner_2000x350.jpg","datePublished":"2021-11-26T08:00:48+00:00","dateModified":"2022-06-16T12:55:01+00:00","author":{"@id":"https:\/\/www.electroluxprofessional.com\/se\/#\/schema\/person\/95eb8984fdc688e367707ed06e3bc03a"},"description":"Electrolux Professionals engagemang f\u00f6r r\u00e4ddningstj\u00e4nstpersonalens liv och h\u00e4lsa. V\u00e5ra barri\u00e4rtv\u00e4ttl\u00f6sningar reng\u00f6r larmst\u00e4llen effektivt och s\u00e4kert.","breadcrumb":{"@id":"https:\/\/www.electroluxprofessional.com\/se\/electrolux-professionals-engagemang-for-raddningstjanstpersonalens-liv-och-halsa\/#breadcrumb"},"inLanguage":"sv-SE","potentialAction":[{"@type":"ReadAction","target":["https:\/\/www.electroluxprofessional.com\/se\/electrolux-professionals-engagemang-for-raddningstjanstpersonalens-liv-och-halsa\/"]}]},{"@type":"ImageObject","inLanguage":"sv-SE","@id":"https:\/\/www.electroluxprofessional.com\/se\/electrolux-professionals-engagemang-for-raddningstjanstpersonalens-liv-och-halsa\/#primaryimage","url":"https:\/\/www.electroluxprofessional.com\/se\/wp-content\/uploads\/2020\/11\/banner_2000x350.jpg","contentUrl":"https:\/\/www.electroluxprofessional.com\/se\/wp-content\/uploads\/2020\/11\/banner_2000x350.jpg","width":2000,"height":350,"caption":"banner_2000x350"},{"@type":"BreadcrumbList","@id":"https:\/\/www.electroluxprofessional.com\/se\/electrolux-professionals-engagemang-for-raddningstjanstpersonalens-liv-och-halsa\/#breadcrumb","itemListElement":[{"@type":"ListItem","position":1,"name":"Home","item":"https:\/\/www.electroluxprofessional.com\/se\/"},{"@type":"ListItem","position":2,"name":"Electrolux Professionals engagemang f\u00f6r r\u00e4ddningstj\u00e4nstpersonalens liv och h\u00e4lsa"}]},{"@type":"WebSite","@id":"https:\/\/www.electroluxprofessional.com\/se\/#website","url":"https:\/\/www.electroluxprofessional.com\/se\/","name":"Electrolux Professional Sverige","description":"","potentialAction":[{"@type":"SearchAction","target":{"@type":"EntryPoint","urlTemplate":"https:\/\/www.electroluxprofessional.com\/se\/?src={search_term_string}"},"query-input":"required name=search_term_string"}],"inLanguage":"sv-SE"},{"@type":"Person","@id":"https:\/\/www.electroluxprofessional.com\/se\/#\/schema\/person\/95eb8984fdc688e367707ed06e3bc03a","name":"Johan Granrot","image":{"@type":"ImageObject","inLanguage":"sv-SE","@id":"https:\/\/www.electroluxprofessional.com\/se\/#\/schema\/person\/image\/","url":"https:\/\/secure.gravatar.com\/avatar\/929688b3b9ae46e86fa6a87ec87fa83b?s=96&d=mm&r=g","contentUrl":"https:\/\/secure.gravatar.com\/avatar\/929688b3b9ae46e86fa6a87ec87fa83b?s=96&d=mm&r=g","caption":"Johan Granrot"},"url":"https:\/\/www.electroluxprofessional.com\/se\/author\/johan-granrot\/"}]}},"_links":{"self":[{"href":"https:\/\/www.electroluxprofessional.com\/se\/wp-json\/wp\/v2\/posts\/12209"}],"collection":[{"href":"https:\/\/www.electroluxprofessional.com\/se\/wp-json\/wp\/v2\/posts"}],"about":[{"href":"https:\/\/www.electroluxprofessional.com\/se\/wp-json\/wp\/v2\/types\/post"}],"author":[{"embeddable":true,"href":"https:\/\/www.electroluxprofessional.com\/se\/wp-json\/wp\/v2\/users\/3"}],"replies":[{"embeddable":true,"href":"https:\/\/www.electroluxprofessional.com\/se\/wp-json\/wp\/v2\/comments?post=12209"}],"version-history":[{"count":9,"href":"https:\/\/www.electroluxprofessional.com\/se\/wp-json\/wp\/v2\/posts\/12209\/revisions"}],"predecessor-version":[{"id":19674,"href":"https:\/\/www.electroluxprofessional.com\/se\/wp-json\/wp\/v2\/posts\/12209\/revisions\/19674"}],"wp:featuredmedia":[{"embeddable":true,"href":"https:\/\/www.electroluxprofessional.com\/se\/wp-json\/wp\/v2\/media\/12208"}],"wp:attachment":[{"href":"https:\/\/www.electroluxprofessional.com\/se\/wp-json\/wp\/v2\/media?parent=12209"}],"wp:term":[{"taxonomy":"category","embeddable":true,"href":"https:\/\/www.electroluxprofessional.com\/se\/wp-json\/wp\/v2\/categories?post=12209"},{"taxonomy":"post_tag","embeddable":true,"href":"https:\/\/www.electroluxprofessional.com\/se\/wp-json\/wp\/v2\/tags?post=12209"}],"curies":[{"name":"wp","href":"https:\/\/api.w.org\/{rel}","templated":true}]}}