{"id":11276,"date":"2020-09-29T13:15:01","date_gmt":"2020-09-29T13:15:01","guid":{"rendered":"https:\/\/www.electroluxprofessional.com\/se\/?p=11276"},"modified":"2021-11-29T14:03:38","modified_gmt":"2021-11-29T13:03:38","slug":"internationella-matsvinnsdagen","status":"publish","type":"post","link":"https:\/\/www.electroluxprofessional.com\/se\/internationella-matsvinnsdagen\/","title":{"rendered":"Premi\u00e4r f\u00f6r Internationella matsvinnsdagen"},"content":{"rendered":"<p>[vc_row][vc_column width=&#8221;1\/2&#8243;][vc_column_text]Idag, den 29 september 2020 \u00e4r det premi\u00e4r f\u00f6r FN:s internationella matsvinnsdag. Dagen uppm\u00e4rksammar problemet med matsvinn och m\u00f6jliga l\u00f6sningar f\u00f6r att\u00a0 matsvinnet i butiks- och konsumentledet ska halveras i hela livsmedelskedjan. Vi p\u00e5 Electrolux Professional arbetar d\u00e4rf\u00f6r aktivt med olika partners och i olika projekt f\u00f6r att ge kunskap och erfarenheter, leverera produkter f\u00f6r tillagning och f\u00f6rvaring av r\u00e5varor och f\u00e4rdig mat f\u00f6r att s\u00e5 mycket som m\u00f6jligt ska kunna tas tillvara.<\/p>\n<p>Vi engagerar oss i varje kunds behov av st\u00f6d f\u00f6r att minska matsvinnet.\u00a0Ofta sker det i samverkansprojekt som Restauranglabbet och<a href=\"https:\/\/www.electroluxprofessional.com\/se\/tillsammans-mot-matsvinnet\/\"><strong> Resvinn som vi tidigare ber\u00e4ttat om h\u00e4r<\/strong><\/a>.<\/p>\n<p>En nyckel f\u00f6r att halvera matsvinnet \u00e4r att alla, oavsett roll i livsmedelskedjan, hj\u00e4lps \u00e5t och delar med sig av erfarenheter och tankar. Electrolux Professional vill bidra till kunskapsspridningen. Har du tips p\u00e5 bra id\u00e9er, kloka personer eller aktiviteter som bidrar till minskat matsvinn s\u00e5 kontakta oss p\u00e5 els.info.se@electroluxprofessional.com[\/vc_column_text][vc_empty_space][\/vc_column][vc_column width=&#8221;1\/2&#8243;][vc_single_image image=&#8221;11288&#8243; img_size=&#8221;full&#8221;][\/vc_column][\/vc_row][vc_row][vc_column][vc_empty_space][vc_empty_space][vc_empty_space][vc_empty_space][\/vc_column][\/vc_row]<\/p>\n","protected":false},"excerpt":{"rendered":"<p>[vc_row][vc_column width=&#8221;1\/2&#8243;][vc_column_text]Idag, den 29 september 2020 \u00e4r det premi\u00e4r f\u00f6r FN:s internationella matsvinnsdag. Dagen uppm\u00e4rksammar problemet med matsvinn och m\u00f6jliga l\u00f6sningar f\u00f6r att\u00a0 matsvinnet i butiks- och konsumentledet ska halveras i hela livsmedelskedjan. Vi p\u00e5 Electrolux Professional arbetar d\u00e4rf\u00f6r aktivt med olika partners och i olika projekt f\u00f6r att ge kunskap och erfarenheter, leverera produkter [&hellip;]<\/p>\n","protected":false},"author":242,"featured_media":10083,"comment_status":"closed","ping_status":"closed","sticky":false,"template":"","format":"standard","meta":{"footnotes":""},"categories":[73,53,105],"tags":[143],"class_list":["post-11276","post","type-post","status-publish","format-standard","has-post-thumbnail","hentry","category-hallbarhet-2","category-nyheter","category-food","tag-matsvinn"],"acf":[],"yoast_head":"<!-- This site is optimized with the Yoast SEO plugin v23.3 - https:\/\/yoast.com\/wordpress\/plugins\/seo\/ -->\n<title>Internationella matsvinnsdagen - Electrolux Professional<\/title>\n<meta name=\"description\" content=\"Idag, den 29 september 2020 \u00e4r det premi\u00e4r f\u00f6r FN:s internationella matsvinnsdag. Electrolux Professional arbetar aktivt med olika partners och i olika projekt f\u00f6r att ge kunskap och erfarenheter, leverera produkter f\u00f6r tillagning och f\u00f6rvaring av r\u00e5varor och f\u00e4rdig mat f\u00f6r att s\u00e5 mycket som m\u00f6jligt ska tas tillvara.\" \/>\n<meta name=\"robots\" content=\"index, follow, max-snippet:-1, max-image-preview:large, max-video-preview:-1\" \/>\n<link rel=\"canonical\" href=\"https:\/\/www.electroluxprofessional.com\/se\/internationella-matsvinnsdagen\/\" \/>\n<meta property=\"og:locale\" content=\"sv_SE\" \/>\n<meta property=\"og:type\" content=\"article\" \/>\n<meta property=\"og:title\" content=\"Internationella matsvinnsdagen - Electrolux Professional\" \/>\n<meta property=\"og:description\" content=\"Idag, den 29 september 2020 \u00e4r det premi\u00e4r f\u00f6r FN:s internationella matsvinnsdag. Electrolux Professional arbetar aktivt med olika partners och i olika projekt f\u00f6r att ge kunskap och erfarenheter, leverera produkter f\u00f6r tillagning och f\u00f6rvaring av r\u00e5varor och f\u00e4rdig mat f\u00f6r att s\u00e5 mycket som m\u00f6jligt ska tas tillvara.\" \/>\n<meta property=\"og:url\" content=\"https:\/\/www.electroluxprofessional.com\/se\/internationella-matsvinnsdagen\/\" \/>\n<meta property=\"og:site_name\" content=\"Electrolux Professional Sverige\" \/>\n<meta property=\"article:published_time\" content=\"2020-09-29T13:15:01+00:00\" \/>\n<meta property=\"article:modified_time\" content=\"2021-11-29T13:03:38+00:00\" \/>\n<meta property=\"og:image\" content=\"https:\/\/www.electroluxprofessional.com\/se\/wp-content\/uploads\/2020\/07\/Matsvinn.jpg\" \/>\n\t<meta property=\"og:image:width\" content=\"2000\" \/>\n\t<meta property=\"og:image:height\" content=\"350\" \/>\n\t<meta property=\"og:image:type\" content=\"image\/jpeg\" \/>\n<meta name=\"author\" content=\"Alexandra Sj\u00f6gren\" \/>\n<meta name=\"twitter:card\" content=\"summary_large_image\" \/>\n<meta name=\"twitter:label1\" content=\"Skriven av\" \/>\n\t<meta name=\"twitter:data1\" content=\"Alexandra Sj\u00f6gren\" \/>\n\t<meta name=\"twitter:label2\" content=\"Ber\u00e4knad l\u00e4stid\" \/>\n\t<meta name=\"twitter:data2\" content=\"1 minut\" \/>\n<script type=\"application\/ld+json\" class=\"yoast-schema-graph\">{\"@context\":\"https:\/\/schema.org\",\"@graph\":[{\"@type\":\"WebPage\",\"@id\":\"https:\/\/www.electroluxprofessional.com\/se\/internationella-matsvinnsdagen\/\",\"url\":\"https:\/\/www.electroluxprofessional.com\/se\/internationella-matsvinnsdagen\/\",\"name\":\"Internationella matsvinnsdagen - Electrolux Professional\",\"isPartOf\":{\"@id\":\"https:\/\/www.electroluxprofessional.com\/se\/#website\"},\"primaryImageOfPage\":{\"@id\":\"https:\/\/www.electroluxprofessional.com\/se\/internationella-matsvinnsdagen\/#primaryimage\"},\"image\":{\"@id\":\"https:\/\/www.electroluxprofessional.com\/se\/internationella-matsvinnsdagen\/#primaryimage\"},\"thumbnailUrl\":\"https:\/\/www.electroluxprofessional.com\/se\/wp-content\/uploads\/2020\/07\/Matsvinn.jpg\",\"datePublished\":\"2020-09-29T13:15:01+00:00\",\"dateModified\":\"2021-11-29T13:03:38+00:00\",\"author\":{\"@id\":\"https:\/\/www.electroluxprofessional.com\/se\/#\/schema\/person\/628816aa76ab5d3b2047e5e37b48f4af\"},\"description\":\"Idag, den 29 september 2020 \u00e4r det premi\u00e4r f\u00f6r FN:s internationella matsvinnsdag. Electrolux Professional arbetar aktivt med olika partners och i olika projekt f\u00f6r att ge kunskap och erfarenheter, leverera produkter f\u00f6r tillagning och f\u00f6rvaring av r\u00e5varor och f\u00e4rdig mat f\u00f6r att s\u00e5 mycket som m\u00f6jligt ska tas tillvara.\",\"breadcrumb\":{\"@id\":\"https:\/\/www.electroluxprofessional.com\/se\/internationella-matsvinnsdagen\/#breadcrumb\"},\"inLanguage\":\"sv-SE\",\"potentialAction\":[{\"@type\":\"ReadAction\",\"target\":[\"https:\/\/www.electroluxprofessional.com\/se\/internationella-matsvinnsdagen\/\"]}]},{\"@type\":\"ImageObject\",\"inLanguage\":\"sv-SE\",\"@id\":\"https:\/\/www.electroluxprofessional.com\/se\/internationella-matsvinnsdagen\/#primaryimage\",\"url\":\"https:\/\/www.electroluxprofessional.com\/se\/wp-content\/uploads\/2020\/07\/Matsvinn.jpg\",\"contentUrl\":\"https:\/\/www.electroluxprofessional.com\/se\/wp-content\/uploads\/2020\/07\/Matsvinn.jpg\",\"width\":2000,\"height\":350,\"caption\":\"\u00c5ret\"},{\"@type\":\"BreadcrumbList\",\"@id\":\"https:\/\/www.electroluxprofessional.com\/se\/internationella-matsvinnsdagen\/#breadcrumb\",\"itemListElement\":[{\"@type\":\"ListItem\",\"position\":1,\"name\":\"Home\",\"item\":\"https:\/\/www.electroluxprofessional.com\/se\/\"},{\"@type\":\"ListItem\",\"position\":2,\"name\":\"Premi\u00e4r f\u00f6r Internationella matsvinnsdagen\"}]},{\"@type\":\"WebSite\",\"@id\":\"https:\/\/www.electroluxprofessional.com\/se\/#website\",\"url\":\"https:\/\/www.electroluxprofessional.com\/se\/\",\"name\":\"Electrolux Professional Sverige\",\"description\":\"\",\"potentialAction\":[{\"@type\":\"SearchAction\",\"target\":{\"@type\":\"EntryPoint\",\"urlTemplate\":\"https:\/\/www.electroluxprofessional.com\/se\/?src={search_term_string}\"},\"query-input\":\"required name=search_term_string\"}],\"inLanguage\":\"sv-SE\"},{\"@type\":\"Person\",\"@id\":\"https:\/\/www.electroluxprofessional.com\/se\/#\/schema\/person\/628816aa76ab5d3b2047e5e37b48f4af\",\"name\":\"Alexandra Sj\u00f6gren\",\"image\":{\"@type\":\"ImageObject\",\"inLanguage\":\"sv-SE\",\"@id\":\"https:\/\/www.electroluxprofessional.com\/se\/#\/schema\/person\/image\/\",\"url\":\"https:\/\/secure.gravatar.com\/avatar\/741b66dd62e187e3c747a6b91a4f1a3f?s=96&d=mm&r=g\",\"contentUrl\":\"https:\/\/secure.gravatar.com\/avatar\/741b66dd62e187e3c747a6b91a4f1a3f?s=96&d=mm&r=g\",\"caption\":\"Alexandra Sj\u00f6gren\"},\"url\":\"https:\/\/www.electroluxprofessional.com\/se\/author\/alexandra-sjogren-electroluxprofessional-com\/\"}]}<\/script>\n<!-- \/ Yoast SEO plugin. -->","yoast_head_json":{"title":"Internationella matsvinnsdagen - Electrolux Professional","description":"Idag, den 29 september 2020 \u00e4r det premi\u00e4r f\u00f6r FN:s internationella matsvinnsdag. Electrolux Professional arbetar aktivt med olika partners och i olika projekt f\u00f6r att ge kunskap och erfarenheter, leverera produkter f\u00f6r tillagning och f\u00f6rvaring av r\u00e5varor och f\u00e4rdig mat f\u00f6r att s\u00e5 mycket som m\u00f6jligt ska tas tillvara.","robots":{"index":"index","follow":"follow","max-snippet":"max-snippet:-1","max-image-preview":"max-image-preview:large","max-video-preview":"max-video-preview:-1"},"canonical":"https:\/\/www.electroluxprofessional.com\/se\/internationella-matsvinnsdagen\/","og_locale":"sv_SE","og_type":"article","og_title":"Internationella matsvinnsdagen - Electrolux Professional","og_description":"Idag, den 29 september 2020 \u00e4r det premi\u00e4r f\u00f6r FN:s internationella matsvinnsdag. Electrolux Professional arbetar aktivt med olika partners och i olika projekt f\u00f6r att ge kunskap och erfarenheter, leverera produkter f\u00f6r tillagning och f\u00f6rvaring av r\u00e5varor och f\u00e4rdig mat f\u00f6r att s\u00e5 mycket som m\u00f6jligt ska tas tillvara.","og_url":"https:\/\/www.electroluxprofessional.com\/se\/internationella-matsvinnsdagen\/","og_site_name":"Electrolux Professional Sverige","article_published_time":"2020-09-29T13:15:01+00:00","article_modified_time":"2021-11-29T13:03:38+00:00","og_image":[{"width":2000,"height":350,"url":"https:\/\/www.electroluxprofessional.com\/se\/wp-content\/uploads\/2020\/07\/Matsvinn.jpg","type":"image\/jpeg"}],"author":"Alexandra Sj\u00f6gren","twitter_card":"summary_large_image","twitter_misc":{"Skriven av":"Alexandra Sj\u00f6gren","Ber\u00e4knad l\u00e4stid":"1 minut"},"schema":{"@context":"https:\/\/schema.org","@graph":[{"@type":"WebPage","@id":"https:\/\/www.electroluxprofessional.com\/se\/internationella-matsvinnsdagen\/","url":"https:\/\/www.electroluxprofessional.com\/se\/internationella-matsvinnsdagen\/","name":"Internationella matsvinnsdagen - Electrolux Professional","isPartOf":{"@id":"https:\/\/www.electroluxprofessional.com\/se\/#website"},"primaryImageOfPage":{"@id":"https:\/\/www.electroluxprofessional.com\/se\/internationella-matsvinnsdagen\/#primaryimage"},"image":{"@id":"https:\/\/www.electroluxprofessional.com\/se\/internationella-matsvinnsdagen\/#primaryimage"},"thumbnailUrl":"https:\/\/www.electroluxprofessional.com\/se\/wp-content\/uploads\/2020\/07\/Matsvinn.jpg","datePublished":"2020-09-29T13:15:01+00:00","dateModified":"2021-11-29T13:03:38+00:00","author":{"@id":"https:\/\/www.electroluxprofessional.com\/se\/#\/schema\/person\/628816aa76ab5d3b2047e5e37b48f4af"},"description":"Idag, den 29 september 2020 \u00e4r det premi\u00e4r f\u00f6r FN:s internationella matsvinnsdag. Electrolux Professional arbetar aktivt med olika partners och i olika projekt f\u00f6r att ge kunskap och erfarenheter, leverera produkter f\u00f6r tillagning och f\u00f6rvaring av r\u00e5varor och f\u00e4rdig mat f\u00f6r att s\u00e5 mycket som m\u00f6jligt ska tas tillvara.","breadcrumb":{"@id":"https:\/\/www.electroluxprofessional.com\/se\/internationella-matsvinnsdagen\/#breadcrumb"},"inLanguage":"sv-SE","potentialAction":[{"@type":"ReadAction","target":["https:\/\/www.electroluxprofessional.com\/se\/internationella-matsvinnsdagen\/"]}]},{"@type":"ImageObject","inLanguage":"sv-SE","@id":"https:\/\/www.electroluxprofessional.com\/se\/internationella-matsvinnsdagen\/#primaryimage","url":"https:\/\/www.electroluxprofessional.com\/se\/wp-content\/uploads\/2020\/07\/Matsvinn.jpg","contentUrl":"https:\/\/www.electroluxprofessional.com\/se\/wp-content\/uploads\/2020\/07\/Matsvinn.jpg","width":2000,"height":350,"caption":"\u00c5ret"},{"@type":"BreadcrumbList","@id":"https:\/\/www.electroluxprofessional.com\/se\/internationella-matsvinnsdagen\/#breadcrumb","itemListElement":[{"@type":"ListItem","position":1,"name":"Home","item":"https:\/\/www.electroluxprofessional.com\/se\/"},{"@type":"ListItem","position":2,"name":"Premi\u00e4r f\u00f6r Internationella matsvinnsdagen"}]},{"@type":"WebSite","@id":"https:\/\/www.electroluxprofessional.com\/se\/#website","url":"https:\/\/www.electroluxprofessional.com\/se\/","name":"Electrolux Professional Sverige","description":"","potentialAction":[{"@type":"SearchAction","target":{"@type":"EntryPoint","urlTemplate":"https:\/\/www.electroluxprofessional.com\/se\/?src={search_term_string}"},"query-input":"required name=search_term_string"}],"inLanguage":"sv-SE"},{"@type":"Person","@id":"https:\/\/www.electroluxprofessional.com\/se\/#\/schema\/person\/628816aa76ab5d3b2047e5e37b48f4af","name":"Alexandra Sj\u00f6gren","image":{"@type":"ImageObject","inLanguage":"sv-SE","@id":"https:\/\/www.electroluxprofessional.com\/se\/#\/schema\/person\/image\/","url":"https:\/\/secure.gravatar.com\/avatar\/741b66dd62e187e3c747a6b91a4f1a3f?s=96&d=mm&r=g","contentUrl":"https:\/\/secure.gravatar.com\/avatar\/741b66dd62e187e3c747a6b91a4f1a3f?s=96&d=mm&r=g","caption":"Alexandra Sj\u00f6gren"},"url":"https:\/\/www.electroluxprofessional.com\/se\/author\/alexandra-sjogren-electroluxprofessional-com\/"}]}},"_links":{"self":[{"href":"https:\/\/www.electroluxprofessional.com\/se\/wp-json\/wp\/v2\/posts\/11276"}],"collection":[{"href":"https:\/\/www.electroluxprofessional.com\/se\/wp-json\/wp\/v2\/posts"}],"about":[{"href":"https:\/\/www.electroluxprofessional.com\/se\/wp-json\/wp\/v2\/types\/post"}],"author":[{"embeddable":true,"href":"https:\/\/www.electroluxprofessional.com\/se\/wp-json\/wp\/v2\/users\/242"}],"replies":[{"embeddable":true,"href":"https:\/\/www.electroluxprofessional.com\/se\/wp-json\/wp\/v2\/comments?post=11276"}],"version-history":[{"count":11,"href":"https:\/\/www.electroluxprofessional.com\/se\/wp-json\/wp\/v2\/posts\/11276\/revisions"}],"predecessor-version":[{"id":11290,"href":"https:\/\/www.electroluxprofessional.com\/se\/wp-json\/wp\/v2\/posts\/11276\/revisions\/11290"}],"wp:featuredmedia":[{"embeddable":true,"href":"https:\/\/www.electroluxprofessional.com\/se\/wp-json\/wp\/v2\/media\/10083"}],"wp:attachment":[{"href":"https:\/\/www.electroluxprofessional.com\/se\/wp-json\/wp\/v2\/media?parent=11276"}],"wp:term":[{"taxonomy":"category","embeddable":true,"href":"https:\/\/www.electroluxprofessional.com\/se\/wp-json\/wp\/v2\/categories?post=11276"},{"taxonomy":"post_tag","embeddable":true,"href":"https:\/\/www.electroluxprofessional.com\/se\/wp-json\/wp\/v2\/tags?post=11276"}],"curies":[{"name":"wp","href":"https:\/\/api.w.org\/{rel}","templated":true}]}}