{"id":9659,"date":"2024-02-28T11:27:14","date_gmt":"2024-02-28T11:27:14","guid":{"rendered":"https:\/\/www.electroluxprofessional.com\/pl\/?p=9659"},"modified":"2024-03-01T11:39:48","modified_gmt":"2024-03-01T11:39:48","slug":"trendy-w-branzy-pralniczej","status":"publish","type":"post","link":"https:\/\/www.electroluxprofessional.com\/pl\/trendy-w-branzy-pralniczej\/","title":{"rendered":"Pi\u0119\u0107 trend\u00f3w kszta\u0142tuj\u0105cych sektor pralni samoobs\u0142ugowych"},"content":{"rendered":"<p>[vc_row][vc_column][vc_column_text]<b>Odkryj, w jaki spos\u00f3b samoobs\u0142uga przyczynia si\u0119 do usprawnienia obs\u0142ugi klienta, dbania o zr\u00f3wnowa\u017cony rozw\u00f3j oraz poprawy skuteczno\u015bci i zadowolenia klient\u00f3w.<\/b>[\/vc_column_text][vc_column_text]Ewolucja i ci\u0105g\u0142y rozw\u00f3j s\u0105 kluczowe dla ka\u017cdej bran\u017cy i nie jest inaczej w przypadku pralni samoobs\u0142ugowych. Nowoczesne pralnie samoobs\u0142ugowe r\u00f3\u017cni\u0105 si\u0119 obecnie od tych tradycyjnych, znanych nam z przesz\u0142o\u015bci. Ta transformacja spowodowana jest wi\u0119kszymi oczekiwaniami klient\u00f3w oraz znacz\u0105cym post\u0119pem technologicznym.<\/p>\n<p>Dzisiejsze rozwi\u0105zania dla pralni samoobs\u0142ugowych s\u0105 naprawd\u0119 innowacyjne. K\u0142adziony jest du\u017cy nacisk na higien\u0119, czas, zr\u00f3wnowa\u017cony rozw\u00f3j i skuteczno\u015b\u0107. Ponadto wi\u0119cej uwagi skierowanej jest na obs\u0142ug\u0119 klienta.<\/p>\n<p>Od pralek pracuj\u0105cych o 50 procent szybciej ni\u017c standardowe domowe urz\u0105dzenia po programy dezynfekcji, kt\u00f3re minimalizuj\u0105 obawy klient\u00f3w dotycz\u0105ce higieny \u2013 przedstawiamy pi\u0119\u0107 kluczowych trend\u00f3w kszta\u0142tuj\u0105cych przysz\u0142o\u015b\u0107 pralni samoobs\u0142ugowych.[\/vc_column_text][vc_empty_space][elx_heading text_color=&#8221;inherit&#8221;]Higiena na pierwszym planie[\/elx_heading][vc_column_text]With consumers more focused on hygiene quality, the self-laundry business has worked to deliver more exacting standards.<\/p>\n<p>Na skutek wi\u0119kszego skupienia klient\u00f3w na jako\u015bci i higienie, pralnie samoobs\u0142ugowe staraj\u0105 si\u0119 spe\u0142nia\u0107 coraz bardziej rygorystyczne standardy.<\/p>\n<p>Jednym z kluczowych czynnik\u00f3w wp\u0142ywaj\u0105cych na osi\u0105gni\u0119cie tego celu jest zastosowanie innowacyjnych urz\u0105dze\u0144 \u2013 nowoczesnych maszyn zaprojektowanych w taki spos\u00f3b, by utrzyma\u0107 nieskazitelny poziom higieny.<\/p>\n<p>Nasze urz\u0105dzenia wyprodukowano z \u0142atwej do czyszczenia stali nierdzewnej, dzi\u0119ki kt\u00f3rej dok\u0142adne czyszczenie i dezynfekcja s\u0105 niezwykle proste. Zapewniaj\u0105 te\u017c u\u017cytkownikom szerok\u0105 gam\u0119 program\u00f3w dezynfekcji.<\/p>\n<p>Kolejn\u0105 innowacj\u0105 technologiczn\u0105 jest zastosowanie zintegrowanej technologii p\u0142atno\u015bci bezdotykowych (zamiast p\u0142atno\u015bci za pomoc\u0105 monet). Takie rozwi\u0105zanie jest nie tylko bardziej higieniczne, ale te\u017c wychodzi na przeciw preferencjom m\u0142odego pokolenia.<\/p>\n<p>[\/vc_column_text][vc_empty_space][elx_heading text_color=&#8221;inherit&#8221;]W kierunku ekologii [\/elx_heading][vc_column_text]W Grupie Electrolux Professional anga\u017cujemy si\u0119 w nowatorski i zr\u00f3wnowa\u017cony rozw\u00f3j pralni samoobs\u0142ugowych. Nie jeste\u015bmy jednak w tym osamotnieni, gdy\u017c ca\u0142a bran\u017ca pralnicza coraz bardziej skupia si\u0119 na zr\u00f3wnowa\u017conym rozwoju oraz opracowuje sposoby ograniczenia swojego wp\u0142ywu na \u015brodowisko.<\/p>\n<p>Dla sektora pralni samoobs\u0142ugowych zr\u00f3wnowa\u017cony rozw\u00f3j oznacza zu\u017cycie mniejszej ilo\u015bci wody, energii oraz szkodliwych chemikali\u00f3w przy jednoczesnym zagwarantowaniu, \u017ce proces czyszczenia jest jeszcze bardziej wydajny i skuteczny.<\/p>\n<p>Jest to mo\u017cliwe dzi\u0119ki nowszym, <a href=\"https:\/\/www.electroluxprofessional.com\/pl\/pralnictwo\/rozwiazania-z-linii-6000\/\">energooszcz\u0119dnym i ekologicznym urz\u0105dzeniom pralniczym<\/a> integruj\u0105cym technologi\u0119 pozwalaj\u0105c\u0105 na oszcz\u0119dno\u015b\u0107 wody, a tak\u017ce zapewniaj\u0105cym klientom elastyczno\u015b\u0107 w przypadku wyboru program\u00f3w prania i suszenia.[\/vc_column_text][vc_empty_space][elx_heading text_color=&#8221;inherit&#8221;]Wykorzystanie automatyzacji[\/elx_heading][vc_column_text]Dla nowoczesnych firm wykorzystanie automatyzacji to kluczowy spos\u00f3b na optymalizacj\u0119 proces\u00f3w oraz zwi\u0119kszenie wydajno\u015bci.<\/p>\n<p>Obserwujemy rosn\u0105c\u0105 tendencj\u0119 ku inteligentnym rozwi\u0105zaniom dla pralni komercyjnych z wykorzystaniem technologii internetu rzeczy (IoT),\u00a0 dzieki kt\u00f3rym mo\u017cna przewidywa\u0107 kwestie zwi\u0105zane z konserwacj\u0105, reorganizowa\u0107 dostawy oraz dzia\u0142a\u0107 w ramach wszechstronnego systemu zarz\u0105dzania pralni\u0105. Mo\u017cna te\u017c zbiera\u0107 i analizowa\u0107 dane, co prowadzi do bezprecedensowego poziomu skuteczno\u015bci.[\/vc_column_text][vc_empty_space][elx_heading text_color=&#8221;inherit&#8221;]Stosowanie detergentu przyjaznego dla \u015brodowiska[\/elx_heading][vc_row_inner full_width=&#8221;electroluxpro-container-no-padding&#8221;][vc_column_inner width=&#8221;2\/3&#8243;][vc_column_text]Higiena w po\u0142\u0105czeniu ze zr\u00f3wnowa\u017conym rozwojem to jeden z najwyra\u017aniejszych trend\u00f3w w bran\u017cy pralniczej. Coraz cz\u0119\u015bciej ze sk\u0142adu detergent\u00f3w do prania znikaj\u0105 szkodliwe chemikalia. S\u0105 one zast\u0119powane biodegradowalnymi sk\u0142adnikami na bazie ro\u015blin. S\u0105 one delikatniejsze dla ubra\u0144, a tak\u017ce mniej szkodliwe dla naszych zasob\u00f3w wodnych i og\u00f3lnie dla \u015brodowiska, a jednocze\u015bnie pomagaj\u0105 w ochronie naszych zasob\u00f3w naturalnych.[\/vc_column_text][\/vc_column_inner][vc_column_inner width=&#8221;1\/3&#8243;][elx_image_block background_image=&#8221;9657&#8243; minimum_height=&#8221;210px&#8221;][\/vc_column_inner][\/vc_row_inner][vc_empty_space height=&#8221;20px&#8221;][vc_column_text]\u015awiadomi klienci maj\u0105 obecnie mo\u017cliwo\u015b\u0107 kontroli i sprawdzenia rozmaitych certyfikacji w celu zidentyfikowania detergent\u00f3w przyczyniaj\u0105cych si\u0119 do zr\u00f3wnowa\u017conego rozwoju. Europejskie oznakowanie Ecolabel okre\u015bla surowe wymogi dotycz\u0105ce surowc\u00f3w, wydajno\u015bci oraz praktyk przyjaznych dla \u015brodowiska. Wielu klient\u00f3w poszukuje jednocze\u015bnie bezzapachowych, hipoalergicznych i przebadanych dermatologicznie produkt\u00f3w.<\/p>\n<p>Ekologiczne oznakowanie Nordic Swan Ecolabel to kolejna niezale\u017cna certyfikacja stawiaj\u0105ca wysokie wymagania pod wzgl\u0119dem \u015brodowiska i klimatu. W Grupie Electrolux Professional z dum\u0105 produkujemy szeroki asortyment wysoce wydajnych, <a href=\"https:\/\/www.electroluxprofessional.com\/pl\/akcesoria-materialy-eksploatacyjne\/linia-6000-eco-detergentow\/\">przyjaznych dla \u015brodowiska detergent\u00f3w z linii 6000<\/a>, kt\u00f3re spe\u0142niaj\u0105 wszystkie te certyfikacje.[\/vc_column_text][vc_empty_space][elx_heading text_color=&#8221;inherit&#8221;]<br \/>\nKlienci na pierwszym miejscu<br \/>\n[\/elx_heading][vc_column_text]Dzisiejsi klienci s\u0105 bardziej wnikliwi i \u015bwiadomi swoich wybor\u00f3w. Oczekuj\u0105 jako\u015bci, niezawodnej obs\u0142ugi i braku problem\u00f3w. Ujmuj\u0105c to w prostych s\u0142owach: firma pralnicza, kt\u00f3ra spe\u0142ni potrzeby nowoczesnego klienta, odniesie sukces. Je\u015bli nie zdo\u0142a tego zrobi\u0107, pozostanie w tyle.<\/p>\n<p>W przypadku pralni samoobs\u0142ugowych liczy si\u0119 prostota. Klienci ceni\u0105 szybk\u0105 obs\u0142ug\u0119, zatem kluczowe jest zaoferowanie im p\u0142atno\u015bci zbli\u017ceniowych. Pomimo roli technologii, cyfrowa obs\u0142uga klienta nie mo\u017ce ca\u0142kowicie zast\u0105pi\u0107 czynnika ludzkiego. Obecno\u015b\u0107 pomocnego pracownika pralni (zw\u0142aszcza wieczorami) zapewnia dodatkowy spok\u00f3j i sprzyja budowaniu wi\u0119zi z klientami.<\/p>\n<p>Dla klient\u00f3w istotna jest r\u00f3wnie\u017c wydajno\u015b\u0107 maszyn \u2013 cykle prania oraz suszenia powinny by\u0107 stosunkowo kr\u00f3tkie. Nasze rozwi\u0105zania dla pralni samoobs\u0142ugowych Electrolux Professional zapewniaj\u0105 rekordowy czas pracy, wykorzystuj\u0105c najlepsze w klasie usuwanie wody, by wspom\u00f3c fazy suszenia i prasowania.[\/vc_column_text][vc_empty_space height=&#8221;15px&#8221;][elx_image image_media_library=&#8221;9658&#8243;][vc_empty_space][elx_heading text_color=&#8221;inherit&#8221;]Wnioski[\/elx_heading][vc_column_text]W ci\u0105gle zmieniaj\u0105cej si\u0119 bran\u017cy pralniczej nad\u0105\u017canie za nowymi trendami ma kluczowe znaczenie. Najlepsze pralnie samoobs\u0142ugowe szybko si\u0119 rozwijaj\u0105, wdra\u017caj\u0105c nowe technologie oraz proste rozwi\u0105zania w zakresie pralni komercyjnych, by przenie\u015b\u0107 zyski i zr\u00f3wnowa\u017cony rozw\u00f3j na nowy poziom.<\/p>\n<p>Inwestuj\u0105c w inteligentne, zr\u00f3wnowa\u017cone rozwi\u0105zania dla Twojej pralni samoobs\u0142ugowej, zwi\u0119kszysz skuteczno\u015b\u0107 i zadbasz o zr\u00f3wnowa\u017cony rozw\u00f3j, jednocze\u015bnie zwi\u0119kszaj\u0105c zyski oraz oferuj\u0105c swoim klientom bezproblemow\u0105 obs\u0142ug\u0119.<\/p>\n<p>&nbsp;<\/p>\n<p style=\"text-align: center;\"><a href=\"https:\/\/www.electroluxprofessional.com\/pl\/twoj-biznes\/pralnie-samoobslugowe\/mylaundry-pralnia-koncepcyjna\/\">Dowiedz si\u0119 wi\u0119cej<\/a><\/p>\n<p>[\/vc_column_text][\/vc_column][\/vc_row]<\/p>\n","protected":false},"excerpt":{"rendered":"<p>[vc_row][vc_column][vc_column_text]Odkryj, w jaki spos\u00f3b samoobs\u0142uga przyczynia si\u0119 do usprawnienia obs\u0142ugi klienta, dbania o zr\u00f3wnowa\u017cony rozw\u00f3j oraz poprawy skuteczno\u015bci i zadowolenia klient\u00f3w.[\/vc_column_text][vc_column_text]Ewolucja i ci\u0105g\u0142y rozw\u00f3j s\u0105 kluczowe dla ka\u017cdej bran\u017cy i nie jest inaczej w przypadku pralni samoobs\u0142ugowych. Nowoczesne pralnie samoobs\u0142ugowe r\u00f3\u017cni\u0105 si\u0119 obecnie od tych tradycyjnych, znanych nam z przesz\u0142o\u015bci. Ta transformacja spowodowana jest wi\u0119kszymi [&hellip;]<\/p>\n","protected":false},"author":79,"featured_media":9655,"comment_status":"open","ping_status":"closed","sticky":false,"template":"","format":"standard","meta":{"footnotes":""},"categories":[116,53,95,120,54],"tags":[],"class_list":["post-9659","post","type-post","status-publish","format-standard","has-post-thumbnail","hentry","category-innovation","category-news","category-laundry","category-trends-innovation","category-sustainability"],"acf":[],"yoast_head":"<!-- This site is optimized with the Yoast SEO plugin v23.3 - https:\/\/yoast.com\/wordpress\/plugins\/seo\/ -->\n<title>Pi\u0119\u0107 trend\u00f3w kszta\u0142tuj\u0105cych sektor pralni samoobs\u0142ugowych - Electrolux Professional Polska<\/title>\n<meta name=\"description\" content=\"Od autoraportowania problem\u00f3w, ekologiczne maszyny, po detergenty przyjazne dla \u015brodowiska \u2013 oto kluczowe trendy, kt\u00f3re nie przejd\u0105 bez echa w bran\u017cy pralni samoobs\u0142ugowych.\" \/>\n<meta name=\"robots\" content=\"index, follow, max-snippet:-1, max-image-preview:large, max-video-preview:-1\" \/>\n<link rel=\"canonical\" href=\"https:\/\/www.electroluxprofessional.com\/pl\/trendy-w-branzy-pralniczej\/\" \/>\n<meta property=\"og:locale\" content=\"pl_PL\" \/>\n<meta property=\"og:type\" content=\"article\" \/>\n<meta property=\"og:title\" content=\"Pi\u0119\u0107 trend\u00f3w kszta\u0142tuj\u0105cych sektor pralni samoobs\u0142ugowych - Electrolux Professional Polska\" \/>\n<meta property=\"og:description\" content=\"Od autoraportowania problem\u00f3w, ekologiczne maszyny, po detergenty przyjazne dla \u015brodowiska \u2013 oto kluczowe trendy, kt\u00f3re nie przejd\u0105 bez echa w bran\u017cy pralni samoobs\u0142ugowych.\" \/>\n<meta property=\"og:url\" content=\"https:\/\/www.electroluxprofessional.com\/pl\/trendy-w-branzy-pralniczej\/\" \/>\n<meta property=\"og:site_name\" content=\"Electrolux Professional Polska\" \/>\n<meta property=\"article:published_time\" content=\"2024-02-28T11:27:14+00:00\" \/>\n<meta property=\"article:modified_time\" content=\"2024-03-01T11:39:48+00:00\" \/>\n<meta property=\"og:image\" content=\"https:\/\/www.electroluxprofessional.com\/pl\/wp-content\/uploads\/2024\/03\/Five-trends-that-will-shape-the-self-service-laundry_main-img.jpg\" \/>\n\t<meta property=\"og:image:width\" content=\"1730\" \/>\n\t<meta property=\"og:image:height\" content=\"350\" \/>\n\t<meta property=\"og:image:type\" content=\"image\/jpeg\" \/>\n<meta name=\"author\" content=\"Agnieszka Wegner\" \/>\n<meta name=\"twitter:card\" content=\"summary_large_image\" \/>\n<meta name=\"twitter:label1\" content=\"Napisane przez\" \/>\n\t<meta name=\"twitter:data1\" content=\"Agnieszka Wegner\" \/>\n\t<meta name=\"twitter:label2\" content=\"Szacowany czas czytania\" \/>\n\t<meta name=\"twitter:data2\" content=\"5 minut\" \/>\n<script type=\"application\/ld+json\" class=\"yoast-schema-graph\">{\"@context\":\"https:\/\/schema.org\",\"@graph\":[{\"@type\":\"WebPage\",\"@id\":\"https:\/\/www.electroluxprofessional.com\/pl\/trendy-w-branzy-pralniczej\/\",\"url\":\"https:\/\/www.electroluxprofessional.com\/pl\/trendy-w-branzy-pralniczej\/\",\"name\":\"Pi\u0119\u0107 trend\u00f3w kszta\u0142tuj\u0105cych sektor pralni samoobs\u0142ugowych - Electrolux Professional Polska\",\"isPartOf\":{\"@id\":\"https:\/\/www.electroluxprofessional.com\/pl\/#website\"},\"primaryImageOfPage\":{\"@id\":\"https:\/\/www.electroluxprofessional.com\/pl\/trendy-w-branzy-pralniczej\/#primaryimage\"},\"image\":{\"@id\":\"https:\/\/www.electroluxprofessional.com\/pl\/trendy-w-branzy-pralniczej\/#primaryimage\"},\"thumbnailUrl\":\"https:\/\/www.electroluxprofessional.com\/pl\/wp-content\/uploads\/2024\/03\/Five-trends-that-will-shape-the-self-service-laundry_main-img.jpg\",\"datePublished\":\"2024-02-28T11:27:14+00:00\",\"dateModified\":\"2024-03-01T11:39:48+00:00\",\"author\":{\"@id\":\"https:\/\/www.electroluxprofessional.com\/pl\/#\/schema\/person\/0adabecc887c88395a0d1a05eca73d67\"},\"description\":\"Od autoraportowania problem\u00f3w, ekologiczne maszyny, po detergenty przyjazne dla \u015brodowiska \u2013 oto kluczowe trendy, kt\u00f3re nie przejd\u0105 bez echa w bran\u017cy pralni samoobs\u0142ugowych.\",\"breadcrumb\":{\"@id\":\"https:\/\/www.electroluxprofessional.com\/pl\/trendy-w-branzy-pralniczej\/#breadcrumb\"},\"inLanguage\":\"pl-PL\",\"potentialAction\":[{\"@type\":\"ReadAction\",\"target\":[\"https:\/\/www.electroluxprofessional.com\/pl\/trendy-w-branzy-pralniczej\/\"]}]},{\"@type\":\"ImageObject\",\"inLanguage\":\"pl-PL\",\"@id\":\"https:\/\/www.electroluxprofessional.com\/pl\/trendy-w-branzy-pralniczej\/#primaryimage\",\"url\":\"https:\/\/www.electroluxprofessional.com\/pl\/wp-content\/uploads\/2024\/03\/Five-trends-that-will-shape-the-self-service-laundry_main-img.jpg\",\"contentUrl\":\"https:\/\/www.electroluxprofessional.com\/pl\/wp-content\/uploads\/2024\/03\/Five-trends-that-will-shape-the-self-service-laundry_main-img.jpg\",\"width\":1730,\"height\":350},{\"@type\":\"BreadcrumbList\",\"@id\":\"https:\/\/www.electroluxprofessional.com\/pl\/trendy-w-branzy-pralniczej\/#breadcrumb\",\"itemListElement\":[{\"@type\":\"ListItem\",\"position\":1,\"name\":\"Strona g\u0142\u00f3wna\",\"item\":\"https:\/\/www.electroluxprofessional.com\/pl\/\"},{\"@type\":\"ListItem\",\"position\":2,\"name\":\"Pi\u0119\u0107 trend\u00f3w kszta\u0142tuj\u0105cych sektor pralni samoobs\u0142ugowych\"}]},{\"@type\":\"WebSite\",\"@id\":\"https:\/\/www.electroluxprofessional.com\/pl\/#website\",\"url\":\"https:\/\/www.electroluxprofessional.com\/pl\/\",\"name\":\"Electrolux Professional Polska\",\"description\":\"\",\"potentialAction\":[{\"@type\":\"SearchAction\",\"target\":{\"@type\":\"EntryPoint\",\"urlTemplate\":\"https:\/\/www.electroluxprofessional.com\/pl\/?src={search_term_string}\"},\"query-input\":\"required name=search_term_string\"}],\"inLanguage\":\"pl-PL\"},{\"@type\":\"Person\",\"@id\":\"https:\/\/www.electroluxprofessional.com\/pl\/#\/schema\/person\/0adabecc887c88395a0d1a05eca73d67\",\"name\":\"Agnieszka Wegner\",\"image\":{\"@type\":\"ImageObject\",\"inLanguage\":\"pl-PL\",\"@id\":\"https:\/\/www.electroluxprofessional.com\/pl\/#\/schema\/person\/image\/\",\"url\":\"https:\/\/secure.gravatar.com\/avatar\/0f7195937fa91fa3228faa278405087e?s=96&d=mm&r=g\",\"contentUrl\":\"https:\/\/secure.gravatar.com\/avatar\/0f7195937fa91fa3228faa278405087e?s=96&d=mm&r=g\",\"caption\":\"Agnieszka Wegner\"},\"url\":\"https:\/\/www.electroluxprofessional.com\/pl\/author\/agnieszka-agencjasan\/\"}]}<\/script>\n<!-- \/ Yoast SEO plugin. -->","yoast_head_json":{"title":"Pi\u0119\u0107 trend\u00f3w kszta\u0142tuj\u0105cych sektor pralni samoobs\u0142ugowych - Electrolux Professional Polska","description":"Od autoraportowania problem\u00f3w, ekologiczne maszyny, po detergenty przyjazne dla \u015brodowiska \u2013 oto kluczowe trendy, kt\u00f3re nie przejd\u0105 bez echa w bran\u017cy pralni samoobs\u0142ugowych.","robots":{"index":"index","follow":"follow","max-snippet":"max-snippet:-1","max-image-preview":"max-image-preview:large","max-video-preview":"max-video-preview:-1"},"canonical":"https:\/\/www.electroluxprofessional.com\/pl\/trendy-w-branzy-pralniczej\/","og_locale":"pl_PL","og_type":"article","og_title":"Pi\u0119\u0107 trend\u00f3w kszta\u0142tuj\u0105cych sektor pralni samoobs\u0142ugowych - Electrolux Professional Polska","og_description":"Od autoraportowania problem\u00f3w, ekologiczne maszyny, po detergenty przyjazne dla \u015brodowiska \u2013 oto kluczowe trendy, kt\u00f3re nie przejd\u0105 bez echa w bran\u017cy pralni samoobs\u0142ugowych.","og_url":"https:\/\/www.electroluxprofessional.com\/pl\/trendy-w-branzy-pralniczej\/","og_site_name":"Electrolux Professional Polska","article_published_time":"2024-02-28T11:27:14+00:00","article_modified_time":"2024-03-01T11:39:48+00:00","og_image":[{"width":1730,"height":350,"url":"https:\/\/www.electroluxprofessional.com\/pl\/wp-content\/uploads\/2024\/03\/Five-trends-that-will-shape-the-self-service-laundry_main-img.jpg","type":"image\/jpeg"}],"author":"Agnieszka Wegner","twitter_card":"summary_large_image","twitter_misc":{"Napisane przez":"Agnieszka Wegner","Szacowany czas czytania":"5 minut"},"schema":{"@context":"https:\/\/schema.org","@graph":[{"@type":"WebPage","@id":"https:\/\/www.electroluxprofessional.com\/pl\/trendy-w-branzy-pralniczej\/","url":"https:\/\/www.electroluxprofessional.com\/pl\/trendy-w-branzy-pralniczej\/","name":"Pi\u0119\u0107 trend\u00f3w kszta\u0142tuj\u0105cych sektor pralni samoobs\u0142ugowych - Electrolux Professional Polska","isPartOf":{"@id":"https:\/\/www.electroluxprofessional.com\/pl\/#website"},"primaryImageOfPage":{"@id":"https:\/\/www.electroluxprofessional.com\/pl\/trendy-w-branzy-pralniczej\/#primaryimage"},"image":{"@id":"https:\/\/www.electroluxprofessional.com\/pl\/trendy-w-branzy-pralniczej\/#primaryimage"},"thumbnailUrl":"https:\/\/www.electroluxprofessional.com\/pl\/wp-content\/uploads\/2024\/03\/Five-trends-that-will-shape-the-self-service-laundry_main-img.jpg","datePublished":"2024-02-28T11:27:14+00:00","dateModified":"2024-03-01T11:39:48+00:00","author":{"@id":"https:\/\/www.electroluxprofessional.com\/pl\/#\/schema\/person\/0adabecc887c88395a0d1a05eca73d67"},"description":"Od autoraportowania problem\u00f3w, ekologiczne maszyny, po detergenty przyjazne dla \u015brodowiska \u2013 oto kluczowe trendy, kt\u00f3re nie przejd\u0105 bez echa w bran\u017cy pralni samoobs\u0142ugowych.","breadcrumb":{"@id":"https:\/\/www.electroluxprofessional.com\/pl\/trendy-w-branzy-pralniczej\/#breadcrumb"},"inLanguage":"pl-PL","potentialAction":[{"@type":"ReadAction","target":["https:\/\/www.electroluxprofessional.com\/pl\/trendy-w-branzy-pralniczej\/"]}]},{"@type":"ImageObject","inLanguage":"pl-PL","@id":"https:\/\/www.electroluxprofessional.com\/pl\/trendy-w-branzy-pralniczej\/#primaryimage","url":"https:\/\/www.electroluxprofessional.com\/pl\/wp-content\/uploads\/2024\/03\/Five-trends-that-will-shape-the-self-service-laundry_main-img.jpg","contentUrl":"https:\/\/www.electroluxprofessional.com\/pl\/wp-content\/uploads\/2024\/03\/Five-trends-that-will-shape-the-self-service-laundry_main-img.jpg","width":1730,"height":350},{"@type":"BreadcrumbList","@id":"https:\/\/www.electroluxprofessional.com\/pl\/trendy-w-branzy-pralniczej\/#breadcrumb","itemListElement":[{"@type":"ListItem","position":1,"name":"Strona g\u0142\u00f3wna","item":"https:\/\/www.electroluxprofessional.com\/pl\/"},{"@type":"ListItem","position":2,"name":"Pi\u0119\u0107 trend\u00f3w kszta\u0142tuj\u0105cych sektor pralni samoobs\u0142ugowych"}]},{"@type":"WebSite","@id":"https:\/\/www.electroluxprofessional.com\/pl\/#website","url":"https:\/\/www.electroluxprofessional.com\/pl\/","name":"Electrolux Professional Polska","description":"","potentialAction":[{"@type":"SearchAction","target":{"@type":"EntryPoint","urlTemplate":"https:\/\/www.electroluxprofessional.com\/pl\/?src={search_term_string}"},"query-input":"required name=search_term_string"}],"inLanguage":"pl-PL"},{"@type":"Person","@id":"https:\/\/www.electroluxprofessional.com\/pl\/#\/schema\/person\/0adabecc887c88395a0d1a05eca73d67","name":"Agnieszka Wegner","image":{"@type":"ImageObject","inLanguage":"pl-PL","@id":"https:\/\/www.electroluxprofessional.com\/pl\/#\/schema\/person\/image\/","url":"https:\/\/secure.gravatar.com\/avatar\/0f7195937fa91fa3228faa278405087e?s=96&d=mm&r=g","contentUrl":"https:\/\/secure.gravatar.com\/avatar\/0f7195937fa91fa3228faa278405087e?s=96&d=mm&r=g","caption":"Agnieszka Wegner"},"url":"https:\/\/www.electroluxprofessional.com\/pl\/author\/agnieszka-agencjasan\/"}]}},"_links":{"self":[{"href":"https:\/\/www.electroluxprofessional.com\/pl\/wp-json\/wp\/v2\/posts\/9659"}],"collection":[{"href":"https:\/\/www.electroluxprofessional.com\/pl\/wp-json\/wp\/v2\/posts"}],"about":[{"href":"https:\/\/www.electroluxprofessional.com\/pl\/wp-json\/wp\/v2\/types\/post"}],"author":[{"embeddable":true,"href":"https:\/\/www.electroluxprofessional.com\/pl\/wp-json\/wp\/v2\/users\/79"}],"replies":[{"embeddable":true,"href":"https:\/\/www.electroluxprofessional.com\/pl\/wp-json\/wp\/v2\/comments?post=9659"}],"version-history":[{"count":2,"href":"https:\/\/www.electroluxprofessional.com\/pl\/wp-json\/wp\/v2\/posts\/9659\/revisions"}],"predecessor-version":[{"id":9662,"href":"https:\/\/www.electroluxprofessional.com\/pl\/wp-json\/wp\/v2\/posts\/9659\/revisions\/9662"}],"wp:featuredmedia":[{"embeddable":true,"href":"https:\/\/www.electroluxprofessional.com\/pl\/wp-json\/wp\/v2\/media\/9655"}],"wp:attachment":[{"href":"https:\/\/www.electroluxprofessional.com\/pl\/wp-json\/wp\/v2\/media?parent=9659"}],"wp:term":[{"taxonomy":"category","embeddable":true,"href":"https:\/\/www.electroluxprofessional.com\/pl\/wp-json\/wp\/v2\/categories?post=9659"},{"taxonomy":"post_tag","embeddable":true,"href":"https:\/\/www.electroluxprofessional.com\/pl\/wp-json\/wp\/v2\/tags?post=9659"}],"curies":[{"name":"wp","href":"https:\/\/api.w.org\/{rel}","templated":true}]}}