{"id":3793,"date":"2017-10-27T09:14:37","date_gmt":"2017-10-27T09:14:37","guid":{"rendered":"https:\/\/www.electroluxprofessional.com\/pl\/?p=3793"},"modified":"2018-05-29T09:15:30","modified_gmt":"2018-05-29T09:15:30","slug":"trening-techniczny-dla-autoryzowanych-partnerow-firm-serwisowych","status":"publish","type":"post","link":"https:\/\/www.electroluxprofessional.com\/pl\/trening-techniczny-dla-autoryzowanych-partnerow-firm-serwisowych\/","title":{"rendered":"Trening techniczny dla Autoryzowanych Partner\u00f3w i firm serwisowych."},"content":{"rendered":"<div class=\"wpb-content-wrapper\"><p>[vc_row][vc_column][vc_column_text]Electrolux Professional zorganizowa\u0142 we wrze\u015bniu 2017 roku w Warszawie szkolenie techniczne dla Autoryzowanych Partner\u00f3w i wsp\u00f3\u0142pracuj\u0105cych firm serwisowych. Ze strony producenta trening prowadzi\u0142 pan Timofey Doroshenko Technical Manager na Europ\u0119 Wschodni\u0105. Obecny by\u0142 r\u00f3wnie\u017c pan Janusz Stankiewicz Area Manager na Europ\u0119 Centralno-Wschodni\u0105.<\/p>\n<p>G\u0142\u00f3wnym celem tego szkolenia by\u0142o przekazanie szerokiej i praktycznej wiedzy odno\u015bnie nowych rozwi\u0105za\u0144 technicznych firmy Electrolux Professional. 2-dniowa Agenda zawiera\u0142a mi\u0119dzy innymi nast\u0119puj\u0105ce tematy: sterownik Compass Pro, nowa generacja systemu czyszczenia wodnego Lagoon Advanced Care, EDS automatyczny system dozowania detergent\u00f3w, programy software do analizy awarii lub b\u0142\u0119d\u00f3w i tworzenia lub zmian program\u00f3w pralniczych. \u015awie\u017co nabyte wiadomo\u015bci uczestnicy szkolenia mogli utrwali\u0107 sobie, praktykuj\u0105c intensywnie przy maszynach pralniczych.<\/p>\n<p>Electrolux Professional otrzyma\u0142 bardzo pozytywny feedback ze zorganizowanego treningu. Pan Janusz Stankiewicz zaznacza: \u201e Cieszymy si\u0119, \u017ce wsp\u00f3\u0142pracuje z nami coraz wi\u0119ksza ilo\u015b\u0107 profesjonalnych firm serwisowych. Poprzez ten rozw\u00f3j oferujemy bardzo szybkie reakcje na wszelkie problemy techniczne, wyst\u0119puj\u0105ce u naszych klient\u00f3w.\u201d<\/p>\n<p>&nbsp;<\/p>\n<div id='gallery-1' class='gallery galleryid-3793 gallery-columns-2 gallery-size-large'><figure class='gallery-item'>\n\t\t\t<div class='gallery-icon landscape'>\n\t\t\t\t<a href='https:\/\/www.electroluxprofessional.com\/pl\/wp-content\/uploads\/2017\/11\/IMG_0713.jpg'><img loading=\"lazy\" decoding=\"async\" width=\"640\" height=\"443\" src=\"https:\/\/www.electroluxprofessional.com\/pl\/wp-content\/uploads\/2017\/11\/IMG_0713-1024x709.jpg\" class=\"attachment-large size-large\" alt=\"IMG_0713\" srcset=\"https:\/\/www.electroluxprofessional.com\/pl\/wp-content\/uploads\/2017\/11\/IMG_0713-1024x709.jpg 1024w, https:\/\/www.electroluxprofessional.com\/pl\/wp-content\/uploads\/2017\/11\/IMG_0713-300x208.jpg 300w, https:\/\/www.electroluxprofessional.com\/pl\/wp-content\/uploads\/2017\/11\/IMG_0713-768x532.jpg 768w, https:\/\/www.electroluxprofessional.com\/pl\/wp-content\/uploads\/2017\/11\/IMG_0713.jpg 1600w\" sizes=\"auto, (max-width: 640px) 100vw, 640px\" \/><\/a>\n\t\t\t<\/div><\/figure><figure class='gallery-item'>\n\t\t\t<div class='gallery-icon landscape'>\n\t\t\t\t<a href='https:\/\/www.electroluxprofessional.com\/pl\/wp-content\/uploads\/2017\/11\/IMG_0720.jpg'><img loading=\"lazy\" decoding=\"async\" width=\"640\" height=\"414\" src=\"https:\/\/www.electroluxprofessional.com\/pl\/wp-content\/uploads\/2017\/11\/IMG_0720-1024x663.jpg\" class=\"attachment-large size-large\" alt=\"IMG_0720\" srcset=\"https:\/\/www.electroluxprofessional.com\/pl\/wp-content\/uploads\/2017\/11\/IMG_0720-1024x663.jpg 1024w, https:\/\/www.electroluxprofessional.com\/pl\/wp-content\/uploads\/2017\/11\/IMG_0720-300x194.jpg 300w, https:\/\/www.electroluxprofessional.com\/pl\/wp-content\/uploads\/2017\/11\/IMG_0720-768x497.jpg 768w, https:\/\/www.electroluxprofessional.com\/pl\/wp-content\/uploads\/2017\/11\/IMG_0720.jpg 1600w\" sizes=\"auto, (max-width: 640px) 100vw, 640px\" \/><\/a>\n\t\t\t<\/div><\/figure><figure class='gallery-item'>\n\t\t\t<div class='gallery-icon landscape'>\n\t\t\t\t<a href='https:\/\/www.electroluxprofessional.com\/pl\/wp-content\/uploads\/2017\/11\/IMG_0718.jpg'><img loading=\"lazy\" decoding=\"async\" width=\"640\" height=\"427\" src=\"https:\/\/www.electroluxprofessional.com\/pl\/wp-content\/uploads\/2017\/11\/IMG_0718-1024x683.jpg\" class=\"attachment-large size-large\" alt=\"IMG_0718\" srcset=\"https:\/\/www.electroluxprofessional.com\/pl\/wp-content\/uploads\/2017\/11\/IMG_0718-1024x683.jpg 1024w, https:\/\/www.electroluxprofessional.com\/pl\/wp-content\/uploads\/2017\/11\/IMG_0718-300x200.jpg 300w, https:\/\/www.electroluxprofessional.com\/pl\/wp-content\/uploads\/2017\/11\/IMG_0718-768x512.jpg 768w, https:\/\/www.electroluxprofessional.com\/pl\/wp-content\/uploads\/2017\/11\/IMG_0718.jpg 1600w\" sizes=\"auto, (max-width: 640px) 100vw, 640px\" \/><\/a>\n\t\t\t<\/div><\/figure><figure class='gallery-item'>\n\t\t\t<div class='gallery-icon landscape'>\n\t\t\t\t<a href='https:\/\/www.electroluxprofessional.com\/pl\/wp-content\/uploads\/2017\/11\/IMG_0716.jpg'><img loading=\"lazy\" decoding=\"async\" width=\"640\" height=\"441\" src=\"https:\/\/www.electroluxprofessional.com\/pl\/wp-content\/uploads\/2017\/11\/IMG_0716-1024x705.jpg\" class=\"attachment-large size-large\" alt=\"IMG_0716\" srcset=\"https:\/\/www.electroluxprofessional.com\/pl\/wp-content\/uploads\/2017\/11\/IMG_0716-1024x705.jpg 1024w, https:\/\/www.electroluxprofessional.com\/pl\/wp-content\/uploads\/2017\/11\/IMG_0716-300x207.jpg 300w, https:\/\/www.electroluxprofessional.com\/pl\/wp-content\/uploads\/2017\/11\/IMG_0716-768x529.jpg 768w, https:\/\/www.electroluxprofessional.com\/pl\/wp-content\/uploads\/2017\/11\/IMG_0716.jpg 1600w\" sizes=\"auto, (max-width: 640px) 100vw, 640px\" \/><\/a>\n\t\t\t<\/div><\/figure>\n\t\t<\/div>\n\n<p style=\"text-align: center;\">Masz dodatkowe pytania? Skontaktuj si\u0119:<\/p>\n<p style=\"text-align: center;\"><strong>Janusz Stankiewicz<\/strong><br \/>\nSystemy pralnicze Electrolux Professional<\/p>\n<p style=\"text-align: center;\">E-Mail: <a href=\"mailto:janusz.stankiewicz@electrolux.com\">janusz.stankiewicz@electrolux.com<\/a><br \/>\nMob.: 0049 175 2642124<\/p>\n<p>[\/vc_column_text][vc_empty_space][\/vc_column][vc_column][vc_row_inner][vc_column_inner width=&#8221;1\/2&#8243;][elx_maylike_box id_box=&#8221;1641&#8243;][\/vc_column_inner][vc_column_inner width=&#8221;1\/2&#8243;][elx_maylike_box id_box=&#8221;1772&#8243;][\/vc_column_inner][\/vc_row_inner][\/vc_column][\/vc_row]<\/p>\n<\/div>","protected":false},"excerpt":{"rendered":"<p>[vc_row][vc_column][vc_column_text]Electrolux Professional zorganizowa\u0142 we wrze\u015bniu 2017 roku w Warszawie szkolenie techniczne dla Autoryzowanych Partner\u00f3w i wsp\u00f3\u0142pracuj\u0105cych firm serwisowych. Ze strony producenta trening prowadzi\u0142 pan Timofey Doroshenko Technical Manager na Europ\u0119 Wschodni\u0105. Obecny by\u0142 r\u00f3wnie\u017c pan Janusz Stankiewicz Area Manager na Europ\u0119 Centralno-Wschodni\u0105. G\u0142\u00f3wnym celem tego szkolenia by\u0142o przekazanie szerokiej i praktycznej wiedzy odno\u015bnie nowych rozwi\u0105za\u0144 [&hellip;]<\/p>\n","protected":false},"author":3,"featured_media":3794,"comment_status":"closed","ping_status":"closed","sticky":false,"template":"","format":"standard","meta":{"_acf_changed":false,"footnotes":"","_members_access_role":[],"_members_access_error":""},"categories":[78],"tags":[],"class_list":["post-3793","post","type-post","status-publish","format-standard","has-post-thumbnail","hentry","category-aktualnosci"],"acf":[],"yoast_head":"<!-- This site is optimized with the Yoast SEO plugin v28.2 - https:\/\/yoast.com\/product\/yoast-seo-wordpress\/ -->\n<title>Trening techniczny dla Autoryzowanych Partner\u00f3w i firm serwisowych. - Electrolux Professional Polska<\/title>\n<meta name=\"robots\" content=\"index, follow, max-snippet:-1, max-image-preview:large, max-video-preview:-1\" \/>\n<link rel=\"canonical\" href=\"https:\/\/www.electroluxprofessional.com\/pl\/trening-techniczny-dla-autoryzowanych-partnerow-firm-serwisowych\/\" \/>\n<meta property=\"og:locale\" content=\"pl_PL\" \/>\n<meta property=\"og:type\" content=\"article\" \/>\n<meta property=\"og:title\" content=\"Trening techniczny dla Autoryzowanych Partner\u00f3w i firm serwisowych. - Electrolux Professional Polska\" \/>\n<meta property=\"og:description\" content=\"[vc_row][vc_column][vc_column_text]Electrolux Professional zorganizowa\u0142 we wrze\u015bniu 2017 roku w Warszawie szkolenie techniczne dla Autoryzowanych Partner\u00f3w i wsp\u00f3\u0142pracuj\u0105cych firm serwisowych. Ze strony producenta trening prowadzi\u0142 pan Timofey Doroshenko Technical Manager na Europ\u0119 Wschodni\u0105. Obecny by\u0142 r\u00f3wnie\u017c pan Janusz Stankiewicz Area Manager na Europ\u0119 Centralno-Wschodni\u0105. G\u0142\u00f3wnym celem tego szkolenia by\u0142o przekazanie szerokiej i praktycznej wiedzy odno\u015bnie nowych rozwi\u0105za\u0144 [&hellip;]\" \/>\n<meta property=\"og:url\" content=\"https:\/\/www.electroluxprofessional.com\/pl\/trening-techniczny-dla-autoryzowanych-partnerow-firm-serwisowych\/\" \/>\n<meta property=\"og:site_name\" content=\"Electrolux Professional Polska\" \/>\n<meta property=\"article:published_time\" content=\"2017-10-27T09:14:37+00:00\" \/>\n<meta property=\"article:modified_time\" content=\"2018-05-29T09:15:30+00:00\" \/>\n<meta property=\"og:image\" content=\"https:\/\/www.electroluxprofessional.com\/pl\/wp-content\/uploads\/2017\/11\/IMG_0713.jpg\" \/>\n\t<meta property=\"og:image:width\" content=\"1600\" \/>\n\t<meta property=\"og:image:height\" content=\"1108\" \/>\n\t<meta property=\"og:image:type\" content=\"image\/jpeg\" \/>\n<meta name=\"author\" content=\"janusz.stankiewicz@electrolux.com\" \/>\n<meta name=\"twitter:card\" content=\"summary_large_image\" \/>\n<meta name=\"twitter:label1\" content=\"Napisane przez\" \/>\n\t<meta name=\"twitter:data1\" content=\"janusz.stankiewicz@electrolux.com\" \/>\n\t<meta name=\"twitter:label2\" content=\"Szacowany czas czytania\" \/>\n\t<meta name=\"twitter:data2\" content=\"1 minuta\" \/>\n<script type=\"application\/ld+json\" class=\"yoast-schema-graph\">{\"@context\":\"https:\\\/\\\/schema.org\",\"@graph\":[{\"@type\":\"Article\",\"@id\":\"https:\\\/\\\/www.electroluxprofessional.com\\\/pl\\\/trening-techniczny-dla-autoryzowanych-partnerow-firm-serwisowych\\\/#article\",\"isPartOf\":{\"@id\":\"https:\\\/\\\/www.electroluxprofessional.com\\\/pl\\\/trening-techniczny-dla-autoryzowanych-partnerow-firm-serwisowych\\\/\"},\"author\":{\"name\":\"janusz.stankiewicz@electrolux.com\",\"@id\":\"https:\\\/\\\/www.electroluxprofessional.com\\\/pl\\\/#\\\/schema\\\/person\\\/2044fbaf3147c0bd7579a163f19ce5af\"},\"headline\":\"Trening techniczny dla Autoryzowanych Partner\u00f3w i firm serwisowych.\",\"datePublished\":\"2017-10-27T09:14:37+00:00\",\"dateModified\":\"2018-05-29T09:15:30+00:00\",\"mainEntityOfPage\":{\"@id\":\"https:\\\/\\\/www.electroluxprofessional.com\\\/pl\\\/trening-techniczny-dla-autoryzowanych-partnerow-firm-serwisowych\\\/\"},\"wordCount\":258,\"image\":{\"@id\":\"https:\\\/\\\/www.electroluxprofessional.com\\\/pl\\\/trening-techniczny-dla-autoryzowanych-partnerow-firm-serwisowych\\\/#primaryimage\"},\"thumbnailUrl\":\"https:\\\/\\\/www.electroluxprofessional.com\\\/pl\\\/wp-content\\\/uploads\\\/2017\\\/11\\\/IMG_0713.jpg\",\"articleSection\":[\"Aktualno\u015bci\"],\"inLanguage\":\"pl-PL\"},{\"@type\":\"WebPage\",\"@id\":\"https:\\\/\\\/www.electroluxprofessional.com\\\/pl\\\/trening-techniczny-dla-autoryzowanych-partnerow-firm-serwisowych\\\/\",\"url\":\"https:\\\/\\\/www.electroluxprofessional.com\\\/pl\\\/trening-techniczny-dla-autoryzowanych-partnerow-firm-serwisowych\\\/\",\"name\":\"Trening techniczny dla Autoryzowanych Partner\u00f3w i firm serwisowych. - Electrolux Professional Polska\",\"isPartOf\":{\"@id\":\"https:\\\/\\\/www.electroluxprofessional.com\\\/pl\\\/#website\"},\"primaryImageOfPage\":{\"@id\":\"https:\\\/\\\/www.electroluxprofessional.com\\\/pl\\\/trening-techniczny-dla-autoryzowanych-partnerow-firm-serwisowych\\\/#primaryimage\"},\"image\":{\"@id\":\"https:\\\/\\\/www.electroluxprofessional.com\\\/pl\\\/trening-techniczny-dla-autoryzowanych-partnerow-firm-serwisowych\\\/#primaryimage\"},\"thumbnailUrl\":\"https:\\\/\\\/www.electroluxprofessional.com\\\/pl\\\/wp-content\\\/uploads\\\/2017\\\/11\\\/IMG_0713.jpg\",\"datePublished\":\"2017-10-27T09:14:37+00:00\",\"dateModified\":\"2018-05-29T09:15:30+00:00\",\"author\":{\"@id\":\"https:\\\/\\\/www.electroluxprofessional.com\\\/pl\\\/#\\\/schema\\\/person\\\/2044fbaf3147c0bd7579a163f19ce5af\"},\"breadcrumb\":{\"@id\":\"https:\\\/\\\/www.electroluxprofessional.com\\\/pl\\\/trening-techniczny-dla-autoryzowanych-partnerow-firm-serwisowych\\\/#breadcrumb\"},\"inLanguage\":\"pl-PL\",\"potentialAction\":[{\"@type\":\"ReadAction\",\"target\":[\"https:\\\/\\\/www.electroluxprofessional.com\\\/pl\\\/trening-techniczny-dla-autoryzowanych-partnerow-firm-serwisowych\\\/\"]}]},{\"@type\":\"ImageObject\",\"inLanguage\":\"pl-PL\",\"@id\":\"https:\\\/\\\/www.electroluxprofessional.com\\\/pl\\\/trening-techniczny-dla-autoryzowanych-partnerow-firm-serwisowych\\\/#primaryimage\",\"url\":\"https:\\\/\\\/www.electroluxprofessional.com\\\/pl\\\/wp-content\\\/uploads\\\/2017\\\/11\\\/IMG_0713.jpg\",\"contentUrl\":\"https:\\\/\\\/www.electroluxprofessional.com\\\/pl\\\/wp-content\\\/uploads\\\/2017\\\/11\\\/IMG_0713.jpg\",\"width\":1600,\"height\":1108,\"caption\":\"IMG_0713\"},{\"@type\":\"BreadcrumbList\",\"@id\":\"https:\\\/\\\/www.electroluxprofessional.com\\\/pl\\\/trening-techniczny-dla-autoryzowanych-partnerow-firm-serwisowych\\\/#breadcrumb\",\"itemListElement\":[{\"@type\":\"ListItem\",\"position\":1,\"name\":\"Strona g\u0142\u00f3wna\",\"item\":\"https:\\\/\\\/www.electroluxprofessional.com\\\/pl\\\/\"},{\"@type\":\"ListItem\",\"position\":2,\"name\":\"Trening techniczny dla Autoryzowanych Partner\u00f3w i firm serwisowych.\"}]},{\"@type\":\"WebSite\",\"@id\":\"https:\\\/\\\/www.electroluxprofessional.com\\\/pl\\\/#website\",\"url\":\"https:\\\/\\\/www.electroluxprofessional.com\\\/pl\\\/\",\"name\":\"Electrolux Professional Polska\",\"description\":\"\",\"potentialAction\":[{\"@type\":\"SearchAction\",\"target\":{\"@type\":\"EntryPoint\",\"urlTemplate\":\"https:\\\/\\\/www.electroluxprofessional.com\\\/pl\\\/?src={search_term_string}\"},\"query-input\":{\"@type\":\"PropertyValueSpecification\",\"valueRequired\":true,\"valueName\":\"search_term_string\"}}],\"inLanguage\":\"pl-PL\"},{\"@type\":\"Person\",\"@id\":\"https:\\\/\\\/www.electroluxprofessional.com\\\/pl\\\/#\\\/schema\\\/person\\\/2044fbaf3147c0bd7579a163f19ce5af\",\"name\":\"janusz.stankiewicz@electrolux.com\",\"image\":{\"@type\":\"ImageObject\",\"inLanguage\":\"pl-PL\",\"@id\":\"https:\\\/\\\/secure.gravatar.com\\\/avatar\\\/27a13dc096d479a8b6bdceea386f8fb05db159bb672c12e7f12d685d95628576?s=96&d=mm&r=g\",\"url\":\"https:\\\/\\\/secure.gravatar.com\\\/avatar\\\/27a13dc096d479a8b6bdceea386f8fb05db159bb672c12e7f12d685d95628576?s=96&d=mm&r=g\",\"contentUrl\":\"https:\\\/\\\/secure.gravatar.com\\\/avatar\\\/27a13dc096d479a8b6bdceea386f8fb05db159bb672c12e7f12d685d95628576?s=96&d=mm&r=g\",\"caption\":\"janusz.stankiewicz@electrolux.com\"},\"url\":\"https:\\\/\\\/www.electroluxprofessional.com\\\/pl\\\/author\\\/janusz-stankiewicz\\\/\"}]}<\/script>\n<!-- \/ Yoast SEO plugin. -->","yoast_head_json":{"title":"Trening techniczny dla Autoryzowanych Partner\u00f3w i firm serwisowych. - Electrolux Professional Polska","robots":{"index":"index","follow":"follow","max-snippet":"max-snippet:-1","max-image-preview":"max-image-preview:large","max-video-preview":"max-video-preview:-1"},"canonical":"https:\/\/www.electroluxprofessional.com\/pl\/trening-techniczny-dla-autoryzowanych-partnerow-firm-serwisowych\/","og_locale":"pl_PL","og_type":"article","og_title":"Trening techniczny dla Autoryzowanych Partner\u00f3w i firm serwisowych. - Electrolux Professional Polska","og_description":"[vc_row][vc_column][vc_column_text]Electrolux Professional zorganizowa\u0142 we wrze\u015bniu 2017 roku w Warszawie szkolenie techniczne dla Autoryzowanych Partner\u00f3w i wsp\u00f3\u0142pracuj\u0105cych firm serwisowych. Ze strony producenta trening prowadzi\u0142 pan Timofey Doroshenko Technical Manager na Europ\u0119 Wschodni\u0105. Obecny by\u0142 r\u00f3wnie\u017c pan Janusz Stankiewicz Area Manager na Europ\u0119 Centralno-Wschodni\u0105. G\u0142\u00f3wnym celem tego szkolenia by\u0142o przekazanie szerokiej i praktycznej wiedzy odno\u015bnie nowych rozwi\u0105za\u0144 [&hellip;]","og_url":"https:\/\/www.electroluxprofessional.com\/pl\/trening-techniczny-dla-autoryzowanych-partnerow-firm-serwisowych\/","og_site_name":"Electrolux Professional Polska","article_published_time":"2017-10-27T09:14:37+00:00","article_modified_time":"2018-05-29T09:15:30+00:00","og_image":[{"width":1600,"height":1108,"url":"https:\/\/www.electroluxprofessional.com\/pl\/wp-content\/uploads\/2017\/11\/IMG_0713.jpg","type":"image\/jpeg"}],"author":"janusz.stankiewicz@electrolux.com","twitter_card":"summary_large_image","twitter_misc":{"Napisane przez":"janusz.stankiewicz@electrolux.com","Szacowany czas czytania":"1 minuta"},"schema":{"@context":"https:\/\/schema.org","@graph":[{"@type":"Article","@id":"https:\/\/www.electroluxprofessional.com\/pl\/trening-techniczny-dla-autoryzowanych-partnerow-firm-serwisowych\/#article","isPartOf":{"@id":"https:\/\/www.electroluxprofessional.com\/pl\/trening-techniczny-dla-autoryzowanych-partnerow-firm-serwisowych\/"},"author":{"name":"janusz.stankiewicz@electrolux.com","@id":"https:\/\/www.electroluxprofessional.com\/pl\/#\/schema\/person\/2044fbaf3147c0bd7579a163f19ce5af"},"headline":"Trening techniczny dla Autoryzowanych Partner\u00f3w i firm serwisowych.","datePublished":"2017-10-27T09:14:37+00:00","dateModified":"2018-05-29T09:15:30+00:00","mainEntityOfPage":{"@id":"https:\/\/www.electroluxprofessional.com\/pl\/trening-techniczny-dla-autoryzowanych-partnerow-firm-serwisowych\/"},"wordCount":258,"image":{"@id":"https:\/\/www.electroluxprofessional.com\/pl\/trening-techniczny-dla-autoryzowanych-partnerow-firm-serwisowych\/#primaryimage"},"thumbnailUrl":"https:\/\/www.electroluxprofessional.com\/pl\/wp-content\/uploads\/2017\/11\/IMG_0713.jpg","articleSection":["Aktualno\u015bci"],"inLanguage":"pl-PL"},{"@type":"WebPage","@id":"https:\/\/www.electroluxprofessional.com\/pl\/trening-techniczny-dla-autoryzowanych-partnerow-firm-serwisowych\/","url":"https:\/\/www.electroluxprofessional.com\/pl\/trening-techniczny-dla-autoryzowanych-partnerow-firm-serwisowych\/","name":"Trening techniczny dla Autoryzowanych Partner\u00f3w i firm serwisowych. - Electrolux Professional Polska","isPartOf":{"@id":"https:\/\/www.electroluxprofessional.com\/pl\/#website"},"primaryImageOfPage":{"@id":"https:\/\/www.electroluxprofessional.com\/pl\/trening-techniczny-dla-autoryzowanych-partnerow-firm-serwisowych\/#primaryimage"},"image":{"@id":"https:\/\/www.electroluxprofessional.com\/pl\/trening-techniczny-dla-autoryzowanych-partnerow-firm-serwisowych\/#primaryimage"},"thumbnailUrl":"https:\/\/www.electroluxprofessional.com\/pl\/wp-content\/uploads\/2017\/11\/IMG_0713.jpg","datePublished":"2017-10-27T09:14:37+00:00","dateModified":"2018-05-29T09:15:30+00:00","author":{"@id":"https:\/\/www.electroluxprofessional.com\/pl\/#\/schema\/person\/2044fbaf3147c0bd7579a163f19ce5af"},"breadcrumb":{"@id":"https:\/\/www.electroluxprofessional.com\/pl\/trening-techniczny-dla-autoryzowanych-partnerow-firm-serwisowych\/#breadcrumb"},"inLanguage":"pl-PL","potentialAction":[{"@type":"ReadAction","target":["https:\/\/www.electroluxprofessional.com\/pl\/trening-techniczny-dla-autoryzowanych-partnerow-firm-serwisowych\/"]}]},{"@type":"ImageObject","inLanguage":"pl-PL","@id":"https:\/\/www.electroluxprofessional.com\/pl\/trening-techniczny-dla-autoryzowanych-partnerow-firm-serwisowych\/#primaryimage","url":"https:\/\/www.electroluxprofessional.com\/pl\/wp-content\/uploads\/2017\/11\/IMG_0713.jpg","contentUrl":"https:\/\/www.electroluxprofessional.com\/pl\/wp-content\/uploads\/2017\/11\/IMG_0713.jpg","width":1600,"height":1108,"caption":"IMG_0713"},{"@type":"BreadcrumbList","@id":"https:\/\/www.electroluxprofessional.com\/pl\/trening-techniczny-dla-autoryzowanych-partnerow-firm-serwisowych\/#breadcrumb","itemListElement":[{"@type":"ListItem","position":1,"name":"Strona g\u0142\u00f3wna","item":"https:\/\/www.electroluxprofessional.com\/pl\/"},{"@type":"ListItem","position":2,"name":"Trening techniczny dla Autoryzowanych Partner\u00f3w i firm serwisowych."}]},{"@type":"WebSite","@id":"https:\/\/www.electroluxprofessional.com\/pl\/#website","url":"https:\/\/www.electroluxprofessional.com\/pl\/","name":"Electrolux Professional Polska","description":"","potentialAction":[{"@type":"SearchAction","target":{"@type":"EntryPoint","urlTemplate":"https:\/\/www.electroluxprofessional.com\/pl\/?src={search_term_string}"},"query-input":{"@type":"PropertyValueSpecification","valueRequired":true,"valueName":"search_term_string"}}],"inLanguage":"pl-PL"},{"@type":"Person","@id":"https:\/\/www.electroluxprofessional.com\/pl\/#\/schema\/person\/2044fbaf3147c0bd7579a163f19ce5af","name":"janusz.stankiewicz@electrolux.com","image":{"@type":"ImageObject","inLanguage":"pl-PL","@id":"https:\/\/secure.gravatar.com\/avatar\/27a13dc096d479a8b6bdceea386f8fb05db159bb672c12e7f12d685d95628576?s=96&d=mm&r=g","url":"https:\/\/secure.gravatar.com\/avatar\/27a13dc096d479a8b6bdceea386f8fb05db159bb672c12e7f12d685d95628576?s=96&d=mm&r=g","contentUrl":"https:\/\/secure.gravatar.com\/avatar\/27a13dc096d479a8b6bdceea386f8fb05db159bb672c12e7f12d685d95628576?s=96&d=mm&r=g","caption":"janusz.stankiewicz@electrolux.com"},"url":"https:\/\/www.electroluxprofessional.com\/pl\/author\/janusz-stankiewicz\/"}]}},"_links":{"self":[{"href":"https:\/\/www.electroluxprofessional.com\/pl\/wp-json\/wp\/v2\/posts\/3793","targetHints":{"allow":["GET"]}}],"collection":[{"href":"https:\/\/www.electroluxprofessional.com\/pl\/wp-json\/wp\/v2\/posts"}],"about":[{"href":"https:\/\/www.electroluxprofessional.com\/pl\/wp-json\/wp\/v2\/types\/post"}],"author":[{"embeddable":true,"href":"https:\/\/www.electroluxprofessional.com\/pl\/wp-json\/wp\/v2\/users\/3"}],"replies":[{"embeddable":true,"href":"https:\/\/www.electroluxprofessional.com\/pl\/wp-json\/wp\/v2\/comments?post=3793"}],"version-history":[{"count":1,"href":"https:\/\/www.electroluxprofessional.com\/pl\/wp-json\/wp\/v2\/posts\/3793\/revisions"}],"predecessor-version":[{"id":3798,"href":"https:\/\/www.electroluxprofessional.com\/pl\/wp-json\/wp\/v2\/posts\/3793\/revisions\/3798"}],"wp:featuredmedia":[{"embeddable":true,"href":"https:\/\/www.electroluxprofessional.com\/pl\/wp-json\/wp\/v2\/media\/3794"}],"wp:attachment":[{"href":"https:\/\/www.electroluxprofessional.com\/pl\/wp-json\/wp\/v2\/media?parent=3793"}],"wp:term":[{"taxonomy":"category","embeddable":true,"href":"https:\/\/www.electroluxprofessional.com\/pl\/wp-json\/wp\/v2\/categories?post=3793"},{"taxonomy":"post_tag","embeddable":true,"href":"https:\/\/www.electroluxprofessional.com\/pl\/wp-json\/wp\/v2\/tags?post=3793"}],"curies":[{"name":"wp","href":"https:\/\/api.w.org\/{rel}","templated":true}]}}