{"id":3783,"date":"2017-11-27T09:05:28","date_gmt":"2017-11-27T09:05:28","guid":{"rendered":"https:\/\/www.electroluxprofessional.com\/pl\/?p=3783"},"modified":"2019-03-22T12:27:34","modified_gmt":"2019-03-22T12:27:34","slug":"pralnia-hotelowa-idealnym-rozwiazaniem-dla-hotelu-radisson-blu-w-swinoujsciu","status":"publish","type":"post","link":"https:\/\/www.electroluxprofessional.com\/pl\/pralnia-hotelowa-idealnym-rozwiazaniem-dla-hotelu-radisson-blu-w-swinoujsciu\/","title":{"rendered":"Pralnia Hotelowa \u2013 idealnym rozwi\u0105zaniem dla Hotelu Radisson Blu w \u015awinouj\u015bciu."},"content":{"rendered":"<p>[vc_row][vc_column][vc_column_text]5-gwiazdkowy hotel Radisson Blu zosta\u0142 otwarty dla go\u015bci w lipcu 2017 roku. Hotel posiada w swojej ofercie 340 nowoczesnych pokoi i apartament\u00f3w. W obiekcie znajduj\u0105 si\u0119 dwie eleganckie restauracje. Na dachu hotelu go\u015bcie mog\u0105 podziwia\u0107 zach\u00f3d s\u0142o\u0144ca nad Ba\u0142tykiem, pij\u0105c smaczna kaw\u0119 lub relaksuj\u0105c si\u0119 w przeszklonym basenie. Hotel dysponuje 350 miejscami parkingowymi w podziemnym gara\u017cu.<\/p>\n<p>Radisson Blu w \u015awinouj\u015bciu nale\u017cy do kompleksu hotelowo-apartamentowego, budowanego poprzez firm\u0119 Zdrojowa Invest. W finalnej fazie ca\u0142y obiekt b\u0119dzie oferowa\u0142 oko\u0142o 2000 pokoi dla go\u015bci. Firma Zdrojowa Invest zdecydowa\u0142a si\u0119 na w\u0142asn\u0105 pralni\u0119 hotelow\u0105 z nast\u0119puj\u0105cych powod\u00f3w:<\/p>\n<ul>\n<li>bardzo niskie koszty w\u0142asnego prania w por\u00f3wnaniu z praniem na zewn\u0105trz,<\/li>\n<li>wysoka i przede wszystkim sta\u0142a jako\u015b\u0107 pranej bielizny,<\/li>\n<li>pe\u0142na kontrola nad procesem prania i niezale\u017cno\u015b\u0107 od firm zewn\u0119trznych,<\/li>\n<li>punktualne dostarczenie \u015bwie\u017cej bielizny pod w\u0142asne potrzeby,<\/li>\n<li>znaczna redukcja zapas\u00f3w magazynowych.<\/li>\n<\/ul>\n<p>A\u017ceby w\u0142asna pralnia hotelowa funkcjonowa\u0142a na najwy\u017cszym poziomie, potrzebne sa oczywi\u015bcie\u00a0 maszyny pralnicze, charakteryzuj\u0105ce si\u0119 oszcz\u0119dno\u015bci\u0105 i wytrzyma\u0142o\u015bci\u0105 przy intensywnej eksploatacji.<\/p>\n<p>Po dok\u0142adnych sonda\u017cach i negocjacjach wyb\u00f3r pad\u0142 na firm\u0119 Electrolux Professional .<\/p>\n<p>Firma Electrolux Professional dostarczy\u0142a kompletne<strong> rozwi\u0105zanie pralnicze<\/strong> na potrzeby hotelu Radisson Blu i pozosta\u0142ych obiekt\u00f3w. W sk\u0142ad maszyn pralniczych wchodz\u0105: <strong>pralnico-wir\u00f3wki W4600H\u00a0 i W5300H, suszarki T41200 i T5675 oraz przemys\u0142owy magiel C-FLEX<\/strong>. Pralnia w obecnej fazie przerabia oko\u0142o 15 ton miesi\u0119cznie.<\/p>\n<p>Pan Janusz Stankiewicz Area Manager CEE z firmy Electrolux Professional odwiedzi\u0142 w listopadzie 2017 hotel Radisson Blu. Rozmawia\u0142 na temat obecnej sytuacji i perspektywy dalszego rozwoju z Dyrektorem Technicznym, Menad\u017cerem Houskeepingu i Menad\u017cerem Pralni Radisson Blu. Obie firmy podkre\u015bli\u0142y dotychczasow\u0105 profesjonaln\u0105 wsp\u00f3\u0142prac\u0119 i narysowa\u0142y kierunki dalszych wsp\u00f3lnych dzia\u0142a\u0144.<\/p>\n<p>[\/vc_column_text][vc_empty_space][elx_video_block background_image=&#8221;4445&#8243; is_full_height=&#8221;full-height&#8221; video_link=&#8221;https:\/\/www.youtube.com\/watch?v=S7-HktunylQ&#8221;][vc_empty_space][vc_column_text]<div id='gallery-1' class='gallery galleryid-3783 gallery-columns-2 gallery-size-large'><figure class='gallery-item'>\n\t\t\t<div class='gallery-icon landscape'>\n\t\t\t\t<a href='https:\/\/www.electroluxprofessional.com\/pl\/wp-content\/uploads\/2017\/11\/IMG_0756.jpg'><img loading=\"lazy\" decoding=\"async\" width=\"640\" height=\"429\" src=\"https:\/\/www.electroluxprofessional.com\/pl\/wp-content\/uploads\/2017\/11\/IMG_0756-1024x687.jpg\" class=\"attachment-large size-large\" alt=\"pralnia hotelowa\" srcset=\"https:\/\/www.electroluxprofessional.com\/pl\/wp-content\/uploads\/2017\/11\/IMG_0756-1024x687.jpg 1024w, https:\/\/www.electroluxprofessional.com\/pl\/wp-content\/uploads\/2017\/11\/IMG_0756-300x201.jpg 300w, https:\/\/www.electroluxprofessional.com\/pl\/wp-content\/uploads\/2017\/11\/IMG_0756-768x515.jpg 768w, https:\/\/www.electroluxprofessional.com\/pl\/wp-content\/uploads\/2017\/11\/IMG_0756.jpg 1600w\" sizes=\"(max-width: 640px) 100vw, 640px\" \/><\/a>\n\t\t\t<\/div><\/figure><figure class='gallery-item'>\n\t\t\t<div class='gallery-icon landscape'>\n\t\t\t\t<a href='https:\/\/www.electroluxprofessional.com\/pl\/wp-content\/uploads\/2017\/11\/IMG_0751.jpg'><img loading=\"lazy\" decoding=\"async\" width=\"640\" height=\"428\" src=\"https:\/\/www.electroluxprofessional.com\/pl\/wp-content\/uploads\/2017\/11\/IMG_0751-1024x684.jpg\" class=\"attachment-large size-large\" alt=\"pralnia hotelowa\" srcset=\"https:\/\/www.electroluxprofessional.com\/pl\/wp-content\/uploads\/2017\/11\/IMG_0751-1024x684.jpg 1024w, https:\/\/www.electroluxprofessional.com\/pl\/wp-content\/uploads\/2017\/11\/IMG_0751-300x200.jpg 300w, https:\/\/www.electroluxprofessional.com\/pl\/wp-content\/uploads\/2017\/11\/IMG_0751-768x513.jpg 768w, https:\/\/www.electroluxprofessional.com\/pl\/wp-content\/uploads\/2017\/11\/IMG_0751.jpg 1600w\" sizes=\"(max-width: 640px) 100vw, 640px\" \/><\/a>\n\t\t\t<\/div><\/figure><figure class='gallery-item'>\n\t\t\t<div class='gallery-icon landscape'>\n\t\t\t\t<a href='https:\/\/www.electroluxprofessional.com\/pl\/wp-content\/uploads\/2017\/11\/IMG_0760.jpg'><img loading=\"lazy\" decoding=\"async\" width=\"640\" height=\"416\" src=\"https:\/\/www.electroluxprofessional.com\/pl\/wp-content\/uploads\/2017\/11\/IMG_0760-1024x665.jpg\" class=\"attachment-large size-large\" alt=\"pralnia hotelowa\" srcset=\"https:\/\/www.electroluxprofessional.com\/pl\/wp-content\/uploads\/2017\/11\/IMG_0760-1024x665.jpg 1024w, https:\/\/www.electroluxprofessional.com\/pl\/wp-content\/uploads\/2017\/11\/IMG_0760-300x195.jpg 300w, https:\/\/www.electroluxprofessional.com\/pl\/wp-content\/uploads\/2017\/11\/IMG_0760-768x499.jpg 768w, https:\/\/www.electroluxprofessional.com\/pl\/wp-content\/uploads\/2017\/11\/IMG_0760.jpg 1600w\" sizes=\"(max-width: 640px) 100vw, 640px\" \/><\/a>\n\t\t\t<\/div><\/figure><figure class='gallery-item'>\n\t\t\t<div class='gallery-icon landscape'>\n\t\t\t\t<a href='https:\/\/www.electroluxprofessional.com\/pl\/wp-content\/uploads\/2018\/12\/pralnia-hotelowa-electrolux-wyposazenie-pralni6.jpg'><img loading=\"lazy\" decoding=\"async\" width=\"640\" height=\"360\" src=\"https:\/\/www.electroluxprofessional.com\/pl\/wp-content\/uploads\/2018\/12\/pralnia-hotelowa-electrolux-wyposazenie-pralni6-1024x576.jpg\" class=\"attachment-large size-large\" alt=\"pralnia hotelowa electrolux wyposazenie pralni\" srcset=\"https:\/\/www.electroluxprofessional.com\/pl\/wp-content\/uploads\/2018\/12\/pralnia-hotelowa-electrolux-wyposazenie-pralni6.jpg 1024w, https:\/\/www.electroluxprofessional.com\/pl\/wp-content\/uploads\/2018\/12\/pralnia-hotelowa-electrolux-wyposazenie-pralni6-300x169.jpg 300w, https:\/\/www.electroluxprofessional.com\/pl\/wp-content\/uploads\/2018\/12\/pralnia-hotelowa-electrolux-wyposazenie-pralni6-768x432.jpg 768w\" sizes=\"(max-width: 640px) 100vw, 640px\" \/><\/a>\n\t\t\t<\/div><\/figure><figure class='gallery-item'>\n\t\t\t<div class='gallery-icon landscape'>\n\t\t\t\t<a href='https:\/\/www.electroluxprofessional.com\/pl\/wp-content\/uploads\/2017\/11\/IMG_0744.jpg'><img loading=\"lazy\" decoding=\"async\" width=\"640\" height=\"439\" src=\"https:\/\/www.electroluxprofessional.com\/pl\/wp-content\/uploads\/2017\/11\/IMG_0744-1024x702.jpg\" class=\"attachment-large size-large\" alt=\"pralnia hotelowa\" srcset=\"https:\/\/www.electroluxprofessional.com\/pl\/wp-content\/uploads\/2017\/11\/IMG_0744-1024x702.jpg 1024w, https:\/\/www.electroluxprofessional.com\/pl\/wp-content\/uploads\/2017\/11\/IMG_0744-300x206.jpg 300w, https:\/\/www.electroluxprofessional.com\/pl\/wp-content\/uploads\/2017\/11\/IMG_0744-768x527.jpg 768w, https:\/\/www.electroluxprofessional.com\/pl\/wp-content\/uploads\/2017\/11\/IMG_0744.jpg 1600w\" sizes=\"(max-width: 640px) 100vw, 640px\" \/><\/a>\n\t\t\t<\/div><\/figure><figure class='gallery-item'>\n\t\t\t<div class='gallery-icon landscape'>\n\t\t\t\t<a href='https:\/\/www.electroluxprofessional.com\/pl\/wp-content\/uploads\/2017\/11\/IMG_0748.jpg'><img loading=\"lazy\" decoding=\"async\" width=\"640\" height=\"442\" src=\"https:\/\/www.electroluxprofessional.com\/pl\/wp-content\/uploads\/2017\/11\/IMG_0748-1024x707.jpg\" class=\"attachment-large size-large\" alt=\"pralnia hotelowa\" srcset=\"https:\/\/www.electroluxprofessional.com\/pl\/wp-content\/uploads\/2017\/11\/IMG_0748-1024x707.jpg 1024w, https:\/\/www.electroluxprofessional.com\/pl\/wp-content\/uploads\/2017\/11\/IMG_0748-300x207.jpg 300w, https:\/\/www.electroluxprofessional.com\/pl\/wp-content\/uploads\/2017\/11\/IMG_0748-768x530.jpg 768w, https:\/\/www.electroluxprofessional.com\/pl\/wp-content\/uploads\/2017\/11\/IMG_0748.jpg 1600w\" sizes=\"(max-width: 640px) 100vw, 640px\" \/><\/a>\n\t\t\t<\/div><\/figure>\n\t\t<\/div>\n<p>Wi\u0119cej zdj\u0119\u0107 z realizacji &#8211; <a href=\"https:\/\/www.electroluxprofessional.com\/pl\/pralnia-hotelowa-electrolux-wyposazenie-pralni-radisson-blu\/\">Pralnia hotelowa Electrolux \u2013 wyposa\u017cenie pralni Radisson Blu<\/a><\/p>\n<p style=\"text-align: center;\">Masz dodatkowe pytania? Skontaktuj si\u0119:<\/p>\n<p style=\"text-align: center;\"><strong>Janusz Stankiewicz<\/strong><br \/>\nSystemy pralnicze Electrolux Professional<\/p>\n<p style=\"text-align: center;\">E-Mail: <a href=\"mailto:janusz.stankiewicz@electrolux.com\">janusz.stankiewicz@electrolux.com<\/a><br \/>\nMob.: 0049 175 2642124<\/p>\n<p>[\/vc_column_text][vc_empty_space][\/vc_column][vc_column][vc_row_inner][vc_column_inner width=&#8221;1\/2&#8243;][elx_maylike_box id_box=&#8221;1641&#8243;][\/vc_column_inner][vc_column_inner width=&#8221;1\/2&#8243;][elx_maylike_box id_box=&#8221;1406&#8243;][\/vc_column_inner][\/vc_row_inner][\/vc_column][\/vc_row]<\/p>\n","protected":false},"excerpt":{"rendered":"<p>[vc_row][vc_column][vc_column_text]5-gwiazdkowy hotel Radisson Blu zosta\u0142 otwarty dla go\u015bci w lipcu 2017 roku. Hotel posiada w swojej ofercie 340 nowoczesnych pokoi i apartament\u00f3w. W obiekcie znajduj\u0105 si\u0119 dwie eleganckie restauracje. Na dachu hotelu go\u015bcie mog\u0105 podziwia\u0107 zach\u00f3d s\u0142o\u0144ca nad Ba\u0142tykiem, pij\u0105c smaczna kaw\u0119 lub relaksuj\u0105c si\u0119 w przeszklonym basenie. Hotel dysponuje 350 miejscami parkingowymi w podziemnym [&hellip;]<\/p>\n","protected":false},"author":3,"featured_media":3787,"comment_status":"closed","ping_status":"closed","sticky":false,"template":"","format":"standard","meta":{"footnotes":""},"categories":[78],"tags":[],"class_list":["post-3783","post","type-post","status-publish","format-standard","has-post-thumbnail","hentry","category-aktualnosci"],"acf":[],"yoast_head":"<!-- This site is optimized with the Yoast SEO plugin v23.3 - https:\/\/yoast.com\/wordpress\/plugins\/seo\/ -->\n<title>Pralnia Hotelowa \u2013 idealnym rozwi\u0105zaniem dla Hotelu Radisson Blu w \u015awinouj\u015bciu. - Electrolux Professional Polska<\/title>\n<meta name=\"robots\" content=\"index, follow, max-snippet:-1, max-image-preview:large, max-video-preview:-1\" \/>\n<link rel=\"canonical\" href=\"https:\/\/www.electroluxprofessional.com\/pl\/pralnia-hotelowa-idealnym-rozwiazaniem-dla-hotelu-radisson-blu-w-swinoujsciu\/\" \/>\n<meta property=\"og:locale\" content=\"pl_PL\" \/>\n<meta property=\"og:type\" content=\"article\" \/>\n<meta property=\"og:title\" content=\"Pralnia Hotelowa \u2013 idealnym rozwi\u0105zaniem dla Hotelu Radisson Blu w \u015awinouj\u015bciu. - Electrolux Professional Polska\" \/>\n<meta property=\"og:description\" content=\"[vc_row][vc_column][vc_column_text]5-gwiazdkowy hotel Radisson Blu zosta\u0142 otwarty dla go\u015bci w lipcu 2017 roku. Hotel posiada w swojej ofercie 340 nowoczesnych pokoi i apartament\u00f3w. W obiekcie znajduj\u0105 si\u0119 dwie eleganckie restauracje. Na dachu hotelu go\u015bcie mog\u0105 podziwia\u0107 zach\u00f3d s\u0142o\u0144ca nad Ba\u0142tykiem, pij\u0105c smaczna kaw\u0119 lub relaksuj\u0105c si\u0119 w przeszklonym basenie. Hotel dysponuje 350 miejscami parkingowymi w podziemnym [&hellip;]\" \/>\n<meta property=\"og:url\" content=\"https:\/\/www.electroluxprofessional.com\/pl\/pralnia-hotelowa-idealnym-rozwiazaniem-dla-hotelu-radisson-blu-w-swinoujsciu\/\" \/>\n<meta property=\"og:site_name\" content=\"Electrolux Professional Polska\" \/>\n<meta property=\"article:published_time\" content=\"2017-11-27T09:05:28+00:00\" \/>\n<meta property=\"article:modified_time\" content=\"2019-03-22T12:27:34+00:00\" \/>\n<meta property=\"og:image\" content=\"https:\/\/www.electroluxprofessional.com\/pl\/wp-content\/uploads\/2017\/11\/IMG_0756.jpg\" \/>\n\t<meta property=\"og:image:width\" content=\"1600\" \/>\n\t<meta property=\"og:image:height\" content=\"1073\" \/>\n\t<meta property=\"og:image:type\" content=\"image\/jpeg\" \/>\n<meta name=\"author\" content=\"janusz.stankiewicz@electrolux.com\" \/>\n<meta name=\"twitter:card\" content=\"summary_large_image\" \/>\n<meta name=\"twitter:label1\" content=\"Napisane przez\" \/>\n\t<meta name=\"twitter:data1\" content=\"janusz.stankiewicz@electrolux.com\" \/>\n\t<meta name=\"twitter:label2\" content=\"Szacowany czas czytania\" \/>\n\t<meta name=\"twitter:data2\" content=\"2 minuty\" \/>\n<script type=\"application\/ld+json\" class=\"yoast-schema-graph\">{\"@context\":\"https:\/\/schema.org\",\"@graph\":[{\"@type\":\"WebPage\",\"@id\":\"https:\/\/www.electroluxprofessional.com\/pl\/pralnia-hotelowa-idealnym-rozwiazaniem-dla-hotelu-radisson-blu-w-swinoujsciu\/\",\"url\":\"https:\/\/www.electroluxprofessional.com\/pl\/pralnia-hotelowa-idealnym-rozwiazaniem-dla-hotelu-radisson-blu-w-swinoujsciu\/\",\"name\":\"Pralnia Hotelowa \u2013 idealnym rozwi\u0105zaniem dla Hotelu Radisson Blu w \u015awinouj\u015bciu. - Electrolux Professional Polska\",\"isPartOf\":{\"@id\":\"https:\/\/www.electroluxprofessional.com\/pl\/#website\"},\"primaryImageOfPage\":{\"@id\":\"https:\/\/www.electroluxprofessional.com\/pl\/pralnia-hotelowa-idealnym-rozwiazaniem-dla-hotelu-radisson-blu-w-swinoujsciu\/#primaryimage\"},\"image\":{\"@id\":\"https:\/\/www.electroluxprofessional.com\/pl\/pralnia-hotelowa-idealnym-rozwiazaniem-dla-hotelu-radisson-blu-w-swinoujsciu\/#primaryimage\"},\"thumbnailUrl\":\"https:\/\/www.electroluxprofessional.com\/pl\/wp-content\/uploads\/2017\/11\/IMG_0756.jpg\",\"datePublished\":\"2017-11-27T09:05:28+00:00\",\"dateModified\":\"2019-03-22T12:27:34+00:00\",\"author\":{\"@id\":\"https:\/\/www.electroluxprofessional.com\/pl\/#\/schema\/person\/2044fbaf3147c0bd7579a163f19ce5af\"},\"breadcrumb\":{\"@id\":\"https:\/\/www.electroluxprofessional.com\/pl\/pralnia-hotelowa-idealnym-rozwiazaniem-dla-hotelu-radisson-blu-w-swinoujsciu\/#breadcrumb\"},\"inLanguage\":\"pl-PL\",\"potentialAction\":[{\"@type\":\"ReadAction\",\"target\":[\"https:\/\/www.electroluxprofessional.com\/pl\/pralnia-hotelowa-idealnym-rozwiazaniem-dla-hotelu-radisson-blu-w-swinoujsciu\/\"]}]},{\"@type\":\"ImageObject\",\"inLanguage\":\"pl-PL\",\"@id\":\"https:\/\/www.electroluxprofessional.com\/pl\/pralnia-hotelowa-idealnym-rozwiazaniem-dla-hotelu-radisson-blu-w-swinoujsciu\/#primaryimage\",\"url\":\"https:\/\/www.electroluxprofessional.com\/pl\/wp-content\/uploads\/2017\/11\/IMG_0756.jpg\",\"contentUrl\":\"https:\/\/www.electroluxprofessional.com\/pl\/wp-content\/uploads\/2017\/11\/IMG_0756.jpg\",\"width\":1600,\"height\":1073,\"caption\":\"pralnia hotelowa\"},{\"@type\":\"BreadcrumbList\",\"@id\":\"https:\/\/www.electroluxprofessional.com\/pl\/pralnia-hotelowa-idealnym-rozwiazaniem-dla-hotelu-radisson-blu-w-swinoujsciu\/#breadcrumb\",\"itemListElement\":[{\"@type\":\"ListItem\",\"position\":1,\"name\":\"Strona g\u0142\u00f3wna\",\"item\":\"https:\/\/www.electroluxprofessional.com\/pl\/\"},{\"@type\":\"ListItem\",\"position\":2,\"name\":\"Pralnia Hotelowa \u2013 idealnym rozwi\u0105zaniem dla Hotelu Radisson Blu w \u015awinouj\u015bciu.\"}]},{\"@type\":\"WebSite\",\"@id\":\"https:\/\/www.electroluxprofessional.com\/pl\/#website\",\"url\":\"https:\/\/www.electroluxprofessional.com\/pl\/\",\"name\":\"Electrolux Professional Polska\",\"description\":\"\",\"potentialAction\":[{\"@type\":\"SearchAction\",\"target\":{\"@type\":\"EntryPoint\",\"urlTemplate\":\"https:\/\/www.electroluxprofessional.com\/pl\/?src={search_term_string}\"},\"query-input\":\"required name=search_term_string\"}],\"inLanguage\":\"pl-PL\"},{\"@type\":\"Person\",\"@id\":\"https:\/\/www.electroluxprofessional.com\/pl\/#\/schema\/person\/2044fbaf3147c0bd7579a163f19ce5af\",\"name\":\"janusz.stankiewicz@electrolux.com\",\"image\":{\"@type\":\"ImageObject\",\"inLanguage\":\"pl-PL\",\"@id\":\"https:\/\/www.electroluxprofessional.com\/pl\/#\/schema\/person\/image\/\",\"url\":\"https:\/\/secure.gravatar.com\/avatar\/84d0bbc66b3f50dc0c9572e0279e20be?s=96&d=mm&r=g\",\"contentUrl\":\"https:\/\/secure.gravatar.com\/avatar\/84d0bbc66b3f50dc0c9572e0279e20be?s=96&d=mm&r=g\",\"caption\":\"janusz.stankiewicz@electrolux.com\"},\"url\":\"https:\/\/www.electroluxprofessional.com\/pl\/author\/janusz-stankiewicz\/\"}]}<\/script>\n<!-- \/ Yoast SEO plugin. -->","yoast_head_json":{"title":"Pralnia Hotelowa \u2013 idealnym rozwi\u0105zaniem dla Hotelu Radisson Blu w \u015awinouj\u015bciu. - Electrolux Professional Polska","robots":{"index":"index","follow":"follow","max-snippet":"max-snippet:-1","max-image-preview":"max-image-preview:large","max-video-preview":"max-video-preview:-1"},"canonical":"https:\/\/www.electroluxprofessional.com\/pl\/pralnia-hotelowa-idealnym-rozwiazaniem-dla-hotelu-radisson-blu-w-swinoujsciu\/","og_locale":"pl_PL","og_type":"article","og_title":"Pralnia Hotelowa \u2013 idealnym rozwi\u0105zaniem dla Hotelu Radisson Blu w \u015awinouj\u015bciu. - Electrolux Professional Polska","og_description":"[vc_row][vc_column][vc_column_text]5-gwiazdkowy hotel Radisson Blu zosta\u0142 otwarty dla go\u015bci w lipcu 2017 roku. Hotel posiada w swojej ofercie 340 nowoczesnych pokoi i apartament\u00f3w. W obiekcie znajduj\u0105 si\u0119 dwie eleganckie restauracje. Na dachu hotelu go\u015bcie mog\u0105 podziwia\u0107 zach\u00f3d s\u0142o\u0144ca nad Ba\u0142tykiem, pij\u0105c smaczna kaw\u0119 lub relaksuj\u0105c si\u0119 w przeszklonym basenie. Hotel dysponuje 350 miejscami parkingowymi w podziemnym [&hellip;]","og_url":"https:\/\/www.electroluxprofessional.com\/pl\/pralnia-hotelowa-idealnym-rozwiazaniem-dla-hotelu-radisson-blu-w-swinoujsciu\/","og_site_name":"Electrolux Professional Polska","article_published_time":"2017-11-27T09:05:28+00:00","article_modified_time":"2019-03-22T12:27:34+00:00","og_image":[{"width":1600,"height":1073,"url":"https:\/\/www.electroluxprofessional.com\/pl\/wp-content\/uploads\/2017\/11\/IMG_0756.jpg","type":"image\/jpeg"}],"author":"janusz.stankiewicz@electrolux.com","twitter_card":"summary_large_image","twitter_misc":{"Napisane przez":"janusz.stankiewicz@electrolux.com","Szacowany czas czytania":"2 minuty"},"schema":{"@context":"https:\/\/schema.org","@graph":[{"@type":"WebPage","@id":"https:\/\/www.electroluxprofessional.com\/pl\/pralnia-hotelowa-idealnym-rozwiazaniem-dla-hotelu-radisson-blu-w-swinoujsciu\/","url":"https:\/\/www.electroluxprofessional.com\/pl\/pralnia-hotelowa-idealnym-rozwiazaniem-dla-hotelu-radisson-blu-w-swinoujsciu\/","name":"Pralnia Hotelowa \u2013 idealnym rozwi\u0105zaniem dla Hotelu Radisson Blu w \u015awinouj\u015bciu. - Electrolux Professional Polska","isPartOf":{"@id":"https:\/\/www.electroluxprofessional.com\/pl\/#website"},"primaryImageOfPage":{"@id":"https:\/\/www.electroluxprofessional.com\/pl\/pralnia-hotelowa-idealnym-rozwiazaniem-dla-hotelu-radisson-blu-w-swinoujsciu\/#primaryimage"},"image":{"@id":"https:\/\/www.electroluxprofessional.com\/pl\/pralnia-hotelowa-idealnym-rozwiazaniem-dla-hotelu-radisson-blu-w-swinoujsciu\/#primaryimage"},"thumbnailUrl":"https:\/\/www.electroluxprofessional.com\/pl\/wp-content\/uploads\/2017\/11\/IMG_0756.jpg","datePublished":"2017-11-27T09:05:28+00:00","dateModified":"2019-03-22T12:27:34+00:00","author":{"@id":"https:\/\/www.electroluxprofessional.com\/pl\/#\/schema\/person\/2044fbaf3147c0bd7579a163f19ce5af"},"breadcrumb":{"@id":"https:\/\/www.electroluxprofessional.com\/pl\/pralnia-hotelowa-idealnym-rozwiazaniem-dla-hotelu-radisson-blu-w-swinoujsciu\/#breadcrumb"},"inLanguage":"pl-PL","potentialAction":[{"@type":"ReadAction","target":["https:\/\/www.electroluxprofessional.com\/pl\/pralnia-hotelowa-idealnym-rozwiazaniem-dla-hotelu-radisson-blu-w-swinoujsciu\/"]}]},{"@type":"ImageObject","inLanguage":"pl-PL","@id":"https:\/\/www.electroluxprofessional.com\/pl\/pralnia-hotelowa-idealnym-rozwiazaniem-dla-hotelu-radisson-blu-w-swinoujsciu\/#primaryimage","url":"https:\/\/www.electroluxprofessional.com\/pl\/wp-content\/uploads\/2017\/11\/IMG_0756.jpg","contentUrl":"https:\/\/www.electroluxprofessional.com\/pl\/wp-content\/uploads\/2017\/11\/IMG_0756.jpg","width":1600,"height":1073,"caption":"pralnia hotelowa"},{"@type":"BreadcrumbList","@id":"https:\/\/www.electroluxprofessional.com\/pl\/pralnia-hotelowa-idealnym-rozwiazaniem-dla-hotelu-radisson-blu-w-swinoujsciu\/#breadcrumb","itemListElement":[{"@type":"ListItem","position":1,"name":"Strona g\u0142\u00f3wna","item":"https:\/\/www.electroluxprofessional.com\/pl\/"},{"@type":"ListItem","position":2,"name":"Pralnia Hotelowa \u2013 idealnym rozwi\u0105zaniem dla Hotelu Radisson Blu w \u015awinouj\u015bciu."}]},{"@type":"WebSite","@id":"https:\/\/www.electroluxprofessional.com\/pl\/#website","url":"https:\/\/www.electroluxprofessional.com\/pl\/","name":"Electrolux Professional Polska","description":"","potentialAction":[{"@type":"SearchAction","target":{"@type":"EntryPoint","urlTemplate":"https:\/\/www.electroluxprofessional.com\/pl\/?src={search_term_string}"},"query-input":"required name=search_term_string"}],"inLanguage":"pl-PL"},{"@type":"Person","@id":"https:\/\/www.electroluxprofessional.com\/pl\/#\/schema\/person\/2044fbaf3147c0bd7579a163f19ce5af","name":"janusz.stankiewicz@electrolux.com","image":{"@type":"ImageObject","inLanguage":"pl-PL","@id":"https:\/\/www.electroluxprofessional.com\/pl\/#\/schema\/person\/image\/","url":"https:\/\/secure.gravatar.com\/avatar\/84d0bbc66b3f50dc0c9572e0279e20be?s=96&d=mm&r=g","contentUrl":"https:\/\/secure.gravatar.com\/avatar\/84d0bbc66b3f50dc0c9572e0279e20be?s=96&d=mm&r=g","caption":"janusz.stankiewicz@electrolux.com"},"url":"https:\/\/www.electroluxprofessional.com\/pl\/author\/janusz-stankiewicz\/"}]}},"_links":{"self":[{"href":"https:\/\/www.electroluxprofessional.com\/pl\/wp-json\/wp\/v2\/posts\/3783"}],"collection":[{"href":"https:\/\/www.electroluxprofessional.com\/pl\/wp-json\/wp\/v2\/posts"}],"about":[{"href":"https:\/\/www.electroluxprofessional.com\/pl\/wp-json\/wp\/v2\/types\/post"}],"author":[{"embeddable":true,"href":"https:\/\/www.electroluxprofessional.com\/pl\/wp-json\/wp\/v2\/users\/3"}],"replies":[{"embeddable":true,"href":"https:\/\/www.electroluxprofessional.com\/pl\/wp-json\/wp\/v2\/comments?post=3783"}],"version-history":[{"count":7,"href":"https:\/\/www.electroluxprofessional.com\/pl\/wp-json\/wp\/v2\/posts\/3783\/revisions"}],"predecessor-version":[{"id":4446,"href":"https:\/\/www.electroluxprofessional.com\/pl\/wp-json\/wp\/v2\/posts\/3783\/revisions\/4446"}],"wp:featuredmedia":[{"embeddable":true,"href":"https:\/\/www.electroluxprofessional.com\/pl\/wp-json\/wp\/v2\/media\/3787"}],"wp:attachment":[{"href":"https:\/\/www.electroluxprofessional.com\/pl\/wp-json\/wp\/v2\/media?parent=3783"}],"wp:term":[{"taxonomy":"category","embeddable":true,"href":"https:\/\/www.electroluxprofessional.com\/pl\/wp-json\/wp\/v2\/categories?post=3783"},{"taxonomy":"post_tag","embeddable":true,"href":"https:\/\/www.electroluxprofessional.com\/pl\/wp-json\/wp\/v2\/tags?post=3783"}],"curies":[{"name":"wp","href":"https:\/\/api.w.org\/{rel}","templated":true}]}}