{"id":3623,"date":"2016-11-22T08:33:16","date_gmt":"2016-11-22T08:33:16","guid":{"rendered":"https:\/\/www.electroluxprofessional.com\/pl\/?p=3623"},"modified":"2018-05-29T09:16:29","modified_gmt":"2018-05-29T09:16:29","slug":"pomysl-na-biznes-targi-franczyza-2016-warszawa","status":"publish","type":"post","link":"https:\/\/www.electroluxprofessional.com\/pl\/pomysl-na-biznes-targi-franczyza-2016-warszawa\/","title":{"rendered":"Pomys\u0142 na biznes Targi Franczyza 2016 Warszawa"},"content":{"rendered":"<p>[vc_row][vc_column][vc_column_text]<\/p>\n<p>Firma <strong>Electrolux<\/strong> przygotowa\u0142a na 14 Targi Franczyza 2016 dwa rewolucyjne i inteligentne systemy &#8211; gotowe, kompleksowe propozycje dla biznesu pralniczego &#8211; system czyszczenia garderoby w wodzie <strong>Lagoon Advanced Care<\/strong>, jako 100% alternatywy dla pralni chemicznej i kompleksowe rozwi\u0105zanie <strong>dla pralni samoobs\u0142ugowej z Centralnym Systemem P\u0142atno\u015bci<\/strong>.<\/p>\n<p>Electrolux\u00a0 uczestniczy w ca\u0142ym procesie biznesu. Firma oferuje doradztwo dla Klienta, przygotowanie projekt\u00f3w, przeprowadzanie instalacji, szkolenia i dalsz\u0105 obs\u0142uga w fazach rozwoju.<\/p>\n<p><strong>Osoba kontaktowa:<\/strong> Janusz Stankiewicz Area Manager Eastern Europe<\/p>\n<p><strong>E-Mail:<\/strong> <a href=\"mailto:janusz.stankiewicz@electrolux.de\">janusz.stankiewicz@electrolux.de<\/a>[\/vc_column_text][elx_video_block background_image=&#8221;3406&#8243; video_link=&#8221;https:\/\/www.youtube.com\/watch?v=DLQfgs46_50&amp;feature=youtu.be&#8221; minimum_height=&#8221;300px&#8221;][vc_empty_space][\/vc_column][vc_column][vc_row_inner][vc_column_inner width=&#8221;1\/2&#8243;][elx_maylike_box id_box=&#8221;1641&#8243;][\/vc_column_inner][vc_column_inner width=&#8221;1\/2&#8243;][elx_maylike_box id_box=&#8221;1772&#8243;][\/vc_column_inner][\/vc_row_inner][\/vc_column][\/vc_row]<\/p>\n","protected":false},"excerpt":{"rendered":"<p>[vc_row][vc_column][vc_column_text] Firma Electrolux przygotowa\u0142a na 14 Targi Franczyza 2016 dwa rewolucyjne i inteligentne systemy &#8211; gotowe, kompleksowe propozycje dla biznesu pralniczego &#8211; system czyszczenia garderoby w wodzie Lagoon Advanced Care, jako 100% alternatywy dla pralni chemicznej i kompleksowe rozwi\u0105zanie dla pralni samoobs\u0142ugowej z Centralnym Systemem P\u0142atno\u015bci. Electrolux\u00a0 uczestniczy w ca\u0142ym procesie biznesu. Firma oferuje doradztwo [&hellip;]<\/p>\n","protected":false},"author":3,"featured_media":3646,"comment_status":"closed","ping_status":"closed","sticky":false,"template":"","format":"standard","meta":{"footnotes":""},"categories":[79],"tags":[],"class_list":["post-3623","post","type-post","status-publish","format-standard","has-post-thumbnail","hentry","category-wydarzenia"],"acf":[],"yoast_head":"<!-- This site is optimized with the Yoast SEO plugin v23.3 - https:\/\/yoast.com\/wordpress\/plugins\/seo\/ -->\n<title>Pomys\u0142 na biznes Targi Franczyza 2016 Warszawa - Electrolux Professional Polska<\/title>\n<meta name=\"robots\" content=\"index, follow, max-snippet:-1, max-image-preview:large, max-video-preview:-1\" \/>\n<link rel=\"canonical\" href=\"https:\/\/www.electroluxprofessional.com\/pl\/pomysl-na-biznes-targi-franczyza-2016-warszawa\/\" \/>\n<meta property=\"og:locale\" content=\"pl_PL\" \/>\n<meta property=\"og:type\" content=\"article\" \/>\n<meta property=\"og:title\" content=\"Pomys\u0142 na biznes Targi Franczyza 2016 Warszawa - Electrolux Professional Polska\" \/>\n<meta property=\"og:description\" content=\"[vc_row][vc_column][vc_column_text] Firma Electrolux przygotowa\u0142a na 14 Targi Franczyza 2016 dwa rewolucyjne i inteligentne systemy &#8211; gotowe, kompleksowe propozycje dla biznesu pralniczego &#8211; system czyszczenia garderoby w wodzie Lagoon Advanced Care, jako 100% alternatywy dla pralni chemicznej i kompleksowe rozwi\u0105zanie dla pralni samoobs\u0142ugowej z Centralnym Systemem P\u0142atno\u015bci. Electrolux\u00a0 uczestniczy w ca\u0142ym procesie biznesu. Firma oferuje doradztwo [&hellip;]\" \/>\n<meta property=\"og:url\" content=\"https:\/\/www.electroluxprofessional.com\/pl\/pomysl-na-biznes-targi-franczyza-2016-warszawa\/\" \/>\n<meta property=\"og:site_name\" content=\"Electrolux Professional Polska\" \/>\n<meta property=\"article:published_time\" content=\"2016-11-22T08:33:16+00:00\" \/>\n<meta property=\"article:modified_time\" content=\"2018-05-29T09:16:29+00:00\" \/>\n<meta property=\"og:image\" content=\"https:\/\/www.electroluxprofessional.com\/pl\/wp-content\/uploads\/2016\/11\/electrolux-targi.jpg\" \/>\n\t<meta property=\"og:image:width\" content=\"1564\" \/>\n\t<meta property=\"og:image:height\" content=\"939\" \/>\n\t<meta property=\"og:image:type\" content=\"image\/jpeg\" \/>\n<meta name=\"author\" content=\"janusz.stankiewicz@electrolux.com\" \/>\n<meta name=\"twitter:card\" content=\"summary_large_image\" \/>\n<meta name=\"twitter:label1\" content=\"Napisane przez\" \/>\n\t<meta name=\"twitter:data1\" content=\"janusz.stankiewicz@electrolux.com\" \/>\n\t<meta name=\"twitter:label2\" content=\"Szacowany czas czytania\" \/>\n\t<meta name=\"twitter:data2\" content=\"1 minuta\" \/>\n<script type=\"application\/ld+json\" class=\"yoast-schema-graph\">{\"@context\":\"https:\/\/schema.org\",\"@graph\":[{\"@type\":\"WebPage\",\"@id\":\"https:\/\/www.electroluxprofessional.com\/pl\/pomysl-na-biznes-targi-franczyza-2016-warszawa\/\",\"url\":\"https:\/\/www.electroluxprofessional.com\/pl\/pomysl-na-biznes-targi-franczyza-2016-warszawa\/\",\"name\":\"Pomys\u0142 na biznes Targi Franczyza 2016 Warszawa - Electrolux Professional Polska\",\"isPartOf\":{\"@id\":\"https:\/\/www.electroluxprofessional.com\/pl\/#website\"},\"primaryImageOfPage\":{\"@id\":\"https:\/\/www.electroluxprofessional.com\/pl\/pomysl-na-biznes-targi-franczyza-2016-warszawa\/#primaryimage\"},\"image\":{\"@id\":\"https:\/\/www.electroluxprofessional.com\/pl\/pomysl-na-biznes-targi-franczyza-2016-warszawa\/#primaryimage\"},\"thumbnailUrl\":\"https:\/\/www.electroluxprofessional.com\/pl\/wp-content\/uploads\/2016\/11\/electrolux-targi.jpg\",\"datePublished\":\"2016-11-22T08:33:16+00:00\",\"dateModified\":\"2018-05-29T09:16:29+00:00\",\"author\":{\"@id\":\"https:\/\/www.electroluxprofessional.com\/pl\/#\/schema\/person\/2044fbaf3147c0bd7579a163f19ce5af\"},\"breadcrumb\":{\"@id\":\"https:\/\/www.electroluxprofessional.com\/pl\/pomysl-na-biznes-targi-franczyza-2016-warszawa\/#breadcrumb\"},\"inLanguage\":\"pl-PL\",\"potentialAction\":[{\"@type\":\"ReadAction\",\"target\":[\"https:\/\/www.electroluxprofessional.com\/pl\/pomysl-na-biznes-targi-franczyza-2016-warszawa\/\"]}]},{\"@type\":\"ImageObject\",\"inLanguage\":\"pl-PL\",\"@id\":\"https:\/\/www.electroluxprofessional.com\/pl\/pomysl-na-biznes-targi-franczyza-2016-warszawa\/#primaryimage\",\"url\":\"https:\/\/www.electroluxprofessional.com\/pl\/wp-content\/uploads\/2016\/11\/electrolux-targi.jpg\",\"contentUrl\":\"https:\/\/www.electroluxprofessional.com\/pl\/wp-content\/uploads\/2016\/11\/electrolux-targi.jpg\",\"width\":1564,\"height\":939,\"caption\":\"Electrolux Professional targi\"},{\"@type\":\"BreadcrumbList\",\"@id\":\"https:\/\/www.electroluxprofessional.com\/pl\/pomysl-na-biznes-targi-franczyza-2016-warszawa\/#breadcrumb\",\"itemListElement\":[{\"@type\":\"ListItem\",\"position\":1,\"name\":\"Strona g\u0142\u00f3wna\",\"item\":\"https:\/\/www.electroluxprofessional.com\/pl\/\"},{\"@type\":\"ListItem\",\"position\":2,\"name\":\"Pomys\u0142 na biznes Targi Franczyza 2016 Warszawa\"}]},{\"@type\":\"WebSite\",\"@id\":\"https:\/\/www.electroluxprofessional.com\/pl\/#website\",\"url\":\"https:\/\/www.electroluxprofessional.com\/pl\/\",\"name\":\"Electrolux Professional Polska\",\"description\":\"\",\"potentialAction\":[{\"@type\":\"SearchAction\",\"target\":{\"@type\":\"EntryPoint\",\"urlTemplate\":\"https:\/\/www.electroluxprofessional.com\/pl\/?src={search_term_string}\"},\"query-input\":\"required name=search_term_string\"}],\"inLanguage\":\"pl-PL\"},{\"@type\":\"Person\",\"@id\":\"https:\/\/www.electroluxprofessional.com\/pl\/#\/schema\/person\/2044fbaf3147c0bd7579a163f19ce5af\",\"name\":\"janusz.stankiewicz@electrolux.com\",\"image\":{\"@type\":\"ImageObject\",\"inLanguage\":\"pl-PL\",\"@id\":\"https:\/\/www.electroluxprofessional.com\/pl\/#\/schema\/person\/image\/\",\"url\":\"https:\/\/secure.gravatar.com\/avatar\/84d0bbc66b3f50dc0c9572e0279e20be?s=96&d=mm&r=g\",\"contentUrl\":\"https:\/\/secure.gravatar.com\/avatar\/84d0bbc66b3f50dc0c9572e0279e20be?s=96&d=mm&r=g\",\"caption\":\"janusz.stankiewicz@electrolux.com\"},\"url\":\"https:\/\/www.electroluxprofessional.com\/pl\/author\/janusz-stankiewicz\/\"}]}<\/script>\n<!-- \/ Yoast SEO plugin. -->","yoast_head_json":{"title":"Pomys\u0142 na biznes Targi Franczyza 2016 Warszawa - Electrolux Professional Polska","robots":{"index":"index","follow":"follow","max-snippet":"max-snippet:-1","max-image-preview":"max-image-preview:large","max-video-preview":"max-video-preview:-1"},"canonical":"https:\/\/www.electroluxprofessional.com\/pl\/pomysl-na-biznes-targi-franczyza-2016-warszawa\/","og_locale":"pl_PL","og_type":"article","og_title":"Pomys\u0142 na biznes Targi Franczyza 2016 Warszawa - Electrolux Professional Polska","og_description":"[vc_row][vc_column][vc_column_text] Firma Electrolux przygotowa\u0142a na 14 Targi Franczyza 2016 dwa rewolucyjne i inteligentne systemy &#8211; gotowe, kompleksowe propozycje dla biznesu pralniczego &#8211; system czyszczenia garderoby w wodzie Lagoon Advanced Care, jako 100% alternatywy dla pralni chemicznej i kompleksowe rozwi\u0105zanie dla pralni samoobs\u0142ugowej z Centralnym Systemem P\u0142atno\u015bci. Electrolux\u00a0 uczestniczy w ca\u0142ym procesie biznesu. Firma oferuje doradztwo [&hellip;]","og_url":"https:\/\/www.electroluxprofessional.com\/pl\/pomysl-na-biznes-targi-franczyza-2016-warszawa\/","og_site_name":"Electrolux Professional Polska","article_published_time":"2016-11-22T08:33:16+00:00","article_modified_time":"2018-05-29T09:16:29+00:00","og_image":[{"width":1564,"height":939,"url":"https:\/\/www.electroluxprofessional.com\/pl\/wp-content\/uploads\/2016\/11\/electrolux-targi.jpg","type":"image\/jpeg"}],"author":"janusz.stankiewicz@electrolux.com","twitter_card":"summary_large_image","twitter_misc":{"Napisane przez":"janusz.stankiewicz@electrolux.com","Szacowany czas czytania":"1 minuta"},"schema":{"@context":"https:\/\/schema.org","@graph":[{"@type":"WebPage","@id":"https:\/\/www.electroluxprofessional.com\/pl\/pomysl-na-biznes-targi-franczyza-2016-warszawa\/","url":"https:\/\/www.electroluxprofessional.com\/pl\/pomysl-na-biznes-targi-franczyza-2016-warszawa\/","name":"Pomys\u0142 na biznes Targi Franczyza 2016 Warszawa - Electrolux Professional Polska","isPartOf":{"@id":"https:\/\/www.electroluxprofessional.com\/pl\/#website"},"primaryImageOfPage":{"@id":"https:\/\/www.electroluxprofessional.com\/pl\/pomysl-na-biznes-targi-franczyza-2016-warszawa\/#primaryimage"},"image":{"@id":"https:\/\/www.electroluxprofessional.com\/pl\/pomysl-na-biznes-targi-franczyza-2016-warszawa\/#primaryimage"},"thumbnailUrl":"https:\/\/www.electroluxprofessional.com\/pl\/wp-content\/uploads\/2016\/11\/electrolux-targi.jpg","datePublished":"2016-11-22T08:33:16+00:00","dateModified":"2018-05-29T09:16:29+00:00","author":{"@id":"https:\/\/www.electroluxprofessional.com\/pl\/#\/schema\/person\/2044fbaf3147c0bd7579a163f19ce5af"},"breadcrumb":{"@id":"https:\/\/www.electroluxprofessional.com\/pl\/pomysl-na-biznes-targi-franczyza-2016-warszawa\/#breadcrumb"},"inLanguage":"pl-PL","potentialAction":[{"@type":"ReadAction","target":["https:\/\/www.electroluxprofessional.com\/pl\/pomysl-na-biznes-targi-franczyza-2016-warszawa\/"]}]},{"@type":"ImageObject","inLanguage":"pl-PL","@id":"https:\/\/www.electroluxprofessional.com\/pl\/pomysl-na-biznes-targi-franczyza-2016-warszawa\/#primaryimage","url":"https:\/\/www.electroluxprofessional.com\/pl\/wp-content\/uploads\/2016\/11\/electrolux-targi.jpg","contentUrl":"https:\/\/www.electroluxprofessional.com\/pl\/wp-content\/uploads\/2016\/11\/electrolux-targi.jpg","width":1564,"height":939,"caption":"Electrolux Professional targi"},{"@type":"BreadcrumbList","@id":"https:\/\/www.electroluxprofessional.com\/pl\/pomysl-na-biznes-targi-franczyza-2016-warszawa\/#breadcrumb","itemListElement":[{"@type":"ListItem","position":1,"name":"Strona g\u0142\u00f3wna","item":"https:\/\/www.electroluxprofessional.com\/pl\/"},{"@type":"ListItem","position":2,"name":"Pomys\u0142 na biznes Targi Franczyza 2016 Warszawa"}]},{"@type":"WebSite","@id":"https:\/\/www.electroluxprofessional.com\/pl\/#website","url":"https:\/\/www.electroluxprofessional.com\/pl\/","name":"Electrolux Professional Polska","description":"","potentialAction":[{"@type":"SearchAction","target":{"@type":"EntryPoint","urlTemplate":"https:\/\/www.electroluxprofessional.com\/pl\/?src={search_term_string}"},"query-input":"required name=search_term_string"}],"inLanguage":"pl-PL"},{"@type":"Person","@id":"https:\/\/www.electroluxprofessional.com\/pl\/#\/schema\/person\/2044fbaf3147c0bd7579a163f19ce5af","name":"janusz.stankiewicz@electrolux.com","image":{"@type":"ImageObject","inLanguage":"pl-PL","@id":"https:\/\/www.electroluxprofessional.com\/pl\/#\/schema\/person\/image\/","url":"https:\/\/secure.gravatar.com\/avatar\/84d0bbc66b3f50dc0c9572e0279e20be?s=96&d=mm&r=g","contentUrl":"https:\/\/secure.gravatar.com\/avatar\/84d0bbc66b3f50dc0c9572e0279e20be?s=96&d=mm&r=g","caption":"janusz.stankiewicz@electrolux.com"},"url":"https:\/\/www.electroluxprofessional.com\/pl\/author\/janusz-stankiewicz\/"}]}},"_links":{"self":[{"href":"https:\/\/www.electroluxprofessional.com\/pl\/wp-json\/wp\/v2\/posts\/3623"}],"collection":[{"href":"https:\/\/www.electroluxprofessional.com\/pl\/wp-json\/wp\/v2\/posts"}],"about":[{"href":"https:\/\/www.electroluxprofessional.com\/pl\/wp-json\/wp\/v2\/types\/post"}],"author":[{"embeddable":true,"href":"https:\/\/www.electroluxprofessional.com\/pl\/wp-json\/wp\/v2\/users\/3"}],"replies":[{"embeddable":true,"href":"https:\/\/www.electroluxprofessional.com\/pl\/wp-json\/wp\/v2\/comments?post=3623"}],"version-history":[{"count":2,"href":"https:\/\/www.electroluxprofessional.com\/pl\/wp-json\/wp\/v2\/posts\/3623\/revisions"}],"predecessor-version":[{"id":3625,"href":"https:\/\/www.electroluxprofessional.com\/pl\/wp-json\/wp\/v2\/posts\/3623\/revisions\/3625"}],"wp:featuredmedia":[{"embeddable":true,"href":"https:\/\/www.electroluxprofessional.com\/pl\/wp-json\/wp\/v2\/media\/3646"}],"wp:attachment":[{"href":"https:\/\/www.electroluxprofessional.com\/pl\/wp-json\/wp\/v2\/media?parent=3623"}],"wp:term":[{"taxonomy":"category","embeddable":true,"href":"https:\/\/www.electroluxprofessional.com\/pl\/wp-json\/wp\/v2\/categories?post=3623"},{"taxonomy":"post_tag","embeddable":true,"href":"https:\/\/www.electroluxprofessional.com\/pl\/wp-json\/wp\/v2\/tags?post=3623"}],"curies":[{"name":"wp","href":"https:\/\/api.w.org\/{rel}","templated":true}]}}