{"id":17078,"date":"2026-08-27T08:37:12","date_gmt":"2026-08-27T08:37:12","guid":{"rendered":"https:\/\/www.electroluxprofessional.com\/no\/?p=17078"},"modified":"2026-08-27T10:29:52","modified_gmt":"2026-08-27T10:29:52","slug":"partnerevent-ba-laundry-hq-ljungby-august-2026","status":"publish","type":"post","link":"https:\/\/www.electroluxprofessional.com\/no\/partnerevent-ba-laundry-hq-ljungby-august-2026\/","title":{"rendered":"Partnerevent &#8211; BA Laundry &#8211; HQ Ljungby august 2026"},"content":{"rendered":"<div class=\"wpb-content-wrapper\"><p>[vc_row][vc_column][vc_column_text css=&raquo;&raquo;]Kj\u00e6re samarbeidspartner,<\/p>\n<p>Takk for noen flotte dager sammen ved fabrikken v\u00e5r i Ljungby og h\u00e5per alle kom seg vel hjem. Vi setter stor pris p\u00e5 at dere tok dere tid til \u00e5 delta p\u00e5 denne viktige samlingen og lanseringen av v\u00e5r nye <strong>generasjon vaskerimaskiner.<\/strong><\/p>\n<p>Det var ogs\u00e5 verdifullt \u00e5 kunne dele mer av v\u00e5r visjon for fremtidens vaskeri og vise hvordan vi investerer for \u00e5 m\u00f8te morgendagens behov. Vi er inne i en sv\u00e6rt spennende fase, der Electrolux Professional gjennomf\u00f8rer den st\u00f8rste investeringen i selskapets historie. Dette er investeringer som skal sikre innovasjon, b\u00e6rekraft og konkurransekraft i mange \u00e5r fremover.<\/p>\n<p>Som markedsleder tar vi ansvar for \u00e5 utvikle stadig smartere og mer effektive l\u00f8sninger som skaper verdi for kundene, samtidig som de bidrar til et mer b\u00e6rekraftig samfunn. Vi h\u00e5per dere ser det samme engasjementet og den langsiktigheten som ligger bak satsingen v\u00e5r.<\/p>\n<p>Sammen skal vi skape vekst, vinne nye kunder og styrke v\u00e5r posisjon i markedet.<\/p>\n<p>Takk igjen for deres engasjement, tillit og samarbeid. Vi ser frem til fortsettelsen og til \u00e5 skape gode resultater sammen.<\/p>\n<p>[\/vc_column_text][\/vc_column][\/vc_row][vc_row full_width=&raquo;electroluxpro-full-width-no-padding&raquo;][vc_column width=&raquo;1\/3&#8243;][elx_image image_media_library=&raquo;17064&#8243; image_media_library_mobile=&raquo;17064&#8243;][\/vc_column][vc_column width=&raquo;1\/3&#8243;][elx_image image_media_library=&raquo;17082&#8243; image_media_library_mobile=&raquo;17082&#8243;][\/vc_column][vc_column width=&raquo;1\/3&#8243;][elx_image image_media_library=&raquo;17068&#8243; image_media_library_mobile=&raquo;17068&#8243;][\/vc_column][\/vc_row][vc_row][vc_column][vc_empty_space][\/vc_column][\/vc_row][vc_row full_width=&raquo;electroluxpro-full-width-no-padding&raquo;][vc_column width=&raquo;1\/3&#8243;][elx_image image_media_library=&raquo;17065&#8243; image_media_library_mobile=&raquo;17065&#8243;][vc_empty_space][\/vc_column][vc_column width=&raquo;1\/3&#8243;][elx_image image_media_library=&raquo;17062&#8243; image_media_library_mobile=&raquo;17062&#8243;][vc_empty_space][\/vc_column][vc_column width=&raquo;1\/3&#8243;][elx_image image_media_library=&raquo;17061&#8243; image_media_library_mobile=&raquo;17061&#8243;][vc_empty_space][\/vc_column][\/vc_row][vc_row full_width=&raquo;electroluxpro-full-width-no-padding&raquo;][vc_column width=&raquo;1\/3&#8243;][elx_image image_media_library=&raquo;17102&#8243; image_media_library_mobile=&raquo;17102&#8243;][\/vc_column][vc_column width=&raquo;1\/3&#8243;][elx_image image_media_library=&raquo;17101&#8243; image_media_library_mobile=&raquo;17101&#8243;][\/vc_column][vc_column width=&raquo;1\/3&#8243;][elx_image image_media_library=&raquo;17100&#8243; image_media_library_mobile=&raquo;17100&#8243;][\/vc_column][\/vc_row][vc_row][vc_column][vc_empty_space][\/vc_column][\/vc_row][vc_row][vc_column width=&raquo;1\/3&#8243;][elx_image image_media_library=&raquo;17063&#8243; image_media_library_mobile=&raquo;17063&#8243;][\/vc_column][vc_column width=&raquo;1\/3&#8243;][elx_image image_media_library=&raquo;17057&#8243; image_media_library_mobile=&raquo;17057&#8243;][\/vc_column][vc_column width=&raquo;1\/3&#8243;][elx_image image_media_library=&raquo;17067&#8243; image_media_library_mobile=&raquo;17067&#8243;][\/vc_column][\/vc_row][vc_row][vc_column][vc_empty_space][\/vc_column][\/vc_row][vc_row full_width=&raquo;electroluxpro-full-width-no-padding&raquo;][vc_column width=&raquo;1\/3&#8243;][elx_image image_media_library=&raquo;17074&#8243; image_media_library_mobile=&raquo;17074&#8243;][\/vc_column][vc_column width=&raquo;1\/3&#8243;][elx_image image_media_library=&raquo;17066&#8243; image_media_library_mobile=&raquo;17066&#8243;][\/vc_column][vc_column width=&raquo;1\/3&#8243;][elx_image image_media_library=&raquo;17059&#8243; image_media_library_mobile=&raquo;17059&#8243;][\/vc_column][\/vc_row][vc_row][vc_column][vc_empty_space][\/vc_column][\/vc_row][vc_row][vc_column][vc_empty_space][\/vc_column][\/vc_row][vc_row][vc_column][vc_single_image image=&raquo;17081&#8243; img_size=&raquo;full&raquo; style=&raquo;vc_box_border&raquo; border_color=&raquo;sky&raquo; css=&raquo;&raquo;][vc_empty_space][\/vc_column][\/vc_row][vc_row full_width=&raquo;electroluxpro-full-width-no-padding&raquo;][vc_column width=&raquo;1\/3&#8243;][elx_image image_media_library=&raquo;17071&#8243; image_media_library_mobile=&raquo;17071&#8243;][\/vc_column][vc_column width=&raquo;1\/3&#8243;][elx_image image_media_library=&raquo;17073&#8243; image_media_library_mobile=&raquo;17073&#8243;][\/vc_column][vc_column width=&raquo;1\/3&#8243;][elx_image image_media_library=&raquo;17072&#8243; image_media_library_mobile=&raquo;17072&#8243;][\/vc_column][\/vc_row][vc_row][vc_column][vc_empty_space][\/vc_column][\/vc_row][vc_row][vc_column][elx_heading text_color=&raquo;inherit&raquo;]Takket Tor Sebergsen AS for langt og lojalt samarbeid i snart 50 \u00e5r![\/elx_heading][\/vc_column][\/vc_row][vc_row][vc_column][vc_empty_space][\/vc_column][\/vc_row][vc_row][vc_column][vc_single_image image=&raquo;17060&#8243; img_size=&raquo;full&raquo; css=&raquo;&raquo;][vc_column_text css=&raquo;&raquo;]Takk for denne gang! Det var en forn\u00f8yelse.[\/vc_column_text][\/vc_column][\/vc_row]<\/p>\n<\/div>","protected":false},"excerpt":{"rendered":"<p>[vc_row][vc_column][vc_column_text css=&raquo;&raquo;]Kj\u00e6re samarbeidspartner, Takk for noen flotte dager sammen ved fabrikken v\u00e5r i Ljungby og h\u00e5per alle kom seg vel hjem. Vi setter stor pris p\u00e5 at dere tok dere tid til \u00e5 delta p\u00e5 denne viktige samlingen og lanseringen av v\u00e5r nye generasjon vaskerimaskiner. Det var ogs\u00e5 verdifullt \u00e5 kunne dele mer av v\u00e5r [&hellip;]<\/p>\n","protected":false},"author":3,"featured_media":17103,"comment_status":"closed","ping_status":"closed","sticky":false,"template":"","format":"standard","meta":{"_acf_changed":false,"footnotes":"","_members_access_role":[],"_members_access_error":""},"categories":[98,66,173],"tags":[],"class_list":["post-17078","post","type-post","status-publish","format-standard","has-post-thumbnail","hentry","category-laundry","category-nyheter","category-samarbeid"],"acf":[],"yoast_head":"<!-- This site is optimized with the Yoast SEO plugin v27.9 - https:\/\/yoast.com\/product\/yoast-seo-wordpress\/ -->\n<title>Partnerevent - BA Laundry - HQ Ljungby august 2026 - Electrolux Professional Norge<\/title>\n<meta name=\"robots\" content=\"index, follow, max-snippet:-1, max-image-preview:large, max-video-preview:-1\" \/>\n<link rel=\"canonical\" href=\"https:\/\/www.electroluxprofessional.com\/no\/partnerevent-ba-laundry-hq-ljungby-august-2026\/\" \/>\n<meta property=\"og:locale\" content=\"nb_NO\" \/>\n<meta property=\"og:type\" content=\"article\" \/>\n<meta property=\"og:title\" content=\"Partnerevent - BA Laundry - HQ Ljungby august 2026 - Electrolux Professional Norge\" \/>\n<meta property=\"og:description\" content=\"[vc_row][vc_column][vc_column_text css=&raquo;&raquo;]Kj\u00e6re samarbeidspartner, Takk for noen flotte dager sammen ved fabrikken v\u00e5r i Ljungby og h\u00e5per alle kom seg vel hjem. Vi setter stor pris p\u00e5 at dere tok dere tid til \u00e5 delta p\u00e5 denne viktige samlingen og lanseringen av v\u00e5r nye generasjon vaskerimaskiner. Det var ogs\u00e5 verdifullt \u00e5 kunne dele mer av v\u00e5r [&hellip;]\" \/>\n<meta property=\"og:url\" content=\"https:\/\/www.electroluxprofessional.com\/no\/partnerevent-ba-laundry-hq-ljungby-august-2026\/\" \/>\n<meta property=\"og:site_name\" content=\"Electrolux Professional Norge\" \/>\n<meta property=\"article:published_time\" content=\"2026-08-27T08:37:12+00:00\" \/>\n<meta property=\"article:modified_time\" content=\"2026-08-27T10:29:52+00:00\" \/>\n<meta property=\"og:image\" content=\"https:\/\/www.electroluxprofessional.com\/no\/wp-content\/uploads\/2026\/08\/toppbanner_fabrikk_flagg.jpg\" \/>\n\t<meta property=\"og:image:width\" content=\"2000\" \/>\n\t<meta property=\"og:image:height\" content=\"350\" \/>\n\t<meta property=\"og:image:type\" content=\"image\/jpeg\" \/>\n<meta name=\"author\" content=\"wenche.fjeld@electroluxprofessional.com\" \/>\n<meta name=\"twitter:card\" content=\"summary_large_image\" \/>\n<meta name=\"twitter:label1\" content=\"Skrevet av\" \/>\n\t<meta name=\"twitter:data1\" content=\"wenche.fjeld@electroluxprofessional.com\" \/>\n\t<meta name=\"twitter:label2\" content=\"Ansl. lesetid\" \/>\n\t<meta name=\"twitter:data2\" content=\"10 minutter\" \/>\n<script type=\"application\/ld+json\" class=\"yoast-schema-graph\">{\"@context\":\"https:\\\/\\\/schema.org\",\"@graph\":[{\"@type\":\"Article\",\"@id\":\"https:\\\/\\\/www.electroluxprofessional.com\\\/no\\\/partnerevent-ba-laundry-hq-ljungby-august-2026\\\/#article\",\"isPartOf\":{\"@id\":\"https:\\\/\\\/www.electroluxprofessional.com\\\/no\\\/partnerevent-ba-laundry-hq-ljungby-august-2026\\\/\"},\"author\":{\"name\":\"wenche.fjeld@electroluxprofessional.com\",\"@id\":\"https:\\\/\\\/www.electroluxprofessional.com\\\/no\\\/#\\\/schema\\\/person\\\/dd14dbbb0107c5fdcee179c1500397ff\"},\"headline\":\"Partnerevent &#8211; BA Laundry &#8211; HQ Ljungby august 2026\",\"datePublished\":\"2026-08-27T08:37:12+00:00\",\"dateModified\":\"2026-08-27T10:29:52+00:00\",\"mainEntityOfPage\":{\"@id\":\"https:\\\/\\\/www.electroluxprofessional.com\\\/no\\\/partnerevent-ba-laundry-hq-ljungby-august-2026\\\/\"},\"wordCount\":672,\"image\":{\"@id\":\"https:\\\/\\\/www.electroluxprofessional.com\\\/no\\\/partnerevent-ba-laundry-hq-ljungby-august-2026\\\/#primaryimage\"},\"thumbnailUrl\":\"https:\\\/\\\/www.electroluxprofessional.com\\\/no\\\/wp-content\\\/uploads\\\/2026\\\/08\\\/toppbanner_fabrikk_flagg.jpg\",\"articleSection\":[\"Laundry\",\"Nyheter\",\"Samarbeid\"],\"inLanguage\":\"nb-NO\"},{\"@type\":\"WebPage\",\"@id\":\"https:\\\/\\\/www.electroluxprofessional.com\\\/no\\\/partnerevent-ba-laundry-hq-ljungby-august-2026\\\/\",\"url\":\"https:\\\/\\\/www.electroluxprofessional.com\\\/no\\\/partnerevent-ba-laundry-hq-ljungby-august-2026\\\/\",\"name\":\"Partnerevent - BA Laundry - HQ Ljungby august 2026 - Electrolux Professional Norge\",\"isPartOf\":{\"@id\":\"https:\\\/\\\/www.electroluxprofessional.com\\\/no\\\/#website\"},\"primaryImageOfPage\":{\"@id\":\"https:\\\/\\\/www.electroluxprofessional.com\\\/no\\\/partnerevent-ba-laundry-hq-ljungby-august-2026\\\/#primaryimage\"},\"image\":{\"@id\":\"https:\\\/\\\/www.electroluxprofessional.com\\\/no\\\/partnerevent-ba-laundry-hq-ljungby-august-2026\\\/#primaryimage\"},\"thumbnailUrl\":\"https:\\\/\\\/www.electroluxprofessional.com\\\/no\\\/wp-content\\\/uploads\\\/2026\\\/08\\\/toppbanner_fabrikk_flagg.jpg\",\"datePublished\":\"2026-08-27T08:37:12+00:00\",\"dateModified\":\"2026-08-27T10:29:52+00:00\",\"author\":{\"@id\":\"https:\\\/\\\/www.electroluxprofessional.com\\\/no\\\/#\\\/schema\\\/person\\\/dd14dbbb0107c5fdcee179c1500397ff\"},\"breadcrumb\":{\"@id\":\"https:\\\/\\\/www.electroluxprofessional.com\\\/no\\\/partnerevent-ba-laundry-hq-ljungby-august-2026\\\/#breadcrumb\"},\"inLanguage\":\"nb-NO\",\"potentialAction\":[{\"@type\":\"ReadAction\",\"target\":[\"https:\\\/\\\/www.electroluxprofessional.com\\\/no\\\/partnerevent-ba-laundry-hq-ljungby-august-2026\\\/\"]}]},{\"@type\":\"ImageObject\",\"inLanguage\":\"nb-NO\",\"@id\":\"https:\\\/\\\/www.electroluxprofessional.com\\\/no\\\/partnerevent-ba-laundry-hq-ljungby-august-2026\\\/#primaryimage\",\"url\":\"https:\\\/\\\/www.electroluxprofessional.com\\\/no\\\/wp-content\\\/uploads\\\/2026\\\/08\\\/toppbanner_fabrikk_flagg.jpg\",\"contentUrl\":\"https:\\\/\\\/www.electroluxprofessional.com\\\/no\\\/wp-content\\\/uploads\\\/2026\\\/08\\\/toppbanner_fabrikk_flagg.jpg\",\"width\":2000,\"height\":350},{\"@type\":\"BreadcrumbList\",\"@id\":\"https:\\\/\\\/www.electroluxprofessional.com\\\/no\\\/partnerevent-ba-laundry-hq-ljungby-august-2026\\\/#breadcrumb\",\"itemListElement\":[{\"@type\":\"ListItem\",\"position\":1,\"name\":\"Home\",\"item\":\"https:\\\/\\\/www.electroluxprofessional.com\\\/no\\\/\"},{\"@type\":\"ListItem\",\"position\":2,\"name\":\"Partnerevent &#8211; BA Laundry &#8211; HQ Ljungby august 2026\"}]},{\"@type\":\"WebSite\",\"@id\":\"https:\\\/\\\/www.electroluxprofessional.com\\\/no\\\/#website\",\"url\":\"https:\\\/\\\/www.electroluxprofessional.com\\\/no\\\/\",\"name\":\"Electrolux Professional Norge\",\"description\":\"\",\"potentialAction\":[{\"@type\":\"SearchAction\",\"target\":{\"@type\":\"EntryPoint\",\"urlTemplate\":\"https:\\\/\\\/www.electroluxprofessional.com\\\/no\\\/?src={search_term_string}\"},\"query-input\":{\"@type\":\"PropertyValueSpecification\",\"valueRequired\":true,\"valueName\":\"search_term_string\"}}],\"inLanguage\":\"nb-NO\"},{\"@type\":\"Person\",\"@id\":\"https:\\\/\\\/www.electroluxprofessional.com\\\/no\\\/#\\\/schema\\\/person\\\/dd14dbbb0107c5fdcee179c1500397ff\",\"name\":\"wenche.fjeld@electroluxprofessional.com\",\"image\":{\"@type\":\"ImageObject\",\"inLanguage\":\"nb-NO\",\"@id\":\"https:\\\/\\\/secure.gravatar.com\\\/avatar\\\/8a2649dfa37948c5c64336b7e7bdd6848c091728838cf53d719da52a936e4191?s=96&d=mm&r=g\",\"url\":\"https:\\\/\\\/secure.gravatar.com\\\/avatar\\\/8a2649dfa37948c5c64336b7e7bdd6848c091728838cf53d719da52a936e4191?s=96&d=mm&r=g\",\"contentUrl\":\"https:\\\/\\\/secure.gravatar.com\\\/avatar\\\/8a2649dfa37948c5c64336b7e7bdd6848c091728838cf53d719da52a936e4191?s=96&d=mm&r=g\",\"caption\":\"wenche.fjeld@electroluxprofessional.com\"},\"url\":\"https:\\\/\\\/www.electroluxprofessional.com\\\/no\\\/author\\\/wenche-fjeld-electroluxprofessional-com\\\/\"}]}<\/script>\n<!-- \/ Yoast SEO plugin. -->","yoast_head_json":{"title":"Partnerevent - BA Laundry - HQ Ljungby august 2026 - Electrolux Professional Norge","robots":{"index":"index","follow":"follow","max-snippet":"max-snippet:-1","max-image-preview":"max-image-preview:large","max-video-preview":"max-video-preview:-1"},"canonical":"https:\/\/www.electroluxprofessional.com\/no\/partnerevent-ba-laundry-hq-ljungby-august-2026\/","og_locale":"nb_NO","og_type":"article","og_title":"Partnerevent - BA Laundry - HQ Ljungby august 2026 - Electrolux Professional Norge","og_description":"[vc_row][vc_column][vc_column_text css=&raquo;&raquo;]Kj\u00e6re samarbeidspartner, Takk for noen flotte dager sammen ved fabrikken v\u00e5r i Ljungby og h\u00e5per alle kom seg vel hjem. Vi setter stor pris p\u00e5 at dere tok dere tid til \u00e5 delta p\u00e5 denne viktige samlingen og lanseringen av v\u00e5r nye generasjon vaskerimaskiner. Det var ogs\u00e5 verdifullt \u00e5 kunne dele mer av v\u00e5r [&hellip;]","og_url":"https:\/\/www.electroluxprofessional.com\/no\/partnerevent-ba-laundry-hq-ljungby-august-2026\/","og_site_name":"Electrolux Professional Norge","article_published_time":"2026-08-27T08:37:12+00:00","article_modified_time":"2026-08-27T10:29:52+00:00","og_image":[{"width":2000,"height":350,"url":"https:\/\/www.electroluxprofessional.com\/no\/wp-content\/uploads\/2026\/08\/toppbanner_fabrikk_flagg.jpg","type":"image\/jpeg"}],"author":"wenche.fjeld@electroluxprofessional.com","twitter_card":"summary_large_image","twitter_misc":{"Skrevet av":"wenche.fjeld@electroluxprofessional.com","Ansl. lesetid":"10 minutter"},"schema":{"@context":"https:\/\/schema.org","@graph":[{"@type":"Article","@id":"https:\/\/www.electroluxprofessional.com\/no\/partnerevent-ba-laundry-hq-ljungby-august-2026\/#article","isPartOf":{"@id":"https:\/\/www.electroluxprofessional.com\/no\/partnerevent-ba-laundry-hq-ljungby-august-2026\/"},"author":{"name":"wenche.fjeld@electroluxprofessional.com","@id":"https:\/\/www.electroluxprofessional.com\/no\/#\/schema\/person\/dd14dbbb0107c5fdcee179c1500397ff"},"headline":"Partnerevent &#8211; BA Laundry &#8211; HQ Ljungby august 2026","datePublished":"2026-08-27T08:37:12+00:00","dateModified":"2026-08-27T10:29:52+00:00","mainEntityOfPage":{"@id":"https:\/\/www.electroluxprofessional.com\/no\/partnerevent-ba-laundry-hq-ljungby-august-2026\/"},"wordCount":672,"image":{"@id":"https:\/\/www.electroluxprofessional.com\/no\/partnerevent-ba-laundry-hq-ljungby-august-2026\/#primaryimage"},"thumbnailUrl":"https:\/\/www.electroluxprofessional.com\/no\/wp-content\/uploads\/2026\/08\/toppbanner_fabrikk_flagg.jpg","articleSection":["Laundry","Nyheter","Samarbeid"],"inLanguage":"nb-NO"},{"@type":"WebPage","@id":"https:\/\/www.electroluxprofessional.com\/no\/partnerevent-ba-laundry-hq-ljungby-august-2026\/","url":"https:\/\/www.electroluxprofessional.com\/no\/partnerevent-ba-laundry-hq-ljungby-august-2026\/","name":"Partnerevent - BA Laundry - HQ Ljungby august 2026 - Electrolux Professional Norge","isPartOf":{"@id":"https:\/\/www.electroluxprofessional.com\/no\/#website"},"primaryImageOfPage":{"@id":"https:\/\/www.electroluxprofessional.com\/no\/partnerevent-ba-laundry-hq-ljungby-august-2026\/#primaryimage"},"image":{"@id":"https:\/\/www.electroluxprofessional.com\/no\/partnerevent-ba-laundry-hq-ljungby-august-2026\/#primaryimage"},"thumbnailUrl":"https:\/\/www.electroluxprofessional.com\/no\/wp-content\/uploads\/2026\/08\/toppbanner_fabrikk_flagg.jpg","datePublished":"2026-08-27T08:37:12+00:00","dateModified":"2026-08-27T10:29:52+00:00","author":{"@id":"https:\/\/www.electroluxprofessional.com\/no\/#\/schema\/person\/dd14dbbb0107c5fdcee179c1500397ff"},"breadcrumb":{"@id":"https:\/\/www.electroluxprofessional.com\/no\/partnerevent-ba-laundry-hq-ljungby-august-2026\/#breadcrumb"},"inLanguage":"nb-NO","potentialAction":[{"@type":"ReadAction","target":["https:\/\/www.electroluxprofessional.com\/no\/partnerevent-ba-laundry-hq-ljungby-august-2026\/"]}]},{"@type":"ImageObject","inLanguage":"nb-NO","@id":"https:\/\/www.electroluxprofessional.com\/no\/partnerevent-ba-laundry-hq-ljungby-august-2026\/#primaryimage","url":"https:\/\/www.electroluxprofessional.com\/no\/wp-content\/uploads\/2026\/08\/toppbanner_fabrikk_flagg.jpg","contentUrl":"https:\/\/www.electroluxprofessional.com\/no\/wp-content\/uploads\/2026\/08\/toppbanner_fabrikk_flagg.jpg","width":2000,"height":350},{"@type":"BreadcrumbList","@id":"https:\/\/www.electroluxprofessional.com\/no\/partnerevent-ba-laundry-hq-ljungby-august-2026\/#breadcrumb","itemListElement":[{"@type":"ListItem","position":1,"name":"Home","item":"https:\/\/www.electroluxprofessional.com\/no\/"},{"@type":"ListItem","position":2,"name":"Partnerevent &#8211; BA Laundry &#8211; HQ Ljungby august 2026"}]},{"@type":"WebSite","@id":"https:\/\/www.electroluxprofessional.com\/no\/#website","url":"https:\/\/www.electroluxprofessional.com\/no\/","name":"Electrolux Professional Norge","description":"","potentialAction":[{"@type":"SearchAction","target":{"@type":"EntryPoint","urlTemplate":"https:\/\/www.electroluxprofessional.com\/no\/?src={search_term_string}"},"query-input":{"@type":"PropertyValueSpecification","valueRequired":true,"valueName":"search_term_string"}}],"inLanguage":"nb-NO"},{"@type":"Person","@id":"https:\/\/www.electroluxprofessional.com\/no\/#\/schema\/person\/dd14dbbb0107c5fdcee179c1500397ff","name":"wenche.fjeld@electroluxprofessional.com","image":{"@type":"ImageObject","inLanguage":"nb-NO","@id":"https:\/\/secure.gravatar.com\/avatar\/8a2649dfa37948c5c64336b7e7bdd6848c091728838cf53d719da52a936e4191?s=96&d=mm&r=g","url":"https:\/\/secure.gravatar.com\/avatar\/8a2649dfa37948c5c64336b7e7bdd6848c091728838cf53d719da52a936e4191?s=96&d=mm&r=g","contentUrl":"https:\/\/secure.gravatar.com\/avatar\/8a2649dfa37948c5c64336b7e7bdd6848c091728838cf53d719da52a936e4191?s=96&d=mm&r=g","caption":"wenche.fjeld@electroluxprofessional.com"},"url":"https:\/\/www.electroluxprofessional.com\/no\/author\/wenche-fjeld-electroluxprofessional-com\/"}]}},"_links":{"self":[{"href":"https:\/\/www.electroluxprofessional.com\/no\/wp-json\/wp\/v2\/posts\/17078","targetHints":{"allow":["GET"]}}],"collection":[{"href":"https:\/\/www.electroluxprofessional.com\/no\/wp-json\/wp\/v2\/posts"}],"about":[{"href":"https:\/\/www.electroluxprofessional.com\/no\/wp-json\/wp\/v2\/types\/post"}],"author":[{"embeddable":true,"href":"https:\/\/www.electroluxprofessional.com\/no\/wp-json\/wp\/v2\/users\/3"}],"replies":[{"embeddable":true,"href":"https:\/\/www.electroluxprofessional.com\/no\/wp-json\/wp\/v2\/comments?post=17078"}],"version-history":[{"count":15,"href":"https:\/\/www.electroluxprofessional.com\/no\/wp-json\/wp\/v2\/posts\/17078\/revisions"}],"predecessor-version":[{"id":17105,"href":"https:\/\/www.electroluxprofessional.com\/no\/wp-json\/wp\/v2\/posts\/17078\/revisions\/17105"}],"wp:featuredmedia":[{"embeddable":true,"href":"https:\/\/www.electroluxprofessional.com\/no\/wp-json\/wp\/v2\/media\/17103"}],"wp:attachment":[{"href":"https:\/\/www.electroluxprofessional.com\/no\/wp-json\/wp\/v2\/media?parent=17078"}],"wp:term":[{"taxonomy":"category","embeddable":true,"href":"https:\/\/www.electroluxprofessional.com\/no\/wp-json\/wp\/v2\/categories?post=17078"},{"taxonomy":"post_tag","embeddable":true,"href":"https:\/\/www.electroluxprofessional.com\/no\/wp-json\/wp\/v2\/tags?post=17078"}],"curies":[{"name":"wp","href":"https:\/\/api.w.org\/{rel}","templated":true}]}}