{"id":12404,"date":"2024-02-09T09:48:08","date_gmt":"2024-02-09T09:48:08","guid":{"rendered":"https:\/\/www.electroluxprofessional.com\/no\/?p=12404"},"modified":"2024-02-12T09:47:01","modified_gmt":"2024-02-12T09:47:01","slug":"vi-soker-ny-distriktssjef-til-ba-laundry","status":"publish","type":"post","link":"https:\/\/www.electroluxprofessional.com\/no\/vi-soker-ny-distriktssjef-til-ba-laundry\/","title":{"rendered":"Vi s\u00f8ker ny distriktssjef til BA Laundry"},"content":{"rendered":"<p>[vc_row][vc_column][vc_empty_space][\/vc_column][\/vc_row][vc_row][vc_column][vc_column_text]<\/p>\n<h2>Vi s\u00f8ker en distriktssjef til BA Laundry<\/h2>\n<p>Electrolux Professional AS s\u00f8ker en dyktig distriktssjef som kan styrke v\u00e5rt team. Vi ser etter en person som er initiativrik, selvstendig og samtidig verdsetter samarbeidet med andre for \u00e5 oppn\u00e5 resultater Les hele annonsen p\u00e5 Finn: <a href=\"https:\/\/www.finn.no\/job\/fulltime\/ad.html?finnkode=339541195\">https:\/\/www.finn.no\/job\/fulltime\/ad.html?finnkode=339541195<\/a> eller LinkedIn: <a href=\"https:\/\/www.linkedin.com\/jobs\/view\/3825915032\">https:\/\/www.linkedin.com\/jobs\/view\/3825915032<\/a>[\/vc_column_text][\/vc_column][\/vc_row][vc_row][vc_column][vc_empty_space][\/vc_column][\/vc_row]<\/p>\n","protected":false},"excerpt":{"rendered":"<p>[vc_row][vc_column][vc_empty_space][\/vc_column][\/vc_row][vc_row][vc_column][vc_column_text] Vi s\u00f8ker en distriktssjef til BA Laundry Electrolux Professional AS s\u00f8ker en dyktig distriktssjef som kan styrke v\u00e5rt team. Vi ser etter en person som er initiativrik, selvstendig og samtidig verdsetter samarbeidet med andre for \u00e5 oppn\u00e5 resultater Les hele annonsen p\u00e5 Finn: https:\/\/www.finn.no\/job\/fulltime\/ad.html?finnkode=339541195 eller LinkedIn: https:\/\/www.linkedin.com\/jobs\/view\/3825915032[\/vc_column_text][\/vc_column][\/vc_row][vc_row][vc_column][vc_empty_space][\/vc_column][\/vc_row]<\/p>\n","protected":false},"author":3,"featured_media":10987,"comment_status":"closed","ping_status":"closed","sticky":false,"template":"","format":"standard","meta":{"footnotes":""},"categories":[98,66],"tags":[160],"class_list":["post-12404","post","type-post","status-publish","format-standard","has-post-thumbnail","hentry","category-laundry","category-nyheter","tag-vi-soker-ny-distriktssjef"],"acf":[],"yoast_head":"<!-- This site is optimized with the Yoast SEO plugin v23.3 - https:\/\/yoast.com\/wordpress\/plugins\/seo\/ -->\n<title>Vi s\u00f8ker ny distriktssjef til BA Laundry - Electrolux Professional Norge<\/title>\n<meta name=\"description\" content=\"Vi s\u00f8ker distriktssjef til v\u00e5r vaskeriavdeling. Benytt anledningen til \u00e5 s\u00f8ke jobb hos en av markedslederne innen bransjen.\" \/>\n<meta name=\"robots\" content=\"index, follow, max-snippet:-1, max-image-preview:large, max-video-preview:-1\" \/>\n<link rel=\"canonical\" href=\"https:\/\/www.electroluxprofessional.com\/no\/vi-soker-ny-distriktssjef-til-ba-laundry\/\" \/>\n<meta property=\"og:locale\" content=\"nb_NO\" \/>\n<meta property=\"og:type\" content=\"article\" \/>\n<meta property=\"og:title\" content=\"Vi s\u00f8ker ny distriktssjef til BA Laundry - Electrolux Professional Norge\" \/>\n<meta property=\"og:description\" content=\"Vi s\u00f8ker distriktssjef til v\u00e5r vaskeriavdeling. Benytt anledningen til \u00e5 s\u00f8ke jobb hos en av markedslederne innen bransjen.\" \/>\n<meta property=\"og:url\" content=\"https:\/\/www.electroluxprofessional.com\/no\/vi-soker-ny-distriktssjef-til-ba-laundry\/\" \/>\n<meta property=\"og:site_name\" content=\"Electrolux Professional Norge\" \/>\n<meta property=\"article:published_time\" content=\"2024-02-09T09:48:08+00:00\" \/>\n<meta property=\"article:modified_time\" content=\"2024-02-12T09:47:01+00:00\" \/>\n<meta property=\"og:image\" content=\"https:\/\/www.electroluxprofessional.com\/no\/wp-content\/uploads\/2022\/12\/electrolux-banner-vi-soker.jpg\" \/>\n\t<meta property=\"og:image:width\" content=\"2000\" \/>\n\t<meta property=\"og:image:height\" content=\"350\" \/>\n\t<meta property=\"og:image:type\" content=\"image\/jpeg\" \/>\n<meta name=\"author\" content=\"wenche.fjeld@electroluxprofessional.com\" \/>\n<meta name=\"twitter:card\" content=\"summary_large_image\" \/>\n<meta name=\"twitter:label1\" content=\"Skrevet av\" \/>\n\t<meta name=\"twitter:data1\" content=\"wenche.fjeld@electroluxprofessional.com\" \/>\n\t<meta name=\"twitter:label2\" content=\"Ansl. lesetid\" \/>\n\t<meta name=\"twitter:data2\" content=\"1 minutt\" \/>\n<script type=\"application\/ld+json\" class=\"yoast-schema-graph\">{\"@context\":\"https:\/\/schema.org\",\"@graph\":[{\"@type\":\"WebPage\",\"@id\":\"https:\/\/www.electroluxprofessional.com\/no\/vi-soker-ny-distriktssjef-til-ba-laundry\/\",\"url\":\"https:\/\/www.electroluxprofessional.com\/no\/vi-soker-ny-distriktssjef-til-ba-laundry\/\",\"name\":\"Vi s\u00f8ker ny distriktssjef til BA Laundry - Electrolux Professional Norge\",\"isPartOf\":{\"@id\":\"https:\/\/www.electroluxprofessional.com\/no\/#website\"},\"primaryImageOfPage\":{\"@id\":\"https:\/\/www.electroluxprofessional.com\/no\/vi-soker-ny-distriktssjef-til-ba-laundry\/#primaryimage\"},\"image\":{\"@id\":\"https:\/\/www.electroluxprofessional.com\/no\/vi-soker-ny-distriktssjef-til-ba-laundry\/#primaryimage\"},\"thumbnailUrl\":\"https:\/\/www.electroluxprofessional.com\/no\/wp-content\/uploads\/2022\/12\/electrolux-banner-vi-soker.jpg\",\"datePublished\":\"2024-02-09T09:48:08+00:00\",\"dateModified\":\"2024-02-12T09:47:01+00:00\",\"author\":{\"@id\":\"https:\/\/www.electroluxprofessional.com\/no\/#\/schema\/person\/dd14dbbb0107c5fdcee179c1500397ff\"},\"description\":\"Vi s\u00f8ker distriktssjef til v\u00e5r vaskeriavdeling. Benytt anledningen til \u00e5 s\u00f8ke jobb hos en av markedslederne innen bransjen.\",\"breadcrumb\":{\"@id\":\"https:\/\/www.electroluxprofessional.com\/no\/vi-soker-ny-distriktssjef-til-ba-laundry\/#breadcrumb\"},\"inLanguage\":\"nb-NO\",\"potentialAction\":[{\"@type\":\"ReadAction\",\"target\":[\"https:\/\/www.electroluxprofessional.com\/no\/vi-soker-ny-distriktssjef-til-ba-laundry\/\"]}]},{\"@type\":\"ImageObject\",\"inLanguage\":\"nb-NO\",\"@id\":\"https:\/\/www.electroluxprofessional.com\/no\/vi-soker-ny-distriktssjef-til-ba-laundry\/#primaryimage\",\"url\":\"https:\/\/www.electroluxprofessional.com\/no\/wp-content\/uploads\/2022\/12\/electrolux-banner-vi-soker.jpg\",\"contentUrl\":\"https:\/\/www.electroluxprofessional.com\/no\/wp-content\/uploads\/2022\/12\/electrolux-banner-vi-soker.jpg\",\"width\":2000,\"height\":350,\"caption\":\"Electrolux Professional-banner-vi s\u00f8ker\"},{\"@type\":\"BreadcrumbList\",\"@id\":\"https:\/\/www.electroluxprofessional.com\/no\/vi-soker-ny-distriktssjef-til-ba-laundry\/#breadcrumb\",\"itemListElement\":[{\"@type\":\"ListItem\",\"position\":1,\"name\":\"Home\",\"item\":\"https:\/\/www.electroluxprofessional.com\/no\/\"},{\"@type\":\"ListItem\",\"position\":2,\"name\":\"Vi s\u00f8ker ny distriktssjef til BA Laundry\"}]},{\"@type\":\"WebSite\",\"@id\":\"https:\/\/www.electroluxprofessional.com\/no\/#website\",\"url\":\"https:\/\/www.electroluxprofessional.com\/no\/\",\"name\":\"Electrolux Professional Norge\",\"description\":\"\",\"potentialAction\":[{\"@type\":\"SearchAction\",\"target\":{\"@type\":\"EntryPoint\",\"urlTemplate\":\"https:\/\/www.electroluxprofessional.com\/no\/?src={search_term_string}\"},\"query-input\":\"required name=search_term_string\"}],\"inLanguage\":\"nb-NO\"},{\"@type\":\"Person\",\"@id\":\"https:\/\/www.electroluxprofessional.com\/no\/#\/schema\/person\/dd14dbbb0107c5fdcee179c1500397ff\",\"name\":\"wenche.fjeld@electroluxprofessional.com\",\"image\":{\"@type\":\"ImageObject\",\"inLanguage\":\"nb-NO\",\"@id\":\"https:\/\/www.electroluxprofessional.com\/no\/#\/schema\/person\/image\/\",\"url\":\"https:\/\/secure.gravatar.com\/avatar\/1ca58d60b55317cd52ad91ed4d9ca6ca?s=96&d=mm&r=g\",\"contentUrl\":\"https:\/\/secure.gravatar.com\/avatar\/1ca58d60b55317cd52ad91ed4d9ca6ca?s=96&d=mm&r=g\",\"caption\":\"wenche.fjeld@electroluxprofessional.com\"},\"url\":\"https:\/\/www.electroluxprofessional.com\/no\/author\/wenche-fjeld-electroluxprofessional-com\/\"}]}<\/script>\n<!-- \/ Yoast SEO plugin. -->","yoast_head_json":{"title":"Vi s\u00f8ker ny distriktssjef til BA Laundry - Electrolux Professional Norge","description":"Vi s\u00f8ker distriktssjef til v\u00e5r vaskeriavdeling. Benytt anledningen til \u00e5 s\u00f8ke jobb hos en av markedslederne innen bransjen.","robots":{"index":"index","follow":"follow","max-snippet":"max-snippet:-1","max-image-preview":"max-image-preview:large","max-video-preview":"max-video-preview:-1"},"canonical":"https:\/\/www.electroluxprofessional.com\/no\/vi-soker-ny-distriktssjef-til-ba-laundry\/","og_locale":"nb_NO","og_type":"article","og_title":"Vi s\u00f8ker ny distriktssjef til BA Laundry - Electrolux Professional Norge","og_description":"Vi s\u00f8ker distriktssjef til v\u00e5r vaskeriavdeling. Benytt anledningen til \u00e5 s\u00f8ke jobb hos en av markedslederne innen bransjen.","og_url":"https:\/\/www.electroluxprofessional.com\/no\/vi-soker-ny-distriktssjef-til-ba-laundry\/","og_site_name":"Electrolux Professional Norge","article_published_time":"2024-02-09T09:48:08+00:00","article_modified_time":"2024-02-12T09:47:01+00:00","og_image":[{"width":2000,"height":350,"url":"https:\/\/www.electroluxprofessional.com\/no\/wp-content\/uploads\/2022\/12\/electrolux-banner-vi-soker.jpg","type":"image\/jpeg"}],"author":"wenche.fjeld@electroluxprofessional.com","twitter_card":"summary_large_image","twitter_misc":{"Skrevet av":"wenche.fjeld@electroluxprofessional.com","Ansl. lesetid":"1 minutt"},"schema":{"@context":"https:\/\/schema.org","@graph":[{"@type":"WebPage","@id":"https:\/\/www.electroluxprofessional.com\/no\/vi-soker-ny-distriktssjef-til-ba-laundry\/","url":"https:\/\/www.electroluxprofessional.com\/no\/vi-soker-ny-distriktssjef-til-ba-laundry\/","name":"Vi s\u00f8ker ny distriktssjef til BA Laundry - Electrolux Professional Norge","isPartOf":{"@id":"https:\/\/www.electroluxprofessional.com\/no\/#website"},"primaryImageOfPage":{"@id":"https:\/\/www.electroluxprofessional.com\/no\/vi-soker-ny-distriktssjef-til-ba-laundry\/#primaryimage"},"image":{"@id":"https:\/\/www.electroluxprofessional.com\/no\/vi-soker-ny-distriktssjef-til-ba-laundry\/#primaryimage"},"thumbnailUrl":"https:\/\/www.electroluxprofessional.com\/no\/wp-content\/uploads\/2022\/12\/electrolux-banner-vi-soker.jpg","datePublished":"2024-02-09T09:48:08+00:00","dateModified":"2024-02-12T09:47:01+00:00","author":{"@id":"https:\/\/www.electroluxprofessional.com\/no\/#\/schema\/person\/dd14dbbb0107c5fdcee179c1500397ff"},"description":"Vi s\u00f8ker distriktssjef til v\u00e5r vaskeriavdeling. Benytt anledningen til \u00e5 s\u00f8ke jobb hos en av markedslederne innen bransjen.","breadcrumb":{"@id":"https:\/\/www.electroluxprofessional.com\/no\/vi-soker-ny-distriktssjef-til-ba-laundry\/#breadcrumb"},"inLanguage":"nb-NO","potentialAction":[{"@type":"ReadAction","target":["https:\/\/www.electroluxprofessional.com\/no\/vi-soker-ny-distriktssjef-til-ba-laundry\/"]}]},{"@type":"ImageObject","inLanguage":"nb-NO","@id":"https:\/\/www.electroluxprofessional.com\/no\/vi-soker-ny-distriktssjef-til-ba-laundry\/#primaryimage","url":"https:\/\/www.electroluxprofessional.com\/no\/wp-content\/uploads\/2022\/12\/electrolux-banner-vi-soker.jpg","contentUrl":"https:\/\/www.electroluxprofessional.com\/no\/wp-content\/uploads\/2022\/12\/electrolux-banner-vi-soker.jpg","width":2000,"height":350,"caption":"Electrolux Professional-banner-vi s\u00f8ker"},{"@type":"BreadcrumbList","@id":"https:\/\/www.electroluxprofessional.com\/no\/vi-soker-ny-distriktssjef-til-ba-laundry\/#breadcrumb","itemListElement":[{"@type":"ListItem","position":1,"name":"Home","item":"https:\/\/www.electroluxprofessional.com\/no\/"},{"@type":"ListItem","position":2,"name":"Vi s\u00f8ker ny distriktssjef til BA Laundry"}]},{"@type":"WebSite","@id":"https:\/\/www.electroluxprofessional.com\/no\/#website","url":"https:\/\/www.electroluxprofessional.com\/no\/","name":"Electrolux Professional Norge","description":"","potentialAction":[{"@type":"SearchAction","target":{"@type":"EntryPoint","urlTemplate":"https:\/\/www.electroluxprofessional.com\/no\/?src={search_term_string}"},"query-input":"required name=search_term_string"}],"inLanguage":"nb-NO"},{"@type":"Person","@id":"https:\/\/www.electroluxprofessional.com\/no\/#\/schema\/person\/dd14dbbb0107c5fdcee179c1500397ff","name":"wenche.fjeld@electroluxprofessional.com","image":{"@type":"ImageObject","inLanguage":"nb-NO","@id":"https:\/\/www.electroluxprofessional.com\/no\/#\/schema\/person\/image\/","url":"https:\/\/secure.gravatar.com\/avatar\/1ca58d60b55317cd52ad91ed4d9ca6ca?s=96&d=mm&r=g","contentUrl":"https:\/\/secure.gravatar.com\/avatar\/1ca58d60b55317cd52ad91ed4d9ca6ca?s=96&d=mm&r=g","caption":"wenche.fjeld@electroluxprofessional.com"},"url":"https:\/\/www.electroluxprofessional.com\/no\/author\/wenche-fjeld-electroluxprofessional-com\/"}]}},"_links":{"self":[{"href":"https:\/\/www.electroluxprofessional.com\/no\/wp-json\/wp\/v2\/posts\/12404"}],"collection":[{"href":"https:\/\/www.electroluxprofessional.com\/no\/wp-json\/wp\/v2\/posts"}],"about":[{"href":"https:\/\/www.electroluxprofessional.com\/no\/wp-json\/wp\/v2\/types\/post"}],"author":[{"embeddable":true,"href":"https:\/\/www.electroluxprofessional.com\/no\/wp-json\/wp\/v2\/users\/3"}],"replies":[{"embeddable":true,"href":"https:\/\/www.electroluxprofessional.com\/no\/wp-json\/wp\/v2\/comments?post=12404"}],"version-history":[{"count":7,"href":"https:\/\/www.electroluxprofessional.com\/no\/wp-json\/wp\/v2\/posts\/12404\/revisions"}],"predecessor-version":[{"id":12420,"href":"https:\/\/www.electroluxprofessional.com\/no\/wp-json\/wp\/v2\/posts\/12404\/revisions\/12420"}],"wp:featuredmedia":[{"embeddable":true,"href":"https:\/\/www.electroluxprofessional.com\/no\/wp-json\/wp\/v2\/media\/10987"}],"wp:attachment":[{"href":"https:\/\/www.electroluxprofessional.com\/no\/wp-json\/wp\/v2\/media?parent=12404"}],"wp:term":[{"taxonomy":"category","embeddable":true,"href":"https:\/\/www.electroluxprofessional.com\/no\/wp-json\/wp\/v2\/categories?post=12404"},{"taxonomy":"post_tag","embeddable":true,"href":"https:\/\/www.electroluxprofessional.com\/no\/wp-json\/wp\/v2\/tags?post=12404"}],"curies":[{"name":"wp","href":"https:\/\/api.w.org\/{rel}","templated":true}]}}