{"id":12317,"date":"2024-01-30T14:51:57","date_gmt":"2024-01-30T14:51:57","guid":{"rendered":"https:\/\/www.electroluxprofessional.com\/no\/?p=12317"},"modified":"2024-01-30T14:51:57","modified_gmt":"2024-01-30T14:51:57","slug":"en-kort-samtale-med-manager-nkl-for-avreise-til-ol-i-stuttgart","status":"publish","type":"post","link":"https:\/\/www.electroluxprofessional.com\/no\/en-kort-samtale-med-manager-nkl-for-avreise-til-ol-i-stuttgart\/","title":{"rendered":"En kort samtale med manager NKL f\u00f8r avreise til OL i Stuttgart"},"content":{"rendered":"<p>[vc_row][vc_column][vc_empty_space][\/vc_column][\/vc_row][vc_row][vc_column][vc_column_text]<\/p>\n<p class=\"xp1\" style=\"margin: 0cm;\"><span class=\"xs1\">Som <strong>stolt samarbeidspartner<\/strong> av <strong>De Norske Kokkelandslagene<\/strong> har vi v\u00e6rt s\u00e5 heldige \u00e5 f\u00e5 tatt pulsen p\u00e5 selveste \u00absjefen\u00bb Gunnar Hvarnes f\u00f8r avreise. Gunnar er <strong>manager<\/strong> for De Norske Kokkelandslagene, og leder alle tre lagene i IKA CULINARY OLYMPICS i 2024 som deltar i OL i Stuttgart 2. \u2013 7. februar \u201824.<\/span><\/p>\n<p>Norge er en av f\u00e5 nasjoner som har <strong>lag i alle tre kategoriene<\/strong>, og det sier mye om <strong>niv\u00e5et her til lands.<\/strong><\/p>\n<p class=\"xp1\" style=\"margin: 0cm; font-stretch: normal; font-size-adjust: none; font-kerning: auto; font-variant-alternates: normal; font-variant-ligatures: normal; font-variant-numeric: normal; font-variant-east-asian: normal; font-feature-settings: normal;\">Vi g\u00e5r rett til sp\u00f8rsm\u00e5lene:<\/p>\n<p>[\/vc_column_text][\/vc_column][\/vc_row][vc_row][vc_column][vc_empty_space][\/vc_column][\/vc_row][vc_row][vc_column width=&#8221;1\/4&#8243;][vc_column_text]<\/p>\n<h1 style=\"text-align: center;\"><span style=\"color: #333399;\"><strong>1<\/strong><\/span><\/h1>\n<p>[\/vc_column_text][vc_empty_space][vc_empty_space][vc_empty_space][\/vc_column][vc_column width=&#8221;3\/4&#8243;][vc_column_text]Hva betyr det for deg \u00e5 v\u00e6re en del av De Norske Kokkelandslagene og \u00e5 representere Norge. (du har lang erfaring av dette n\u00e5)? Hva er det mest givende med \u00e5 v\u00e6re en Manager for de Norske kokkelandslagene?[\/vc_column_text][vc_empty_space][vc_column_text]<\/p>\n<blockquote><p><em>Det er ett ganske enkelt svar p\u00e5. Jeg elsker denne prosessen \u00e5 starte fra scratch. Og lage et helhetlig konsept som vi da konkurrerer med helt i verdenstoppen. Dette sammen med mange flotte folk: deltagere, NKL, sponsorer og smaksdommere. I tillegg m\u00f8ter vi mange bra fagfolk p\u00e5 veien.<\/em><\/p><\/blockquote>\n<p>[\/vc_column_text][\/vc_column][\/vc_row][vc_row][vc_column][vc_empty_space][\/vc_column][\/vc_row][vc_row][vc_column width=&#8221;1\/4&#8243;][vc_column_text]<\/p>\n<h1 style=\"text-align: center;\"><span style=\"color: #333399;\"><strong>2<\/strong><\/span><\/h1>\n<p>[\/vc_column_text][vc_empty_space][vc_empty_space][vc_empty_space][\/vc_column][vc_column width=&#8221;3\/4&#8243;][vc_column_text]Hva er viktigst i din rolle som coach?[\/vc_column_text][vc_empty_space][vc_column_text]<\/p>\n<blockquote><p><em>Min rolle er \u00e5 levere noe helhetlig p\u00e5 \u00f8verste niv\u00e5. Mine personlige m\u00e5l er \u00e5 ikke bare pr\u00f8ve \u00e5 f\u00e5 Norge til \u00e5 vinne gull, men det \u00e5 kunne gi deltagerne et innblikk i hva som skal til for \u00e5 n\u00e5 toppen. I tillegg er viktigheten at jeg skaper \u00aben god karakter\u00bb av dem. De er p\u00e5 en l\u00e6ringsferd som aldri tar slutt.<\/em><\/p><\/blockquote>\n<p>[\/vc_column_text][\/vc_column][\/vc_row][vc_row][vc_column][vc_empty_space][\/vc_column][\/vc_row][vc_row][vc_column width=&#8221;1\/4&#8243;][vc_column_text]<\/p>\n<h1 style=\"text-align: center;\"><span style=\"color: #333399;\">3<\/span><\/h1>\n<p>[\/vc_column_text][vc_empty_space][vc_empty_space][vc_empty_space][\/vc_column][vc_column width=&#8221;3\/4&#8243;][vc_column_text]<\/p>\n<p class=\"xp1\" style=\"margin: 0cm;\"><span class=\"xs1\">Hvordan og hvor henter du energi og motivasjon til \u00e5 holde p\u00e5 \u00e5r etter \u00e5r?<\/span><\/p>\n<p>[\/vc_column_text][vc_empty_space][vc_column_text]<\/p>\n<blockquote><p><em>Jeg er vel bare ikke helt riktig skrudd sammen :-). Neida, jeg har , fra jeg var ung, v\u00e6rt opptatt av \u00e5 gi alt i det jeg driver med. S\u00e5 har ikke tenkt \u00e5 gi meg enda med konkurranser. Og jeg er s\u00e5 heldig \u00e5 fortsatt f\u00e5 lov av familien \u00e5 holde p\u00e5. De er veldig t\u00e5lmodige\u2026.<\/em><\/p><\/blockquote>\n<p>[\/vc_column_text][\/vc_column][\/vc_row][vc_row][vc_column][vc_empty_space][\/vc_column][\/vc_row][vc_row][vc_column width=&#8221;1\/4&#8243;][vc_column_text]<\/p>\n<h1 style=\"text-align: center;\"><span style=\"color: #333399;\">4<\/span><\/h1>\n<p>[\/vc_column_text][vc_empty_space][vc_empty_space][vc_empty_space][vc_empty_space][vc_empty_space][vc_empty_space][\/vc_column][vc_column width=&#8221;3\/4&#8243;][vc_column_text]<\/p>\n<p class=\"xp1\" style=\"margin: 0cm;\">Hvordan balanserer du kreativitet med de strenge kravene i en konkurranse?<\/p>\n<p>[\/vc_column_text][vc_empty_space][vc_column_text]<\/p>\n<blockquote><p><em>Det er nok min st\u00f8rste fiende. Jeg elsker \u00e5 forandre og \u00e5 gj\u00f8re nye ting hele tiden. Gjengen har en ting de gir meg mye pes for: det er n\u00e5r jeg kommer inn litt tr\u00f8tt p\u00e5 morgenkvisten og sier: jeg har tenkt litt\/for dem betyr det ekstra arbeid, gj\u00f8re noe nytt\/teste nye varianter.<\/em><\/p>\n<p><em>Vi tuller mye med det. Og jeg personlig er helt sikker p\u00e5 dette er en av n\u00f8klene for \u00e5 v\u00e6re over \u00abde andre\u00bb motstanderne. Men reglene er en ting vi jobber mye med!<\/em><\/p>\n<p><em>Den dagen konkurranse blir rutinearbeid, begynner jeg heller med noe annet. Kanskje spissreserve p\u00e5 Sandnes sitt old boys-lag i 6 divisjon fotball.<\/em><\/p>\n<p><em>Men..\u00a0<\/em><\/p><\/blockquote>\n<p>[\/vc_column_text][vc_empty_space][\/vc_column][\/vc_row][vc_row][vc_column width=&#8221;1\/4&#8243;][vc_column_text]<\/p>\n<h1 style=\"text-align: center;\"><span style=\"color: #333399;\">5<\/span><\/h1>\n<p>[\/vc_column_text][vc_empty_space][vc_empty_space][vc_empty_space][vc_empty_space][\/vc_column][vc_column width=&#8221;3\/4&#8243;][vc_column_text]<\/p>\n<p class=\"xp1\" style=\"margin: 0cm;\">Hvilken betydning har samarbeidet med Electrolux Professional hatt i deres forberedelser inn mot konkurransen?<\/p>\n<p>[\/vc_column_text][vc_empty_space][vc_column_text]<\/p>\n<blockquote><p><em>Vi er jo s\u00e5 heldig \u00e5 ha den backingen fra de flotte folka fra Electrolux Professional helt fra start til slutt. Godt utstyr og kj\u00f8kkenfasiliteter er alfa og omega. Det setter vi veldig pris p\u00e5.<\/em><\/p>\n<p><em>I tillegg har jeg jo Knut med som en god sparringspartner p\u00e5 siden som betyr mye for meg.<\/em><\/p><\/blockquote>\n<p>[\/vc_column_text][\/vc_column][\/vc_row][vc_row][vc_column][vc_empty_space][\/vc_column][\/vc_row][vc_row][vc_column width=&#8221;1\/4&#8243;][vc_column_text]<\/p>\n<h1 style=\"text-align: center;\"><span style=\"color: #333399;\">6<\/span><\/h1>\n<p>[\/vc_column_text][vc_empty_space][vc_empty_space][vc_empty_space][vc_empty_space][\/vc_column][vc_column width=&#8221;3\/4&#8243;][vc_column_text]<\/p>\n<p class=\"xp1\" style=\"margin: 0cm;\"><span class=\"xs1\">Hvilke(t) land blir deres t\u00f8ffeste konkurrenter?<\/span><\/p>\n<p>[\/vc_column_text][vc_empty_space][vc_column_text]<\/p>\n<blockquote><p><em>Sverige, Sveits og Italia p\u00e5 junior og senior.<\/em><\/p>\n<p><em>P\u00e5 CC er det nok Finland og Sveits.<\/em><br \/>\n<em>Og av erfaring kommer det sikkert en overraskelse inn fra siden <\/em><\/p><\/blockquote>\n<p>[\/vc_column_text][vc_empty_space][\/vc_column][\/vc_row][vc_row][vc_column width=&#8221;1\/4&#8243;][vc_column_text]<\/p>\n<h1 style=\"text-align: center;\"><span style=\"color: #333399;\">7<\/span><\/h1>\n<p>[\/vc_column_text][vc_empty_space][vc_empty_space][vc_empty_space][vc_empty_space][\/vc_column][vc_column width=&#8221;3\/4&#8243;][vc_column_text]<\/p>\n<p class=\"xp1\" style=\"margin: 0cm;\">Til slutt, Gunnar: Hvorfor skal man velge kokkeyrket?<\/p>\n<p>[\/vc_column_text][vc_empty_space][vc_column_text]<\/p>\n<blockquote><p><em>Fordi det er et yrke med <strong>uante muligheter <\/strong>&#8211; man f\u00e5r <strong>gode venner <\/strong><\/em><em><strong>og kollegaer<\/strong>. Det er <strong>lett \u00e5 f\u00e5 jobb<\/strong>, samtidig s\u00e5 er det bare s\u00e5 utfordrende som du gj\u00f8r det til selv\ud83d\ude09<\/em><\/p><\/blockquote>\n<p>[\/vc_column_text][vc_empty_space][\/vc_column][\/vc_row][vc_row][vc_column][vc_empty_space][vc_empty_space][vc_column_text]<\/p>\n<h3>Fra v\u00e5r side \u00f8nsker vi alle deltagerne lykke til i konkurransen! Her bilde av junior og CC-laget. Heia, heia!<\/h3>\n<p>[\/vc_column_text][vc_empty_space][\/vc_column][\/vc_row][vc_row][vc_column][vc_single_image image=&#8221;12334&#8243; img_size=&#8221;full&#8221; alignment=&#8221;center&#8221;][vc_empty_space][vc_single_image image=&#8221;12333&#8243; img_size=&#8221;full&#8221;][vc_column_text]<\/p>\n<p style=\"text-align: left;\">Foto: Stian Broch<\/p>\n<p>[\/vc_column_text][\/vc_column][\/vc_row][vc_row][vc_column][\/vc_column][\/vc_row]<\/p>\n","protected":false},"excerpt":{"rendered":"<p>[vc_row][vc_column][vc_empty_space][\/vc_column][\/vc_row][vc_row][vc_column][vc_column_text] Som stolt samarbeidspartner av De Norske Kokkelandslagene har vi v\u00e6rt s\u00e5 heldige \u00e5 f\u00e5 tatt pulsen p\u00e5 selveste \u00absjefen\u00bb Gunnar Hvarnes f\u00f8r avreise. Gunnar er manager for De Norske Kokkelandslagene, og leder alle tre lagene i IKA CULINARY OLYMPICS i 2024 som deltar i OL i Stuttgart 2. \u2013 7. februar \u201824. Norge er [&hellip;]<\/p>\n","protected":false},"author":3,"featured_media":12343,"comment_status":"closed","ping_status":"closed","sticky":false,"template":"","format":"standard","meta":{"footnotes":""},"categories":[66,119],"tags":[158,159],"class_list":["post-12317","post","type-post","status-publish","format-standard","has-post-thumbnail","hentry","category-nyheter","category-storkjokken","tag-de-norske-kokkelandslagene","tag-samarbeidspartner"],"acf":[],"yoast_head":"<!-- This site is optimized with the Yoast SEO plugin v23.3 - https:\/\/yoast.com\/wordpress\/plugins\/seo\/ -->\n<title>En kort samtale med manager NKL f\u00f8r avreise til OL i Stuttgart - Electrolux Professional Norge<\/title>\n<meta name=\"description\" content=\"Som stolt samarbeidspartner av De Norske Kokkelandslagene har vi v\u00e6rt s\u00e5 heldige \u00e5 f\u00e5 tatt pulsen p\u00e5 selveste \u00absjefen\u00bb Gunnar Hvarnes.\" \/>\n<meta name=\"robots\" content=\"index, follow, max-snippet:-1, max-image-preview:large, max-video-preview:-1\" \/>\n<link rel=\"canonical\" href=\"https:\/\/www.electroluxprofessional.com\/no\/en-kort-samtale-med-manager-nkl-for-avreise-til-ol-i-stuttgart\/\" \/>\n<meta property=\"og:locale\" content=\"nb_NO\" \/>\n<meta property=\"og:type\" content=\"article\" \/>\n<meta property=\"og:title\" content=\"En kort samtale med manager NKL f\u00f8r avreise til OL i Stuttgart - Electrolux Professional Norge\" \/>\n<meta property=\"og:description\" content=\"Som stolt samarbeidspartner av De Norske Kokkelandslagene har vi v\u00e6rt s\u00e5 heldige \u00e5 f\u00e5 tatt pulsen p\u00e5 selveste \u00absjefen\u00bb Gunnar Hvarnes.\" \/>\n<meta property=\"og:url\" content=\"https:\/\/www.electroluxprofessional.com\/no\/en-kort-samtale-med-manager-nkl-for-avreise-til-ol-i-stuttgart\/\" \/>\n<meta property=\"og:site_name\" content=\"Electrolux Professional Norge\" \/>\n<meta property=\"article:published_time\" content=\"2024-01-30T14:51:57+00:00\" \/>\n<meta property=\"og:image\" content=\"https:\/\/www.electroluxprofessional.com\/no\/wp-content\/uploads\/2024\/01\/zeek_DNK-SR-farge-2023-2024_200kb.jpg\" \/>\n\t<meta property=\"og:image:width\" content=\"1920\" \/>\n\t<meta property=\"og:image:height\" content=\"581\" \/>\n\t<meta property=\"og:image:type\" content=\"image\/jpeg\" \/>\n<meta name=\"author\" content=\"wenche.fjeld@electroluxprofessional.com\" \/>\n<meta name=\"twitter:card\" content=\"summary_large_image\" \/>\n<meta name=\"twitter:label1\" content=\"Skrevet av\" \/>\n\t<meta name=\"twitter:data1\" content=\"wenche.fjeld@electroluxprofessional.com\" \/>\n\t<meta name=\"twitter:label2\" content=\"Ansl. lesetid\" \/>\n\t<meta name=\"twitter:data2\" content=\"4 minutter\" \/>\n<script type=\"application\/ld+json\" class=\"yoast-schema-graph\">{\"@context\":\"https:\/\/schema.org\",\"@graph\":[{\"@type\":\"WebPage\",\"@id\":\"https:\/\/www.electroluxprofessional.com\/no\/en-kort-samtale-med-manager-nkl-for-avreise-til-ol-i-stuttgart\/\",\"url\":\"https:\/\/www.electroluxprofessional.com\/no\/en-kort-samtale-med-manager-nkl-for-avreise-til-ol-i-stuttgart\/\",\"name\":\"En kort samtale med manager NKL f\u00f8r avreise til OL i Stuttgart - Electrolux Professional Norge\",\"isPartOf\":{\"@id\":\"https:\/\/www.electroluxprofessional.com\/no\/#website\"},\"primaryImageOfPage\":{\"@id\":\"https:\/\/www.electroluxprofessional.com\/no\/en-kort-samtale-med-manager-nkl-for-avreise-til-ol-i-stuttgart\/#primaryimage\"},\"image\":{\"@id\":\"https:\/\/www.electroluxprofessional.com\/no\/en-kort-samtale-med-manager-nkl-for-avreise-til-ol-i-stuttgart\/#primaryimage\"},\"thumbnailUrl\":\"https:\/\/www.electroluxprofessional.com\/no\/wp-content\/uploads\/2024\/01\/zeek_DNK-SR-farge-2023-2024_200kb.jpg\",\"datePublished\":\"2024-01-30T14:51:57+00:00\",\"dateModified\":\"2024-01-30T14:51:57+00:00\",\"author\":{\"@id\":\"https:\/\/www.electroluxprofessional.com\/no\/#\/schema\/person\/dd14dbbb0107c5fdcee179c1500397ff\"},\"description\":\"Som stolt samarbeidspartner av De Norske Kokkelandslagene har vi v\u00e6rt s\u00e5 heldige \u00e5 f\u00e5 tatt pulsen p\u00e5 selveste \u00absjefen\u00bb Gunnar Hvarnes.\",\"breadcrumb\":{\"@id\":\"https:\/\/www.electroluxprofessional.com\/no\/en-kort-samtale-med-manager-nkl-for-avreise-til-ol-i-stuttgart\/#breadcrumb\"},\"inLanguage\":\"nb-NO\",\"potentialAction\":[{\"@type\":\"ReadAction\",\"target\":[\"https:\/\/www.electroluxprofessional.com\/no\/en-kort-samtale-med-manager-nkl-for-avreise-til-ol-i-stuttgart\/\"]}]},{\"@type\":\"ImageObject\",\"inLanguage\":\"nb-NO\",\"@id\":\"https:\/\/www.electroluxprofessional.com\/no\/en-kort-samtale-med-manager-nkl-for-avreise-til-ol-i-stuttgart\/#primaryimage\",\"url\":\"https:\/\/www.electroluxprofessional.com\/no\/wp-content\/uploads\/2024\/01\/zeek_DNK-SR-farge-2023-2024_200kb.jpg\",\"contentUrl\":\"https:\/\/www.electroluxprofessional.com\/no\/wp-content\/uploads\/2024\/01\/zeek_DNK-SR-farge-2023-2024_200kb.jpg\",\"width\":1920,\"height\":581},{\"@type\":\"BreadcrumbList\",\"@id\":\"https:\/\/www.electroluxprofessional.com\/no\/en-kort-samtale-med-manager-nkl-for-avreise-til-ol-i-stuttgart\/#breadcrumb\",\"itemListElement\":[{\"@type\":\"ListItem\",\"position\":1,\"name\":\"Home\",\"item\":\"https:\/\/www.electroluxprofessional.com\/no\/\"},{\"@type\":\"ListItem\",\"position\":2,\"name\":\"En kort samtale med manager NKL f\u00f8r avreise til OL i Stuttgart\"}]},{\"@type\":\"WebSite\",\"@id\":\"https:\/\/www.electroluxprofessional.com\/no\/#website\",\"url\":\"https:\/\/www.electroluxprofessional.com\/no\/\",\"name\":\"Electrolux Professional Norge\",\"description\":\"\",\"potentialAction\":[{\"@type\":\"SearchAction\",\"target\":{\"@type\":\"EntryPoint\",\"urlTemplate\":\"https:\/\/www.electroluxprofessional.com\/no\/?src={search_term_string}\"},\"query-input\":\"required name=search_term_string\"}],\"inLanguage\":\"nb-NO\"},{\"@type\":\"Person\",\"@id\":\"https:\/\/www.electroluxprofessional.com\/no\/#\/schema\/person\/dd14dbbb0107c5fdcee179c1500397ff\",\"name\":\"wenche.fjeld@electroluxprofessional.com\",\"image\":{\"@type\":\"ImageObject\",\"inLanguage\":\"nb-NO\",\"@id\":\"https:\/\/www.electroluxprofessional.com\/no\/#\/schema\/person\/image\/\",\"url\":\"https:\/\/secure.gravatar.com\/avatar\/1ca58d60b55317cd52ad91ed4d9ca6ca?s=96&d=mm&r=g\",\"contentUrl\":\"https:\/\/secure.gravatar.com\/avatar\/1ca58d60b55317cd52ad91ed4d9ca6ca?s=96&d=mm&r=g\",\"caption\":\"wenche.fjeld@electroluxprofessional.com\"},\"url\":\"https:\/\/www.electroluxprofessional.com\/no\/author\/wenche-fjeld-electroluxprofessional-com\/\"}]}<\/script>\n<!-- \/ Yoast SEO plugin. -->","yoast_head_json":{"title":"En kort samtale med manager NKL f\u00f8r avreise til OL i Stuttgart - Electrolux Professional Norge","description":"Som stolt samarbeidspartner av De Norske Kokkelandslagene har vi v\u00e6rt s\u00e5 heldige \u00e5 f\u00e5 tatt pulsen p\u00e5 selveste \u00absjefen\u00bb Gunnar Hvarnes.","robots":{"index":"index","follow":"follow","max-snippet":"max-snippet:-1","max-image-preview":"max-image-preview:large","max-video-preview":"max-video-preview:-1"},"canonical":"https:\/\/www.electroluxprofessional.com\/no\/en-kort-samtale-med-manager-nkl-for-avreise-til-ol-i-stuttgart\/","og_locale":"nb_NO","og_type":"article","og_title":"En kort samtale med manager NKL f\u00f8r avreise til OL i Stuttgart - Electrolux Professional Norge","og_description":"Som stolt samarbeidspartner av De Norske Kokkelandslagene har vi v\u00e6rt s\u00e5 heldige \u00e5 f\u00e5 tatt pulsen p\u00e5 selveste \u00absjefen\u00bb Gunnar Hvarnes.","og_url":"https:\/\/www.electroluxprofessional.com\/no\/en-kort-samtale-med-manager-nkl-for-avreise-til-ol-i-stuttgart\/","og_site_name":"Electrolux Professional Norge","article_published_time":"2024-01-30T14:51:57+00:00","og_image":[{"width":1920,"height":581,"url":"https:\/\/www.electroluxprofessional.com\/no\/wp-content\/uploads\/2024\/01\/zeek_DNK-SR-farge-2023-2024_200kb.jpg","type":"image\/jpeg"}],"author":"wenche.fjeld@electroluxprofessional.com","twitter_card":"summary_large_image","twitter_misc":{"Skrevet av":"wenche.fjeld@electroluxprofessional.com","Ansl. lesetid":"4 minutter"},"schema":{"@context":"https:\/\/schema.org","@graph":[{"@type":"WebPage","@id":"https:\/\/www.electroluxprofessional.com\/no\/en-kort-samtale-med-manager-nkl-for-avreise-til-ol-i-stuttgart\/","url":"https:\/\/www.electroluxprofessional.com\/no\/en-kort-samtale-med-manager-nkl-for-avreise-til-ol-i-stuttgart\/","name":"En kort samtale med manager NKL f\u00f8r avreise til OL i Stuttgart - Electrolux Professional Norge","isPartOf":{"@id":"https:\/\/www.electroluxprofessional.com\/no\/#website"},"primaryImageOfPage":{"@id":"https:\/\/www.electroluxprofessional.com\/no\/en-kort-samtale-med-manager-nkl-for-avreise-til-ol-i-stuttgart\/#primaryimage"},"image":{"@id":"https:\/\/www.electroluxprofessional.com\/no\/en-kort-samtale-med-manager-nkl-for-avreise-til-ol-i-stuttgart\/#primaryimage"},"thumbnailUrl":"https:\/\/www.electroluxprofessional.com\/no\/wp-content\/uploads\/2024\/01\/zeek_DNK-SR-farge-2023-2024_200kb.jpg","datePublished":"2024-01-30T14:51:57+00:00","dateModified":"2024-01-30T14:51:57+00:00","author":{"@id":"https:\/\/www.electroluxprofessional.com\/no\/#\/schema\/person\/dd14dbbb0107c5fdcee179c1500397ff"},"description":"Som stolt samarbeidspartner av De Norske Kokkelandslagene har vi v\u00e6rt s\u00e5 heldige \u00e5 f\u00e5 tatt pulsen p\u00e5 selveste \u00absjefen\u00bb Gunnar Hvarnes.","breadcrumb":{"@id":"https:\/\/www.electroluxprofessional.com\/no\/en-kort-samtale-med-manager-nkl-for-avreise-til-ol-i-stuttgart\/#breadcrumb"},"inLanguage":"nb-NO","potentialAction":[{"@type":"ReadAction","target":["https:\/\/www.electroluxprofessional.com\/no\/en-kort-samtale-med-manager-nkl-for-avreise-til-ol-i-stuttgart\/"]}]},{"@type":"ImageObject","inLanguage":"nb-NO","@id":"https:\/\/www.electroluxprofessional.com\/no\/en-kort-samtale-med-manager-nkl-for-avreise-til-ol-i-stuttgart\/#primaryimage","url":"https:\/\/www.electroluxprofessional.com\/no\/wp-content\/uploads\/2024\/01\/zeek_DNK-SR-farge-2023-2024_200kb.jpg","contentUrl":"https:\/\/www.electroluxprofessional.com\/no\/wp-content\/uploads\/2024\/01\/zeek_DNK-SR-farge-2023-2024_200kb.jpg","width":1920,"height":581},{"@type":"BreadcrumbList","@id":"https:\/\/www.electroluxprofessional.com\/no\/en-kort-samtale-med-manager-nkl-for-avreise-til-ol-i-stuttgart\/#breadcrumb","itemListElement":[{"@type":"ListItem","position":1,"name":"Home","item":"https:\/\/www.electroluxprofessional.com\/no\/"},{"@type":"ListItem","position":2,"name":"En kort samtale med manager NKL f\u00f8r avreise til OL i Stuttgart"}]},{"@type":"WebSite","@id":"https:\/\/www.electroluxprofessional.com\/no\/#website","url":"https:\/\/www.electroluxprofessional.com\/no\/","name":"Electrolux Professional Norge","description":"","potentialAction":[{"@type":"SearchAction","target":{"@type":"EntryPoint","urlTemplate":"https:\/\/www.electroluxprofessional.com\/no\/?src={search_term_string}"},"query-input":"required name=search_term_string"}],"inLanguage":"nb-NO"},{"@type":"Person","@id":"https:\/\/www.electroluxprofessional.com\/no\/#\/schema\/person\/dd14dbbb0107c5fdcee179c1500397ff","name":"wenche.fjeld@electroluxprofessional.com","image":{"@type":"ImageObject","inLanguage":"nb-NO","@id":"https:\/\/www.electroluxprofessional.com\/no\/#\/schema\/person\/image\/","url":"https:\/\/secure.gravatar.com\/avatar\/1ca58d60b55317cd52ad91ed4d9ca6ca?s=96&d=mm&r=g","contentUrl":"https:\/\/secure.gravatar.com\/avatar\/1ca58d60b55317cd52ad91ed4d9ca6ca?s=96&d=mm&r=g","caption":"wenche.fjeld@electroluxprofessional.com"},"url":"https:\/\/www.electroluxprofessional.com\/no\/author\/wenche-fjeld-electroluxprofessional-com\/"}]}},"_links":{"self":[{"href":"https:\/\/www.electroluxprofessional.com\/no\/wp-json\/wp\/v2\/posts\/12317"}],"collection":[{"href":"https:\/\/www.electroluxprofessional.com\/no\/wp-json\/wp\/v2\/posts"}],"about":[{"href":"https:\/\/www.electroluxprofessional.com\/no\/wp-json\/wp\/v2\/types\/post"}],"author":[{"embeddable":true,"href":"https:\/\/www.electroluxprofessional.com\/no\/wp-json\/wp\/v2\/users\/3"}],"replies":[{"embeddable":true,"href":"https:\/\/www.electroluxprofessional.com\/no\/wp-json\/wp\/v2\/comments?post=12317"}],"version-history":[{"count":17,"href":"https:\/\/www.electroluxprofessional.com\/no\/wp-json\/wp\/v2\/posts\/12317\/revisions"}],"predecessor-version":[{"id":12344,"href":"https:\/\/www.electroluxprofessional.com\/no\/wp-json\/wp\/v2\/posts\/12317\/revisions\/12344"}],"wp:featuredmedia":[{"embeddable":true,"href":"https:\/\/www.electroluxprofessional.com\/no\/wp-json\/wp\/v2\/media\/12343"}],"wp:attachment":[{"href":"https:\/\/www.electroluxprofessional.com\/no\/wp-json\/wp\/v2\/media?parent=12317"}],"wp:term":[{"taxonomy":"category","embeddable":true,"href":"https:\/\/www.electroluxprofessional.com\/no\/wp-json\/wp\/v2\/categories?post=12317"},{"taxonomy":"post_tag","embeddable":true,"href":"https:\/\/www.electroluxprofessional.com\/no\/wp-json\/wp\/v2\/tags?post=12317"}],"curies":[{"name":"wp","href":"https:\/\/api.w.org\/{rel}","templated":true}]}}