{"id":11470,"date":"2023-05-09T10:24:56","date_gmt":"2023-05-09T10:24:56","guid":{"rendered":"https:\/\/www.electroluxprofessional.com\/no\/?p=11470"},"modified":"2023-08-10T07:12:29","modified_gmt":"2023-08-10T07:12:29","slug":"helproft-vaskeri-pa-arasen","status":"publish","type":"post","link":"https:\/\/www.electroluxprofessional.com\/no\/helproft-vaskeri-pa-arasen\/","title":{"rendered":"Helproft vaskeri p\u00e5 \u00c5r\u00e5sen!"},"content":{"rendered":"<p>[vc_row][vc_column][vc_empty_space][\/vc_column][\/vc_row][vc_row][vc_column width=&#8221;1\/2&#8243;][vc_column_text]<\/p>\n<h2>Proff klubb velger proft vaskeri<\/h2>\n<p>Se bilder og les <a href=\"https:\/\/www.electroluxprofessional.com\/no\/blog\/helproft-vaskeri-pa-arasen-stadion\/\">bloggen v\u00e5r<\/a>.<\/p>\n<p>\u00c5r\u00e5sen stadion og Lillestr\u00f8m Sportsklubb har grunn til \u00e5 v\u00e6re stolte av vaskeriet sitt![\/vc_column_text][\/vc_column][vc_column width=&#8221;1\/2&#8243;][vc_single_image image=&#8221;11437&#8243; img_size=&#8221;medium&#8221;][\/vc_column][\/vc_row][vc_row][vc_column][vc_empty_space][\/vc_column][\/vc_row]<\/p>\n","protected":false},"excerpt":{"rendered":"<p>[vc_row][vc_column][vc_empty_space][\/vc_column][\/vc_row][vc_row][vc_column width=&#8221;1\/2&#8243;][vc_column_text] Proff klubb velger proft vaskeri Se bilder og les bloggen v\u00e5r. \u00c5r\u00e5sen stadion og Lillestr\u00f8m Sportsklubb har grunn til \u00e5 v\u00e6re stolte av vaskeriet sitt![\/vc_column_text][\/vc_column][vc_column width=&#8221;1\/2&#8243;][vc_single_image image=&#8221;11437&#8243; img_size=&#8221;medium&#8221;][\/vc_column][\/vc_row][vc_row][vc_column][vc_empty_space][\/vc_column][\/vc_row]<\/p>\n","protected":false},"author":3,"featured_media":11473,"comment_status":"closed","ping_status":"closed","sticky":false,"template":"","format":"standard","meta":{"footnotes":""},"categories":[98,66],"tags":[104],"class_list":["post-11470","post","type-post","status-publish","format-standard","has-post-thumbnail","hentry","category-laundry","category-nyheter","tag-vaskeri"],"acf":[],"yoast_head":"<!-- This site is optimized with the Yoast SEO plugin v23.3 - https:\/\/yoast.com\/wordpress\/plugins\/seo\/ -->\n<title>Helproft vaskeri p\u00e5 \u00c5r\u00e5sen! - Electrolux Professional Norge<\/title>\n<meta name=\"description\" content=\"Les bloggen v\u00e5r om det profesjonelle vaskeriet p\u00e5 \u00c5r\u00e5sen Stadion som har gitt \u00f8kt vaskekapasitet\" \/>\n<meta name=\"robots\" content=\"index, follow, max-snippet:-1, max-image-preview:large, max-video-preview:-1\" \/>\n<link rel=\"canonical\" href=\"https:\/\/www.electroluxprofessional.com\/no\/helproft-vaskeri-pa-arasen\/\" \/>\n<meta property=\"og:locale\" content=\"nb_NO\" \/>\n<meta property=\"og:type\" content=\"article\" \/>\n<meta property=\"og:title\" content=\"Helproft vaskeri p\u00e5 \u00c5r\u00e5sen! - Electrolux Professional Norge\" \/>\n<meta property=\"og:description\" content=\"Les bloggen v\u00e5r om det profesjonelle vaskeriet p\u00e5 \u00c5r\u00e5sen Stadion som har gitt \u00f8kt vaskekapasitet\" \/>\n<meta property=\"og:url\" content=\"https:\/\/www.electroluxprofessional.com\/no\/helproft-vaskeri-pa-arasen\/\" \/>\n<meta property=\"og:site_name\" content=\"Electrolux Professional Norge\" \/>\n<meta property=\"article:published_time\" content=\"2023-05-09T10:24:56+00:00\" \/>\n<meta property=\"article:modified_time\" content=\"2023-08-10T07:12:29+00:00\" \/>\n<meta property=\"og:image\" content=\"https:\/\/www.electroluxprofessional.com\/no\/wp-content\/uploads\/2023\/05\/web_banner_maskiner-1.jpg\" \/>\n\t<meta property=\"og:image:width\" content=\"1920\" \/>\n\t<meta property=\"og:image:height\" content=\"581\" \/>\n\t<meta property=\"og:image:type\" content=\"image\/jpeg\" \/>\n<meta name=\"author\" content=\"wenche.fjeld@electroluxprofessional.com\" \/>\n<meta name=\"twitter:card\" content=\"summary_large_image\" \/>\n<meta name=\"twitter:label1\" content=\"Skrevet av\" \/>\n\t<meta name=\"twitter:data1\" content=\"wenche.fjeld@electroluxprofessional.com\" \/>\n\t<meta name=\"twitter:label2\" content=\"Ansl. lesetid\" \/>\n\t<meta name=\"twitter:data2\" content=\"1 minutt\" \/>\n<script type=\"application\/ld+json\" class=\"yoast-schema-graph\">{\"@context\":\"https:\/\/schema.org\",\"@graph\":[{\"@type\":\"WebPage\",\"@id\":\"https:\/\/www.electroluxprofessional.com\/no\/helproft-vaskeri-pa-arasen\/\",\"url\":\"https:\/\/www.electroluxprofessional.com\/no\/helproft-vaskeri-pa-arasen\/\",\"name\":\"Helproft vaskeri p\u00e5 \u00c5r\u00e5sen! - Electrolux Professional Norge\",\"isPartOf\":{\"@id\":\"https:\/\/www.electroluxprofessional.com\/no\/#website\"},\"primaryImageOfPage\":{\"@id\":\"https:\/\/www.electroluxprofessional.com\/no\/helproft-vaskeri-pa-arasen\/#primaryimage\"},\"image\":{\"@id\":\"https:\/\/www.electroluxprofessional.com\/no\/helproft-vaskeri-pa-arasen\/#primaryimage\"},\"thumbnailUrl\":\"https:\/\/www.electroluxprofessional.com\/no\/wp-content\/uploads\/2023\/05\/web_banner_maskiner-1.jpg\",\"datePublished\":\"2023-05-09T10:24:56+00:00\",\"dateModified\":\"2023-08-10T07:12:29+00:00\",\"author\":{\"@id\":\"https:\/\/www.electroluxprofessional.com\/no\/#\/schema\/person\/dd14dbbb0107c5fdcee179c1500397ff\"},\"description\":\"Les bloggen v\u00e5r om det profesjonelle vaskeriet p\u00e5 \u00c5r\u00e5sen Stadion som har gitt \u00f8kt vaskekapasitet\",\"breadcrumb\":{\"@id\":\"https:\/\/www.electroluxprofessional.com\/no\/helproft-vaskeri-pa-arasen\/#breadcrumb\"},\"inLanguage\":\"nb-NO\",\"potentialAction\":[{\"@type\":\"ReadAction\",\"target\":[\"https:\/\/www.electroluxprofessional.com\/no\/helproft-vaskeri-pa-arasen\/\"]}]},{\"@type\":\"ImageObject\",\"inLanguage\":\"nb-NO\",\"@id\":\"https:\/\/www.electroluxprofessional.com\/no\/helproft-vaskeri-pa-arasen\/#primaryimage\",\"url\":\"https:\/\/www.electroluxprofessional.com\/no\/wp-content\/uploads\/2023\/05\/web_banner_maskiner-1.jpg\",\"contentUrl\":\"https:\/\/www.electroluxprofessional.com\/no\/wp-content\/uploads\/2023\/05\/web_banner_maskiner-1.jpg\",\"width\":1920,\"height\":581,\"caption\":\"web_banner_maskiner\"},{\"@type\":\"BreadcrumbList\",\"@id\":\"https:\/\/www.electroluxprofessional.com\/no\/helproft-vaskeri-pa-arasen\/#breadcrumb\",\"itemListElement\":[{\"@type\":\"ListItem\",\"position\":1,\"name\":\"Home\",\"item\":\"https:\/\/www.electroluxprofessional.com\/no\/\"},{\"@type\":\"ListItem\",\"position\":2,\"name\":\"Helproft vaskeri p\u00e5 \u00c5r\u00e5sen!\"}]},{\"@type\":\"WebSite\",\"@id\":\"https:\/\/www.electroluxprofessional.com\/no\/#website\",\"url\":\"https:\/\/www.electroluxprofessional.com\/no\/\",\"name\":\"Electrolux Professional Norge\",\"description\":\"\",\"potentialAction\":[{\"@type\":\"SearchAction\",\"target\":{\"@type\":\"EntryPoint\",\"urlTemplate\":\"https:\/\/www.electroluxprofessional.com\/no\/?src={search_term_string}\"},\"query-input\":\"required name=search_term_string\"}],\"inLanguage\":\"nb-NO\"},{\"@type\":\"Person\",\"@id\":\"https:\/\/www.electroluxprofessional.com\/no\/#\/schema\/person\/dd14dbbb0107c5fdcee179c1500397ff\",\"name\":\"wenche.fjeld@electroluxprofessional.com\",\"image\":{\"@type\":\"ImageObject\",\"inLanguage\":\"nb-NO\",\"@id\":\"https:\/\/www.electroluxprofessional.com\/no\/#\/schema\/person\/image\/\",\"url\":\"https:\/\/secure.gravatar.com\/avatar\/1ca58d60b55317cd52ad91ed4d9ca6ca?s=96&d=mm&r=g\",\"contentUrl\":\"https:\/\/secure.gravatar.com\/avatar\/1ca58d60b55317cd52ad91ed4d9ca6ca?s=96&d=mm&r=g\",\"caption\":\"wenche.fjeld@electroluxprofessional.com\"},\"url\":\"https:\/\/www.electroluxprofessional.com\/no\/author\/wenche-fjeld-electroluxprofessional-com\/\"}]}<\/script>\n<!-- \/ Yoast SEO plugin. -->","yoast_head_json":{"title":"Helproft vaskeri p\u00e5 \u00c5r\u00e5sen! - Electrolux Professional Norge","description":"Les bloggen v\u00e5r om det profesjonelle vaskeriet p\u00e5 \u00c5r\u00e5sen Stadion som har gitt \u00f8kt vaskekapasitet","robots":{"index":"index","follow":"follow","max-snippet":"max-snippet:-1","max-image-preview":"max-image-preview:large","max-video-preview":"max-video-preview:-1"},"canonical":"https:\/\/www.electroluxprofessional.com\/no\/helproft-vaskeri-pa-arasen\/","og_locale":"nb_NO","og_type":"article","og_title":"Helproft vaskeri p\u00e5 \u00c5r\u00e5sen! - Electrolux Professional Norge","og_description":"Les bloggen v\u00e5r om det profesjonelle vaskeriet p\u00e5 \u00c5r\u00e5sen Stadion som har gitt \u00f8kt vaskekapasitet","og_url":"https:\/\/www.electroluxprofessional.com\/no\/helproft-vaskeri-pa-arasen\/","og_site_name":"Electrolux Professional Norge","article_published_time":"2023-05-09T10:24:56+00:00","article_modified_time":"2023-08-10T07:12:29+00:00","og_image":[{"width":1920,"height":581,"url":"https:\/\/www.electroluxprofessional.com\/no\/wp-content\/uploads\/2023\/05\/web_banner_maskiner-1.jpg","type":"image\/jpeg"}],"author":"wenche.fjeld@electroluxprofessional.com","twitter_card":"summary_large_image","twitter_misc":{"Skrevet av":"wenche.fjeld@electroluxprofessional.com","Ansl. lesetid":"1 minutt"},"schema":{"@context":"https:\/\/schema.org","@graph":[{"@type":"WebPage","@id":"https:\/\/www.electroluxprofessional.com\/no\/helproft-vaskeri-pa-arasen\/","url":"https:\/\/www.electroluxprofessional.com\/no\/helproft-vaskeri-pa-arasen\/","name":"Helproft vaskeri p\u00e5 \u00c5r\u00e5sen! - Electrolux Professional Norge","isPartOf":{"@id":"https:\/\/www.electroluxprofessional.com\/no\/#website"},"primaryImageOfPage":{"@id":"https:\/\/www.electroluxprofessional.com\/no\/helproft-vaskeri-pa-arasen\/#primaryimage"},"image":{"@id":"https:\/\/www.electroluxprofessional.com\/no\/helproft-vaskeri-pa-arasen\/#primaryimage"},"thumbnailUrl":"https:\/\/www.electroluxprofessional.com\/no\/wp-content\/uploads\/2023\/05\/web_banner_maskiner-1.jpg","datePublished":"2023-05-09T10:24:56+00:00","dateModified":"2023-08-10T07:12:29+00:00","author":{"@id":"https:\/\/www.electroluxprofessional.com\/no\/#\/schema\/person\/dd14dbbb0107c5fdcee179c1500397ff"},"description":"Les bloggen v\u00e5r om det profesjonelle vaskeriet p\u00e5 \u00c5r\u00e5sen Stadion som har gitt \u00f8kt vaskekapasitet","breadcrumb":{"@id":"https:\/\/www.electroluxprofessional.com\/no\/helproft-vaskeri-pa-arasen\/#breadcrumb"},"inLanguage":"nb-NO","potentialAction":[{"@type":"ReadAction","target":["https:\/\/www.electroluxprofessional.com\/no\/helproft-vaskeri-pa-arasen\/"]}]},{"@type":"ImageObject","inLanguage":"nb-NO","@id":"https:\/\/www.electroluxprofessional.com\/no\/helproft-vaskeri-pa-arasen\/#primaryimage","url":"https:\/\/www.electroluxprofessional.com\/no\/wp-content\/uploads\/2023\/05\/web_banner_maskiner-1.jpg","contentUrl":"https:\/\/www.electroluxprofessional.com\/no\/wp-content\/uploads\/2023\/05\/web_banner_maskiner-1.jpg","width":1920,"height":581,"caption":"web_banner_maskiner"},{"@type":"BreadcrumbList","@id":"https:\/\/www.electroluxprofessional.com\/no\/helproft-vaskeri-pa-arasen\/#breadcrumb","itemListElement":[{"@type":"ListItem","position":1,"name":"Home","item":"https:\/\/www.electroluxprofessional.com\/no\/"},{"@type":"ListItem","position":2,"name":"Helproft vaskeri p\u00e5 \u00c5r\u00e5sen!"}]},{"@type":"WebSite","@id":"https:\/\/www.electroluxprofessional.com\/no\/#website","url":"https:\/\/www.electroluxprofessional.com\/no\/","name":"Electrolux Professional Norge","description":"","potentialAction":[{"@type":"SearchAction","target":{"@type":"EntryPoint","urlTemplate":"https:\/\/www.electroluxprofessional.com\/no\/?src={search_term_string}"},"query-input":"required name=search_term_string"}],"inLanguage":"nb-NO"},{"@type":"Person","@id":"https:\/\/www.electroluxprofessional.com\/no\/#\/schema\/person\/dd14dbbb0107c5fdcee179c1500397ff","name":"wenche.fjeld@electroluxprofessional.com","image":{"@type":"ImageObject","inLanguage":"nb-NO","@id":"https:\/\/www.electroluxprofessional.com\/no\/#\/schema\/person\/image\/","url":"https:\/\/secure.gravatar.com\/avatar\/1ca58d60b55317cd52ad91ed4d9ca6ca?s=96&d=mm&r=g","contentUrl":"https:\/\/secure.gravatar.com\/avatar\/1ca58d60b55317cd52ad91ed4d9ca6ca?s=96&d=mm&r=g","caption":"wenche.fjeld@electroluxprofessional.com"},"url":"https:\/\/www.electroluxprofessional.com\/no\/author\/wenche-fjeld-electroluxprofessional-com\/"}]}},"_links":{"self":[{"href":"https:\/\/www.electroluxprofessional.com\/no\/wp-json\/wp\/v2\/posts\/11470"}],"collection":[{"href":"https:\/\/www.electroluxprofessional.com\/no\/wp-json\/wp\/v2\/posts"}],"about":[{"href":"https:\/\/www.electroluxprofessional.com\/no\/wp-json\/wp\/v2\/types\/post"}],"author":[{"embeddable":true,"href":"https:\/\/www.electroluxprofessional.com\/no\/wp-json\/wp\/v2\/users\/3"}],"replies":[{"embeddable":true,"href":"https:\/\/www.electroluxprofessional.com\/no\/wp-json\/wp\/v2\/comments?post=11470"}],"version-history":[{"count":7,"href":"https:\/\/www.electroluxprofessional.com\/no\/wp-json\/wp\/v2\/posts\/11470\/revisions"}],"predecessor-version":[{"id":11647,"href":"https:\/\/www.electroluxprofessional.com\/no\/wp-json\/wp\/v2\/posts\/11470\/revisions\/11647"}],"wp:featuredmedia":[{"embeddable":true,"href":"https:\/\/www.electroluxprofessional.com\/no\/wp-json\/wp\/v2\/media\/11473"}],"wp:attachment":[{"href":"https:\/\/www.electroluxprofessional.com\/no\/wp-json\/wp\/v2\/media?parent=11470"}],"wp:term":[{"taxonomy":"category","embeddable":true,"href":"https:\/\/www.electroluxprofessional.com\/no\/wp-json\/wp\/v2\/categories?post=11470"},{"taxonomy":"post_tag","embeddable":true,"href":"https:\/\/www.electroluxprofessional.com\/no\/wp-json\/wp\/v2\/tags?post=11470"}],"curies":[{"name":"wp","href":"https:\/\/api.w.org\/{rel}","templated":true}]}}