{"id":10668,"date":"2022-05-24T13:13:49","date_gmt":"2022-05-24T13:13:49","guid":{"rendered":"https:\/\/www.electroluxprofessional.com\/no\/?p=10668"},"modified":"2022-05-30T07:40:49","modified_gmt":"2022-05-30T07:40:49","slug":"worldchefs-og-electrolux-professional-fornyer-samarbeidet","status":"publish","type":"post","link":"https:\/\/www.electroluxprofessional.com\/no\/worldchefs-og-electrolux-professional-fornyer-samarbeidet\/","title":{"rendered":"Worldchefs og Electrolux Professional fornyer samarbeidet"},"content":{"rendered":"<p>[vc_row][vc_column][elx_heading text_color=&#8221;inherit&#8221;]<br \/>\nMens Worldchefs Congress &amp; Expo 2022 i Abu Dhabi starter 30. mai &#8217;22, kunngj\u00f8r Electrolux Professional signering av et nytt premium-partnerskap med vertsorganisasjonen &#8211; Worldchefs[\/elx_heading][\/vc_column][\/vc_row][vc_row][vc_column][vc_empty_space][vc_column_text]<\/p>\n<p id=\"tw-target-text\" class=\"tw-data-text tw-text-large tw-ta\" dir=\"ltr\" data-placeholder=\"Oversettelse\"><span class=\"Y2IQFc\" lang=\"no\">Samarbeidet er et vedvarende og langvarig partnerskap sentrert rundt <strong>&#8220;Art &amp; Science Come Together&#8221;-programmet<\/strong> med Worldchefs. <strong>Med st\u00f8tte fra Electrolux Professional vil programmet utvides ytterligere til \u00e5 omfatte utvikling av et digitalt ressurssenter<\/strong>. Sammen vil vi utnytte ressursene p\u00e5 nye m\u00e5ter, og partnerskapet vil levere kunnskap om v\u00e5re l\u00f8sninger til fagfolk innen storkj\u00f8kken for \u00e5 bidra til \u00e5 bygge bransjens fremtid.<\/span><\/p>\n<p>[\/vc_column_text][vc_empty_space][vc_column_text]<\/p>\n<blockquote><p><span class=\"Y2IQFc\" lang=\"no\">&#8220;Worldchefs er stolte av \u00e5 fornye partnerskapet v\u00e5rt med Electrolux Professional. Deres inkluderende, kokkefokuserte tiln\u00e6rming til innovasjon, kontinuerlige fokus p\u00e5 fortreffelighet og dristige b\u00e6rekraftsforpliktelser er bare noen f\u00e5 grunner til at de har v\u00e6rt en naturlig samarbeidspartner og sentral st\u00f8ttespiller for Worldchefs, sier <strong>Ragnar Fridriksson, Worldchefs administrerende direkt\u00f8r. <\/strong><\/span><\/p>\n<p><span class=\"Y2IQFc\" lang=\"no\">&#8220;Electrolux Professionals dedikerte kokker over hele verden tilf\u00f8rer s\u00e5 mye verdi til samfunnet v\u00e5rt, og vi ser frem til \u00e5 utvide partnerskapet v\u00e5rt nye ressurser for fremtiden.&#8221;<\/span><\/p>\n<p>&nbsp;<\/p><\/blockquote>\n<p>[\/vc_column_text][vc_empty_space][vc_column_text]Electrolux Professional er premium partner for det kommende <a href=\"https:\/\/www.worldchefscongress.org\/home\">Worldchefs Congress &amp; Expo 2022<\/a> i Abu Dhabi 30. mai 30 \u2013 2. juni 2022 \u2013 en kongress som arrangeres hvert 2. \u00e5r for ledere innen n\u00e6ringsliv, storkj\u00f8kken og kulinariske innovat\u00f8rer. For de mange Chefs Challenge konkurransene som foreg\u00e5r under kongressen har Electrolux Professional levert kj\u00f8kkenutstyret utstyrt med n k <a href=\"https:\/\/www.electroluxprofessional.com\/no\/storkjokken\/kombidamper\/\">SkyLine Cook&amp;Chill ovner<\/a> og <a href=\"https:\/\/www.electroluxprofessional.com\/no\/storkjokken\/blasekjoler-og-frysere\/\">Skyline bl\u00e5sekj\u00f8lere\/-frysere<\/a>.[\/vc_column_text][vc_empty_space][vc_column_text]Fra Electrolux Professional vil Viktoria Roos \u2013 Open Innovation Lead og Chef Henry Guadagni delta i paneldiskusjoner og presentere Electrolux Professionals <strong>\u201cZero waste, all taste\u201d<\/strong>-konsept.<\/p>\n<p id=\"tw-target-text\" class=\"tw-data-text tw-text-large tw-ta\" dir=\"ltr\" data-placeholder=\"Oversettelse\"><span class=\"Y2IQFc\" lang=\"no\">Electrolux Professional vil v\u00e6re vertskap for et nettverk i m\u00f8te med kokker og presentere en rekke l\u00f8sninger fra Thermaline M2M til SpeeDelight.<\/span><\/p>\n<p>[\/vc_column_text][vc_empty_space][\/vc_column][\/vc_row][vc_row][vc_column][elx_heading text_color=&#8221;inherit&#8221;]Om Worldchefs [\/elx_heading][vc_empty_space][vc_column_text]The World Association of Chefs\u2019 Societies, known as Worldchefs, is<strong> a dynamic global network of 110 chef associations worldwide.<\/strong> A leading voice in the hospitality industry, Worldchefs carries <strong>91 years of history<\/strong> since its founding at the Sorbonne by the venerable Auguste Escoffier. Representing a mobilized international membership of culinary professionals, Worldchefs is committed to advancing the profession and leveraging the influence of the chef jacket for the betterment of the industry and humanity at large. For more information about Worldchefs, visit the website at <a href=\"http:\/\/www.worldchefs.org\">www.worldchefs.org<\/a>.[\/vc_column_text][vc_empty_space][\/vc_column][\/vc_row]<\/p>\n","protected":false},"excerpt":{"rendered":"<p>[vc_row][vc_column][elx_heading text_color=&#8221;inherit&#8221;] Mens Worldchefs Congress &amp; Expo 2022 i Abu Dhabi starter 30. mai &#8217;22, kunngj\u00f8r Electrolux Professional signering av et nytt premium-partnerskap med vertsorganisasjonen &#8211; Worldchefs[\/elx_heading][\/vc_column][\/vc_row][vc_row][vc_column][vc_empty_space][vc_column_text] Samarbeidet er et vedvarende og langvarig partnerskap sentrert rundt &#8220;Art &amp; Science Come Together&#8221;-programmet med Worldchefs. Med st\u00f8tte fra Electrolux Professional vil programmet utvides ytterligere til \u00e5 omfatte [&hellip;]<\/p>\n","protected":false},"author":3,"featured_media":10667,"comment_status":"open","ping_status":"closed","sticky":false,"template":"","format":"standard","meta":{"footnotes":""},"categories":[66],"tags":[111,117],"class_list":["post-10668","post","type-post","status-publish","format-standard","has-post-thumbnail","hentry","category-nyheter","tag-abu-dhabi","tag-worldchefs"],"acf":[],"yoast_head":"<!-- This site is optimized with the Yoast SEO plugin v23.3 - https:\/\/yoast.com\/wordpress\/plugins\/seo\/ -->\n<title>Worldchefs-og-Electrolux-Professional-fornyer-samarbeidet<\/title>\n<meta name=\"description\" content=\"Mens Worldchefs Congress &amp; Expo 2022 i Abu Dhabi starter 30. mai &#039;22, kunngj\u00f8r Electrolux Professional signering av et nytt partnerskap med vertsorganisasjonen Worldchefs\" \/>\n<meta name=\"robots\" content=\"index, follow, max-snippet:-1, max-image-preview:large, max-video-preview:-1\" \/>\n<link rel=\"canonical\" href=\"https:\/\/www.electroluxprofessional.com\/no\/worldchefs-og-electrolux-professional-fornyer-samarbeidet\/\" \/>\n<meta property=\"og:locale\" content=\"nb_NO\" \/>\n<meta property=\"og:type\" content=\"article\" \/>\n<meta property=\"og:title\" content=\"Worldchefs-og-Electrolux-Professional-fornyer-samarbeidet\" \/>\n<meta property=\"og:description\" content=\"Mens Worldchefs Congress &amp; Expo 2022 i Abu Dhabi starter 30. mai &#039;22, kunngj\u00f8r Electrolux Professional signering av et nytt partnerskap med vertsorganisasjonen Worldchefs\" \/>\n<meta property=\"og:url\" content=\"https:\/\/www.electroluxprofessional.com\/no\/worldchefs-og-electrolux-professional-fornyer-samarbeidet\/\" \/>\n<meta property=\"og:site_name\" content=\"Electrolux Professional Norge\" \/>\n<meta property=\"article:published_time\" content=\"2022-05-24T13:13:49+00:00\" \/>\n<meta property=\"article:modified_time\" content=\"2022-05-30T07:40:49+00:00\" \/>\n<meta property=\"og:image\" content=\"https:\/\/www.electroluxprofessional.com\/no\/wp-content\/uploads\/2022\/05\/News_Masterslider-vertical-banner-Worldcheff.jpg\" \/>\n\t<meta property=\"og:image:width\" content=\"712\" \/>\n\t<meta property=\"og:image:height\" content=\"966\" \/>\n\t<meta property=\"og:image:type\" content=\"image\/jpeg\" \/>\n<meta name=\"author\" content=\"wenche.fjeld@electroluxprofessional.com\" \/>\n<meta name=\"twitter:card\" content=\"summary_large_image\" \/>\n<meta name=\"twitter:label1\" content=\"Skrevet av\" \/>\n\t<meta name=\"twitter:data1\" content=\"wenche.fjeld@electroluxprofessional.com\" \/>\n\t<meta name=\"twitter:label2\" content=\"Ansl. lesetid\" \/>\n\t<meta name=\"twitter:data2\" content=\"2 minutter\" \/>\n<script type=\"application\/ld+json\" class=\"yoast-schema-graph\">{\"@context\":\"https:\/\/schema.org\",\"@graph\":[{\"@type\":\"WebPage\",\"@id\":\"https:\/\/www.electroluxprofessional.com\/no\/worldchefs-og-electrolux-professional-fornyer-samarbeidet\/\",\"url\":\"https:\/\/www.electroluxprofessional.com\/no\/worldchefs-og-electrolux-professional-fornyer-samarbeidet\/\",\"name\":\"Worldchefs-og-Electrolux-Professional-fornyer-samarbeidet\",\"isPartOf\":{\"@id\":\"https:\/\/www.electroluxprofessional.com\/no\/#website\"},\"primaryImageOfPage\":{\"@id\":\"https:\/\/www.electroluxprofessional.com\/no\/worldchefs-og-electrolux-professional-fornyer-samarbeidet\/#primaryimage\"},\"image\":{\"@id\":\"https:\/\/www.electroluxprofessional.com\/no\/worldchefs-og-electrolux-professional-fornyer-samarbeidet\/#primaryimage\"},\"thumbnailUrl\":\"https:\/\/www.electroluxprofessional.com\/no\/wp-content\/uploads\/2022\/05\/Top-banner-worldchef.jpg\",\"datePublished\":\"2022-05-24T13:13:49+00:00\",\"dateModified\":\"2022-05-30T07:40:49+00:00\",\"author\":{\"@id\":\"https:\/\/www.electroluxprofessional.com\/no\/#\/schema\/person\/dd14dbbb0107c5fdcee179c1500397ff\"},\"description\":\"Mens Worldchefs Congress & Expo 2022 i Abu Dhabi starter 30. mai '22, kunngj\u00f8r Electrolux Professional signering av et nytt partnerskap med vertsorganisasjonen Worldchefs\",\"breadcrumb\":{\"@id\":\"https:\/\/www.electroluxprofessional.com\/no\/worldchefs-og-electrolux-professional-fornyer-samarbeidet\/#breadcrumb\"},\"inLanguage\":\"nb-NO\",\"potentialAction\":[{\"@type\":\"ReadAction\",\"target\":[\"https:\/\/www.electroluxprofessional.com\/no\/worldchefs-og-electrolux-professional-fornyer-samarbeidet\/\"]}]},{\"@type\":\"ImageObject\",\"inLanguage\":\"nb-NO\",\"@id\":\"https:\/\/www.electroluxprofessional.com\/no\/worldchefs-og-electrolux-professional-fornyer-samarbeidet\/#primaryimage\",\"url\":\"https:\/\/www.electroluxprofessional.com\/no\/wp-content\/uploads\/2022\/05\/Top-banner-worldchef.jpg\",\"contentUrl\":\"https:\/\/www.electroluxprofessional.com\/no\/wp-content\/uploads\/2022\/05\/Top-banner-worldchef.jpg\",\"width\":2000,\"height\":400,\"caption\":\"Top-banner-worldchef\"},{\"@type\":\"BreadcrumbList\",\"@id\":\"https:\/\/www.electroluxprofessional.com\/no\/worldchefs-og-electrolux-professional-fornyer-samarbeidet\/#breadcrumb\",\"itemListElement\":[{\"@type\":\"ListItem\",\"position\":1,\"name\":\"Home\",\"item\":\"https:\/\/www.electroluxprofessional.com\/no\/\"},{\"@type\":\"ListItem\",\"position\":2,\"name\":\"Worldchefs og Electrolux Professional fornyer samarbeidet\"}]},{\"@type\":\"WebSite\",\"@id\":\"https:\/\/www.electroluxprofessional.com\/no\/#website\",\"url\":\"https:\/\/www.electroluxprofessional.com\/no\/\",\"name\":\"Electrolux Professional Norge\",\"description\":\"\",\"potentialAction\":[{\"@type\":\"SearchAction\",\"target\":{\"@type\":\"EntryPoint\",\"urlTemplate\":\"https:\/\/www.electroluxprofessional.com\/no\/?src={search_term_string}\"},\"query-input\":\"required name=search_term_string\"}],\"inLanguage\":\"nb-NO\"},{\"@type\":\"Person\",\"@id\":\"https:\/\/www.electroluxprofessional.com\/no\/#\/schema\/person\/dd14dbbb0107c5fdcee179c1500397ff\",\"name\":\"wenche.fjeld@electroluxprofessional.com\",\"image\":{\"@type\":\"ImageObject\",\"inLanguage\":\"nb-NO\",\"@id\":\"https:\/\/www.electroluxprofessional.com\/no\/#\/schema\/person\/image\/\",\"url\":\"https:\/\/secure.gravatar.com\/avatar\/1ca58d60b55317cd52ad91ed4d9ca6ca?s=96&d=mm&r=g\",\"contentUrl\":\"https:\/\/secure.gravatar.com\/avatar\/1ca58d60b55317cd52ad91ed4d9ca6ca?s=96&d=mm&r=g\",\"caption\":\"wenche.fjeld@electroluxprofessional.com\"},\"url\":\"https:\/\/www.electroluxprofessional.com\/no\/author\/wenche-fjeld-electroluxprofessional-com\/\"}]}<\/script>\n<!-- \/ Yoast SEO plugin. -->","yoast_head_json":{"title":"Worldchefs-og-Electrolux-Professional-fornyer-samarbeidet","description":"Mens Worldchefs Congress & Expo 2022 i Abu Dhabi starter 30. mai '22, kunngj\u00f8r Electrolux Professional signering av et nytt partnerskap med vertsorganisasjonen Worldchefs","robots":{"index":"index","follow":"follow","max-snippet":"max-snippet:-1","max-image-preview":"max-image-preview:large","max-video-preview":"max-video-preview:-1"},"canonical":"https:\/\/www.electroluxprofessional.com\/no\/worldchefs-og-electrolux-professional-fornyer-samarbeidet\/","og_locale":"nb_NO","og_type":"article","og_title":"Worldchefs-og-Electrolux-Professional-fornyer-samarbeidet","og_description":"Mens Worldchefs Congress & Expo 2022 i Abu Dhabi starter 30. mai '22, kunngj\u00f8r Electrolux Professional signering av et nytt partnerskap med vertsorganisasjonen Worldchefs","og_url":"https:\/\/www.electroluxprofessional.com\/no\/worldchefs-og-electrolux-professional-fornyer-samarbeidet\/","og_site_name":"Electrolux Professional Norge","article_published_time":"2022-05-24T13:13:49+00:00","article_modified_time":"2022-05-30T07:40:49+00:00","og_image":[{"width":712,"height":966,"url":"https:\/\/www.electroluxprofessional.com\/no\/wp-content\/uploads\/2022\/05\/News_Masterslider-vertical-banner-Worldcheff.jpg","type":"image\/jpeg"}],"author":"wenche.fjeld@electroluxprofessional.com","twitter_card":"summary_large_image","twitter_misc":{"Skrevet av":"wenche.fjeld@electroluxprofessional.com","Ansl. lesetid":"2 minutter"},"schema":{"@context":"https:\/\/schema.org","@graph":[{"@type":"WebPage","@id":"https:\/\/www.electroluxprofessional.com\/no\/worldchefs-og-electrolux-professional-fornyer-samarbeidet\/","url":"https:\/\/www.electroluxprofessional.com\/no\/worldchefs-og-electrolux-professional-fornyer-samarbeidet\/","name":"Worldchefs-og-Electrolux-Professional-fornyer-samarbeidet","isPartOf":{"@id":"https:\/\/www.electroluxprofessional.com\/no\/#website"},"primaryImageOfPage":{"@id":"https:\/\/www.electroluxprofessional.com\/no\/worldchefs-og-electrolux-professional-fornyer-samarbeidet\/#primaryimage"},"image":{"@id":"https:\/\/www.electroluxprofessional.com\/no\/worldchefs-og-electrolux-professional-fornyer-samarbeidet\/#primaryimage"},"thumbnailUrl":"https:\/\/www.electroluxprofessional.com\/no\/wp-content\/uploads\/2022\/05\/Top-banner-worldchef.jpg","datePublished":"2022-05-24T13:13:49+00:00","dateModified":"2022-05-30T07:40:49+00:00","author":{"@id":"https:\/\/www.electroluxprofessional.com\/no\/#\/schema\/person\/dd14dbbb0107c5fdcee179c1500397ff"},"description":"Mens Worldchefs Congress & Expo 2022 i Abu Dhabi starter 30. mai '22, kunngj\u00f8r Electrolux Professional signering av et nytt partnerskap med vertsorganisasjonen Worldchefs","breadcrumb":{"@id":"https:\/\/www.electroluxprofessional.com\/no\/worldchefs-og-electrolux-professional-fornyer-samarbeidet\/#breadcrumb"},"inLanguage":"nb-NO","potentialAction":[{"@type":"ReadAction","target":["https:\/\/www.electroluxprofessional.com\/no\/worldchefs-og-electrolux-professional-fornyer-samarbeidet\/"]}]},{"@type":"ImageObject","inLanguage":"nb-NO","@id":"https:\/\/www.electroluxprofessional.com\/no\/worldchefs-og-electrolux-professional-fornyer-samarbeidet\/#primaryimage","url":"https:\/\/www.electroluxprofessional.com\/no\/wp-content\/uploads\/2022\/05\/Top-banner-worldchef.jpg","contentUrl":"https:\/\/www.electroluxprofessional.com\/no\/wp-content\/uploads\/2022\/05\/Top-banner-worldchef.jpg","width":2000,"height":400,"caption":"Top-banner-worldchef"},{"@type":"BreadcrumbList","@id":"https:\/\/www.electroluxprofessional.com\/no\/worldchefs-og-electrolux-professional-fornyer-samarbeidet\/#breadcrumb","itemListElement":[{"@type":"ListItem","position":1,"name":"Home","item":"https:\/\/www.electroluxprofessional.com\/no\/"},{"@type":"ListItem","position":2,"name":"Worldchefs og Electrolux Professional fornyer samarbeidet"}]},{"@type":"WebSite","@id":"https:\/\/www.electroluxprofessional.com\/no\/#website","url":"https:\/\/www.electroluxprofessional.com\/no\/","name":"Electrolux Professional Norge","description":"","potentialAction":[{"@type":"SearchAction","target":{"@type":"EntryPoint","urlTemplate":"https:\/\/www.electroluxprofessional.com\/no\/?src={search_term_string}"},"query-input":"required name=search_term_string"}],"inLanguage":"nb-NO"},{"@type":"Person","@id":"https:\/\/www.electroluxprofessional.com\/no\/#\/schema\/person\/dd14dbbb0107c5fdcee179c1500397ff","name":"wenche.fjeld@electroluxprofessional.com","image":{"@type":"ImageObject","inLanguage":"nb-NO","@id":"https:\/\/www.electroluxprofessional.com\/no\/#\/schema\/person\/image\/","url":"https:\/\/secure.gravatar.com\/avatar\/1ca58d60b55317cd52ad91ed4d9ca6ca?s=96&d=mm&r=g","contentUrl":"https:\/\/secure.gravatar.com\/avatar\/1ca58d60b55317cd52ad91ed4d9ca6ca?s=96&d=mm&r=g","caption":"wenche.fjeld@electroluxprofessional.com"},"url":"https:\/\/www.electroluxprofessional.com\/no\/author\/wenche-fjeld-electroluxprofessional-com\/"}]}},"_links":{"self":[{"href":"https:\/\/www.electroluxprofessional.com\/no\/wp-json\/wp\/v2\/posts\/10668"}],"collection":[{"href":"https:\/\/www.electroluxprofessional.com\/no\/wp-json\/wp\/v2\/posts"}],"about":[{"href":"https:\/\/www.electroluxprofessional.com\/no\/wp-json\/wp\/v2\/types\/post"}],"author":[{"embeddable":true,"href":"https:\/\/www.electroluxprofessional.com\/no\/wp-json\/wp\/v2\/users\/3"}],"replies":[{"embeddable":true,"href":"https:\/\/www.electroluxprofessional.com\/no\/wp-json\/wp\/v2\/comments?post=10668"}],"version-history":[{"count":6,"href":"https:\/\/www.electroluxprofessional.com\/no\/wp-json\/wp\/v2\/posts\/10668\/revisions"}],"predecessor-version":[{"id":10677,"href":"https:\/\/www.electroluxprofessional.com\/no\/wp-json\/wp\/v2\/posts\/10668\/revisions\/10677"}],"wp:featuredmedia":[{"embeddable":true,"href":"https:\/\/www.electroluxprofessional.com\/no\/wp-json\/wp\/v2\/media\/10667"}],"wp:attachment":[{"href":"https:\/\/www.electroluxprofessional.com\/no\/wp-json\/wp\/v2\/media?parent=10668"}],"wp:term":[{"taxonomy":"category","embeddable":true,"href":"https:\/\/www.electroluxprofessional.com\/no\/wp-json\/wp\/v2\/categories?post=10668"},{"taxonomy":"post_tag","embeddable":true,"href":"https:\/\/www.electroluxprofessional.com\/no\/wp-json\/wp\/v2\/tags?post=10668"}],"curies":[{"name":"wp","href":"https:\/\/api.w.org\/{rel}","templated":true}]}}