{"id":5031,"date":"2018-12-26T19:33:52","date_gmt":"2018-12-26T19:33:52","guid":{"rendered":"https:\/\/www.electroluxprofessional.com\/la\/?p=5031"},"modified":"2019-01-02T13:40:29","modified_gmt":"2019-01-02T13:40:29","slug":"celebrando-65-anos-de-lorsa-en-los-cabos-b-c-s-mexico","status":"publish","type":"post","link":"https:\/\/www.electroluxprofessional.com\/la\/celebrando-65-anos-de-lorsa-en-los-cabos-b-c-s-mexico\/","title":{"rendered":"Celebrando 65 a\u00f1os de Lorsa en Los Cabos, B.C.S. M\u00e9xico."},"content":{"rendered":"<p>[vc_row][vc_column][elx_heading text_color=&#8221;inherit&#8221;]Celebrando 65 a\u00f1os de Lorsa[\/elx_heading][vc_empty_space][\/vc_column][\/vc_row][vc_row][vc_column width=&#8221;1\/2&#8243;][vc_single_image image=&#8221;5034&#8243; img_size=&#8221;full&#8221;][\/vc_column][vc_column width=&#8221;1\/2&#8243;][vc_column_text]<\/p>\n<p style=\"text-align: left;\">Celebramos el 65 aniversario de LORSA este verano pasado de buena manera en nuestra &#8220;Noche de Cocteles&#8221; en la zona de Los Cabos, B.C.S. M\u00e9xico.<\/p>\n<p style=\"text-align: left;\">El aniversario de LORSA nos dio una gran oportunidad para mostrar los productos de Electrolux Professional. Los invitados se involucraron debido al ambiente relajado y obtuvimos excelentes comentarios sobre los productos que presentamos.<\/p>\n<p>[\/vc_column_text][\/vc_column][\/vc_row][vc_row][vc_column width=&#8221;1\/2&#8243;][vc_empty_space][vc_column_text]Adem\u00e1s de nuestra presentaci\u00f3n de Electrolux Professional, tuvimos la oportunidad de hacer crecer nuestra relaci\u00f3n con los asistentes y celebrar una compa\u00f1\u00eda incre\u00edble como LORSA.<\/p>\n<p><span lang=\"es\">La noche estuvo llena de buena comida, risas y amigos. No podemos esperar a volver hacerlo el pr\u00f3ximo a\u00f1o.<\/span><\/p>\n<div class=\"source\" style=\"color: #000000; text-transform: none; text-indent: 0px; letter-spacing: normal; font-family: 'Helvetica Neue', Helvetica, Arial, sans-serif; font-size: 14px; font-style: normal; font-weight: bold; word-spacing: 0px; white-space: normal; orphans: 2; widows: 2; background-color: #ffffff; font-variant-ligatures: normal; font-variant-caps: normal; -webkit-text-stroke-width: 0px; text-decoration-style: initial; text-decoration-color: initial;\">\n<div id=\"headword-audio-wrapper-es\" class=\"headword-audio-wrapper\">\n<div class=\"speakerNotPlayingDesktop--25Rtq\"><\/div>\n<div class=\"__react_component_tooltip place-top type-dark \" data-id=\"tooltip\"><\/div>\n<\/div>\n<\/div>\n<p>[\/vc_column_text][\/vc_column][vc_column width=&#8221;1\/2&#8243;][vc_single_image image=&#8221;5044&#8243; img_size=&#8221;full&#8221;][\/vc_column][\/vc_row]<\/p>\n","protected":false},"excerpt":{"rendered":"<p>[vc_row][vc_column][elx_heading text_color=&#8221;inherit&#8221;]Celebrando 65 a\u00f1os de Lorsa[\/elx_heading][vc_empty_space][\/vc_column][\/vc_row][vc_row][vc_column width=&#8221;1\/2&#8243;][vc_single_image image=&#8221;5034&#8243; img_size=&#8221;full&#8221;][\/vc_column][vc_column width=&#8221;1\/2&#8243;][vc_column_text] Celebramos el 65 aniversario de LORSA este verano pasado de buena manera en nuestra &#8220;Noche de Cocteles&#8221; en la zona de Los Cabos, B.C.S. M\u00e9xico. El aniversario de LORSA nos dio una gran oportunidad para mostrar los productos de Electrolux Professional. Los invitados se involucraron [&hellip;]<\/p>\n","protected":false},"author":31,"featured_media":5034,"comment_status":"closed","ping_status":"closed","sticky":false,"template":"","format":"standard","meta":{"footnotes":""},"categories":[87,86],"tags":[96,97,98],"class_list":["post-5031","post","type-post","status-publish","format-standard","has-post-thumbnail","hentry","category-eventos","category-noticias","tag-electrolux","tag-lorsa","tag-los-cabos"],"acf":[],"yoast_head":"<!-- This site is optimized with the Yoast SEO plugin v23.3 - https:\/\/yoast.com\/wordpress\/plugins\/seo\/ -->\n<title>Celebrando 65 a\u00f1os de Lorsa en Los Cabos, B.C.S. M\u00e9xico. - Electrolux Professional Latin America<\/title>\n<meta name=\"robots\" content=\"index, follow, max-snippet:-1, max-image-preview:large, max-video-preview:-1\" \/>\n<link rel=\"canonical\" href=\"https:\/\/www.electroluxprofessional.com\/la\/celebrando-65-anos-de-lorsa-en-los-cabos-b-c-s-mexico\/\" \/>\n<meta property=\"og:locale\" content=\"es_MX\" \/>\n<meta property=\"og:type\" content=\"article\" \/>\n<meta property=\"og:title\" content=\"Celebrando 65 a\u00f1os de Lorsa en Los Cabos, B.C.S. M\u00e9xico. - Electrolux Professional Latin America\" \/>\n<meta property=\"og:description\" content=\"[vc_row][vc_column][elx_heading text_color=&#8221;inherit&#8221;]Celebrando 65 a\u00f1os de Lorsa[\/elx_heading][vc_empty_space][\/vc_column][\/vc_row][vc_row][vc_column width=&#8221;1\/2&#8243;][vc_single_image image=&#8221;5034&#8243; img_size=&#8221;full&#8221;][\/vc_column][vc_column width=&#8221;1\/2&#8243;][vc_column_text] Celebramos el 65 aniversario de LORSA este verano pasado de buena manera en nuestra &#8220;Noche de Cocteles&#8221; en la zona de Los Cabos, B.C.S. M\u00e9xico. El aniversario de LORSA nos dio una gran oportunidad para mostrar los productos de Electrolux Professional. Los invitados se involucraron [&hellip;]\" \/>\n<meta property=\"og:url\" content=\"https:\/\/www.electroluxprofessional.com\/la\/celebrando-65-anos-de-lorsa-en-los-cabos-b-c-s-mexico\/\" \/>\n<meta property=\"og:site_name\" content=\"Electrolux Professional Latin America\" \/>\n<meta property=\"article:published_time\" content=\"2018-12-26T19:33:52+00:00\" \/>\n<meta property=\"article:modified_time\" content=\"2019-01-02T13:40:29+00:00\" \/>\n<meta property=\"og:image\" content=\"https:\/\/www.electroluxprofessional.com\/la\/wp-content\/uploads\/2018\/12\/COCTEL-LOS-CABOS.jpg\" \/>\n\t<meta property=\"og:image:width\" content=\"1280\" \/>\n\t<meta property=\"og:image:height\" content=\"960\" \/>\n\t<meta property=\"og:image:type\" content=\"image\/jpeg\" \/>\n<meta name=\"author\" content=\"Wynee Bermudez\" \/>\n<meta name=\"twitter:card\" content=\"summary_large_image\" \/>\n<meta name=\"twitter:label1\" content=\"Escrito por\" \/>\n\t<meta name=\"twitter:data1\" content=\"Wynee Bermudez\" \/>\n\t<meta name=\"twitter:label2\" content=\"Tiempo de lectura\" \/>\n\t<meta name=\"twitter:data2\" content=\"1 minuto\" \/>\n<script type=\"application\/ld+json\" class=\"yoast-schema-graph\">{\"@context\":\"https:\/\/schema.org\",\"@graph\":[{\"@type\":\"WebPage\",\"@id\":\"https:\/\/www.electroluxprofessional.com\/la\/celebrando-65-anos-de-lorsa-en-los-cabos-b-c-s-mexico\/\",\"url\":\"https:\/\/www.electroluxprofessional.com\/la\/celebrando-65-anos-de-lorsa-en-los-cabos-b-c-s-mexico\/\",\"name\":\"Celebrando 65 a\u00f1os de Lorsa en Los Cabos, B.C.S. M\u00e9xico. - Electrolux Professional Latin America\",\"isPartOf\":{\"@id\":\"https:\/\/www.electroluxprofessional.com\/la\/#website\"},\"primaryImageOfPage\":{\"@id\":\"https:\/\/www.electroluxprofessional.com\/la\/celebrando-65-anos-de-lorsa-en-los-cabos-b-c-s-mexico\/#primaryimage\"},\"image\":{\"@id\":\"https:\/\/www.electroluxprofessional.com\/la\/celebrando-65-anos-de-lorsa-en-los-cabos-b-c-s-mexico\/#primaryimage\"},\"thumbnailUrl\":\"https:\/\/www.electroluxprofessional.com\/la\/wp-content\/uploads\/2018\/12\/COCTEL-LOS-CABOS.jpg\",\"datePublished\":\"2018-12-26T19:33:52+00:00\",\"dateModified\":\"2019-01-02T13:40:29+00:00\",\"author\":{\"@id\":\"https:\/\/www.electroluxprofessional.com\/la\/#\/schema\/person\/3f49a5a775172eb372da119379b3f866\"},\"breadcrumb\":{\"@id\":\"https:\/\/www.electroluxprofessional.com\/la\/celebrando-65-anos-de-lorsa-en-los-cabos-b-c-s-mexico\/#breadcrumb\"},\"inLanguage\":\"es\",\"potentialAction\":[{\"@type\":\"ReadAction\",\"target\":[\"https:\/\/www.electroluxprofessional.com\/la\/celebrando-65-anos-de-lorsa-en-los-cabos-b-c-s-mexico\/\"]}]},{\"@type\":\"ImageObject\",\"inLanguage\":\"es\",\"@id\":\"https:\/\/www.electroluxprofessional.com\/la\/celebrando-65-anos-de-lorsa-en-los-cabos-b-c-s-mexico\/#primaryimage\",\"url\":\"https:\/\/www.electroluxprofessional.com\/la\/wp-content\/uploads\/2018\/12\/COCTEL-LOS-CABOS.jpg\",\"contentUrl\":\"https:\/\/www.electroluxprofessional.com\/la\/wp-content\/uploads\/2018\/12\/COCTEL-LOS-CABOS.jpg\",\"width\":1280,\"height\":960,\"caption\":\"COCTEL LOS CABOS\"},{\"@type\":\"BreadcrumbList\",\"@id\":\"https:\/\/www.electroluxprofessional.com\/la\/celebrando-65-anos-de-lorsa-en-los-cabos-b-c-s-mexico\/#breadcrumb\",\"itemListElement\":[{\"@type\":\"ListItem\",\"position\":1,\"name\":\"Home\",\"item\":\"https:\/\/www.electroluxprofessional.com\/la\/\"},{\"@type\":\"ListItem\",\"position\":2,\"name\":\"Celebrando 65 a\u00f1os de Lorsa en Los Cabos, B.C.S. M\u00e9xico.\"}]},{\"@type\":\"WebSite\",\"@id\":\"https:\/\/www.electroluxprofessional.com\/la\/#website\",\"url\":\"https:\/\/www.electroluxprofessional.com\/la\/\",\"name\":\"Electrolux Professional Latin America\",\"description\":\"Equipamiento cocinas profesionales y lavander\u00edas comerciales. Excelencia en el suministro de soluciones profesionales.\",\"potentialAction\":[{\"@type\":\"SearchAction\",\"target\":{\"@type\":\"EntryPoint\",\"urlTemplate\":\"https:\/\/www.electroluxprofessional.com\/la\/?src={search_term_string}\"},\"query-input\":\"required name=search_term_string\"}],\"inLanguage\":\"es\"},{\"@type\":\"Person\",\"@id\":\"https:\/\/www.electroluxprofessional.com\/la\/#\/schema\/person\/3f49a5a775172eb372da119379b3f866\",\"name\":\"Wynee Bermudez\",\"image\":{\"@type\":\"ImageObject\",\"inLanguage\":\"es\",\"@id\":\"https:\/\/www.electroluxprofessional.com\/la\/#\/schema\/person\/image\/\",\"url\":\"https:\/\/secure.gravatar.com\/avatar\/2e82dd3957b27ed36c6c24dedbef7ddc?s=96&d=mm&r=g\",\"contentUrl\":\"https:\/\/secure.gravatar.com\/avatar\/2e82dd3957b27ed36c6c24dedbef7ddc?s=96&d=mm&r=g\",\"caption\":\"Wynee Bermudez\"},\"url\":\"https:\/\/www.electroluxprofessional.com\/la\/author\/wynee-bermudez\/\"}]}<\/script>\n<!-- \/ Yoast SEO plugin. -->","yoast_head_json":{"title":"Celebrando 65 a\u00f1os de Lorsa en Los Cabos, B.C.S. M\u00e9xico. - Electrolux Professional Latin America","robots":{"index":"index","follow":"follow","max-snippet":"max-snippet:-1","max-image-preview":"max-image-preview:large","max-video-preview":"max-video-preview:-1"},"canonical":"https:\/\/www.electroluxprofessional.com\/la\/celebrando-65-anos-de-lorsa-en-los-cabos-b-c-s-mexico\/","og_locale":"es_MX","og_type":"article","og_title":"Celebrando 65 a\u00f1os de Lorsa en Los Cabos, B.C.S. M\u00e9xico. - Electrolux Professional Latin America","og_description":"[vc_row][vc_column][elx_heading text_color=&#8221;inherit&#8221;]Celebrando 65 a\u00f1os de Lorsa[\/elx_heading][vc_empty_space][\/vc_column][\/vc_row][vc_row][vc_column width=&#8221;1\/2&#8243;][vc_single_image image=&#8221;5034&#8243; img_size=&#8221;full&#8221;][\/vc_column][vc_column width=&#8221;1\/2&#8243;][vc_column_text] Celebramos el 65 aniversario de LORSA este verano pasado de buena manera en nuestra &#8220;Noche de Cocteles&#8221; en la zona de Los Cabos, B.C.S. M\u00e9xico. El aniversario de LORSA nos dio una gran oportunidad para mostrar los productos de Electrolux Professional. Los invitados se involucraron [&hellip;]","og_url":"https:\/\/www.electroluxprofessional.com\/la\/celebrando-65-anos-de-lorsa-en-los-cabos-b-c-s-mexico\/","og_site_name":"Electrolux Professional Latin America","article_published_time":"2018-12-26T19:33:52+00:00","article_modified_time":"2019-01-02T13:40:29+00:00","og_image":[{"width":1280,"height":960,"url":"https:\/\/www.electroluxprofessional.com\/la\/wp-content\/uploads\/2018\/12\/COCTEL-LOS-CABOS.jpg","type":"image\/jpeg"}],"author":"Wynee Bermudez","twitter_card":"summary_large_image","twitter_misc":{"Escrito por":"Wynee Bermudez","Tiempo de lectura":"1 minuto"},"schema":{"@context":"https:\/\/schema.org","@graph":[{"@type":"WebPage","@id":"https:\/\/www.electroluxprofessional.com\/la\/celebrando-65-anos-de-lorsa-en-los-cabos-b-c-s-mexico\/","url":"https:\/\/www.electroluxprofessional.com\/la\/celebrando-65-anos-de-lorsa-en-los-cabos-b-c-s-mexico\/","name":"Celebrando 65 a\u00f1os de Lorsa en Los Cabos, B.C.S. M\u00e9xico. - Electrolux Professional Latin America","isPartOf":{"@id":"https:\/\/www.electroluxprofessional.com\/la\/#website"},"primaryImageOfPage":{"@id":"https:\/\/www.electroluxprofessional.com\/la\/celebrando-65-anos-de-lorsa-en-los-cabos-b-c-s-mexico\/#primaryimage"},"image":{"@id":"https:\/\/www.electroluxprofessional.com\/la\/celebrando-65-anos-de-lorsa-en-los-cabos-b-c-s-mexico\/#primaryimage"},"thumbnailUrl":"https:\/\/www.electroluxprofessional.com\/la\/wp-content\/uploads\/2018\/12\/COCTEL-LOS-CABOS.jpg","datePublished":"2018-12-26T19:33:52+00:00","dateModified":"2019-01-02T13:40:29+00:00","author":{"@id":"https:\/\/www.electroluxprofessional.com\/la\/#\/schema\/person\/3f49a5a775172eb372da119379b3f866"},"breadcrumb":{"@id":"https:\/\/www.electroluxprofessional.com\/la\/celebrando-65-anos-de-lorsa-en-los-cabos-b-c-s-mexico\/#breadcrumb"},"inLanguage":"es","potentialAction":[{"@type":"ReadAction","target":["https:\/\/www.electroluxprofessional.com\/la\/celebrando-65-anos-de-lorsa-en-los-cabos-b-c-s-mexico\/"]}]},{"@type":"ImageObject","inLanguage":"es","@id":"https:\/\/www.electroluxprofessional.com\/la\/celebrando-65-anos-de-lorsa-en-los-cabos-b-c-s-mexico\/#primaryimage","url":"https:\/\/www.electroluxprofessional.com\/la\/wp-content\/uploads\/2018\/12\/COCTEL-LOS-CABOS.jpg","contentUrl":"https:\/\/www.electroluxprofessional.com\/la\/wp-content\/uploads\/2018\/12\/COCTEL-LOS-CABOS.jpg","width":1280,"height":960,"caption":"COCTEL LOS CABOS"},{"@type":"BreadcrumbList","@id":"https:\/\/www.electroluxprofessional.com\/la\/celebrando-65-anos-de-lorsa-en-los-cabos-b-c-s-mexico\/#breadcrumb","itemListElement":[{"@type":"ListItem","position":1,"name":"Home","item":"https:\/\/www.electroluxprofessional.com\/la\/"},{"@type":"ListItem","position":2,"name":"Celebrando 65 a\u00f1os de Lorsa en Los Cabos, B.C.S. M\u00e9xico."}]},{"@type":"WebSite","@id":"https:\/\/www.electroluxprofessional.com\/la\/#website","url":"https:\/\/www.electroluxprofessional.com\/la\/","name":"Electrolux Professional Latin America","description":"Equipamiento cocinas profesionales y lavander\u00edas comerciales. Excelencia en el suministro de soluciones profesionales.","potentialAction":[{"@type":"SearchAction","target":{"@type":"EntryPoint","urlTemplate":"https:\/\/www.electroluxprofessional.com\/la\/?src={search_term_string}"},"query-input":"required name=search_term_string"}],"inLanguage":"es"},{"@type":"Person","@id":"https:\/\/www.electroluxprofessional.com\/la\/#\/schema\/person\/3f49a5a775172eb372da119379b3f866","name":"Wynee Bermudez","image":{"@type":"ImageObject","inLanguage":"es","@id":"https:\/\/www.electroluxprofessional.com\/la\/#\/schema\/person\/image\/","url":"https:\/\/secure.gravatar.com\/avatar\/2e82dd3957b27ed36c6c24dedbef7ddc?s=96&d=mm&r=g","contentUrl":"https:\/\/secure.gravatar.com\/avatar\/2e82dd3957b27ed36c6c24dedbef7ddc?s=96&d=mm&r=g","caption":"Wynee Bermudez"},"url":"https:\/\/www.electroluxprofessional.com\/la\/author\/wynee-bermudez\/"}]}},"_links":{"self":[{"href":"https:\/\/www.electroluxprofessional.com\/la\/wp-json\/wp\/v2\/posts\/5031"}],"collection":[{"href":"https:\/\/www.electroluxprofessional.com\/la\/wp-json\/wp\/v2\/posts"}],"about":[{"href":"https:\/\/www.electroluxprofessional.com\/la\/wp-json\/wp\/v2\/types\/post"}],"author":[{"embeddable":true,"href":"https:\/\/www.electroluxprofessional.com\/la\/wp-json\/wp\/v2\/users\/31"}],"replies":[{"embeddable":true,"href":"https:\/\/www.electroluxprofessional.com\/la\/wp-json\/wp\/v2\/comments?post=5031"}],"version-history":[{"count":19,"href":"https:\/\/www.electroluxprofessional.com\/la\/wp-json\/wp\/v2\/posts\/5031\/revisions"}],"predecessor-version":[{"id":5053,"href":"https:\/\/www.electroluxprofessional.com\/la\/wp-json\/wp\/v2\/posts\/5031\/revisions\/5053"}],"wp:featuredmedia":[{"embeddable":true,"href":"https:\/\/www.electroluxprofessional.com\/la\/wp-json\/wp\/v2\/media\/5034"}],"wp:attachment":[{"href":"https:\/\/www.electroluxprofessional.com\/la\/wp-json\/wp\/v2\/media?parent=5031"}],"wp:term":[{"taxonomy":"category","embeddable":true,"href":"https:\/\/www.electroluxprofessional.com\/la\/wp-json\/wp\/v2\/categories?post=5031"},{"taxonomy":"post_tag","embeddable":true,"href":"https:\/\/www.electroluxprofessional.com\/la\/wp-json\/wp\/v2\/tags?post=5031"}],"curies":[{"name":"wp","href":"https:\/\/api.w.org\/{rel}","templated":true}]}}