{"id":4403,"date":"2018-09-25T16:40:26","date_gmt":"2018-09-25T15:40:26","guid":{"rendered":"https:\/\/www.electroluxprofessional.com\/?p=18889"},"modified":"2020-03-04T08:29:39","modified_gmt":"2020-03-04T08:29:39","slug":"new-line-6000-tumble-dryers","status":"publish","type":"post","link":"https:\/\/www.electroluxprofessional.com\/hu\/new-line-6000-tumble-dryers\/","title":{"rendered":"\u00daj Line 6000 sz\u00e1r\u00edt\u00f3g\u00e9pek"},"content":{"rendered":"<p>[vc_row][vc_column][elx_heading font_size=&#8221;h3&#8243; text_color=&#8221;inherit&#8221;]A k\u00f6nnyed mos\u00e1s szak\u00e9rt\u0151je[\/elx_heading][vc_column_text]Intenz\u00edv kutat\u00e1sainknak \u00e9s \u00e9lvonalbeli term\u00e9kfejleszt\u00e9s\u00fcnknek k\u00f6sz\u00f6nhet\u0151en siker\u00fclt egy olyan\u00a0<strong>ergonomikus sz\u00e1r\u00edt\u00f3g\u00e9pekb\u0151l \u00e1ll\u00f3 term\u00e9kvonalat<\/strong>\u00a0l\u00e9trehoznunk, amely rendk\u00edv\u00fcli takar\u00e9koss\u00e1g mellett k\u00f6nnyed m\u0171k\u00f6d\u00e9st biztos\u00edt.[\/vc_column_text][\/vc_column][\/vc_row][vc_row][vc_column width=&#8221;2\/3&#8243;][elx_video_block background_image=&#8221;4396&#8243; video_link=&#8221;https:\/\/www.youtube.com\/watch?v=GhQpllhtj_M&amp;list=PLn-GI5LWCZdRYioTeCqGRM2RzRyTAD0fP&#8221; minimum_height=&#8221;400px&#8221;][\/vc_column][vc_column width=&#8221;1\/3&#8243;][elx_heading font_size=&#8221;h3&#8243; text_color=&#8221;inherit&#8221;]Sokoldal\u00fa teljes\u00edtm\u00e9ny[\/elx_heading][vc_empty_space height=&#8221;10px&#8221;][vc_column_text]A kiv\u00e1l\u00f3 textil\u00e1pol\u00e1st\u00f3l a <strong>v\u00edz- \u00e9s energiatakar\u00e9koss\u00e1gig<\/strong>, az intelligens m\u0171k\u00f6d\u00e9st\u0151l a <strong>k\u00f6nnyen haszn\u00e1lhat\u00f3<\/strong>, egyedi funkci\u00f3kig.<br \/>\nK\u00fcl\u00f6n \u00e9rt\u00e9krend h\u00faz\u00f3dik meg az \u00faj<strong>\u00a0sz\u00e1r\u00edt\u00f3g\u00e9peink<\/strong> m\u00f6g\u00f6tt.<\/p>\n<p>Electrolux Line 6000: innov\u00e1ci\u00f3, min\u0151s\u00e9g, megb\u00edzhat\u00f3s\u00e1g,\u00a0tart\u00f3ss\u00e1g \u00e9s fenntarthat\u00f3s\u00e1g.[\/vc_column_text][elx_button button_text=&#8221;\u00daj Line 6000 sz\u00e1r\u00edt\u00f3g\u00e9pek&#8221; button_link=&#8221;url:https%3A%2F%2Fwww.electroluxprofessional.com%2Fcommercial-laundry-equipment%2Ftumble-dryer%2F|title:Tumble%20Dryer||&#8221;][\/vc_column][\/vc_row][vc_row][vc_column][elx_heading font_size=&#8221;h3&#8243; text_color=&#8221;inherit&#8221;]Innovat\u00edv megold\u00e1saink<br \/>\naz \u00d6n j\u00f6vedelmez\u0151s\u00e9g\u00e9nek f\u0151 hajt\u00f3ereje<br \/>\n[\/elx_heading][vc_empty_space height=&#8221;10px&#8221;][vc_row_inner][vc_column_inner width=&#8221;1\/4&#8243;][vc_single_image image=&#8221;4397&#8243; img_size=&#8221;full&#8221; alignment=&#8221;center&#8221;][vc_empty_space][elx_heading font_container=&#8221;h3&#8243; font_size=&#8221;h5&#8243; text_color=&#8221;inherit&#8221;]K\u00f6nnyebb, eg\u00e9szs\u00e9gesebb<br \/>\n\u00e9s biztons\u00e1gosabb<br \/>\n[\/elx_heading][vc_column_text]Emberk\u00f6zpont\u00fa, ergonomikus kialak\u00edt\u00e1s a p\u00e1ratlan felhaszn\u00e1l\u00f3i \u00e9lm\u00e9ny\u00e9rt.[\/vc_column_text][\/vc_column_inner][vc_column_inner width=&#8221;1\/4&#8243;][vc_single_image image=&#8221;4398&#8243; img_size=&#8221;full&#8221; alignment=&#8221;center&#8221;][vc_empty_space][elx_heading font_container=&#8221;h3&#8243; font_size=&#8221;h5&#8243; text_color=&#8221;inherit&#8221;]Hossz\u00fa t\u00e1v\u00fa<br \/>\nmegtakar\u00edt\u00e1sok<br \/>\n[\/elx_heading][vc_column_text]Innovat\u00edv funkci\u00f3k annak \u00e9rdek\u00e9ben, hogy \u00d6n p\u00e9nzt \u00e9s id\u0151t takar\u00edthasson meg a fenntarthat\u00f3 \u00e9letst\u00edlushoz.[\/vc_column_text][\/vc_column_inner][vc_column_inner width=&#8221;1\/4&#8243;][vc_single_image image=&#8221;4399&#8243; img_size=&#8221;full&#8221; alignment=&#8221;center&#8221;][vc_empty_space][elx_heading font_container=&#8221;h3&#8243; font_size=&#8221;h5&#8243; text_color=&#8221;inherit&#8221;]Val\u00f3s idej\u0171<br \/>\nmegold\u00e1sok<br \/>\n[\/elx_heading][vc_column_text]Ellen\u0151rizze sz\u00e1r\u00edt\u00f3g\u00e9pei \u00e1llapot\u00e1t \u00e9s teljes\u00edtm\u00e9ny\u00e9t b\u00e1rhonnan.[\/vc_column_text][\/vc_column_inner][vc_column_inner width=&#8221;1\/4&#8243;][vc_single_image image=&#8221;4400&#8243; img_size=&#8221;full&#8221; alignment=&#8221;center&#8221;][vc_empty_space][elx_heading font_container=&#8221;h3&#8243; font_size=&#8221;h5&#8243; text_color=&#8221;inherit&#8221;]Kiv\u00e1l\u00f3 termel\u00e9kenys\u00e9g[\/elx_heading][vc_column_text]Gy\u00f6keres v\u00e1ltoz\u00e1s: mosson ki \u00e9s sz\u00e1r\u00edtson meg t\u00f6bb ruh\u00e1t kevesebb id\u0151 alatt.[\/vc_column_text][\/vc_column_inner][\/vc_row_inner][\/vc_column][\/vc_row][vc_row][vc_column width=&#8221;2\/3&#8243;][elx_heading font_size=&#8221;h3&#8243; text_color=&#8221;inherit&#8221;]Minden \u00d6nr\u0151l sz\u00f3l[\/elx_heading][vc_empty_space height=&#8221;10px&#8221;][vc_column_text]A felhaszn\u00e1l\u00f3 \u00e9s g\u00e9p k\u00f6z\u00f6tti fizikai \u00e9s kognit\u00edv interakci\u00f3k szem el\u0151tt tart\u00e1s\u00e1val <strong>k\u00e9nyelmesebb\u00e9<\/strong> \u00e9s egy\u00fattal minden szempontb\u00f3l <strong>k\u00f6nnyed \u00e9lm\u00e9nny\u00e9<\/strong> var\u00e1zsoljuk tev\u00e9kenys\u00e9g\u00e9t. <strong>\u00daj term\u00e9kcsal\u00e1dunk igazoltan megfelel a nemzetk\u00f6zi ergon\u00f3miai szabv\u00e1nyoknak, r\u00e1ad\u00e1sul emberk\u00f6zpont\u00fa kialak\u00edt\u00e1ssal rendelkezik: sz\u00e1r\u00edt\u00f3g\u00e9peink el\u0151kel\u0151, 4 csillagos ergon\u00f3miai besorol\u00e1st kaptak.<\/strong>[\/vc_column_text][elx_heading font_container=&#8221;h3&#8243; font_size=&#8221;h5&#8243; text_color=&#8221;inherit&#8221;]4 csillagos \u00e9lm\u00e9ny[\/elx_heading][vc_empty_space height=&#8221;10px&#8221;][vc_row_inner][vc_column_inner width=&#8221;1\/4&#8243;][vc_column_text]Megfelel az <strong>ergon\u00f3miai alapelveknek<\/strong>: tervez\u00e9sekor az \u00d6n ig\u00e9nyeit tartottuk szem el\u0151tt.[\/vc_column_text][\/vc_column_inner][vc_column_inner width=&#8221;1\/4&#8243;][vc_column_text]T\u00e9nyeken alapul\u00f3 <strong>antropometriai \u00e9s biomechanikai megfelel\u00e9s<\/strong>: kisebb s\u00e9r\u00fcl\u00e9si kock\u00e1zat.[\/vc_column_text][\/vc_column_inner][vc_column_inner width=&#8221;1\/4&#8243;][vc_column_text]T\u00e9nyeken alapul\u00f3 <strong>haszn\u00e1lhat\u00f3s\u00e1g<\/strong>:<br \/>\na sok \u00e9ves szakmai tanulm\u00e1nyok \u00e9s szak\u00e9rtelem cs\u00facsa.[\/vc_column_text][\/vc_column_inner][vc_column_inner width=&#8221;1\/4&#8243;][vc_column_text]<strong>Emberk\u00f6zpont\u00fa kialak\u00edt\u00e1s<\/strong>:<br \/>\naz egyszer\u0171 \u00e9s stresszmentes mos\u00e1s\u00e9rt.[\/vc_column_text][\/vc_column_inner][\/vc_row_inner][\/vc_column][vc_column width=&#8221;1\/3&#8243;][vc_empty_space][vc_single_image image=&#8221;4401&#8243; img_size=&#8221;full&#8221; alignment=&#8221;center&#8221;][\/vc_column][\/vc_row][vc_row content_placement=&#8221;middle&#8221; css=&#8221;.vc_custom_1537889678059{background-color: #eeeeee !important;}&#8221;][vc_column width=&#8221;1\/4&#8243;][vc_empty_space][elx_simple_link_block link=&#8221;url:https%3A%2F%2Fwww.electroluxprofessional.com%2Fcommercial-laundry-equipment%2Ftumble-dyers%2F|title:Tumble%20Dryers||&#8221; text_align=&#8221;text-left&#8221; text_color=&#8221;inherit&#8221; background_color=&#8221;inherit&#8221; background_hover_color=&#8221;darker-hover&#8221; extra_class=&#8221;&#8221; reveal_effect=&#8221;&#8221; reveal_duration=&#8221;&#8221; reveal_delay=&#8221;&#8221;][vc_single_image image=&#8221;4402&#8243;][\/elx_simple_link_block][\/vc_column][vc_column width=&#8221;3\/4&#8243;][vc_empty_space][elx_heading font_size=&#8221;h5&#8243; text_color=&#8221;inherit&#8221; text_align=&#8221;text-left&#8221;]\u00daj Line 6000 sz\u00e1r\u00edt\u00f3g\u00e9pek.<br \/>\nFedezze fel most![\/elx_heading][elx_button button_text=&#8221;\u00daj Line 6000 sz\u00e1r\u00edt\u00f3g\u00e9pek.&#8221; button_link=&#8221;url:https%3A%2F%2Fwww.electroluxprofessional.com%2Fcommercial-laundry-equipment%2Ftumble-dryer%2F|title:Tumble%20Dryer||&#8221;][\/vc_column][\/vc_row][vc_row][vc_column][vc_empty_space][\/vc_column][\/vc_row]<\/p>\n","protected":false},"excerpt":{"rendered":"<p>[vc_row][vc_column][elx_heading font_size=&#8221;h3&#8243; text_color=&#8221;inherit&#8221;]A k\u00f6nnyed mos\u00e1s szak\u00e9rt\u0151je[\/elx_heading][vc_column_text]Intenz\u00edv kutat\u00e1sainknak \u00e9s \u00e9lvonalbeli term\u00e9kfejleszt\u00e9s\u00fcnknek k\u00f6sz\u00f6nhet\u0151en siker\u00fclt egy olyan\u00a0ergonomikus sz\u00e1r\u00edt\u00f3g\u00e9pekb\u0151l \u00e1ll\u00f3 term\u00e9kvonalat\u00a0l\u00e9trehoznunk, amely rendk\u00edv\u00fcli takar\u00e9koss\u00e1g mellett k\u00f6nnyed m\u0171k\u00f6d\u00e9st biztos\u00edt.[\/vc_column_text][\/vc_column][\/vc_row][vc_row][vc_column width=&#8221;2\/3&#8243;][elx_video_block background_image=&#8221;4396&#8243; video_link=&#8221;https:\/\/www.youtube.com\/watch?v=GhQpllhtj_M&amp;list=PLn-GI5LWCZdRYioTeCqGRM2RzRyTAD0fP&#8221; minimum_height=&#8221;400px&#8221;][\/vc_column][vc_column width=&#8221;1\/3&#8243;][elx_heading font_size=&#8221;h3&#8243; text_color=&#8221;inherit&#8221;]Sokoldal\u00fa teljes\u00edtm\u00e9ny[\/elx_heading][vc_empty_space height=&#8221;10px&#8221;][vc_column_text]A kiv\u00e1l\u00f3 textil\u00e1pol\u00e1st\u00f3l a v\u00edz- \u00e9s energiatakar\u00e9koss\u00e1gig, az intelligens m\u0171k\u00f6d\u00e9st\u0151l a k\u00f6nnyen haszn\u00e1lhat\u00f3, egyedi funkci\u00f3kig. K\u00fcl\u00f6n \u00e9rt\u00e9krend h\u00faz\u00f3dik meg az \u00faj\u00a0sz\u00e1r\u00edt\u00f3g\u00e9peink m\u00f6g\u00f6tt. Electrolux [&hellip;]<\/p>\n","protected":false},"author":7,"featured_media":4395,"comment_status":"open","ping_status":"closed","sticky":false,"template":"","format":"standard","meta":{"footnotes":""},"categories":[68,7,62],"tags":[],"class_list":["post-4403","post","type-post","status-publish","format-standard","has-post-thumbnail","hentry","category-artscience","category-uncategorized","category-uncategorized-hu"],"yoast_head":"<!-- This site is optimized with the Yoast SEO plugin v23.3 - https:\/\/yoast.com\/wordpress\/plugins\/seo\/ -->\n<title>\u00daj Line 6000 sz\u00e1r\u00edt\u00f3g\u00e9pek - Electrolux Professional Magyarorsz\u00e1g<\/title>\n<meta name=\"robots\" content=\"index, follow, max-snippet:-1, max-image-preview:large, max-video-preview:-1\" \/>\n<link rel=\"canonical\" href=\"https:\/\/www.electroluxprofessional.com\/hu\/new-line-6000-tumble-dryers\/\" \/>\n<meta property=\"og:locale\" content=\"hu_HU\" \/>\n<meta property=\"og:type\" content=\"article\" \/>\n<meta property=\"og:title\" content=\"\u00daj Line 6000 sz\u00e1r\u00edt\u00f3g\u00e9pek - Electrolux Professional Magyarorsz\u00e1g\" \/>\n<meta property=\"og:description\" content=\"[vc_row][vc_column][elx_heading font_size=&#8221;h3&#8243; text_color=&#8221;inherit&#8221;]A k\u00f6nnyed mos\u00e1s szak\u00e9rt\u0151je[\/elx_heading][vc_column_text]Intenz\u00edv kutat\u00e1sainknak \u00e9s \u00e9lvonalbeli term\u00e9kfejleszt\u00e9s\u00fcnknek k\u00f6sz\u00f6nhet\u0151en siker\u00fclt egy olyan\u00a0ergonomikus sz\u00e1r\u00edt\u00f3g\u00e9pekb\u0151l \u00e1ll\u00f3 term\u00e9kvonalat\u00a0l\u00e9trehoznunk, amely rendk\u00edv\u00fcli takar\u00e9koss\u00e1g mellett k\u00f6nnyed m\u0171k\u00f6d\u00e9st biztos\u00edt.[\/vc_column_text][\/vc_column][\/vc_row][vc_row][vc_column width=&#8221;2\/3&#8243;][elx_video_block background_image=&#8221;4396&#8243; video_link=&#8221;https:\/\/www.youtube.com\/watch?v=GhQpllhtj_M&amp;list=PLn-GI5LWCZdRYioTeCqGRM2RzRyTAD0fP&#8221; minimum_height=&#8221;400px&#8221;][\/vc_column][vc_column width=&#8221;1\/3&#8243;][elx_heading font_size=&#8221;h3&#8243; text_color=&#8221;inherit&#8221;]Sokoldal\u00fa teljes\u00edtm\u00e9ny[\/elx_heading][vc_empty_space height=&#8221;10px&#8221;][vc_column_text]A kiv\u00e1l\u00f3 textil\u00e1pol\u00e1st\u00f3l a v\u00edz- \u00e9s energiatakar\u00e9koss\u00e1gig, az intelligens m\u0171k\u00f6d\u00e9st\u0151l a k\u00f6nnyen haszn\u00e1lhat\u00f3, egyedi funkci\u00f3kig. K\u00fcl\u00f6n \u00e9rt\u00e9krend h\u00faz\u00f3dik meg az \u00faj\u00a0sz\u00e1r\u00edt\u00f3g\u00e9peink m\u00f6g\u00f6tt. Electrolux [&hellip;]\" \/>\n<meta property=\"og:url\" content=\"https:\/\/www.electroluxprofessional.com\/hu\/new-line-6000-tumble-dryers\/\" \/>\n<meta property=\"og:site_name\" content=\"Electrolux Professional Magyarorsz\u00e1g\" \/>\n<meta property=\"article:published_time\" content=\"2018-09-25T15:40:26+00:00\" \/>\n<meta property=\"article:modified_time\" content=\"2020-03-04T08:29:39+00:00\" \/>\n<meta property=\"og:image\" content=\"https:\/\/www.electroluxprofessional.com\/hu\/wp-content\/uploads\/2018\/06\/L6000-.jpg\" \/>\n\t<meta property=\"og:image:width\" content=\"1455\" \/>\n\t<meta property=\"og:image:height\" content=\"400\" \/>\n\t<meta property=\"og:image:type\" content=\"image\/jpeg\" \/>\n<meta name=\"author\" content=\"podrska@median.hr\" \/>\n<meta name=\"twitter:card\" content=\"summary_large_image\" \/>\n<meta name=\"twitter:label1\" content=\"Szerz\u0151:\" \/>\n\t<meta name=\"twitter:data1\" content=\"podrska@median.hr\" \/>\n\t<meta name=\"twitter:label2\" content=\"Becs\u00fclt olvas\u00e1si id\u0151\" \/>\n\t<meta name=\"twitter:data2\" content=\"5 perc\" \/>\n<script type=\"application\/ld+json\" class=\"yoast-schema-graph\">{\"@context\":\"https:\/\/schema.org\",\"@graph\":[{\"@type\":\"WebPage\",\"@id\":\"https:\/\/www.electroluxprofessional.com\/hu\/new-line-6000-tumble-dryers\/\",\"url\":\"https:\/\/www.electroluxprofessional.com\/hu\/new-line-6000-tumble-dryers\/\",\"name\":\"\u00daj Line 6000 sz\u00e1r\u00edt\u00f3g\u00e9pek - Electrolux Professional Magyarorsz\u00e1g\",\"isPartOf\":{\"@id\":\"https:\/\/www.electroluxprofessional.com\/hu\/#website\"},\"primaryImageOfPage\":{\"@id\":\"https:\/\/www.electroluxprofessional.com\/hu\/new-line-6000-tumble-dryers\/#primaryimage\"},\"image\":{\"@id\":\"https:\/\/www.electroluxprofessional.com\/hu\/new-line-6000-tumble-dryers\/#primaryimage\"},\"thumbnailUrl\":\"https:\/\/www.electroluxprofessional.com\/hu\/wp-content\/uploads\/2018\/06\/L6000-.jpg\",\"datePublished\":\"2018-09-25T15:40:26+00:00\",\"dateModified\":\"2020-03-04T08:29:39+00:00\",\"author\":{\"@id\":\"https:\/\/www.electroluxprofessional.com\/hu\/#\/schema\/person\/262bc53ed8d8d1bbde8afa189444e4a2\"},\"breadcrumb\":{\"@id\":\"https:\/\/www.electroluxprofessional.com\/hu\/new-line-6000-tumble-dryers\/#breadcrumb\"},\"inLanguage\":\"hu\",\"potentialAction\":[{\"@type\":\"ReadAction\",\"target\":[\"https:\/\/www.electroluxprofessional.com\/hu\/new-line-6000-tumble-dryers\/\"]}]},{\"@type\":\"ImageObject\",\"inLanguage\":\"hu\",\"@id\":\"https:\/\/www.electroluxprofessional.com\/hu\/new-line-6000-tumble-dryers\/#primaryimage\",\"url\":\"https:\/\/www.electroluxprofessional.com\/hu\/wp-content\/uploads\/2018\/06\/L6000-.jpg\",\"contentUrl\":\"https:\/\/www.electroluxprofessional.com\/hu\/wp-content\/uploads\/2018\/06\/L6000-.jpg\",\"width\":1455,\"height\":400,\"caption\":\"Line 6000 visual washers & dryers\"},{\"@type\":\"BreadcrumbList\",\"@id\":\"https:\/\/www.electroluxprofessional.com\/hu\/new-line-6000-tumble-dryers\/#breadcrumb\",\"itemListElement\":[{\"@type\":\"ListItem\",\"position\":1,\"name\":\"Home\",\"item\":\"https:\/\/www.electroluxprofessional.com\/hu\/\"},{\"@type\":\"ListItem\",\"position\":2,\"name\":\"\u00daj Line 6000 sz\u00e1r\u00edt\u00f3g\u00e9pek\"}]},{\"@type\":\"WebSite\",\"@id\":\"https:\/\/www.electroluxprofessional.com\/hu\/#website\",\"url\":\"https:\/\/www.electroluxprofessional.com\/hu\/\",\"name\":\"Electrolux Professional Magyarorsz\u00e1g\",\"description\":\"\",\"potentialAction\":[{\"@type\":\"SearchAction\",\"target\":{\"@type\":\"EntryPoint\",\"urlTemplate\":\"https:\/\/www.electroluxprofessional.com\/hu\/?src={search_term_string}\"},\"query-input\":\"required name=search_term_string\"}],\"inLanguage\":\"hu\"},{\"@type\":\"Person\",\"@id\":\"https:\/\/www.electroluxprofessional.com\/hu\/#\/schema\/person\/262bc53ed8d8d1bbde8afa189444e4a2\",\"name\":\"podrska@median.hr\",\"image\":{\"@type\":\"ImageObject\",\"inLanguage\":\"hu\",\"@id\":\"https:\/\/www.electroluxprofessional.com\/hu\/#\/schema\/person\/image\/\",\"url\":\"https:\/\/secure.gravatar.com\/avatar\/abbd61137aacfe3c63ddc74bb2c2a020?s=96&d=mm&r=g\",\"contentUrl\":\"https:\/\/secure.gravatar.com\/avatar\/abbd61137aacfe3c63ddc74bb2c2a020?s=96&d=mm&r=g\",\"caption\":\"podrska@median.hr\"},\"url\":\"https:\/\/www.electroluxprofessional.com\/hu\/author\/podrska\/\"}]}<\/script>\n<!-- \/ Yoast SEO plugin. -->","yoast_head_json":{"title":"\u00daj Line 6000 sz\u00e1r\u00edt\u00f3g\u00e9pek - Electrolux Professional Magyarorsz\u00e1g","robots":{"index":"index","follow":"follow","max-snippet":"max-snippet:-1","max-image-preview":"max-image-preview:large","max-video-preview":"max-video-preview:-1"},"canonical":"https:\/\/www.electroluxprofessional.com\/hu\/new-line-6000-tumble-dryers\/","og_locale":"hu_HU","og_type":"article","og_title":"\u00daj Line 6000 sz\u00e1r\u00edt\u00f3g\u00e9pek - Electrolux Professional Magyarorsz\u00e1g","og_description":"[vc_row][vc_column][elx_heading font_size=&#8221;h3&#8243; text_color=&#8221;inherit&#8221;]A k\u00f6nnyed mos\u00e1s szak\u00e9rt\u0151je[\/elx_heading][vc_column_text]Intenz\u00edv kutat\u00e1sainknak \u00e9s \u00e9lvonalbeli term\u00e9kfejleszt\u00e9s\u00fcnknek k\u00f6sz\u00f6nhet\u0151en siker\u00fclt egy olyan\u00a0ergonomikus sz\u00e1r\u00edt\u00f3g\u00e9pekb\u0151l \u00e1ll\u00f3 term\u00e9kvonalat\u00a0l\u00e9trehoznunk, amely rendk\u00edv\u00fcli takar\u00e9koss\u00e1g mellett k\u00f6nnyed m\u0171k\u00f6d\u00e9st biztos\u00edt.[\/vc_column_text][\/vc_column][\/vc_row][vc_row][vc_column width=&#8221;2\/3&#8243;][elx_video_block background_image=&#8221;4396&#8243; video_link=&#8221;https:\/\/www.youtube.com\/watch?v=GhQpllhtj_M&amp;list=PLn-GI5LWCZdRYioTeCqGRM2RzRyTAD0fP&#8221; minimum_height=&#8221;400px&#8221;][\/vc_column][vc_column width=&#8221;1\/3&#8243;][elx_heading font_size=&#8221;h3&#8243; text_color=&#8221;inherit&#8221;]Sokoldal\u00fa teljes\u00edtm\u00e9ny[\/elx_heading][vc_empty_space height=&#8221;10px&#8221;][vc_column_text]A kiv\u00e1l\u00f3 textil\u00e1pol\u00e1st\u00f3l a v\u00edz- \u00e9s energiatakar\u00e9koss\u00e1gig, az intelligens m\u0171k\u00f6d\u00e9st\u0151l a k\u00f6nnyen haszn\u00e1lhat\u00f3, egyedi funkci\u00f3kig. K\u00fcl\u00f6n \u00e9rt\u00e9krend h\u00faz\u00f3dik meg az \u00faj\u00a0sz\u00e1r\u00edt\u00f3g\u00e9peink m\u00f6g\u00f6tt. Electrolux [&hellip;]","og_url":"https:\/\/www.electroluxprofessional.com\/hu\/new-line-6000-tumble-dryers\/","og_site_name":"Electrolux Professional Magyarorsz\u00e1g","article_published_time":"2018-09-25T15:40:26+00:00","article_modified_time":"2020-03-04T08:29:39+00:00","og_image":[{"width":1455,"height":400,"url":"https:\/\/www.electroluxprofessional.com\/hu\/wp-content\/uploads\/2018\/06\/L6000-.jpg","type":"image\/jpeg"}],"author":"podrska@median.hr","twitter_card":"summary_large_image","twitter_misc":{"Szerz\u0151:":"podrska@median.hr","Becs\u00fclt olvas\u00e1si id\u0151":"5 perc"},"schema":{"@context":"https:\/\/schema.org","@graph":[{"@type":"WebPage","@id":"https:\/\/www.electroluxprofessional.com\/hu\/new-line-6000-tumble-dryers\/","url":"https:\/\/www.electroluxprofessional.com\/hu\/new-line-6000-tumble-dryers\/","name":"\u00daj Line 6000 sz\u00e1r\u00edt\u00f3g\u00e9pek - Electrolux Professional Magyarorsz\u00e1g","isPartOf":{"@id":"https:\/\/www.electroluxprofessional.com\/hu\/#website"},"primaryImageOfPage":{"@id":"https:\/\/www.electroluxprofessional.com\/hu\/new-line-6000-tumble-dryers\/#primaryimage"},"image":{"@id":"https:\/\/www.electroluxprofessional.com\/hu\/new-line-6000-tumble-dryers\/#primaryimage"},"thumbnailUrl":"https:\/\/www.electroluxprofessional.com\/hu\/wp-content\/uploads\/2018\/06\/L6000-.jpg","datePublished":"2018-09-25T15:40:26+00:00","dateModified":"2020-03-04T08:29:39+00:00","author":{"@id":"https:\/\/www.electroluxprofessional.com\/hu\/#\/schema\/person\/262bc53ed8d8d1bbde8afa189444e4a2"},"breadcrumb":{"@id":"https:\/\/www.electroluxprofessional.com\/hu\/new-line-6000-tumble-dryers\/#breadcrumb"},"inLanguage":"hu","potentialAction":[{"@type":"ReadAction","target":["https:\/\/www.electroluxprofessional.com\/hu\/new-line-6000-tumble-dryers\/"]}]},{"@type":"ImageObject","inLanguage":"hu","@id":"https:\/\/www.electroluxprofessional.com\/hu\/new-line-6000-tumble-dryers\/#primaryimage","url":"https:\/\/www.electroluxprofessional.com\/hu\/wp-content\/uploads\/2018\/06\/L6000-.jpg","contentUrl":"https:\/\/www.electroluxprofessional.com\/hu\/wp-content\/uploads\/2018\/06\/L6000-.jpg","width":1455,"height":400,"caption":"Line 6000 visual washers & dryers"},{"@type":"BreadcrumbList","@id":"https:\/\/www.electroluxprofessional.com\/hu\/new-line-6000-tumble-dryers\/#breadcrumb","itemListElement":[{"@type":"ListItem","position":1,"name":"Home","item":"https:\/\/www.electroluxprofessional.com\/hu\/"},{"@type":"ListItem","position":2,"name":"\u00daj Line 6000 sz\u00e1r\u00edt\u00f3g\u00e9pek"}]},{"@type":"WebSite","@id":"https:\/\/www.electroluxprofessional.com\/hu\/#website","url":"https:\/\/www.electroluxprofessional.com\/hu\/","name":"Electrolux Professional Magyarorsz\u00e1g","description":"","potentialAction":[{"@type":"SearchAction","target":{"@type":"EntryPoint","urlTemplate":"https:\/\/www.electroluxprofessional.com\/hu\/?src={search_term_string}"},"query-input":"required name=search_term_string"}],"inLanguage":"hu"},{"@type":"Person","@id":"https:\/\/www.electroluxprofessional.com\/hu\/#\/schema\/person\/262bc53ed8d8d1bbde8afa189444e4a2","name":"podrska@median.hr","image":{"@type":"ImageObject","inLanguage":"hu","@id":"https:\/\/www.electroluxprofessional.com\/hu\/#\/schema\/person\/image\/","url":"https:\/\/secure.gravatar.com\/avatar\/abbd61137aacfe3c63ddc74bb2c2a020?s=96&d=mm&r=g","contentUrl":"https:\/\/secure.gravatar.com\/avatar\/abbd61137aacfe3c63ddc74bb2c2a020?s=96&d=mm&r=g","caption":"podrska@median.hr"},"url":"https:\/\/www.electroluxprofessional.com\/hu\/author\/podrska\/"}]}},"_links":{"self":[{"href":"https:\/\/www.electroluxprofessional.com\/hu\/wp-json\/wp\/v2\/posts\/4403"}],"collection":[{"href":"https:\/\/www.electroluxprofessional.com\/hu\/wp-json\/wp\/v2\/posts"}],"about":[{"href":"https:\/\/www.electroluxprofessional.com\/hu\/wp-json\/wp\/v2\/types\/post"}],"author":[{"embeddable":true,"href":"https:\/\/www.electroluxprofessional.com\/hu\/wp-json\/wp\/v2\/users\/7"}],"replies":[{"embeddable":true,"href":"https:\/\/www.electroluxprofessional.com\/hu\/wp-json\/wp\/v2\/comments?post=4403"}],"version-history":[{"count":5,"href":"https:\/\/www.electroluxprofessional.com\/hu\/wp-json\/wp\/v2\/posts\/4403\/revisions"}],"predecessor-version":[{"id":4794,"href":"https:\/\/www.electroluxprofessional.com\/hu\/wp-json\/wp\/v2\/posts\/4403\/revisions\/4794"}],"wp:featuredmedia":[{"embeddable":true,"href":"https:\/\/www.electroluxprofessional.com\/hu\/wp-json\/wp\/v2\/media\/4395"}],"wp:attachment":[{"href":"https:\/\/www.electroluxprofessional.com\/hu\/wp-json\/wp\/v2\/media?parent=4403"}],"wp:term":[{"taxonomy":"category","embeddable":true,"href":"https:\/\/www.electroluxprofessional.com\/hu\/wp-json\/wp\/v2\/categories?post=4403"},{"taxonomy":"post_tag","embeddable":true,"href":"https:\/\/www.electroluxprofessional.com\/hu\/wp-json\/wp\/v2\/tags?post=4403"}],"curies":[{"name":"wp","href":"https:\/\/api.w.org\/{rel}","templated":true}]}}