{"id":115870,"date":"2022-06-02T08:12:00","date_gmt":"2022-06-02T08:12:00","guid":{"rendered":"https:\/\/www.electroluxprofessional.com\/hr\/?p=115870"},"modified":"2022-06-13T08:54:43","modified_gmt":"2022-06-13T08:54:43","slug":"speedelight-janus-de-lindustrie-winner","status":"publish","type":"post","link":"https:\/\/www.electroluxprofessional.com\/hr\/speedelight-janus-de-lindustrie-winner\/","title":{"rendered":"Novi uspjeh SpeeDelighta: Dobitnik nagrade Janus de l\u2019Industrie"},"content":{"rendered":"<div class=\"wpb-content-wrapper\"><p>[vc_row][vc_column][vc_column_text]<strong>U godinu dana od predstavljanja proizvoda, SpeeDelight je ovjen\u010dan mnogim nagradama. Zadnja u nizu je Janus de l\u2019Industrie 2017, jedna od najpresti\u017enijih nagrada za dizajn na svijetu.<\/strong>[\/vc_column_text][vc_empty_space height=&#8221;25px&#8221;][vc_single_image image=&#8221;2581&#8243; img_size=&#8221;2400&#215;400&#8243; alignment=&#8221;center&#8221;][vc_empty_space height=&#8221;25px&#8221;][vc_column_text]SpeeDelight su pari\u0161kim sudcima 2. listopada predstavili Alberto Pezzutto, direktor kategorije Cook&amp;Chill i High Speed Cooking, Davide Benvenuti, vi\u0161i industrijski dizajner, i Claire Troton iz odjela za komunikaciju o proizvodima i marketingu u Francuskoj.<\/p>\n<p>\u201eSudce je zadivila pri\u010da o dizajnu SpeeDelighta od razumijevanja kupaca do krajnje proizvodnje te su imali priliku ku\u0161ati raznoliku i kvalitetnu hranu pripremljenu pomo\u0107u proizvoda\u201c, kazao je Pezzutto. \u201eJednoglasno su SpeeDelightu dodijelili nagradu Janus za 2017.\u201c[\/vc_column_text][\/vc_column][\/vc_row][vc_row][vc_column width=&#8221;1\/2&#8243;][elx_download_block text=&#8221;Preuzmite obavijest za medije.&#8221; link=&#8221;https:\/\/www.electroluxprofessional.com\/wp-content\/uploads\/2017\/11\/Press-Release-SpeeDelight-wins-Janus-de-lIndustrie-2017.doc&#8221; background_color=&#8221;cat-cook&#8221;][\/vc_column][vc_column width=&#8221;1\/2&#8243;][elx_button button_text=&#8221;Saznajte vi\u0161e o SpeeDelightu.&#8221; button_style=&#8221;icon&#8221; button_link=&#8221;url:https%3A%2F%2Fwww.electroluxprofessional.com%2Fhr%2Fkuhinjska-oprema%2Fspeedelight-rjesenje-za-brzu-pripremu%2F|title:Brza%20priprema%20SpeeDelight&#8221;][vc_empty_space height=&#8221;25px&#8221;][elx_button button_text=&#8221;Nagrade&#8221; button_style=&#8221;icon&#8221; button_link=&#8221;url:https%3A%2F%2Fwww.electroluxprofessional.com%2Fhr%2Fcategory%2Fawards%2F|title:Awards||&#8221;][\/vc_column][\/vc_row]<\/p>\n<\/div>","protected":false},"excerpt":{"rendered":"<p>[vc_row][vc_column][vc_column_text]U godinu dana od predstavljanja proizvoda, SpeeDelight je ovjen\u010dan mnogim nagradama. Zadnja u nizu je Janus de l\u2019Industrie 2017, jedna od najpresti\u017enijih nagrada za dizajn na svijetu.[\/vc_column_text][vc_empty_space height=&#8221;25px&#8221;][vc_single_image image=&#8221;2581&#8243; img_size=&#8221;2400&#215;400&#8243; alignment=&#8221;center&#8221;][vc_empty_space height=&#8221;25px&#8221;][vc_column_text]SpeeDelight su pari\u0161kim sudcima 2. listopada predstavili Alberto Pezzutto, direktor kategorije Cook&amp;Chill i High Speed Cooking, Davide Benvenuti, vi\u0161i industrijski dizajner, i Claire Troton [&hellip;]<\/p>\n","protected":false},"author":8,"featured_media":115869,"comment_status":"closed","ping_status":"closed","sticky":false,"template":"","format":"standard","meta":{"_acf_changed":false,"footnotes":"","_members_access_role":[],"_members_access_error":""},"categories":[145],"tags":[85,146],"class_list":["post-115870","post","type-post","status-publish","format-standard","has-post-thumbnail","hentry","category-nagrade","tag-design","tag-ergonomics"],"acf":[],"yoast_head":"<!-- This site is optimized with the Yoast SEO plugin v28.2 - https:\/\/yoast.com\/product\/yoast-seo-wordpress\/ -->\n<title>Novi uspjeh SpeeDelighta: Dobitnik nagrade Janus de l\u2019Industrie - Electrolux Professional Hrvatska<\/title>\n<meta name=\"robots\" content=\"index, follow, max-snippet:-1, max-image-preview:large, max-video-preview:-1\" \/>\n<link rel=\"canonical\" href=\"https:\/\/www.electroluxprofessional.com\/hr\/speedelight-janus-de-lindustrie-winner\/\" \/>\n<meta property=\"og:locale\" content=\"hr_HR\" \/>\n<meta property=\"og:type\" content=\"article\" \/>\n<meta property=\"og:title\" content=\"Novi uspjeh SpeeDelighta: Dobitnik nagrade Janus de l\u2019Industrie - Electrolux Professional Hrvatska\" \/>\n<meta property=\"og:description\" content=\"[vc_row][vc_column][vc_column_text]U godinu dana od predstavljanja proizvoda, SpeeDelight je ovjen\u010dan mnogim nagradama. Zadnja u nizu je Janus de l\u2019Industrie 2017, jedna od najpresti\u017enijih nagrada za dizajn na svijetu.[\/vc_column_text][vc_empty_space height=&#8221;25px&#8221;][vc_single_image image=&#8221;2581&#8243; img_size=&#8221;2400&#215;400&#8243; alignment=&#8221;center&#8221;][vc_empty_space height=&#8221;25px&#8221;][vc_column_text]SpeeDelight su pari\u0161kim sudcima 2. listopada predstavili Alberto Pezzutto, direktor kategorije Cook&amp;Chill i High Speed Cooking, Davide Benvenuti, vi\u0161i industrijski dizajner, i Claire Troton [&hellip;]\" \/>\n<meta property=\"og:url\" content=\"https:\/\/www.electroluxprofessional.com\/hr\/speedelight-janus-de-lindustrie-winner\/\" \/>\n<meta property=\"og:site_name\" content=\"Electrolux Professional Hrvatska\" \/>\n<meta property=\"article:published_time\" content=\"2022-06-02T08:12:00+00:00\" \/>\n<meta property=\"article:modified_time\" content=\"2022-06-13T08:54:43+00:00\" \/>\n<meta property=\"og:image\" content=\"https:\/\/www.electroluxprofessional.com\/hr\/wp-content\/uploads\/2022\/06\/Janus.png\" \/>\n\t<meta property=\"og:image:width\" content=\"1920\" \/>\n\t<meta property=\"og:image:height\" content=\"432\" \/>\n\t<meta property=\"og:image:type\" content=\"image\/png\" \/>\n<meta name=\"author\" content=\"podrska@median.hr\" \/>\n<meta name=\"twitter:card\" content=\"summary_large_image\" \/>\n<meta name=\"twitter:label1\" content=\"Napisao\/la\" \/>\n\t<meta name=\"twitter:data1\" content=\"podrska@median.hr\" \/>\n\t<meta name=\"twitter:label2\" content=\"Procijenjeno vrijeme \u010ditanja\" \/>\n\t<meta name=\"twitter:data2\" content=\"1 minuta\" \/>\n<script type=\"application\/ld+json\" class=\"yoast-schema-graph\">{\"@context\":\"https:\\\/\\\/schema.org\",\"@graph\":[{\"@type\":\"Article\",\"@id\":\"https:\\\/\\\/www.electroluxprofessional.com\\\/hr\\\/speedelight-janus-de-lindustrie-winner\\\/#article\",\"isPartOf\":{\"@id\":\"https:\\\/\\\/www.electroluxprofessional.com\\\/hr\\\/speedelight-janus-de-lindustrie-winner\\\/\"},\"author\":{\"name\":\"podrska@median.hr\",\"@id\":\"https:\\\/\\\/www.electroluxprofessional.com\\\/hr\\\/#\\\/schema\\\/person\\\/34a5caed8909f274c5bb1794455005eb\"},\"headline\":\"Novi uspjeh SpeeDelighta: Dobitnik nagrade Janus de l\u2019Industrie\",\"datePublished\":\"2022-06-02T08:12:00+00:00\",\"dateModified\":\"2022-06-13T08:54:43+00:00\",\"mainEntityOfPage\":{\"@id\":\"https:\\\/\\\/www.electroluxprofessional.com\\\/hr\\\/speedelight-janus-de-lindustrie-winner\\\/\"},\"wordCount\":243,\"image\":{\"@id\":\"https:\\\/\\\/www.electroluxprofessional.com\\\/hr\\\/speedelight-janus-de-lindustrie-winner\\\/#primaryimage\"},\"thumbnailUrl\":\"https:\\\/\\\/www.electroluxprofessional.com\\\/hr\\\/wp-content\\\/uploads\\\/2022\\\/06\\\/Janus.png\",\"keywords\":[\"design\",\"ergonomics\"],\"articleSection\":[\"Nagrade\"],\"inLanguage\":\"hr\"},{\"@type\":\"WebPage\",\"@id\":\"https:\\\/\\\/www.electroluxprofessional.com\\\/hr\\\/speedelight-janus-de-lindustrie-winner\\\/\",\"url\":\"https:\\\/\\\/www.electroluxprofessional.com\\\/hr\\\/speedelight-janus-de-lindustrie-winner\\\/\",\"name\":\"Novi uspjeh SpeeDelighta: Dobitnik nagrade Janus de l\u2019Industrie - Electrolux Professional Hrvatska\",\"isPartOf\":{\"@id\":\"https:\\\/\\\/www.electroluxprofessional.com\\\/hr\\\/#website\"},\"primaryImageOfPage\":{\"@id\":\"https:\\\/\\\/www.electroluxprofessional.com\\\/hr\\\/speedelight-janus-de-lindustrie-winner\\\/#primaryimage\"},\"image\":{\"@id\":\"https:\\\/\\\/www.electroluxprofessional.com\\\/hr\\\/speedelight-janus-de-lindustrie-winner\\\/#primaryimage\"},\"thumbnailUrl\":\"https:\\\/\\\/www.electroluxprofessional.com\\\/hr\\\/wp-content\\\/uploads\\\/2022\\\/06\\\/Janus.png\",\"datePublished\":\"2022-06-02T08:12:00+00:00\",\"dateModified\":\"2022-06-13T08:54:43+00:00\",\"author\":{\"@id\":\"https:\\\/\\\/www.electroluxprofessional.com\\\/hr\\\/#\\\/schema\\\/person\\\/34a5caed8909f274c5bb1794455005eb\"},\"breadcrumb\":{\"@id\":\"https:\\\/\\\/www.electroluxprofessional.com\\\/hr\\\/speedelight-janus-de-lindustrie-winner\\\/#breadcrumb\"},\"inLanguage\":\"hr\",\"potentialAction\":[{\"@type\":\"ReadAction\",\"target\":[\"https:\\\/\\\/www.electroluxprofessional.com\\\/hr\\\/speedelight-janus-de-lindustrie-winner\\\/\"]}]},{\"@type\":\"ImageObject\",\"inLanguage\":\"hr\",\"@id\":\"https:\\\/\\\/www.electroluxprofessional.com\\\/hr\\\/speedelight-janus-de-lindustrie-winner\\\/#primaryimage\",\"url\":\"https:\\\/\\\/www.electroluxprofessional.com\\\/hr\\\/wp-content\\\/uploads\\\/2022\\\/06\\\/Janus.png\",\"contentUrl\":\"https:\\\/\\\/www.electroluxprofessional.com\\\/hr\\\/wp-content\\\/uploads\\\/2022\\\/06\\\/Janus.png\",\"width\":1920,\"height\":432,\"caption\":\"SpeeDelight Janus de l\u2019Industrie 2017\"},{\"@type\":\"BreadcrumbList\",\"@id\":\"https:\\\/\\\/www.electroluxprofessional.com\\\/hr\\\/speedelight-janus-de-lindustrie-winner\\\/#breadcrumb\",\"itemListElement\":[{\"@type\":\"ListItem\",\"position\":1,\"name\":\"Po\u010detna stranica\",\"item\":\"https:\\\/\\\/www.electroluxprofessional.com\\\/hr\\\/\"},{\"@type\":\"ListItem\",\"position\":2,\"name\":\"Novi uspjeh SpeeDelighta: Dobitnik nagrade Janus de l\u2019Industrie\"}]},{\"@type\":\"WebSite\",\"@id\":\"https:\\\/\\\/www.electroluxprofessional.com\\\/hr\\\/#website\",\"url\":\"https:\\\/\\\/www.electroluxprofessional.com\\\/hr\\\/\",\"name\":\"Electrolux Professional Hrvatska\",\"description\":\"\",\"potentialAction\":[{\"@type\":\"SearchAction\",\"target\":{\"@type\":\"EntryPoint\",\"urlTemplate\":\"https:\\\/\\\/www.electroluxprofessional.com\\\/hr\\\/?src={search_term_string}\"},\"query-input\":{\"@type\":\"PropertyValueSpecification\",\"valueRequired\":true,\"valueName\":\"search_term_string\"}}],\"inLanguage\":\"hr\"},{\"@type\":\"Person\",\"@id\":\"https:\\\/\\\/www.electroluxprofessional.com\\\/hr\\\/#\\\/schema\\\/person\\\/34a5caed8909f274c5bb1794455005eb\",\"name\":\"podrska@median.hr\",\"image\":{\"@type\":\"ImageObject\",\"inLanguage\":\"hr\",\"@id\":\"https:\\\/\\\/secure.gravatar.com\\\/avatar\\\/1c54666d3bc9203d526c632830031f06639a8122cd1c51e9ab02d88d7bbdd462?s=96&d=mm&r=g\",\"url\":\"https:\\\/\\\/secure.gravatar.com\\\/avatar\\\/1c54666d3bc9203d526c632830031f06639a8122cd1c51e9ab02d88d7bbdd462?s=96&d=mm&r=g\",\"contentUrl\":\"https:\\\/\\\/secure.gravatar.com\\\/avatar\\\/1c54666d3bc9203d526c632830031f06639a8122cd1c51e9ab02d88d7bbdd462?s=96&d=mm&r=g\",\"caption\":\"podrska@median.hr\"},\"url\":\"https:\\\/\\\/www.electroluxprofessional.com\\\/hr\\\/author\\\/podrska\\\/\"}]}<\/script>\n<!-- \/ Yoast SEO plugin. -->","yoast_head_json":{"title":"Novi uspjeh SpeeDelighta: Dobitnik nagrade Janus de l\u2019Industrie - Electrolux Professional Hrvatska","robots":{"index":"index","follow":"follow","max-snippet":"max-snippet:-1","max-image-preview":"max-image-preview:large","max-video-preview":"max-video-preview:-1"},"canonical":"https:\/\/www.electroluxprofessional.com\/hr\/speedelight-janus-de-lindustrie-winner\/","og_locale":"hr_HR","og_type":"article","og_title":"Novi uspjeh SpeeDelighta: Dobitnik nagrade Janus de l\u2019Industrie - Electrolux Professional Hrvatska","og_description":"[vc_row][vc_column][vc_column_text]U godinu dana od predstavljanja proizvoda, SpeeDelight je ovjen\u010dan mnogim nagradama. Zadnja u nizu je Janus de l\u2019Industrie 2017, jedna od najpresti\u017enijih nagrada za dizajn na svijetu.[\/vc_column_text][vc_empty_space height=&#8221;25px&#8221;][vc_single_image image=&#8221;2581&#8243; img_size=&#8221;2400&#215;400&#8243; alignment=&#8221;center&#8221;][vc_empty_space height=&#8221;25px&#8221;][vc_column_text]SpeeDelight su pari\u0161kim sudcima 2. listopada predstavili Alberto Pezzutto, direktor kategorije Cook&amp;Chill i High Speed Cooking, Davide Benvenuti, vi\u0161i industrijski dizajner, i Claire Troton [&hellip;]","og_url":"https:\/\/www.electroluxprofessional.com\/hr\/speedelight-janus-de-lindustrie-winner\/","og_site_name":"Electrolux Professional Hrvatska","article_published_time":"2022-06-02T08:12:00+00:00","article_modified_time":"2022-06-13T08:54:43+00:00","og_image":[{"width":1920,"height":432,"url":"https:\/\/www.electroluxprofessional.com\/hr\/wp-content\/uploads\/2022\/06\/Janus.png","type":"image\/png"}],"author":"podrska@median.hr","twitter_card":"summary_large_image","twitter_misc":{"Napisao\/la":"podrska@median.hr","Procijenjeno vrijeme \u010ditanja":"1 minuta"},"schema":{"@context":"https:\/\/schema.org","@graph":[{"@type":"Article","@id":"https:\/\/www.electroluxprofessional.com\/hr\/speedelight-janus-de-lindustrie-winner\/#article","isPartOf":{"@id":"https:\/\/www.electroluxprofessional.com\/hr\/speedelight-janus-de-lindustrie-winner\/"},"author":{"name":"podrska@median.hr","@id":"https:\/\/www.electroluxprofessional.com\/hr\/#\/schema\/person\/34a5caed8909f274c5bb1794455005eb"},"headline":"Novi uspjeh SpeeDelighta: Dobitnik nagrade Janus de l\u2019Industrie","datePublished":"2022-06-02T08:12:00+00:00","dateModified":"2022-06-13T08:54:43+00:00","mainEntityOfPage":{"@id":"https:\/\/www.electroluxprofessional.com\/hr\/speedelight-janus-de-lindustrie-winner\/"},"wordCount":243,"image":{"@id":"https:\/\/www.electroluxprofessional.com\/hr\/speedelight-janus-de-lindustrie-winner\/#primaryimage"},"thumbnailUrl":"https:\/\/www.electroluxprofessional.com\/hr\/wp-content\/uploads\/2022\/06\/Janus.png","keywords":["design","ergonomics"],"articleSection":["Nagrade"],"inLanguage":"hr"},{"@type":"WebPage","@id":"https:\/\/www.electroluxprofessional.com\/hr\/speedelight-janus-de-lindustrie-winner\/","url":"https:\/\/www.electroluxprofessional.com\/hr\/speedelight-janus-de-lindustrie-winner\/","name":"Novi uspjeh SpeeDelighta: Dobitnik nagrade Janus de l\u2019Industrie - Electrolux Professional Hrvatska","isPartOf":{"@id":"https:\/\/www.electroluxprofessional.com\/hr\/#website"},"primaryImageOfPage":{"@id":"https:\/\/www.electroluxprofessional.com\/hr\/speedelight-janus-de-lindustrie-winner\/#primaryimage"},"image":{"@id":"https:\/\/www.electroluxprofessional.com\/hr\/speedelight-janus-de-lindustrie-winner\/#primaryimage"},"thumbnailUrl":"https:\/\/www.electroluxprofessional.com\/hr\/wp-content\/uploads\/2022\/06\/Janus.png","datePublished":"2022-06-02T08:12:00+00:00","dateModified":"2022-06-13T08:54:43+00:00","author":{"@id":"https:\/\/www.electroluxprofessional.com\/hr\/#\/schema\/person\/34a5caed8909f274c5bb1794455005eb"},"breadcrumb":{"@id":"https:\/\/www.electroluxprofessional.com\/hr\/speedelight-janus-de-lindustrie-winner\/#breadcrumb"},"inLanguage":"hr","potentialAction":[{"@type":"ReadAction","target":["https:\/\/www.electroluxprofessional.com\/hr\/speedelight-janus-de-lindustrie-winner\/"]}]},{"@type":"ImageObject","inLanguage":"hr","@id":"https:\/\/www.electroluxprofessional.com\/hr\/speedelight-janus-de-lindustrie-winner\/#primaryimage","url":"https:\/\/www.electroluxprofessional.com\/hr\/wp-content\/uploads\/2022\/06\/Janus.png","contentUrl":"https:\/\/www.electroluxprofessional.com\/hr\/wp-content\/uploads\/2022\/06\/Janus.png","width":1920,"height":432,"caption":"SpeeDelight Janus de l\u2019Industrie 2017"},{"@type":"BreadcrumbList","@id":"https:\/\/www.electroluxprofessional.com\/hr\/speedelight-janus-de-lindustrie-winner\/#breadcrumb","itemListElement":[{"@type":"ListItem","position":1,"name":"Po\u010detna stranica","item":"https:\/\/www.electroluxprofessional.com\/hr\/"},{"@type":"ListItem","position":2,"name":"Novi uspjeh SpeeDelighta: Dobitnik nagrade Janus de l\u2019Industrie"}]},{"@type":"WebSite","@id":"https:\/\/www.electroluxprofessional.com\/hr\/#website","url":"https:\/\/www.electroluxprofessional.com\/hr\/","name":"Electrolux Professional Hrvatska","description":"","potentialAction":[{"@type":"SearchAction","target":{"@type":"EntryPoint","urlTemplate":"https:\/\/www.electroluxprofessional.com\/hr\/?src={search_term_string}"},"query-input":{"@type":"PropertyValueSpecification","valueRequired":true,"valueName":"search_term_string"}}],"inLanguage":"hr"},{"@type":"Person","@id":"https:\/\/www.electroluxprofessional.com\/hr\/#\/schema\/person\/34a5caed8909f274c5bb1794455005eb","name":"podrska@median.hr","image":{"@type":"ImageObject","inLanguage":"hr","@id":"https:\/\/secure.gravatar.com\/avatar\/1c54666d3bc9203d526c632830031f06639a8122cd1c51e9ab02d88d7bbdd462?s=96&d=mm&r=g","url":"https:\/\/secure.gravatar.com\/avatar\/1c54666d3bc9203d526c632830031f06639a8122cd1c51e9ab02d88d7bbdd462?s=96&d=mm&r=g","contentUrl":"https:\/\/secure.gravatar.com\/avatar\/1c54666d3bc9203d526c632830031f06639a8122cd1c51e9ab02d88d7bbdd462?s=96&d=mm&r=g","caption":"podrska@median.hr"},"url":"https:\/\/www.electroluxprofessional.com\/hr\/author\/podrska\/"}]}},"_links":{"self":[{"href":"https:\/\/www.electroluxprofessional.com\/hr\/wp-json\/wp\/v2\/posts\/115870","targetHints":{"allow":["GET"]}}],"collection":[{"href":"https:\/\/www.electroluxprofessional.com\/hr\/wp-json\/wp\/v2\/posts"}],"about":[{"href":"https:\/\/www.electroluxprofessional.com\/hr\/wp-json\/wp\/v2\/types\/post"}],"author":[{"embeddable":true,"href":"https:\/\/www.electroluxprofessional.com\/hr\/wp-json\/wp\/v2\/users\/8"}],"replies":[{"embeddable":true,"href":"https:\/\/www.electroluxprofessional.com\/hr\/wp-json\/wp\/v2\/comments?post=115870"}],"version-history":[{"count":4,"href":"https:\/\/www.electroluxprofessional.com\/hr\/wp-json\/wp\/v2\/posts\/115870\/revisions"}],"predecessor-version":[{"id":115903,"href":"https:\/\/www.electroluxprofessional.com\/hr\/wp-json\/wp\/v2\/posts\/115870\/revisions\/115903"}],"wp:featuredmedia":[{"embeddable":true,"href":"https:\/\/www.electroluxprofessional.com\/hr\/wp-json\/wp\/v2\/media\/115869"}],"wp:attachment":[{"href":"https:\/\/www.electroluxprofessional.com\/hr\/wp-json\/wp\/v2\/media?parent=115870"}],"wp:term":[{"taxonomy":"category","embeddable":true,"href":"https:\/\/www.electroluxprofessional.com\/hr\/wp-json\/wp\/v2\/categories?post=115870"},{"taxonomy":"post_tag","embeddable":true,"href":"https:\/\/www.electroluxprofessional.com\/hr\/wp-json\/wp\/v2\/tags?post=115870"}],"curies":[{"name":"wp","href":"https:\/\/api.w.org\/{rel}","templated":true}]}}