{"id":115864,"date":"2022-06-02T08:07:17","date_gmt":"2022-06-02T08:07:17","guid":{"rendered":"https:\/\/www.electroluxprofessional.com\/hr\/?p=115864"},"modified":"2022-06-13T08:59:12","modified_gmt":"2022-06-13T08:59:12","slug":"speedelight-osvaja-prvu-nagradu-plus-x","status":"publish","type":"post","link":"https:\/\/www.electroluxprofessional.com\/hr\/speedelight-osvaja-prvu-nagradu-plus-x\/","title":{"rendered":"SpeeDelight osvaja prvu nagradu Plus X"},"content":{"rendered":"<div class=\"wpb-content-wrapper\"><p>[vc_row][vc_column][vc_column_text]<strong>Novo rje\u0161enje za brzu pripremu hrane iz Electrolux Professionala <\/strong><a href=\"https:\/\/www.electroluxprofessional.com\/hr\/kuhinjska-oprema\/speedelight-rjesenje-za-brzu-pripremu\/\"><strong>SpeeDelight<\/strong><\/a><strong> osvojilo je prvu nagradu na ovogodi\u0161njoj dodjeli nagrada Plus X \u0161to pokazuje posve\u0107enost proizvo\u0111a\u010da pru\u017eanju inovativnih i dostupnih tehnologija svojim kupcima.<\/strong>[\/vc_column_text][vc_empty_space height=&#8221;25px&#8221;][vc_single_image image=&#8221;2579&#8243; img_size=&#8221;1918&#215;528&#8243; alignment=&#8221;center&#8221;][vc_empty_space height=&#8221;25px&#8221;][vc_column_text]Predstavljen u sije\u010dnju 2017., SpeeDelight je na sve\u010danosti odnio ukupno <strong>dvije nagrade<\/strong>. Osim \u0161to su mu odali priznanje nagradom <strong>Plus X<\/strong>, sudci su SpeeDelightu dodijelili presti\u017enu titulu <strong>\u201eNajbolji proizvod godine\u201c za 2017.<\/strong> koja se dodjeljuje rje\u0161enju koje je osvojilo najvi\u0161e priznanja u svojoj kategoriji.<\/p>\n<p>Michele Cadamuro, direktor za dizajn u Electrolux Professionalu, izjavio je: \u201ePo\u010da\u0161\u0107eni smo ovim priznanjem i \u017eelio bih zahvaliti svima u timu na trudu i talentu kojima su pristupili izradi ovog rje\u0161enja kako bi postalo najbolje u klasi.\u201c[\/vc_column_text][\/vc_column][\/vc_row][vc_row][vc_column width=&#8221;1\/2&#8243;][elx_download_block text=&#8221;Preuzmite obavijest za medije.&#8221; link=&#8221;https:\/\/www.electroluxprofessional.com\/wp-content\/uploads\/2017\/05\/Press-Release-SpeeDelight-takes-top-prize-at-the-Plus-X-Awards-4.docx&#8221; background_color=&#8221;cat-cook&#8221;][\/vc_column][vc_column width=&#8221;1\/2&#8243;][elx_button button_text=&#8221;Saznajte vi\u0161e o SpeeDelightu.&#8221; button_style=&#8221;icon&#8221; button_link=&#8221;url:https%3A%2F%2Fwww.electroluxprofessional.com%2Fhr%2Fkuhinjska-oprema%2Fspeedelight-rjesenje-za-brzu-pripremu%2F|title:SpeeDelight&#8221;][vc_empty_space height=&#8221;25px&#8221;][elx_button button_text=&#8221;Nagrade&#8221; button_style=&#8221;icon&#8221; button_link=&#8221;url:https%3A%2F%2Fwww.electroluxprofessional.com%2Fhr%2Fcategory%2Fawards%2F|title:Awards||&#8221;][\/vc_column][\/vc_row]<\/p>\n<\/div>","protected":false},"excerpt":{"rendered":"<p>[vc_row][vc_column][vc_column_text]Novo rje\u0161enje za brzu pripremu hrane iz Electrolux Professionala SpeeDelight osvojilo je prvu nagradu na ovogodi\u0161njoj dodjeli nagrada Plus X \u0161to pokazuje posve\u0107enost proizvo\u0111a\u010da pru\u017eanju inovativnih i dostupnih tehnologija svojim kupcima.[\/vc_column_text][vc_empty_space height=&#8221;25px&#8221;][vc_single_image image=&#8221;2579&#8243; img_size=&#8221;1918&#215;528&#8243; alignment=&#8221;center&#8221;][vc_empty_space height=&#8221;25px&#8221;][vc_column_text]Predstavljen u sije\u010dnju 2017., SpeeDelight je na sve\u010danosti odnio ukupno dvije nagrade. Osim \u0161to su mu odali priznanje nagradom Plus [&hellip;]<\/p>\n","protected":false},"author":8,"featured_media":115863,"comment_status":"closed","ping_status":"closed","sticky":false,"template":"","format":"standard","meta":{"_acf_changed":false,"footnotes":"","_members_access_role":[],"_members_access_error":""},"categories":[145],"tags":[],"class_list":["post-115864","post","type-post","status-publish","format-standard","has-post-thumbnail","hentry","category-nagrade"],"acf":[],"yoast_head":"<!-- This site is optimized with the Yoast SEO plugin v28.2 - https:\/\/yoast.com\/product\/yoast-seo-wordpress\/ -->\n<title>SpeeDelight osvaja prvu nagradu Plus X - Electrolux Professional Hrvatska<\/title>\n<meta name=\"robots\" content=\"index, follow, max-snippet:-1, max-image-preview:large, max-video-preview:-1\" \/>\n<link rel=\"canonical\" href=\"https:\/\/www.electroluxprofessional.com\/hr\/speedelight-osvaja-prvu-nagradu-plus-x\/\" \/>\n<meta property=\"og:locale\" content=\"hr_HR\" \/>\n<meta property=\"og:type\" content=\"article\" \/>\n<meta property=\"og:title\" content=\"SpeeDelight osvaja prvu nagradu Plus X - Electrolux Professional Hrvatska\" \/>\n<meta property=\"og:description\" content=\"[vc_row][vc_column][vc_column_text]Novo rje\u0161enje za brzu pripremu hrane iz Electrolux Professionala SpeeDelight osvojilo je prvu nagradu na ovogodi\u0161njoj dodjeli nagrada Plus X \u0161to pokazuje posve\u0107enost proizvo\u0111a\u010da pru\u017eanju inovativnih i dostupnih tehnologija svojim kupcima.[\/vc_column_text][vc_empty_space height=&#8221;25px&#8221;][vc_single_image image=&#8221;2579&#8243; img_size=&#8221;1918&#215;528&#8243; alignment=&#8221;center&#8221;][vc_empty_space height=&#8221;25px&#8221;][vc_column_text]Predstavljen u sije\u010dnju 2017., SpeeDelight je na sve\u010danosti odnio ukupno dvije nagrade. Osim \u0161to su mu odali priznanje nagradom Plus [&hellip;]\" \/>\n<meta property=\"og:url\" content=\"https:\/\/www.electroluxprofessional.com\/hr\/speedelight-osvaja-prvu-nagradu-plus-x\/\" \/>\n<meta property=\"og:site_name\" content=\"Electrolux Professional Hrvatska\" \/>\n<meta property=\"article:published_time\" content=\"2022-06-02T08:07:17+00:00\" \/>\n<meta property=\"article:modified_time\" content=\"2022-06-13T08:59:12+00:00\" \/>\n<meta property=\"og:image\" content=\"https:\/\/www.electroluxprofessional.com\/hr\/wp-content\/uploads\/2022\/06\/SpeeDelight-Plus-X-Award-banner.jpg\" \/>\n\t<meta property=\"og:image:width\" content=\"2000\" \/>\n\t<meta property=\"og:image:height\" content=\"450\" \/>\n\t<meta property=\"og:image:type\" content=\"image\/jpeg\" \/>\n<meta name=\"author\" content=\"podrska@median.hr\" \/>\n<meta name=\"twitter:card\" content=\"summary_large_image\" \/>\n<meta name=\"twitter:label1\" content=\"Napisao\/la\" \/>\n\t<meta name=\"twitter:data1\" content=\"podrska@median.hr\" \/>\n\t<meta name=\"twitter:label2\" content=\"Procijenjeno vrijeme \u010ditanja\" \/>\n\t<meta name=\"twitter:data2\" content=\"1 minuta\" \/>\n<script type=\"application\/ld+json\" class=\"yoast-schema-graph\">{\"@context\":\"https:\\\/\\\/schema.org\",\"@graph\":[{\"@type\":\"Article\",\"@id\":\"https:\\\/\\\/www.electroluxprofessional.com\\\/hr\\\/speedelight-osvaja-prvu-nagradu-plus-x\\\/#article\",\"isPartOf\":{\"@id\":\"https:\\\/\\\/www.electroluxprofessional.com\\\/hr\\\/speedelight-osvaja-prvu-nagradu-plus-x\\\/\"},\"author\":{\"name\":\"podrska@median.hr\",\"@id\":\"https:\\\/\\\/www.electroluxprofessional.com\\\/hr\\\/#\\\/schema\\\/person\\\/34a5caed8909f274c5bb1794455005eb\"},\"headline\":\"SpeeDelight osvaja prvu nagradu Plus X\",\"datePublished\":\"2022-06-02T08:07:17+00:00\",\"dateModified\":\"2022-06-13T08:59:12+00:00\",\"mainEntityOfPage\":{\"@id\":\"https:\\\/\\\/www.electroluxprofessional.com\\\/hr\\\/speedelight-osvaja-prvu-nagradu-plus-x\\\/\"},\"wordCount\":258,\"image\":{\"@id\":\"https:\\\/\\\/www.electroluxprofessional.com\\\/hr\\\/speedelight-osvaja-prvu-nagradu-plus-x\\\/#primaryimage\"},\"thumbnailUrl\":\"https:\\\/\\\/www.electroluxprofessional.com\\\/hr\\\/wp-content\\\/uploads\\\/2022\\\/06\\\/SpeeDelight-Plus-X-Award-banner.jpg\",\"articleSection\":[\"Nagrade\"],\"inLanguage\":\"hr\"},{\"@type\":\"WebPage\",\"@id\":\"https:\\\/\\\/www.electroluxprofessional.com\\\/hr\\\/speedelight-osvaja-prvu-nagradu-plus-x\\\/\",\"url\":\"https:\\\/\\\/www.electroluxprofessional.com\\\/hr\\\/speedelight-osvaja-prvu-nagradu-plus-x\\\/\",\"name\":\"SpeeDelight osvaja prvu nagradu Plus X - Electrolux Professional Hrvatska\",\"isPartOf\":{\"@id\":\"https:\\\/\\\/www.electroluxprofessional.com\\\/hr\\\/#website\"},\"primaryImageOfPage\":{\"@id\":\"https:\\\/\\\/www.electroluxprofessional.com\\\/hr\\\/speedelight-osvaja-prvu-nagradu-plus-x\\\/#primaryimage\"},\"image\":{\"@id\":\"https:\\\/\\\/www.electroluxprofessional.com\\\/hr\\\/speedelight-osvaja-prvu-nagradu-plus-x\\\/#primaryimage\"},\"thumbnailUrl\":\"https:\\\/\\\/www.electroluxprofessional.com\\\/hr\\\/wp-content\\\/uploads\\\/2022\\\/06\\\/SpeeDelight-Plus-X-Award-banner.jpg\",\"datePublished\":\"2022-06-02T08:07:17+00:00\",\"dateModified\":\"2022-06-13T08:59:12+00:00\",\"author\":{\"@id\":\"https:\\\/\\\/www.electroluxprofessional.com\\\/hr\\\/#\\\/schema\\\/person\\\/34a5caed8909f274c5bb1794455005eb\"},\"breadcrumb\":{\"@id\":\"https:\\\/\\\/www.electroluxprofessional.com\\\/hr\\\/speedelight-osvaja-prvu-nagradu-plus-x\\\/#breadcrumb\"},\"inLanguage\":\"hr\",\"potentialAction\":[{\"@type\":\"ReadAction\",\"target\":[\"https:\\\/\\\/www.electroluxprofessional.com\\\/hr\\\/speedelight-osvaja-prvu-nagradu-plus-x\\\/\"]}]},{\"@type\":\"ImageObject\",\"inLanguage\":\"hr\",\"@id\":\"https:\\\/\\\/www.electroluxprofessional.com\\\/hr\\\/speedelight-osvaja-prvu-nagradu-plus-x\\\/#primaryimage\",\"url\":\"https:\\\/\\\/www.electroluxprofessional.com\\\/hr\\\/wp-content\\\/uploads\\\/2022\\\/06\\\/SpeeDelight-Plus-X-Award-banner.jpg\",\"contentUrl\":\"https:\\\/\\\/www.electroluxprofessional.com\\\/hr\\\/wp-content\\\/uploads\\\/2022\\\/06\\\/SpeeDelight-Plus-X-Award-banner.jpg\",\"width\":2000,\"height\":450,\"caption\":\"SpeeDelight Plus X Award\"},{\"@type\":\"BreadcrumbList\",\"@id\":\"https:\\\/\\\/www.electroluxprofessional.com\\\/hr\\\/speedelight-osvaja-prvu-nagradu-plus-x\\\/#breadcrumb\",\"itemListElement\":[{\"@type\":\"ListItem\",\"position\":1,\"name\":\"Po\u010detna stranica\",\"item\":\"https:\\\/\\\/www.electroluxprofessional.com\\\/hr\\\/\"},{\"@type\":\"ListItem\",\"position\":2,\"name\":\"SpeeDelight osvaja prvu nagradu Plus X\"}]},{\"@type\":\"WebSite\",\"@id\":\"https:\\\/\\\/www.electroluxprofessional.com\\\/hr\\\/#website\",\"url\":\"https:\\\/\\\/www.electroluxprofessional.com\\\/hr\\\/\",\"name\":\"Electrolux Professional Hrvatska\",\"description\":\"\",\"potentialAction\":[{\"@type\":\"SearchAction\",\"target\":{\"@type\":\"EntryPoint\",\"urlTemplate\":\"https:\\\/\\\/www.electroluxprofessional.com\\\/hr\\\/?src={search_term_string}\"},\"query-input\":{\"@type\":\"PropertyValueSpecification\",\"valueRequired\":true,\"valueName\":\"search_term_string\"}}],\"inLanguage\":\"hr\"},{\"@type\":\"Person\",\"@id\":\"https:\\\/\\\/www.electroluxprofessional.com\\\/hr\\\/#\\\/schema\\\/person\\\/34a5caed8909f274c5bb1794455005eb\",\"name\":\"podrska@median.hr\",\"image\":{\"@type\":\"ImageObject\",\"inLanguage\":\"hr\",\"@id\":\"https:\\\/\\\/secure.gravatar.com\\\/avatar\\\/1c54666d3bc9203d526c632830031f06639a8122cd1c51e9ab02d88d7bbdd462?s=96&d=mm&r=g\",\"url\":\"https:\\\/\\\/secure.gravatar.com\\\/avatar\\\/1c54666d3bc9203d526c632830031f06639a8122cd1c51e9ab02d88d7bbdd462?s=96&d=mm&r=g\",\"contentUrl\":\"https:\\\/\\\/secure.gravatar.com\\\/avatar\\\/1c54666d3bc9203d526c632830031f06639a8122cd1c51e9ab02d88d7bbdd462?s=96&d=mm&r=g\",\"caption\":\"podrska@median.hr\"},\"url\":\"https:\\\/\\\/www.electroluxprofessional.com\\\/hr\\\/author\\\/podrska\\\/\"}]}<\/script>\n<!-- \/ Yoast SEO plugin. -->","yoast_head_json":{"title":"SpeeDelight osvaja prvu nagradu Plus X - Electrolux Professional Hrvatska","robots":{"index":"index","follow":"follow","max-snippet":"max-snippet:-1","max-image-preview":"max-image-preview:large","max-video-preview":"max-video-preview:-1"},"canonical":"https:\/\/www.electroluxprofessional.com\/hr\/speedelight-osvaja-prvu-nagradu-plus-x\/","og_locale":"hr_HR","og_type":"article","og_title":"SpeeDelight osvaja prvu nagradu Plus X - Electrolux Professional Hrvatska","og_description":"[vc_row][vc_column][vc_column_text]Novo rje\u0161enje za brzu pripremu hrane iz Electrolux Professionala SpeeDelight osvojilo je prvu nagradu na ovogodi\u0161njoj dodjeli nagrada Plus X \u0161to pokazuje posve\u0107enost proizvo\u0111a\u010da pru\u017eanju inovativnih i dostupnih tehnologija svojim kupcima.[\/vc_column_text][vc_empty_space height=&#8221;25px&#8221;][vc_single_image image=&#8221;2579&#8243; img_size=&#8221;1918&#215;528&#8243; alignment=&#8221;center&#8221;][vc_empty_space height=&#8221;25px&#8221;][vc_column_text]Predstavljen u sije\u010dnju 2017., SpeeDelight je na sve\u010danosti odnio ukupno dvije nagrade. Osim \u0161to su mu odali priznanje nagradom Plus [&hellip;]","og_url":"https:\/\/www.electroluxprofessional.com\/hr\/speedelight-osvaja-prvu-nagradu-plus-x\/","og_site_name":"Electrolux Professional Hrvatska","article_published_time":"2022-06-02T08:07:17+00:00","article_modified_time":"2022-06-13T08:59:12+00:00","og_image":[{"width":2000,"height":450,"url":"https:\/\/www.electroluxprofessional.com\/hr\/wp-content\/uploads\/2022\/06\/SpeeDelight-Plus-X-Award-banner.jpg","type":"image\/jpeg"}],"author":"podrska@median.hr","twitter_card":"summary_large_image","twitter_misc":{"Napisao\/la":"podrska@median.hr","Procijenjeno vrijeme \u010ditanja":"1 minuta"},"schema":{"@context":"https:\/\/schema.org","@graph":[{"@type":"Article","@id":"https:\/\/www.electroluxprofessional.com\/hr\/speedelight-osvaja-prvu-nagradu-plus-x\/#article","isPartOf":{"@id":"https:\/\/www.electroluxprofessional.com\/hr\/speedelight-osvaja-prvu-nagradu-plus-x\/"},"author":{"name":"podrska@median.hr","@id":"https:\/\/www.electroluxprofessional.com\/hr\/#\/schema\/person\/34a5caed8909f274c5bb1794455005eb"},"headline":"SpeeDelight osvaja prvu nagradu Plus X","datePublished":"2022-06-02T08:07:17+00:00","dateModified":"2022-06-13T08:59:12+00:00","mainEntityOfPage":{"@id":"https:\/\/www.electroluxprofessional.com\/hr\/speedelight-osvaja-prvu-nagradu-plus-x\/"},"wordCount":258,"image":{"@id":"https:\/\/www.electroluxprofessional.com\/hr\/speedelight-osvaja-prvu-nagradu-plus-x\/#primaryimage"},"thumbnailUrl":"https:\/\/www.electroluxprofessional.com\/hr\/wp-content\/uploads\/2022\/06\/SpeeDelight-Plus-X-Award-banner.jpg","articleSection":["Nagrade"],"inLanguage":"hr"},{"@type":"WebPage","@id":"https:\/\/www.electroluxprofessional.com\/hr\/speedelight-osvaja-prvu-nagradu-plus-x\/","url":"https:\/\/www.electroluxprofessional.com\/hr\/speedelight-osvaja-prvu-nagradu-plus-x\/","name":"SpeeDelight osvaja prvu nagradu Plus X - Electrolux Professional Hrvatska","isPartOf":{"@id":"https:\/\/www.electroluxprofessional.com\/hr\/#website"},"primaryImageOfPage":{"@id":"https:\/\/www.electroluxprofessional.com\/hr\/speedelight-osvaja-prvu-nagradu-plus-x\/#primaryimage"},"image":{"@id":"https:\/\/www.electroluxprofessional.com\/hr\/speedelight-osvaja-prvu-nagradu-plus-x\/#primaryimage"},"thumbnailUrl":"https:\/\/www.electroluxprofessional.com\/hr\/wp-content\/uploads\/2022\/06\/SpeeDelight-Plus-X-Award-banner.jpg","datePublished":"2022-06-02T08:07:17+00:00","dateModified":"2022-06-13T08:59:12+00:00","author":{"@id":"https:\/\/www.electroluxprofessional.com\/hr\/#\/schema\/person\/34a5caed8909f274c5bb1794455005eb"},"breadcrumb":{"@id":"https:\/\/www.electroluxprofessional.com\/hr\/speedelight-osvaja-prvu-nagradu-plus-x\/#breadcrumb"},"inLanguage":"hr","potentialAction":[{"@type":"ReadAction","target":["https:\/\/www.electroluxprofessional.com\/hr\/speedelight-osvaja-prvu-nagradu-plus-x\/"]}]},{"@type":"ImageObject","inLanguage":"hr","@id":"https:\/\/www.electroluxprofessional.com\/hr\/speedelight-osvaja-prvu-nagradu-plus-x\/#primaryimage","url":"https:\/\/www.electroluxprofessional.com\/hr\/wp-content\/uploads\/2022\/06\/SpeeDelight-Plus-X-Award-banner.jpg","contentUrl":"https:\/\/www.electroluxprofessional.com\/hr\/wp-content\/uploads\/2022\/06\/SpeeDelight-Plus-X-Award-banner.jpg","width":2000,"height":450,"caption":"SpeeDelight Plus X Award"},{"@type":"BreadcrumbList","@id":"https:\/\/www.electroluxprofessional.com\/hr\/speedelight-osvaja-prvu-nagradu-plus-x\/#breadcrumb","itemListElement":[{"@type":"ListItem","position":1,"name":"Po\u010detna stranica","item":"https:\/\/www.electroluxprofessional.com\/hr\/"},{"@type":"ListItem","position":2,"name":"SpeeDelight osvaja prvu nagradu Plus X"}]},{"@type":"WebSite","@id":"https:\/\/www.electroluxprofessional.com\/hr\/#website","url":"https:\/\/www.electroluxprofessional.com\/hr\/","name":"Electrolux Professional Hrvatska","description":"","potentialAction":[{"@type":"SearchAction","target":{"@type":"EntryPoint","urlTemplate":"https:\/\/www.electroluxprofessional.com\/hr\/?src={search_term_string}"},"query-input":{"@type":"PropertyValueSpecification","valueRequired":true,"valueName":"search_term_string"}}],"inLanguage":"hr"},{"@type":"Person","@id":"https:\/\/www.electroluxprofessional.com\/hr\/#\/schema\/person\/34a5caed8909f274c5bb1794455005eb","name":"podrska@median.hr","image":{"@type":"ImageObject","inLanguage":"hr","@id":"https:\/\/secure.gravatar.com\/avatar\/1c54666d3bc9203d526c632830031f06639a8122cd1c51e9ab02d88d7bbdd462?s=96&d=mm&r=g","url":"https:\/\/secure.gravatar.com\/avatar\/1c54666d3bc9203d526c632830031f06639a8122cd1c51e9ab02d88d7bbdd462?s=96&d=mm&r=g","contentUrl":"https:\/\/secure.gravatar.com\/avatar\/1c54666d3bc9203d526c632830031f06639a8122cd1c51e9ab02d88d7bbdd462?s=96&d=mm&r=g","caption":"podrska@median.hr"},"url":"https:\/\/www.electroluxprofessional.com\/hr\/author\/podrska\/"}]}},"_links":{"self":[{"href":"https:\/\/www.electroluxprofessional.com\/hr\/wp-json\/wp\/v2\/posts\/115864","targetHints":{"allow":["GET"]}}],"collection":[{"href":"https:\/\/www.electroluxprofessional.com\/hr\/wp-json\/wp\/v2\/posts"}],"about":[{"href":"https:\/\/www.electroluxprofessional.com\/hr\/wp-json\/wp\/v2\/types\/post"}],"author":[{"embeddable":true,"href":"https:\/\/www.electroluxprofessional.com\/hr\/wp-json\/wp\/v2\/users\/8"}],"replies":[{"embeddable":true,"href":"https:\/\/www.electroluxprofessional.com\/hr\/wp-json\/wp\/v2\/comments?post=115864"}],"version-history":[{"count":4,"href":"https:\/\/www.electroluxprofessional.com\/hr\/wp-json\/wp\/v2\/posts\/115864\/revisions"}],"predecessor-version":[{"id":115904,"href":"https:\/\/www.electroluxprofessional.com\/hr\/wp-json\/wp\/v2\/posts\/115864\/revisions\/115904"}],"wp:featuredmedia":[{"embeddable":true,"href":"https:\/\/www.electroluxprofessional.com\/hr\/wp-json\/wp\/v2\/media\/115863"}],"wp:attachment":[{"href":"https:\/\/www.electroluxprofessional.com\/hr\/wp-json\/wp\/v2\/media?parent=115864"}],"wp:term":[{"taxonomy":"category","embeddable":true,"href":"https:\/\/www.electroluxprofessional.com\/hr\/wp-json\/wp\/v2\/categories?post=115864"},{"taxonomy":"post_tag","embeddable":true,"href":"https:\/\/www.electroluxprofessional.com\/hr\/wp-json\/wp\/v2\/tags?post=115864"}],"curies":[{"name":"wp","href":"https:\/\/api.w.org\/{rel}","templated":true}]}}