{"id":115557,"date":"2022-02-22T11:34:00","date_gmt":"2022-02-22T09:34:00","guid":{"rendered":"https:\/\/www.electroluxprofessional.com\/?p=39152"},"modified":"2022-03-14T21:40:14","modified_gmt":"2022-03-14T21:40:14","slug":"koja-je-prava-dodana-vrijednost-originalnih-dijelova-i-koje-prednosti-donose-vasem-poslovanju","status":"publish","type":"post","link":"https:\/\/www.electroluxprofessional.com\/hr\/koja-je-prava-dodana-vrijednost-originalnih-dijelova-i-koje-prednosti-donose-vasem-poslovanju\/","title":{"rendered":"Koja je prava dodana vrijednost originalnih dijelova i koje prednosti donose va\u0161em poslovanju?"},"content":{"rendered":"<p>[vc_row][vc_column][vc_column_text]U Electrolux Professionalu ne pristajemo na ni\u0161ta manje od <strong>najvi\u0161e kvalitete<\/strong> za na\u0161e je kupce i to je razlog zbog kojeg provjeravamo je li svaki dio na\u0161e opreme <strong>ispitan i u skladu s<\/strong> dugim radnim vijekom koji je predvi\u0111en dizajnom svih na\u0161ih proizvoda.<br \/>\nNo, mo\u017ee se dogoditi da se dijelovi trebaju zamijeniti zbog tro\u0161enja nastalog upotrebom.<br \/>\nU tim okolnostima, znate li dobavlja li serviser originalne dijelove ili zamjenske kopije? Rezervni dio mo\u017ee izgledati isto, ali <strong>za upotrebu u na\u0161oj opremi odobreni su samo originalni rezervni dijelovi<\/strong>.<br \/>\nObjasnit \u0107emo neke od prednosti zbog kojih inzistiramo na upotrebi originalnih rezervnih dijelova i neke od razloga za\u0161to se ne bi smjela koristiti zamjenska i neodobrena oprema.[\/vc_column_text][vc_empty_space][vc_column_text]<\/p>\n<h3>1) <strong>VE\u0106A SIGURNOST<\/strong><\/h3>\n<p>Ne samo za <strong>zaposlenike<\/strong>, ve\u0107 i za <strong>operatere<\/strong> i za sam <strong>proizvod<\/strong>. Rezervni dijelovi proizvo\u0111a\u010da originalne opreme (OEM) <strong>ispitani su u specijaliziranim laboratorijima<\/strong> sa specifi\u010dnim dijelom opreme kako bi osigurali siguran rad, \u010dime se osiguravaju i po\u010detna investicija i <strong>zdravlje i sigurnost<\/strong> va\u0161ih zaposlenika koji \u0107e koristiti opremu.<\/p>\n<h3>2) <strong>CERTIFICIRANA POUZDANOST I U\u010cINKOVITOST<\/strong><\/h3>\n<p>Va\u0161a je profesionalna oprema dizajnirana za <strong>bude postojana<\/strong>, da radi s <strong>najve\u0107om u\u010dinkovito\u0161\u0107u<\/strong> i da <strong>traje niz godina <\/strong>u stalnoj upotrebi, ali bez pretjeranog tro\u0161enja energije i sredstava te bez nepotrebnih tro\u0161kova. Takva pouzdanost proizlazi samo iz originalnih rezervnih dijelova, dodatne opreme i potro\u0161nog materijala \u2013 zahvaljuju\u0107i svojoj izdr\u017eljivoj prirodi \u2013 osiguravaju da oprema pravilno radi kao <strong>isplativo i visokou\u010dinkovito rje\u0161enje<\/strong> i da nesumnjivo ima <strong>pozitivan u\u010dinak na va\u0161e poslovanje.<\/strong><\/p>\n<h3>3) <strong>PRODU\u017dENI \u017dIVOTNI VIJEK<\/strong><\/h3>\n<p>Profesionalna je oprema kamen temeljac svih poslova u ugostiteljstvu i zdravstvu i stoga je njezino odr\u017eavanje i <strong>maksimiziranje radnog u\u010dinka<\/strong> klju\u010dno za postizanje isplativog poslovanja. Pravi originalni rezervni dijelovi osiguravaju da oprema radi to\u010dno kako bi trebala du\u017ee vrijeme, <strong>smanjuju\u0107i rizik da se dogodi neplanirani kvar<\/strong> i kasniji u\u010dinak koji to mo\u017ee imati na va\u0161e poslovanje.<\/p>\n<h3>4) <strong>ZAJAM\u010cENA ZA\u0160TITA JAMSTVA<\/strong><\/h3>\n<p>Kori\u0161tenje <strong>neoriginalnih rezervnih dijelova mo\u017ee poni\u0161titi jamstvo proizvo\u0111a\u010da <\/strong>opreme, tako da oprema mo\u017eda ne\u0107e biti pokrivena budu\u0107im zahtjevima za od\u0161tetu. Nadalje, kao kupac ne mo\u017eete tra\u017eiti povrat tro\u0161kova za rezervni dio u sklopu jamstva jer ti <strong>neoriginalni dijelovi ne\u0107e biti pokriveni jamstvom.<\/strong> Stoga, inzistiranje na originalnim rezervnim dijelovima, dodatnoj opremi i potro\u0161nim materijalima <strong>omogu\u0107ava valjanost va\u0161eg jamstva<\/strong> i pokriva vas za eventualne budu\u0107e zahtjeve za od\u0161tetu.<\/p>\n<h3>5) <strong>MANJI UKUPNI TRO\u0160AK<\/strong><\/h3>\n<p><strong>Neoriginalni rezervni dijelovi mogu imati ni\u017ee \u201eprvotne\u201c tro\u0161kove.<\/strong> Tako mo\u017eete imati <strong>kratkoro\u010dnu korist<\/strong>, ali ona ne uklju\u010duje ukupne tro\u0161kove kasnijeg posjedovanja opreme. Neoriginalni rezervni dijelovi mogu imati utjecaj na u\u010dinkovitost opreme i njezin rad, a time rastu i<strong> skriveni tro\u0161kovi koji se mogu pojaviti u dugoro\u010dnom razdoblju<\/strong>. <strong>Originalni rezervni dijelovi provjereno su odgovaraju\u0107i i dobro rade,<\/strong> \u010dime se izbjegavaju dodatni kvarovi, pove\u0107ava potencijal za dugotrajniji rad, smanjuju prekidi u radu i gubici poslovanja te se smanjuju dodatni tro\u0161kovi popravka.<\/p>\n<p>Stoga, <strong>originalni rezervni dijelovi mogu pove\u0107ati povrat ulaganja<\/strong> tijekom du\u017eeg radnog vijeka, utjecati na pove\u0107anu vrijednost i ve\u0107i profit za va\u0161e poslovanje.[\/vc_column_text][\/vc_column][\/vc_row][vc_row][vc_column][vc_empty_space][vc_column_text]S druge strane, originalni rezervni dijelovi <strong>provjereno su odgovaraju\u0107i<\/strong> i dobro rade u pripadaju\u0107im ure\u0111ajima \u010dime se <strong>izbjegavaju dodatni kvarovi<\/strong>, pove\u0107ava potencijal za <strong>dugotrajniji rad<\/strong><strong>, smanjuju prekidi u radu<\/strong> i <strong>osigurava neprekidno poslovanje<\/strong>.<br \/>\nStoga, originalni rezervni dijelovi mogu <strong>pove\u0107ati povrat ulaganja<\/strong>, omogu\u0107uju\u0107i vam da <strong>imate vi\u0161e vrijednosti<\/strong> tijekom godina.[\/vc_column_text][vc_empty_space][vc_single_image image=&#8221;115556&#8243; img_size=&#8221;full&#8221; alignment=&#8221;center&#8221;][vc_empty_space][vc_column_text]<\/p>\n<h3>ZAKLJU\u010cAK<\/h3>\n<p><strong>Sigurnost<\/strong>, <strong>pouzdanost<\/strong>, <strong>dugovje\u010dnost<\/strong>, <strong>za\u0161tita jamstva<\/strong> i <strong>ni\u017ei tro\u0161kovi vlasni\u0161tva<\/strong> \u2013 sve zajedno <strong>pove\u0107ava vrijednosti va\u0161eg poslovanja<\/strong>.<\/p>\n<p>Budite sigurni, inzistirajte na originalnim pouzdanim dijelovima za svoju opremu. Za\u0161to pristati na i\u0161ta manje?[\/vc_column_text][vc_empty_space][\/vc_column][\/vc_row]<\/p>\n","protected":false},"excerpt":{"rendered":"<p>[vc_row][vc_column][vc_column_text]U Electrolux Professionalu ne pristajemo na ni\u0161ta manje od najvi\u0161e kvalitete za na\u0161e je kupce i to je razlog zbog kojeg provjeravamo je li svaki dio na\u0161e opreme ispitan i u skladu s dugim radnim vijekom koji je predvi\u0111en dizajnom svih na\u0161ih proizvoda. No, mo\u017ee se dogoditi da se dijelovi trebaju zamijeniti zbog tro\u0161enja nastalog [&hellip;]<\/p>\n","protected":false},"author":8,"featured_media":115555,"comment_status":"open","ping_status":"closed","sticky":false,"template":"","format":"standard","meta":{"footnotes":""},"categories":[139,94,114],"tags":[136,137,138,140,87],"class_list":["post-115557","post","type-post","status-publish","format-standard","has-post-thumbnail","hentry","category-inovacija","category-novosti","category-odrzivost","tag-climate-friendly","tag-co2","tag-eco-friendly","tag-natural-refrigerant","tag-sustainability"],"acf":[],"yoast_head":"<!-- This site is optimized with the Yoast SEO plugin v23.3 - https:\/\/yoast.com\/wordpress\/plugins\/seo\/ -->\n<title>Koja je prava dodana vrijednost originalnih dijelova i koje prednosti donose va\u0161em poslovanju?<\/title>\n<meta name=\"description\" content=\"U Electrolux Professionalu ne pristajemo na ni\u0161ta manje od najvi\u0161e kvalitete za na\u0161e je kupce i to je razlog zbog kojeg provjeravamo je li svaki dio na\u0161e opreme ispitan i u skladu s dugim radnim vijekom koji je predvi\u0111en dizajnom svih na\u0161ih proizvoda.\" \/>\n<meta name=\"robots\" content=\"index, follow, max-snippet:-1, max-image-preview:large, max-video-preview:-1\" \/>\n<link rel=\"canonical\" href=\"https:\/\/www.electroluxprofessional.com\/hr\/koja-je-prava-dodana-vrijednost-originalnih-dijelova-i-koje-prednosti-donose-vasem-poslovanju\/\" \/>\n<meta property=\"og:locale\" content=\"hr_HR\" \/>\n<meta property=\"og:type\" content=\"article\" \/>\n<meta property=\"og:title\" content=\"Koja je prava dodana vrijednost originalnih dijelova i koje prednosti donose va\u0161em poslovanju?\" \/>\n<meta property=\"og:description\" content=\"U Electrolux Professionalu ne pristajemo na ni\u0161ta manje od najvi\u0161e kvalitete za na\u0161e je kupce i to je razlog zbog kojeg provjeravamo je li svaki dio na\u0161e opreme ispitan i u skladu s dugim radnim vijekom koji je predvi\u0111en dizajnom svih na\u0161ih proizvoda.\" \/>\n<meta property=\"og:url\" content=\"https:\/\/www.electroluxprofessional.com\/hr\/koja-je-prava-dodana-vrijednost-originalnih-dijelova-i-koje-prednosti-donose-vasem-poslovanju\/\" \/>\n<meta property=\"og:site_name\" content=\"Electrolux Professional Hrvatska\" \/>\n<meta property=\"article:published_time\" content=\"2022-02-22T09:34:00+00:00\" \/>\n<meta property=\"article:modified_time\" content=\"2022-03-14T21:40:14+00:00\" \/>\n<meta property=\"og:image\" content=\"https:\/\/www.electroluxprofessional.com\/hr\/wp-content\/uploads\/2022\/02\/banner-2000x400-1.jpg\" \/>\n\t<meta property=\"og:image:width\" content=\"2000\" \/>\n\t<meta property=\"og:image:height\" content=\"400\" \/>\n\t<meta property=\"og:image:type\" content=\"image\/jpeg\" \/>\n<meta name=\"author\" content=\"podrska@median.hr\" \/>\n<meta name=\"twitter:card\" content=\"summary_large_image\" \/>\n<meta name=\"twitter:label1\" content=\"Napisao\/la\" \/>\n\t<meta name=\"twitter:data1\" content=\"podrska@median.hr\" \/>\n\t<meta name=\"twitter:label2\" content=\"Procijenjeno vrijeme \u010ditanja\" \/>\n\t<meta name=\"twitter:data2\" content=\"4 minute\" \/>\n<script type=\"application\/ld+json\" class=\"yoast-schema-graph\">{\"@context\":\"https:\/\/schema.org\",\"@graph\":[{\"@type\":\"WebPage\",\"@id\":\"https:\/\/www.electroluxprofessional.com\/hr\/koja-je-prava-dodana-vrijednost-originalnih-dijelova-i-koje-prednosti-donose-vasem-poslovanju\/\",\"url\":\"https:\/\/www.electroluxprofessional.com\/hr\/koja-je-prava-dodana-vrijednost-originalnih-dijelova-i-koje-prednosti-donose-vasem-poslovanju\/\",\"name\":\"Koja je prava dodana vrijednost originalnih dijelova i koje prednosti donose va\u0161em poslovanju?\",\"isPartOf\":{\"@id\":\"https:\/\/www.electroluxprofessional.com\/hr\/#website\"},\"primaryImageOfPage\":{\"@id\":\"https:\/\/www.electroluxprofessional.com\/hr\/koja-je-prava-dodana-vrijednost-originalnih-dijelova-i-koje-prednosti-donose-vasem-poslovanju\/#primaryimage\"},\"image\":{\"@id\":\"https:\/\/www.electroluxprofessional.com\/hr\/koja-je-prava-dodana-vrijednost-originalnih-dijelova-i-koje-prednosti-donose-vasem-poslovanju\/#primaryimage\"},\"thumbnailUrl\":\"https:\/\/www.electroluxprofessional.com\/hr\/wp-content\/uploads\/2022\/02\/banner-2000x400-1.jpg\",\"datePublished\":\"2022-02-22T09:34:00+00:00\",\"dateModified\":\"2022-03-14T21:40:14+00:00\",\"author\":{\"@id\":\"https:\/\/www.electroluxprofessional.com\/hr\/#\/schema\/person\/34a5caed8909f274c5bb1794455005eb\"},\"description\":\"U Electrolux Professionalu ne pristajemo na ni\u0161ta manje od najvi\u0161e kvalitete za na\u0161e je kupce i to je razlog zbog kojeg provjeravamo je li svaki dio na\u0161e opreme ispitan i u skladu s dugim radnim vijekom koji je predvi\u0111en dizajnom svih na\u0161ih proizvoda.\",\"breadcrumb\":{\"@id\":\"https:\/\/www.electroluxprofessional.com\/hr\/koja-je-prava-dodana-vrijednost-originalnih-dijelova-i-koje-prednosti-donose-vasem-poslovanju\/#breadcrumb\"},\"inLanguage\":\"hr\",\"potentialAction\":[{\"@type\":\"ReadAction\",\"target\":[\"https:\/\/www.electroluxprofessional.com\/hr\/koja-je-prava-dodana-vrijednost-originalnih-dijelova-i-koje-prednosti-donose-vasem-poslovanju\/\"]}]},{\"@type\":\"ImageObject\",\"inLanguage\":\"hr\",\"@id\":\"https:\/\/www.electroluxprofessional.com\/hr\/koja-je-prava-dodana-vrijednost-originalnih-dijelova-i-koje-prednosti-donose-vasem-poslovanju\/#primaryimage\",\"url\":\"https:\/\/www.electroluxprofessional.com\/hr\/wp-content\/uploads\/2022\/02\/banner-2000x400-1.jpg\",\"contentUrl\":\"https:\/\/www.electroluxprofessional.com\/hr\/wp-content\/uploads\/2022\/02\/banner-2000x400-1.jpg\",\"width\":2000,\"height\":400,\"caption\":\"banner-2000x400\"},{\"@type\":\"BreadcrumbList\",\"@id\":\"https:\/\/www.electroluxprofessional.com\/hr\/koja-je-prava-dodana-vrijednost-originalnih-dijelova-i-koje-prednosti-donose-vasem-poslovanju\/#breadcrumb\",\"itemListElement\":[{\"@type\":\"ListItem\",\"position\":1,\"name\":\"Po\u010detna stranica\",\"item\":\"https:\/\/www.electroluxprofessional.com\/hr\/\"},{\"@type\":\"ListItem\",\"position\":2,\"name\":\"Koja je prava dodana vrijednost originalnih dijelova i koje prednosti donose va\u0161em poslovanju?\"}]},{\"@type\":\"WebSite\",\"@id\":\"https:\/\/www.electroluxprofessional.com\/hr\/#website\",\"url\":\"https:\/\/www.electroluxprofessional.com\/hr\/\",\"name\":\"Electrolux Professional Hrvatska\",\"description\":\"\",\"potentialAction\":[{\"@type\":\"SearchAction\",\"target\":{\"@type\":\"EntryPoint\",\"urlTemplate\":\"https:\/\/www.electroluxprofessional.com\/hr\/?src={search_term_string}\"},\"query-input\":\"required name=search_term_string\"}],\"inLanguage\":\"hr\"},{\"@type\":\"Person\",\"@id\":\"https:\/\/www.electroluxprofessional.com\/hr\/#\/schema\/person\/34a5caed8909f274c5bb1794455005eb\",\"name\":\"podrska@median.hr\",\"image\":{\"@type\":\"ImageObject\",\"inLanguage\":\"hr\",\"@id\":\"https:\/\/www.electroluxprofessional.com\/hr\/#\/schema\/person\/image\/\",\"url\":\"https:\/\/secure.gravatar.com\/avatar\/abbd61137aacfe3c63ddc74bb2c2a020?s=96&d=mm&r=g\",\"contentUrl\":\"https:\/\/secure.gravatar.com\/avatar\/abbd61137aacfe3c63ddc74bb2c2a020?s=96&d=mm&r=g\",\"caption\":\"podrska@median.hr\"},\"url\":\"https:\/\/www.electroluxprofessional.com\/hr\/author\/podrska\/\"}]}<\/script>\n<!-- \/ Yoast SEO plugin. -->","yoast_head_json":{"title":"Koja je prava dodana vrijednost originalnih dijelova i koje prednosti donose va\u0161em poslovanju?","description":"U Electrolux Professionalu ne pristajemo na ni\u0161ta manje od najvi\u0161e kvalitete za na\u0161e je kupce i to je razlog zbog kojeg provjeravamo je li svaki dio na\u0161e opreme ispitan i u skladu s dugim radnim vijekom koji je predvi\u0111en dizajnom svih na\u0161ih proizvoda.","robots":{"index":"index","follow":"follow","max-snippet":"max-snippet:-1","max-image-preview":"max-image-preview:large","max-video-preview":"max-video-preview:-1"},"canonical":"https:\/\/www.electroluxprofessional.com\/hr\/koja-je-prava-dodana-vrijednost-originalnih-dijelova-i-koje-prednosti-donose-vasem-poslovanju\/","og_locale":"hr_HR","og_type":"article","og_title":"Koja je prava dodana vrijednost originalnih dijelova i koje prednosti donose va\u0161em poslovanju?","og_description":"U Electrolux Professionalu ne pristajemo na ni\u0161ta manje od najvi\u0161e kvalitete za na\u0161e je kupce i to je razlog zbog kojeg provjeravamo je li svaki dio na\u0161e opreme ispitan i u skladu s dugim radnim vijekom koji je predvi\u0111en dizajnom svih na\u0161ih proizvoda.","og_url":"https:\/\/www.electroluxprofessional.com\/hr\/koja-je-prava-dodana-vrijednost-originalnih-dijelova-i-koje-prednosti-donose-vasem-poslovanju\/","og_site_name":"Electrolux Professional Hrvatska","article_published_time":"2022-02-22T09:34:00+00:00","article_modified_time":"2022-03-14T21:40:14+00:00","og_image":[{"width":2000,"height":400,"url":"https:\/\/www.electroluxprofessional.com\/hr\/wp-content\/uploads\/2022\/02\/banner-2000x400-1.jpg","type":"image\/jpeg"}],"author":"podrska@median.hr","twitter_card":"summary_large_image","twitter_misc":{"Napisao\/la":"podrska@median.hr","Procijenjeno vrijeme \u010ditanja":"4 minute"},"schema":{"@context":"https:\/\/schema.org","@graph":[{"@type":"WebPage","@id":"https:\/\/www.electroluxprofessional.com\/hr\/koja-je-prava-dodana-vrijednost-originalnih-dijelova-i-koje-prednosti-donose-vasem-poslovanju\/","url":"https:\/\/www.electroluxprofessional.com\/hr\/koja-je-prava-dodana-vrijednost-originalnih-dijelova-i-koje-prednosti-donose-vasem-poslovanju\/","name":"Koja je prava dodana vrijednost originalnih dijelova i koje prednosti donose va\u0161em poslovanju?","isPartOf":{"@id":"https:\/\/www.electroluxprofessional.com\/hr\/#website"},"primaryImageOfPage":{"@id":"https:\/\/www.electroluxprofessional.com\/hr\/koja-je-prava-dodana-vrijednost-originalnih-dijelova-i-koje-prednosti-donose-vasem-poslovanju\/#primaryimage"},"image":{"@id":"https:\/\/www.electroluxprofessional.com\/hr\/koja-je-prava-dodana-vrijednost-originalnih-dijelova-i-koje-prednosti-donose-vasem-poslovanju\/#primaryimage"},"thumbnailUrl":"https:\/\/www.electroluxprofessional.com\/hr\/wp-content\/uploads\/2022\/02\/banner-2000x400-1.jpg","datePublished":"2022-02-22T09:34:00+00:00","dateModified":"2022-03-14T21:40:14+00:00","author":{"@id":"https:\/\/www.electroluxprofessional.com\/hr\/#\/schema\/person\/34a5caed8909f274c5bb1794455005eb"},"description":"U Electrolux Professionalu ne pristajemo na ni\u0161ta manje od najvi\u0161e kvalitete za na\u0161e je kupce i to je razlog zbog kojeg provjeravamo je li svaki dio na\u0161e opreme ispitan i u skladu s dugim radnim vijekom koji je predvi\u0111en dizajnom svih na\u0161ih proizvoda.","breadcrumb":{"@id":"https:\/\/www.electroluxprofessional.com\/hr\/koja-je-prava-dodana-vrijednost-originalnih-dijelova-i-koje-prednosti-donose-vasem-poslovanju\/#breadcrumb"},"inLanguage":"hr","potentialAction":[{"@type":"ReadAction","target":["https:\/\/www.electroluxprofessional.com\/hr\/koja-je-prava-dodana-vrijednost-originalnih-dijelova-i-koje-prednosti-donose-vasem-poslovanju\/"]}]},{"@type":"ImageObject","inLanguage":"hr","@id":"https:\/\/www.electroluxprofessional.com\/hr\/koja-je-prava-dodana-vrijednost-originalnih-dijelova-i-koje-prednosti-donose-vasem-poslovanju\/#primaryimage","url":"https:\/\/www.electroluxprofessional.com\/hr\/wp-content\/uploads\/2022\/02\/banner-2000x400-1.jpg","contentUrl":"https:\/\/www.electroluxprofessional.com\/hr\/wp-content\/uploads\/2022\/02\/banner-2000x400-1.jpg","width":2000,"height":400,"caption":"banner-2000x400"},{"@type":"BreadcrumbList","@id":"https:\/\/www.electroluxprofessional.com\/hr\/koja-je-prava-dodana-vrijednost-originalnih-dijelova-i-koje-prednosti-donose-vasem-poslovanju\/#breadcrumb","itemListElement":[{"@type":"ListItem","position":1,"name":"Po\u010detna stranica","item":"https:\/\/www.electroluxprofessional.com\/hr\/"},{"@type":"ListItem","position":2,"name":"Koja je prava dodana vrijednost originalnih dijelova i koje prednosti donose va\u0161em poslovanju?"}]},{"@type":"WebSite","@id":"https:\/\/www.electroluxprofessional.com\/hr\/#website","url":"https:\/\/www.electroluxprofessional.com\/hr\/","name":"Electrolux Professional Hrvatska","description":"","potentialAction":[{"@type":"SearchAction","target":{"@type":"EntryPoint","urlTemplate":"https:\/\/www.electroluxprofessional.com\/hr\/?src={search_term_string}"},"query-input":"required name=search_term_string"}],"inLanguage":"hr"},{"@type":"Person","@id":"https:\/\/www.electroluxprofessional.com\/hr\/#\/schema\/person\/34a5caed8909f274c5bb1794455005eb","name":"podrska@median.hr","image":{"@type":"ImageObject","inLanguage":"hr","@id":"https:\/\/www.electroluxprofessional.com\/hr\/#\/schema\/person\/image\/","url":"https:\/\/secure.gravatar.com\/avatar\/abbd61137aacfe3c63ddc74bb2c2a020?s=96&d=mm&r=g","contentUrl":"https:\/\/secure.gravatar.com\/avatar\/abbd61137aacfe3c63ddc74bb2c2a020?s=96&d=mm&r=g","caption":"podrska@median.hr"},"url":"https:\/\/www.electroluxprofessional.com\/hr\/author\/podrska\/"}]}},"_links":{"self":[{"href":"https:\/\/www.electroluxprofessional.com\/hr\/wp-json\/wp\/v2\/posts\/115557"}],"collection":[{"href":"https:\/\/www.electroluxprofessional.com\/hr\/wp-json\/wp\/v2\/posts"}],"about":[{"href":"https:\/\/www.electroluxprofessional.com\/hr\/wp-json\/wp\/v2\/types\/post"}],"author":[{"embeddable":true,"href":"https:\/\/www.electroluxprofessional.com\/hr\/wp-json\/wp\/v2\/users\/8"}],"replies":[{"embeddable":true,"href":"https:\/\/www.electroluxprofessional.com\/hr\/wp-json\/wp\/v2\/comments?post=115557"}],"version-history":[{"count":4,"href":"https:\/\/www.electroluxprofessional.com\/hr\/wp-json\/wp\/v2\/posts\/115557\/revisions"}],"predecessor-version":[{"id":115588,"href":"https:\/\/www.electroluxprofessional.com\/hr\/wp-json\/wp\/v2\/posts\/115557\/revisions\/115588"}],"wp:featuredmedia":[{"embeddable":true,"href":"https:\/\/www.electroluxprofessional.com\/hr\/wp-json\/wp\/v2\/media\/115555"}],"wp:attachment":[{"href":"https:\/\/www.electroluxprofessional.com\/hr\/wp-json\/wp\/v2\/media?parent=115557"}],"wp:term":[{"taxonomy":"category","embeddable":true,"href":"https:\/\/www.electroluxprofessional.com\/hr\/wp-json\/wp\/v2\/categories?post=115557"},{"taxonomy":"post_tag","embeddable":true,"href":"https:\/\/www.electroluxprofessional.com\/hr\/wp-json\/wp\/v2\/tags?post=115557"}],"curies":[{"name":"wp","href":"https:\/\/api.w.org\/{rel}","templated":true}]}}