{"id":9878,"date":"2024-11-18T09:15:21","date_gmt":"2024-11-18T09:15:21","guid":{"rendered":"https:\/\/www.electroluxprofessional.com\/fr\/?p=9878"},"modified":"2026-03-30T15:26:28","modified_gmt":"2026-03-30T15:26:28","slug":"respect-chaine-du-froid-cuisine-professionnelle","status":"publish","type":"post","link":"https:\/\/www.electroluxprofessional.com\/fr\/respect-chaine-du-froid-cuisine-professionnelle\/","title":{"rendered":"Le respect de la cha\u00eene du froid en cuisine professionnelle"},"content":{"rendered":"<p>[vc_row][vc_column][vc_column_text]C\u2019est au froid que les aliments se conservent le plus longtemps et le plus sainement. Dans la restauration, la cha\u00eene du froid joue ainsi un r\u00f4le majeur pour pr\u00e9server tous les aliments des germes et risques sanitaires en g\u00e9n\u00e9ral. Elle ne doit jamais \u00eatre rompue, sous peine de voir prolif\u00e9rer les micro-organismes qui peuvent alt\u00e9rer la qualit\u00e9 sanitaire des aliments. Les microbes se d\u00e9veloppent en effet plus facilement lorsque la temp\u00e9rature s\u2019\u00e9l\u00e8ve et <a href=\"https:\/\/www2.economie.gouv.fr\/dgccrf\/Publications\/Vie-pratique\/Fiches-pratiques\/Chaine-du-froid\" target=\"_blank\" rel=\"noopener\">chaque type d\u2019aliment a son seuil de temp\u00e9rature propre<\/a>. Il revient aux professionnels de la restauration de respecter cette cha\u00eene du froid dans leur local en assurant un stockage optimal des denr\u00e9es alimentaires. La gamme de tables r\u00e9frig\u00e9r\u00e9es Ecostore est pens\u00e9e pour r\u00e9pondre \u00e0 ces <strong>exigences de s\u00e9curit\u00e9<\/strong>, mais aussi \u00e0 des <strong>crit\u00e8res de confort d\u2019utilisation<\/strong> pour les professionnels.[\/vc_column_text][vc_column_text]<\/p>\n<h2><strong>L\u2019importance d\u2019un \u00e9quipement performant<\/strong><\/h2>\n<p>Restaurant, restaurant d\u2019entreprise, h\u00f4tel, cantine&#8230; Pour offrir des prestations efficaces, chacun a besoin de s\u2019entourer d\u2019un mat\u00e9riel de cuisine professionnel. Il importe que ce mat\u00e9riel soit <strong>en accord avec les usages et les exigences du milieu<\/strong> tout en <strong>limitant <\/strong>autant que possible<strong> la consommation d\u2019\u00e9nergie<\/strong> afin de minimiser l\u2019impact sur l\u2019environnement et les co\u00fbts de fonctionnement. C\u2019est exactement ce que proposent les tables r\u00e9frig\u00e9r\u00e9es Ecostore.<\/p>\n<p>Leur <strong>classe \u00e9nerg\u00e9tique A<\/strong> et leur <strong>classe climatique\u00a05<\/strong> leur assurent un fonctionnement optimal dans les conditions les plus difficiles\u00a0: \u00e0 l\u2019int\u00e9rieur de la table ing\u00e9nieusement isol\u00e9e avec du cyclopentane et ventil\u00e9e par un syst\u00e8me Optiflow, la temp\u00e9rature reste constante m\u00eame lorsque la temp\u00e9rature ext\u00e9rieure atteint les 40\u00a0\u00b0C et les 40\u00a0% d\u2019humidit\u00e9.<\/p>\n<p>\u00c0 l\u2019heure du coup de feu, lorsque toutes les plaques sont allum\u00e9es et que tout le monde est en cuisine, la table r\u00e9frig\u00e9r\u00e9e d\u2019Electrolux Professional reste ainsi le meilleur alli\u00e9 des professionnels de la restauration. Peu importe combien de fois la porte est ouverte, \u00e0 l\u2019int\u00e9rieur, les aliments sont <strong>efficacement pr\u00e9serv\u00e9s<\/strong>.[\/vc_column_text][vc_column_text]<\/p>\n<h2><strong>Combiner efficacit\u00e9 et respect \u00e9cologique<\/strong><\/h2>\n<p>\u00c0 l\u2019heure actuelle, il ne suffit plus de faire montre de performances techniques. L\u2019efficacit\u00e9 d\u2019un nouveau produit doit imp\u00e9rativement s\u2019inscrire dans une d\u00e9marche \u00e9cologique. Electrolux Professional a donc pens\u00e9 les tables r\u00e9frig\u00e9r\u00e9es Ecostore pour les professionnels de la restauration tout en gardant la question environnementale \u00e0 l\u2019esprit. Le <strong>leader mondial des cuisines professionnelles<\/strong> peut ainsi proposer des tables r\u00e9frig\u00e9r\u00e9es \u00e9quip\u00e9es de la <strong>technologie du R290 <\/strong>pour la gestion du refroidissement. L\u2019impact minimal de cet hydrocarbure frigorig\u00e8ne, aussi appel\u00e9 propane, sur la couche d\u2019ozone et l\u2019effet de serre en font un gaz de choix pour <a href=\"https:\/\/www.abcclim.net\/fluides-hydrocarbures-r290-r600a.html\" target=\"_blank\" rel=\"noopener\">la fabrication de tables r\u00e9frig\u00e9r\u00e9es respectueuses de l\u2019environnement<\/a>. \u00c0 l\u2019int\u00e9rieur, la <strong>circulation d\u2019air intelligente<\/strong> d\u00e9multiplie les performances de refroidissement.<\/p>\n<p>C\u2019est donc tout \u00e0 fait naturellement que la gamme Ecostore appartient \u00e0 la classe \u00e9nerg\u00e9tique A. Ce souci \u00e9cologique m\u00e8ne, en outre, \u00e0 des <strong>\u00e9conomies d\u2019\u00e9nergie<\/strong> qui se ressentent sur la facture des professionnels de la restauration. Avec une consommation de seulement 560\u00a0kWh\/an, les tables r\u00e9frig\u00e9r\u00e9es Ecostore peuvent permettre d\u2019\u00e9conomiser jusqu\u2019\u00e0 480\u00a0\u20ac\/an. Les experts d\u2019Electrolux Professional seront en mesure de conseiller les restaurateurs pour estimer pr\u00e9cis\u00e9ment les \u00e9conomies qu\u2019ils peuvent r\u00e9aliser.[\/vc_column_text][vc_column_text]<\/p>\n<h2><strong>Praticit\u00e9 au quotidien\u00a0: nettoyer sans perdre en performance<\/strong><\/h2>\n<p>\u00catre efficace dans son m\u00e9tier, c\u2019est compter sur un mat\u00e9riel performant, mais aussi <strong>limiter au maximum les pertes de temps<\/strong>. Le nettoyage est une \u00e9tape indispensable pour pr\u00e9server la propret\u00e9 et l\u2019hygi\u00e8ne des locaux, et les tables r\u00e9frig\u00e9r\u00e9es Ecostore facilitent cette op\u00e9ration de bien des fa\u00e7ons\u00a0:<\/p>\n<ul>\n<li>Leurs angles int\u00e9rieurs arrondis \u00e9vitent que des r\u00e9sidus alimentaires ne s\u2019y accrochent\u2009;<\/li>\n<li>Leurs joints de porte amovibles permettent une grande facilit\u00e9 de nettoyage\u2009;<\/li>\n<li>Leurs diff\u00e9rents supports et grilles peuvent \u00eatre enti\u00e8rement retir\u00e9s\u2009;<\/li>\n<li>Leur condenseur ne n\u00e9cessite aucun entretien.<\/li>\n<\/ul>\n<p>Chaque rupture de la cha\u00eene du froid diminue la dur\u00e9e de conservation des aliments. Or, les tables r\u00e9frig\u00e9r\u00e9es Ecostore garantissent que <strong>cette cha\u00eene du froid reste intacte<\/strong> m\u00eame pendant les phases de nettoyage. Gr\u00e2ce au <strong>syst\u00e8me de d\u00e9givrage automatique<\/strong>, m\u00eame les grosses op\u00e9rations de nettoyage se font sans impacter la s\u00e9curit\u00e9 alimentaire. Les denr\u00e9es alimentaires se conservent donc <strong>plus longtemps sans effort<\/strong>.[\/vc_column_text][vc_column_text]<\/p>\n<h2><strong>Optimisation de l\u2019espace et personnalisation de l\u2019\u00e9quipement<\/strong><\/h2>\n<p>Parce qu\u2019il est important de b\u00e9n\u00e9ficier d\u2019un espace de travail personnalis\u00e9 qui r\u00e9pond aux usages et habitudes propres de chaque professionnel de la restauration, les tables r\u00e9frig\u00e9r\u00e9es Ecostore peuvent <strong>aussi bien \u00eatre install\u00e9es seules qu\u2019int\u00e9gr\u00e9es avec d\u2019autres meubles<\/strong> statiques Electrolux Professional. Les tables n\u2019ont en effet <strong>pas besoin d\u2019espace libre autour d\u2019elles<\/strong> gr\u00e2ce \u00e0 un syst\u00e8me de ventilation frontal.<\/p>\n<p>Selon le volume dont il dispose, chaque restaurateur peut, en outre, <strong>choisir le nombre des tiroirs et des compartiments<\/strong>, la taille des pieds et des plans de travail&#8230; \u00c0 la clef, une zone de stockage et de pr\u00e9paration optimis\u00e9e et personnalis\u00e9e qui trouve sa place dans n\u2019importe quelle cuisine professionnelle et offre des conditions de confort autant que des performances appr\u00e9ciables au quotidien.[\/vc_column_text][\/vc_column][\/vc_row]<\/p>\n","protected":false},"excerpt":{"rendered":"<p>[vc_row][vc_column][vc_column_text]C\u2019est au froid que les aliments se conservent le plus longtemps et le plus sainement. Dans la restauration, la cha\u00eene du froid joue ainsi un r\u00f4le majeur pour pr\u00e9server tous les aliments des germes et risques sanitaires en g\u00e9n\u00e9ral. Elle ne doit jamais \u00eatre rompue, sous peine de voir prolif\u00e9rer les micro-organismes qui peuvent alt\u00e9rer [&hellip;]<\/p>\n","protected":false},"author":4,"featured_media":9879,"comment_status":"closed","ping_status":"closed","sticky":false,"template":"","format":"standard","meta":{"footnotes":""},"categories":[303,97],"tags":[],"class_list":["post-9878","post","type-post","status-publish","format-standard","has-post-thumbnail","hentry","category-cuisine-professionnelle","category-parole-dexperts"],"acf":[],"yoast_head":"<!-- This site is optimized with the Yoast SEO plugin v23.3 - https:\/\/yoast.com\/wordpress\/plugins\/seo\/ -->\n<title>Respect Cha\u00eene du Froid | Electrolux Professional<\/title>\n<meta name=\"description\" content=\"Cha\u00eene du froid: guide des bonnes pratiques en cuisine professionnelle (r\u00e9frig\u00e9ration, cellules de refroidissement) pour la s\u00e9curit\u00e9 alimentaire.\" \/>\n<meta name=\"robots\" content=\"index, follow, max-snippet:-1, max-image-preview:large, max-video-preview:-1\" \/>\n<link rel=\"canonical\" href=\"https:\/\/www.electroluxprofessional.com\/fr\/respect-chaine-du-froid-cuisine-professionnelle\/\" \/>\n<meta property=\"og:locale\" content=\"fr_FR\" \/>\n<meta property=\"og:type\" content=\"article\" \/>\n<meta property=\"og:title\" content=\"Le respect de la cha\u00eene du froid en cuisine professionnelle\" \/>\n<meta property=\"og:description\" content=\"Cha\u00eene du froid: guide des bonnes pratiques en cuisine professionnelle (r\u00e9frig\u00e9ration, cellules de refroidissement) pour la s\u00e9curit\u00e9 alimentaire.\" \/>\n<meta property=\"og:url\" content=\"https:\/\/www.electroluxprofessional.com\/fr\/respect-chaine-du-froid-cuisine-professionnelle\/\" \/>\n<meta property=\"og:site_name\" content=\"Electrolux Professional France\" \/>\n<meta property=\"article:published_time\" content=\"2024-11-18T09:15:21+00:00\" \/>\n<meta property=\"article:modified_time\" content=\"2026-03-30T15:26:28+00:00\" \/>\n<meta property=\"og:image\" content=\"https:\/\/www.electroluxprofessional.com\/fr\/wp-content\/uploads\/2019\/11\/Refrigeration1_006_72dpi-min.jpg\" \/>\n\t<meta property=\"og:image:width\" content=\"8064\" \/>\n\t<meta property=\"og:image:height\" content=\"6048\" \/>\n\t<meta property=\"og:image:type\" content=\"image\/jpeg\" \/>\n<meta name=\"author\" content=\"Emeline FOISSEY\" \/>\n<meta name=\"twitter:card\" content=\"summary_large_image\" \/>\n<meta name=\"twitter:label1\" content=\"\u00c9crit par\" \/>\n\t<meta name=\"twitter:data1\" content=\"Emeline FOISSEY\" \/>\n\t<meta name=\"twitter:label2\" content=\"Dur\u00e9e de lecture estim\u00e9e\" \/>\n\t<meta name=\"twitter:data2\" content=\"5 minutes\" \/>\n<script type=\"application\/ld+json\" class=\"yoast-schema-graph\">{\"@context\":\"https:\/\/schema.org\",\"@graph\":[{\"@type\":\"WebPage\",\"@id\":\"https:\/\/www.electroluxprofessional.com\/fr\/respect-chaine-du-froid-cuisine-professionnelle\/\",\"url\":\"https:\/\/www.electroluxprofessional.com\/fr\/respect-chaine-du-froid-cuisine-professionnelle\/\",\"name\":\"Respect Cha\u00eene du Froid | Electrolux Professional\",\"isPartOf\":{\"@id\":\"https:\/\/www.electroluxprofessional.com\/fr\/#website\"},\"primaryImageOfPage\":{\"@id\":\"https:\/\/www.electroluxprofessional.com\/fr\/respect-chaine-du-froid-cuisine-professionnelle\/#primaryimage\"},\"image\":{\"@id\":\"https:\/\/www.electroluxprofessional.com\/fr\/respect-chaine-du-froid-cuisine-professionnelle\/#primaryimage\"},\"thumbnailUrl\":\"https:\/\/www.electroluxprofessional.com\/fr\/wp-content\/uploads\/2019\/11\/Refrigeration1_006_72dpi-min.jpg\",\"datePublished\":\"2024-11-18T09:15:21+00:00\",\"dateModified\":\"2026-03-30T15:26:28+00:00\",\"author\":{\"@id\":\"https:\/\/www.electroluxprofessional.com\/fr\/#\/schema\/person\/906c23d4a5b968e56afa8a751bcd1893\"},\"description\":\"Cha\u00eene du froid: guide des bonnes pratiques en cuisine professionnelle (r\u00e9frig\u00e9ration, cellules de refroidissement) pour la s\u00e9curit\u00e9 alimentaire.\",\"breadcrumb\":{\"@id\":\"https:\/\/www.electroluxprofessional.com\/fr\/respect-chaine-du-froid-cuisine-professionnelle\/#breadcrumb\"},\"inLanguage\":\"fr-FR\",\"potentialAction\":[{\"@type\":\"ReadAction\",\"target\":[\"https:\/\/www.electroluxprofessional.com\/fr\/respect-chaine-du-froid-cuisine-professionnelle\/\"]}]},{\"@type\":\"ImageObject\",\"inLanguage\":\"fr-FR\",\"@id\":\"https:\/\/www.electroluxprofessional.com\/fr\/respect-chaine-du-froid-cuisine-professionnelle\/#primaryimage\",\"url\":\"https:\/\/www.electroluxprofessional.com\/fr\/wp-content\/uploads\/2019\/11\/Refrigeration1_006_72dpi-min.jpg\",\"contentUrl\":\"https:\/\/www.electroluxprofessional.com\/fr\/wp-content\/uploads\/2019\/11\/Refrigeration1_006_72dpi-min.jpg\",\"width\":8064,\"height\":6048,\"caption\":\"Refrigeration1_006_72dpi-min\"},{\"@type\":\"BreadcrumbList\",\"@id\":\"https:\/\/www.electroluxprofessional.com\/fr\/respect-chaine-du-froid-cuisine-professionnelle\/#breadcrumb\",\"itemListElement\":[{\"@type\":\"ListItem\",\"position\":1,\"name\":\"Home\",\"item\":\"https:\/\/www.electroluxprofessional.com\/fr\/\"},{\"@type\":\"ListItem\",\"position\":2,\"name\":\"Le respect de la cha\u00eene du froid en cuisine professionnelle\"}]},{\"@type\":\"WebSite\",\"@id\":\"https:\/\/www.electroluxprofessional.com\/fr\/#website\",\"url\":\"https:\/\/www.electroluxprofessional.com\/fr\/\",\"name\":\"Electrolux Professional France\",\"description\":\"\",\"potentialAction\":[{\"@type\":\"SearchAction\",\"target\":{\"@type\":\"EntryPoint\",\"urlTemplate\":\"https:\/\/www.electroluxprofessional.com\/fr\/?src={search_term_string}\"},\"query-input\":\"required name=search_term_string\"}],\"inLanguage\":\"fr-FR\"},{\"@type\":\"Person\",\"@id\":\"https:\/\/www.electroluxprofessional.com\/fr\/#\/schema\/person\/906c23d4a5b968e56afa8a751bcd1893\",\"name\":\"Emeline FOISSEY\",\"image\":{\"@type\":\"ImageObject\",\"inLanguage\":\"fr-FR\",\"@id\":\"https:\/\/www.electroluxprofessional.com\/fr\/#\/schema\/person\/image\/\",\"url\":\"https:\/\/secure.gravatar.com\/avatar\/37251ddde69d8c1c0d6867f593162a5e?s=96&d=mm&r=g\",\"contentUrl\":\"https:\/\/secure.gravatar.com\/avatar\/37251ddde69d8c1c0d6867f593162a5e?s=96&d=mm&r=g\",\"caption\":\"Emeline FOISSEY\"},\"url\":\"https:\/\/www.electroluxprofessional.com\/fr\/author\/emeline\/\"}]}<\/script>\n<!-- \/ Yoast SEO plugin. -->","yoast_head_json":{"title":"Respect Cha\u00eene du Froid | Electrolux Professional","description":"Cha\u00eene du froid: guide des bonnes pratiques en cuisine professionnelle (r\u00e9frig\u00e9ration, cellules de refroidissement) pour la s\u00e9curit\u00e9 alimentaire.","robots":{"index":"index","follow":"follow","max-snippet":"max-snippet:-1","max-image-preview":"max-image-preview:large","max-video-preview":"max-video-preview:-1"},"canonical":"https:\/\/www.electroluxprofessional.com\/fr\/respect-chaine-du-froid-cuisine-professionnelle\/","og_locale":"fr_FR","og_type":"article","og_title":"Le respect de la cha\u00eene du froid en cuisine professionnelle","og_description":"Cha\u00eene du froid: guide des bonnes pratiques en cuisine professionnelle (r\u00e9frig\u00e9ration, cellules de refroidissement) pour la s\u00e9curit\u00e9 alimentaire.","og_url":"https:\/\/www.electroluxprofessional.com\/fr\/respect-chaine-du-froid-cuisine-professionnelle\/","og_site_name":"Electrolux Professional France","article_published_time":"2024-11-18T09:15:21+00:00","article_modified_time":"2026-03-30T15:26:28+00:00","og_image":[{"width":8064,"height":6048,"url":"https:\/\/www.electroluxprofessional.com\/fr\/wp-content\/uploads\/2019\/11\/Refrigeration1_006_72dpi-min.jpg","type":"image\/jpeg"}],"author":"Emeline FOISSEY","twitter_card":"summary_large_image","twitter_misc":{"\u00c9crit par":"Emeline FOISSEY","Dur\u00e9e de lecture estim\u00e9e":"5 minutes"},"schema":{"@context":"https:\/\/schema.org","@graph":[{"@type":"WebPage","@id":"https:\/\/www.electroluxprofessional.com\/fr\/respect-chaine-du-froid-cuisine-professionnelle\/","url":"https:\/\/www.electroluxprofessional.com\/fr\/respect-chaine-du-froid-cuisine-professionnelle\/","name":"Respect Cha\u00eene du Froid | Electrolux Professional","isPartOf":{"@id":"https:\/\/www.electroluxprofessional.com\/fr\/#website"},"primaryImageOfPage":{"@id":"https:\/\/www.electroluxprofessional.com\/fr\/respect-chaine-du-froid-cuisine-professionnelle\/#primaryimage"},"image":{"@id":"https:\/\/www.electroluxprofessional.com\/fr\/respect-chaine-du-froid-cuisine-professionnelle\/#primaryimage"},"thumbnailUrl":"https:\/\/www.electroluxprofessional.com\/fr\/wp-content\/uploads\/2019\/11\/Refrigeration1_006_72dpi-min.jpg","datePublished":"2024-11-18T09:15:21+00:00","dateModified":"2026-03-30T15:26:28+00:00","author":{"@id":"https:\/\/www.electroluxprofessional.com\/fr\/#\/schema\/person\/906c23d4a5b968e56afa8a751bcd1893"},"description":"Cha\u00eene du froid: guide des bonnes pratiques en cuisine professionnelle (r\u00e9frig\u00e9ration, cellules de refroidissement) pour la s\u00e9curit\u00e9 alimentaire.","breadcrumb":{"@id":"https:\/\/www.electroluxprofessional.com\/fr\/respect-chaine-du-froid-cuisine-professionnelle\/#breadcrumb"},"inLanguage":"fr-FR","potentialAction":[{"@type":"ReadAction","target":["https:\/\/www.electroluxprofessional.com\/fr\/respect-chaine-du-froid-cuisine-professionnelle\/"]}]},{"@type":"ImageObject","inLanguage":"fr-FR","@id":"https:\/\/www.electroluxprofessional.com\/fr\/respect-chaine-du-froid-cuisine-professionnelle\/#primaryimage","url":"https:\/\/www.electroluxprofessional.com\/fr\/wp-content\/uploads\/2019\/11\/Refrigeration1_006_72dpi-min.jpg","contentUrl":"https:\/\/www.electroluxprofessional.com\/fr\/wp-content\/uploads\/2019\/11\/Refrigeration1_006_72dpi-min.jpg","width":8064,"height":6048,"caption":"Refrigeration1_006_72dpi-min"},{"@type":"BreadcrumbList","@id":"https:\/\/www.electroluxprofessional.com\/fr\/respect-chaine-du-froid-cuisine-professionnelle\/#breadcrumb","itemListElement":[{"@type":"ListItem","position":1,"name":"Home","item":"https:\/\/www.electroluxprofessional.com\/fr\/"},{"@type":"ListItem","position":2,"name":"Le respect de la cha\u00eene du froid en cuisine professionnelle"}]},{"@type":"WebSite","@id":"https:\/\/www.electroluxprofessional.com\/fr\/#website","url":"https:\/\/www.electroluxprofessional.com\/fr\/","name":"Electrolux Professional France","description":"","potentialAction":[{"@type":"SearchAction","target":{"@type":"EntryPoint","urlTemplate":"https:\/\/www.electroluxprofessional.com\/fr\/?src={search_term_string}"},"query-input":"required name=search_term_string"}],"inLanguage":"fr-FR"},{"@type":"Person","@id":"https:\/\/www.electroluxprofessional.com\/fr\/#\/schema\/person\/906c23d4a5b968e56afa8a751bcd1893","name":"Emeline FOISSEY","image":{"@type":"ImageObject","inLanguage":"fr-FR","@id":"https:\/\/www.electroluxprofessional.com\/fr\/#\/schema\/person\/image\/","url":"https:\/\/secure.gravatar.com\/avatar\/37251ddde69d8c1c0d6867f593162a5e?s=96&d=mm&r=g","contentUrl":"https:\/\/secure.gravatar.com\/avatar\/37251ddde69d8c1c0d6867f593162a5e?s=96&d=mm&r=g","caption":"Emeline FOISSEY"},"url":"https:\/\/www.electroluxprofessional.com\/fr\/author\/emeline\/"}]}},"_links":{"self":[{"href":"https:\/\/www.electroluxprofessional.com\/fr\/wp-json\/wp\/v2\/posts\/9878"}],"collection":[{"href":"https:\/\/www.electroluxprofessional.com\/fr\/wp-json\/wp\/v2\/posts"}],"about":[{"href":"https:\/\/www.electroluxprofessional.com\/fr\/wp-json\/wp\/v2\/types\/post"}],"author":[{"embeddable":true,"href":"https:\/\/www.electroluxprofessional.com\/fr\/wp-json\/wp\/v2\/users\/4"}],"replies":[{"embeddable":true,"href":"https:\/\/www.electroluxprofessional.com\/fr\/wp-json\/wp\/v2\/comments?post=9878"}],"version-history":[{"count":5,"href":"https:\/\/www.electroluxprofessional.com\/fr\/wp-json\/wp\/v2\/posts\/9878\/revisions"}],"predecessor-version":[{"id":9884,"href":"https:\/\/www.electroluxprofessional.com\/fr\/wp-json\/wp\/v2\/posts\/9878\/revisions\/9884"}],"wp:featuredmedia":[{"embeddable":true,"href":"https:\/\/www.electroluxprofessional.com\/fr\/wp-json\/wp\/v2\/media\/9879"}],"wp:attachment":[{"href":"https:\/\/www.electroluxprofessional.com\/fr\/wp-json\/wp\/v2\/media?parent=9878"}],"wp:term":[{"taxonomy":"category","embeddable":true,"href":"https:\/\/www.electroluxprofessional.com\/fr\/wp-json\/wp\/v2\/categories?post=9878"},{"taxonomy":"post_tag","embeddable":true,"href":"https:\/\/www.electroluxprofessional.com\/fr\/wp-json\/wp\/v2\/tags?post=9878"}],"curies":[{"name":"wp","href":"https:\/\/api.w.org\/{rel}","templated":true}]}}