{"id":8008,"date":"2024-06-13T08:23:50","date_gmt":"2024-06-13T08:23:50","guid":{"rendered":"https:\/\/www.electroluxprofessional.com\/fr\/?p=8008"},"modified":"2025-06-10T14:57:38","modified_gmt":"2025-06-10T14:57:38","slug":"realisation-cuisine-en-restauration-commerciale","status":"publish","type":"post","link":"https:\/\/www.electroluxprofessional.com\/fr\/realisation-cuisine-en-restauration-commerciale\/","title":{"rendered":"R\u00e9alisation de cuisine en restauration commerciale : les questions de sant\u00e9 et de s\u00e9curit\u00e9 dans la conception des flux de travail"},"content":{"rendered":"<p>[vc_row][vc_column][vc_column_text]La r\u00e9alisation de cuisines en restauration commerciale implique une organisation optimale pour prendre en charge les op\u00e9rations dans une cuisine professionnelle.<\/p>\n<p>Avec la conception d&#8217;appareils de cuisine mettant de plus en plus l&#8217;accent sur la sant\u00e9 et la s\u00e9curit\u00e9, il est temps de consid\u00e9rer la r\u00e9alisation de cuisine en restauration commerciale comme un moyen suppl\u00e9mentaire d&#8217;assurer une s\u00e9curit\u00e9 ad\u00e9quate aux travailleurs et de prot\u00e9ger la sant\u00e9 des clients.<\/p>\n<p>&nbsp;<\/p>\n<h2><strong>R\u00e9alisation de cuisine en restauration commerciale pour la sant\u00e9 et la s\u00e9curit\u00e9 : le rapport entre la taille et l\u2019\u00e9quipement de la cuisine<\/strong><\/h2>\n<p>La r\u00e9alisation de cuisine en restauration commerciale implique la conception de l&#8217;espace. Vous d\u00e9ciderez de la disposition des espaces de la cuisine, de la mani\u00e8re dont vous disposerez les appareils, des espaces et des proc\u00e9dures. La plupart des professionnels ne consid\u00e8rent que le go\u00fbt et la qualit\u00e9 des aliments et les aspects \u00e9conomiques.<\/p>\n<p>Cependant, lors de la conception du flux de travail dans une cuisine professionnelle, vous avez besoin d&#8217;une connaissance approfondie des appareils de cuisine et des processus qui impliquent des personnes et des \u00e9quipements.<\/p>\n<p>Pour assurer la s\u00e9curit\u00e9, vous devriez:<\/p>\n<ul>\n<li>Pr\u00e9voir suffisamment de place pour chaque processus, en particulier lors de la pr\u00e9paration des aliments, lorsque le personnel entre en contact avec des couteaux et d&#8217;autres ustensiles de cuisine pointus, du verre, des appareils \u00e9lectriques actionn\u00e9s manuellement et des liquides chauds.<\/li>\n<li>Consid\u00e9rer la combinaison \u00abactions-appareils-espace\u00bb: l\u2019interaction doit \u00eatre aussi fluide que possible, car tout mouvement \u00abnon naturel\u00bb des travailleurs augmente le risque d\u2019accidents et de blessures.<\/li>\n<\/ul>\n<p>Pour assurer votre sant\u00e9, vous devriez:<\/p>\n<ul>\n<li>Laisser suffisamment d\u2019espace pour un nettoyage en profondeur.<\/li>\n<li>Garder les zones dangereuses s\u00e9par\u00e9es: la plupart des contaminations crois\u00e9es se produisent par contact \u00e9vitable entre les aliments et les agents contaminants.<\/li>\n<li>Garder les appareils de s\u00e9curit\u00e9 alimentaire au centre du flux: les cellules de refroidissement et les cong\u00e9lateurs sont essentiels \u00e0 la conservation des aliments. Leur placement doit \u00eatre adapt\u00e9 au flux et favoriser l\u2019\u00e9conomie de mouvement.<\/li>\n<\/ul>\n<p>&nbsp;<\/p>\n<h2><strong>R\u00e9alisation de cuisine en restauration commerciale\u00a0: configuration et r\u00e9duction du trafic pi\u00e9tonnier<\/strong><\/h2>\n<p>Une approche ax\u00e9e sur la performance en mati\u00e8re de r\u00e9alisation de cuisines commerciales signifie de planifier clairement toutes les actions que les travailleurs doivent effectuer et vous aide \u00e0 r\u00e9duire la circulation inutile des pieds et les efforts excessifs. Quelles sont les implications dans une perspective de sant\u00e9 et de s\u00e9curit\u00e9 ?<\/p>\n<p>S\u00e9curit\u00e9 :<\/p>\n<ul>\n<li>Le fait de travailler debout r\u00e9guli\u00e8rement peut causer des probl\u00e8mes de sant\u00e9 au personnel. Devriez-vous envisager des zones dans la cuisine ou \u00e0 proximit\u00e9 o\u00f9 les gens peuvent se d\u00e9tendre et \u00abse d\u00e9tendre\u00bb?<\/li>\n<li>R\u00e9duire le trafic pi\u00e9tonnier signifie augmenter la r\u00e9p\u00e9titivit\u00e9 des interactions entre un seul employ\u00e9 et des appareils sp\u00e9cifiques. En choisissant les appareils et \u00e9quipements les plus appropri\u00e9s et en les organisant correctement, le flux de travail sera efficace.<\/li>\n<\/ul>\n<p>Sant\u00e9 :<\/p>\n<ul>\n<li>Limiter la circulation \u00e0 pied signifie avoir tous les mat\u00e9riaux n\u00e9cessaires \u00e0 port\u00e9e de main sans affecter la capacit\u00e9 \u00e0 effectuer des t\u00e2ches de base, en \u00e9vitant la contamination de la surface.<\/li>\n<li>La configuration de chaque poste de travail doit prendre en compte les actions impliqu\u00e9es dans la pr\u00e9paration \/ cuisson des aliments, mais \u00e9galement celles impliquant la conservation des aliments: le placement d&#8217;appareils de refroidissement ou de cong\u00e9lation doit \u00eatre adapt\u00e9 au flux.<\/li>\n<\/ul>\n<p>&nbsp;<\/p>\n<h2><strong>Conception de l\u2019\u00e9quipement : une part de la solution<\/strong><\/h2>\n<p><a href=\"https:\/\/www.electroluxprofessional.com\/fr\/equipement-cuisine\/skyline-contact\/\">Les appareils connect\u00e9s<\/a>, sp\u00e9cialement con\u00e7us pour am\u00e9liorer la s\u00e9curit\u00e9 alimentaire et l&#8217;ergonomie, peuvent vous faire gagner du temps, de l&#8217;espace et des probl\u00e8mes. Gr\u00e2ce \u00e0 notre vaste exp\u00e9rience sur le march\u00e9, nous pouvons fournir une solution d\u2019affaires compl\u00e8te pour les restaurants, prenant en charge la conception de votre flux de travail de cuisine avec une large gamme de produits et une vaste connaissance des probl\u00e8mes li\u00e9s \u00e0 la cuisine.[\/vc_column_text][\/vc_column][\/vc_row]<\/p>\n","protected":false},"excerpt":{"rendered":"<p>[vc_row][vc_column][vc_column_text]La r\u00e9alisation de cuisines en restauration commerciale implique une organisation optimale pour prendre en charge les op\u00e9rations dans une cuisine professionnelle. Avec la conception d&#8217;appareils de cuisine mettant de plus en plus l&#8217;accent sur la sant\u00e9 et la s\u00e9curit\u00e9, il est temps de consid\u00e9rer la r\u00e9alisation de cuisine en restauration commerciale comme un moyen suppl\u00e9mentaire [&hellip;]<\/p>\n","protected":false},"author":4,"featured_media":8009,"comment_status":"closed","ping_status":"closed","sticky":false,"template":"","format":"standard","meta":{"footnotes":""},"categories":[303,97],"tags":[],"class_list":["post-8008","post","type-post","status-publish","format-standard","has-post-thumbnail","hentry","category-cuisine-professionnelle","category-parole-dexperts"],"acf":[],"yoast_head":"<!-- This site is optimized with the Yoast SEO plugin v23.3 - https:\/\/yoast.com\/wordpress\/plugins\/seo\/ -->\n<title>R\u00e9alisation de cuisine en restauration commerciale | Blog Electrolux Professional<\/title>\n<meta name=\"description\" content=\"La r\u00e9alisation de cuisines en restauration commerciale implique une organisation optimale pour prendre en charge les op\u00e9rations dans une cuisine professionnelle.\" \/>\n<meta name=\"robots\" content=\"index, follow, max-snippet:-1, max-image-preview:large, max-video-preview:-1\" \/>\n<link rel=\"canonical\" href=\"https:\/\/www.electroluxprofessional.com\/fr\/realisation-cuisine-en-restauration-commerciale\/\" \/>\n<meta property=\"og:locale\" content=\"fr_FR\" \/>\n<meta property=\"og:type\" content=\"article\" \/>\n<meta property=\"og:title\" content=\"R\u00e9alisation de cuisine en restauration commerciale | Blog Electrolux Professional\" \/>\n<meta property=\"og:description\" content=\"La r\u00e9alisation de cuisines en restauration commerciale implique une organisation optimale pour prendre en charge les op\u00e9rations dans une cuisine professionnelle.\" \/>\n<meta property=\"og:url\" content=\"https:\/\/www.electroluxprofessional.com\/fr\/realisation-cuisine-en-restauration-commerciale\/\" \/>\n<meta property=\"og:site_name\" content=\"Electrolux Professional France\" \/>\n<meta property=\"article:published_time\" content=\"2024-06-13T08:23:50+00:00\" \/>\n<meta property=\"article:modified_time\" content=\"2025-06-10T14:57:38+00:00\" \/>\n<meta property=\"og:image\" content=\"https:\/\/www.electroluxprofessional.com\/fr\/wp-content\/uploads\/2019\/06\/cuisine.jpg\" \/>\n\t<meta property=\"og:image:width\" content=\"1472\" \/>\n\t<meta property=\"og:image:height\" content=\"960\" \/>\n\t<meta property=\"og:image:type\" content=\"image\/jpeg\" \/>\n<meta name=\"author\" content=\"Emeline FOISSEY\" \/>\n<meta name=\"twitter:card\" content=\"summary_large_image\" \/>\n<meta name=\"twitter:label1\" content=\"\u00c9crit par\" \/>\n\t<meta name=\"twitter:data1\" content=\"Emeline FOISSEY\" \/>\n\t<meta name=\"twitter:label2\" content=\"Dur\u00e9e de lecture estim\u00e9e\" \/>\n\t<meta name=\"twitter:data2\" content=\"4 minutes\" \/>\n<script type=\"application\/ld+json\" class=\"yoast-schema-graph\">{\"@context\":\"https:\/\/schema.org\",\"@graph\":[{\"@type\":\"WebPage\",\"@id\":\"https:\/\/www.electroluxprofessional.com\/fr\/realisation-cuisine-en-restauration-commerciale\/\",\"url\":\"https:\/\/www.electroluxprofessional.com\/fr\/realisation-cuisine-en-restauration-commerciale\/\",\"name\":\"R\u00e9alisation de cuisine en restauration commerciale | Blog Electrolux Professional\",\"isPartOf\":{\"@id\":\"https:\/\/www.electroluxprofessional.com\/fr\/#website\"},\"primaryImageOfPage\":{\"@id\":\"https:\/\/www.electroluxprofessional.com\/fr\/realisation-cuisine-en-restauration-commerciale\/#primaryimage\"},\"image\":{\"@id\":\"https:\/\/www.electroluxprofessional.com\/fr\/realisation-cuisine-en-restauration-commerciale\/#primaryimage\"},\"thumbnailUrl\":\"https:\/\/www.electroluxprofessional.com\/fr\/wp-content\/uploads\/2019\/06\/cuisine.jpg\",\"datePublished\":\"2024-06-13T08:23:50+00:00\",\"dateModified\":\"2025-06-10T14:57:38+00:00\",\"author\":{\"@id\":\"https:\/\/www.electroluxprofessional.com\/fr\/#\/schema\/person\/906c23d4a5b968e56afa8a751bcd1893\"},\"description\":\"La r\u00e9alisation de cuisines en restauration commerciale implique une organisation optimale pour prendre en charge les op\u00e9rations dans une cuisine professionnelle.\",\"breadcrumb\":{\"@id\":\"https:\/\/www.electroluxprofessional.com\/fr\/realisation-cuisine-en-restauration-commerciale\/#breadcrumb\"},\"inLanguage\":\"fr-FR\",\"potentialAction\":[{\"@type\":\"ReadAction\",\"target\":[\"https:\/\/www.electroluxprofessional.com\/fr\/realisation-cuisine-en-restauration-commerciale\/\"]}]},{\"@type\":\"ImageObject\",\"inLanguage\":\"fr-FR\",\"@id\":\"https:\/\/www.electroluxprofessional.com\/fr\/realisation-cuisine-en-restauration-commerciale\/#primaryimage\",\"url\":\"https:\/\/www.electroluxprofessional.com\/fr\/wp-content\/uploads\/2019\/06\/cuisine.jpg\",\"contentUrl\":\"https:\/\/www.electroluxprofessional.com\/fr\/wp-content\/uploads\/2019\/06\/cuisine.jpg\",\"width\":1472,\"height\":960,\"caption\":\"cuisine\"},{\"@type\":\"BreadcrumbList\",\"@id\":\"https:\/\/www.electroluxprofessional.com\/fr\/realisation-cuisine-en-restauration-commerciale\/#breadcrumb\",\"itemListElement\":[{\"@type\":\"ListItem\",\"position\":1,\"name\":\"Home\",\"item\":\"https:\/\/www.electroluxprofessional.com\/fr\/\"},{\"@type\":\"ListItem\",\"position\":2,\"name\":\"R\u00e9alisation de cuisine en restauration commerciale : les questions de sant\u00e9 et de s\u00e9curit\u00e9 dans la conception des flux de travail\"}]},{\"@type\":\"WebSite\",\"@id\":\"https:\/\/www.electroluxprofessional.com\/fr\/#website\",\"url\":\"https:\/\/www.electroluxprofessional.com\/fr\/\",\"name\":\"Electrolux Professional France\",\"description\":\"\",\"potentialAction\":[{\"@type\":\"SearchAction\",\"target\":{\"@type\":\"EntryPoint\",\"urlTemplate\":\"https:\/\/www.electroluxprofessional.com\/fr\/?src={search_term_string}\"},\"query-input\":\"required name=search_term_string\"}],\"inLanguage\":\"fr-FR\"},{\"@type\":\"Person\",\"@id\":\"https:\/\/www.electroluxprofessional.com\/fr\/#\/schema\/person\/906c23d4a5b968e56afa8a751bcd1893\",\"name\":\"Emeline FOISSEY\",\"image\":{\"@type\":\"ImageObject\",\"inLanguage\":\"fr-FR\",\"@id\":\"https:\/\/www.electroluxprofessional.com\/fr\/#\/schema\/person\/image\/\",\"url\":\"https:\/\/secure.gravatar.com\/avatar\/37251ddde69d8c1c0d6867f593162a5e?s=96&d=mm&r=g\",\"contentUrl\":\"https:\/\/secure.gravatar.com\/avatar\/37251ddde69d8c1c0d6867f593162a5e?s=96&d=mm&r=g\",\"caption\":\"Emeline FOISSEY\"},\"url\":\"https:\/\/www.electroluxprofessional.com\/fr\/author\/emeline\/\"}]}<\/script>\n<!-- \/ Yoast SEO plugin. -->","yoast_head_json":{"title":"R\u00e9alisation de cuisine en restauration commerciale | Blog Electrolux Professional","description":"La r\u00e9alisation de cuisines en restauration commerciale implique une organisation optimale pour prendre en charge les op\u00e9rations dans une cuisine professionnelle.","robots":{"index":"index","follow":"follow","max-snippet":"max-snippet:-1","max-image-preview":"max-image-preview:large","max-video-preview":"max-video-preview:-1"},"canonical":"https:\/\/www.electroluxprofessional.com\/fr\/realisation-cuisine-en-restauration-commerciale\/","og_locale":"fr_FR","og_type":"article","og_title":"R\u00e9alisation de cuisine en restauration commerciale | Blog Electrolux Professional","og_description":"La r\u00e9alisation de cuisines en restauration commerciale implique une organisation optimale pour prendre en charge les op\u00e9rations dans une cuisine professionnelle.","og_url":"https:\/\/www.electroluxprofessional.com\/fr\/realisation-cuisine-en-restauration-commerciale\/","og_site_name":"Electrolux Professional France","article_published_time":"2024-06-13T08:23:50+00:00","article_modified_time":"2025-06-10T14:57:38+00:00","og_image":[{"width":1472,"height":960,"url":"https:\/\/www.electroluxprofessional.com\/fr\/wp-content\/uploads\/2019\/06\/cuisine.jpg","type":"image\/jpeg"}],"author":"Emeline FOISSEY","twitter_card":"summary_large_image","twitter_misc":{"\u00c9crit par":"Emeline FOISSEY","Dur\u00e9e de lecture estim\u00e9e":"4 minutes"},"schema":{"@context":"https:\/\/schema.org","@graph":[{"@type":"WebPage","@id":"https:\/\/www.electroluxprofessional.com\/fr\/realisation-cuisine-en-restauration-commerciale\/","url":"https:\/\/www.electroluxprofessional.com\/fr\/realisation-cuisine-en-restauration-commerciale\/","name":"R\u00e9alisation de cuisine en restauration commerciale | Blog Electrolux Professional","isPartOf":{"@id":"https:\/\/www.electroluxprofessional.com\/fr\/#website"},"primaryImageOfPage":{"@id":"https:\/\/www.electroluxprofessional.com\/fr\/realisation-cuisine-en-restauration-commerciale\/#primaryimage"},"image":{"@id":"https:\/\/www.electroluxprofessional.com\/fr\/realisation-cuisine-en-restauration-commerciale\/#primaryimage"},"thumbnailUrl":"https:\/\/www.electroluxprofessional.com\/fr\/wp-content\/uploads\/2019\/06\/cuisine.jpg","datePublished":"2024-06-13T08:23:50+00:00","dateModified":"2025-06-10T14:57:38+00:00","author":{"@id":"https:\/\/www.electroluxprofessional.com\/fr\/#\/schema\/person\/906c23d4a5b968e56afa8a751bcd1893"},"description":"La r\u00e9alisation de cuisines en restauration commerciale implique une organisation optimale pour prendre en charge les op\u00e9rations dans une cuisine professionnelle.","breadcrumb":{"@id":"https:\/\/www.electroluxprofessional.com\/fr\/realisation-cuisine-en-restauration-commerciale\/#breadcrumb"},"inLanguage":"fr-FR","potentialAction":[{"@type":"ReadAction","target":["https:\/\/www.electroluxprofessional.com\/fr\/realisation-cuisine-en-restauration-commerciale\/"]}]},{"@type":"ImageObject","inLanguage":"fr-FR","@id":"https:\/\/www.electroluxprofessional.com\/fr\/realisation-cuisine-en-restauration-commerciale\/#primaryimage","url":"https:\/\/www.electroluxprofessional.com\/fr\/wp-content\/uploads\/2019\/06\/cuisine.jpg","contentUrl":"https:\/\/www.electroluxprofessional.com\/fr\/wp-content\/uploads\/2019\/06\/cuisine.jpg","width":1472,"height":960,"caption":"cuisine"},{"@type":"BreadcrumbList","@id":"https:\/\/www.electroluxprofessional.com\/fr\/realisation-cuisine-en-restauration-commerciale\/#breadcrumb","itemListElement":[{"@type":"ListItem","position":1,"name":"Home","item":"https:\/\/www.electroluxprofessional.com\/fr\/"},{"@type":"ListItem","position":2,"name":"R\u00e9alisation de cuisine en restauration commerciale : les questions de sant\u00e9 et de s\u00e9curit\u00e9 dans la conception des flux de travail"}]},{"@type":"WebSite","@id":"https:\/\/www.electroluxprofessional.com\/fr\/#website","url":"https:\/\/www.electroluxprofessional.com\/fr\/","name":"Electrolux Professional France","description":"","potentialAction":[{"@type":"SearchAction","target":{"@type":"EntryPoint","urlTemplate":"https:\/\/www.electroluxprofessional.com\/fr\/?src={search_term_string}"},"query-input":"required name=search_term_string"}],"inLanguage":"fr-FR"},{"@type":"Person","@id":"https:\/\/www.electroluxprofessional.com\/fr\/#\/schema\/person\/906c23d4a5b968e56afa8a751bcd1893","name":"Emeline FOISSEY","image":{"@type":"ImageObject","inLanguage":"fr-FR","@id":"https:\/\/www.electroluxprofessional.com\/fr\/#\/schema\/person\/image\/","url":"https:\/\/secure.gravatar.com\/avatar\/37251ddde69d8c1c0d6867f593162a5e?s=96&d=mm&r=g","contentUrl":"https:\/\/secure.gravatar.com\/avatar\/37251ddde69d8c1c0d6867f593162a5e?s=96&d=mm&r=g","caption":"Emeline FOISSEY"},"url":"https:\/\/www.electroluxprofessional.com\/fr\/author\/emeline\/"}]}},"_links":{"self":[{"href":"https:\/\/www.electroluxprofessional.com\/fr\/wp-json\/wp\/v2\/posts\/8008"}],"collection":[{"href":"https:\/\/www.electroluxprofessional.com\/fr\/wp-json\/wp\/v2\/posts"}],"about":[{"href":"https:\/\/www.electroluxprofessional.com\/fr\/wp-json\/wp\/v2\/types\/post"}],"author":[{"embeddable":true,"href":"https:\/\/www.electroluxprofessional.com\/fr\/wp-json\/wp\/v2\/users\/4"}],"replies":[{"embeddable":true,"href":"https:\/\/www.electroluxprofessional.com\/fr\/wp-json\/wp\/v2\/comments?post=8008"}],"version-history":[{"count":6,"href":"https:\/\/www.electroluxprofessional.com\/fr\/wp-json\/wp\/v2\/posts\/8008\/revisions"}],"predecessor-version":[{"id":8015,"href":"https:\/\/www.electroluxprofessional.com\/fr\/wp-json\/wp\/v2\/posts\/8008\/revisions\/8015"}],"wp:featuredmedia":[{"embeddable":true,"href":"https:\/\/www.electroluxprofessional.com\/fr\/wp-json\/wp\/v2\/media\/8009"}],"wp:attachment":[{"href":"https:\/\/www.electroluxprofessional.com\/fr\/wp-json\/wp\/v2\/media?parent=8008"}],"wp:term":[{"taxonomy":"category","embeddable":true,"href":"https:\/\/www.electroluxprofessional.com\/fr\/wp-json\/wp\/v2\/categories?post=8008"},{"taxonomy":"post_tag","embeddable":true,"href":"https:\/\/www.electroluxprofessional.com\/fr\/wp-json\/wp\/v2\/tags?post=8008"}],"curies":[{"name":"wp","href":"https:\/\/api.w.org\/{rel}","templated":true}]}}