{"id":6513,"date":"2018-10-01T09:00:39","date_gmt":"2018-10-01T09:00:39","guid":{"rendered":"https:\/\/www.electroluxprofessional.com\/fr\/?p=6513"},"modified":"2026-04-10T13:36:49","modified_gmt":"2026-04-10T13:36:49","slug":"expo-detergo-2018","status":"publish","type":"post","link":"https:\/\/www.electroluxprofessional.com\/fr\/expo-detergo-2018\/","title":{"rendered":"Expo Detergo 2018"},"content":{"rendered":"<p>[vc_row][vc_column][vc_column_text]<\/p>\n<p>&nbsp;<\/p>\n<p>Electrolux Professional vous invite \u00e0 l&#8217;\u00e9dition 2018 de <strong>EXPOdetergo International du 19 au 22 octobre \u00e0 Milan<\/strong>.<\/p>\n<p style=\"font-weight: 400;\">EXPOdetergo est le salon leader d\u00e9di\u00e9 au monde des machines, technologies, produits et services pour l\u2019entretien des textiles.<\/p>\n<p style=\"font-weight: 400;\">Electrolux Professional vous encourage \u00e0 venir d\u00e9couvrir ses solutions de blanchisserie innovantes, garantissant une productivit\u00e9 maximale et des \u00e9conomies exceptionnelles.<\/p>\n<p style=\"font-weight: 400;\"><strong>Pour cette \u00e9dition, nous vous invitons \u00e0 venir d\u00e9couvrir:<\/strong><\/p>\n<ul>\n<li style=\"font-weight: 400;\">lagoon\u00ae Advanced Care, notre solution de nettoyage \u00e0 l\u2019eau pour textiles d\u00e9licats.<\/li>\n<li style=\"font-weight: 400;\">myPRO \u00a0notre gamme de solutions de blanchisserie pour les petites entreprises telles que les g\u00eetes touristiques ou B&amp;B, les centres de fitness, les salons de coiffure, les salons de beaut\u00e9, les clubs sportifs etc.<\/li>\n<li style=\"font-weight: 400;\">la nouvelle gamme de s\u00e8che-linge Electrolux Line 6000, offrant une productivit\u00e9 maximale, des performances de s\u00e9chage \u00e9lev\u00e9es et une \u00e9conomie de plus de 60% des factures d&#8217;\u00e9nergie.<\/li>\n<\/ul>\n<p style=\"font-weight: 400;\"><strong>Venez nous rendre visite au pavillon 3, stand C11 B20 !<\/strong><\/p>\n<p>[\/vc_column_text][\/vc_column][\/vc_row]<\/p>\n","protected":false},"excerpt":{"rendered":"<p>[vc_row][vc_column][vc_column_text] &nbsp; Electrolux Professional vous invite \u00e0 l&#8217;\u00e9dition 2018 de EXPOdetergo International du 19 au 22 octobre \u00e0 Milan. EXPOdetergo est le salon leader d\u00e9di\u00e9 au monde des machines, technologies, produits et services pour l\u2019entretien des textiles. Electrolux Professional vous encourage \u00e0 venir d\u00e9couvrir ses solutions de blanchisserie innovantes, garantissant une productivit\u00e9 maximale et des [&hellip;]<\/p>\n","protected":false},"author":4,"featured_media":6519,"comment_status":"closed","ping_status":"closed","sticky":false,"template":"","format":"standard","meta":{"footnotes":""},"categories":[66],"tags":[],"class_list":["post-6513","post","type-post","status-publish","format-standard","has-post-thumbnail","hentry","category-actualites"],"acf":[],"yoast_head":"<!-- This site is optimized with the Yoast SEO plugin v23.3 - https:\/\/yoast.com\/wordpress\/plugins\/seo\/ -->\n<title>EXPOdetergo | Blog Electrolux Professional<\/title>\n<meta name=\"description\" content=\"Expo Detergo 2018 : le salon leader d&#039;\u00e9dition mondiale pour les machines, technologies et produits pour l&#039;entretien des textiles \u00e0 Milan en octobre.\" \/>\n<meta name=\"robots\" content=\"index, follow, max-snippet:-1, max-image-preview:large, max-video-preview:-1\" \/>\n<link rel=\"canonical\" href=\"https:\/\/www.electroluxprofessional.com\/fr\/expo-detergo-2018\/\" \/>\n<meta property=\"og:locale\" content=\"fr_FR\" \/>\n<meta property=\"og:type\" content=\"article\" \/>\n<meta property=\"og:title\" content=\"EXPOdetergo | Blog Electrolux Professional\" \/>\n<meta property=\"og:description\" content=\"Expo Detergo 2018 : le salon leader d&#039;\u00e9dition mondiale pour les machines, technologies et produits pour l&#039;entretien des textiles \u00e0 Milan en octobre.\" \/>\n<meta property=\"og:url\" content=\"https:\/\/www.electroluxprofessional.com\/fr\/expo-detergo-2018\/\" \/>\n<meta property=\"og:site_name\" content=\"Electrolux Professional France\" \/>\n<meta property=\"article:published_time\" content=\"2018-10-01T09:00:39+00:00\" \/>\n<meta property=\"article:modified_time\" content=\"2026-04-10T13:36:49+00:00\" \/>\n<meta property=\"og:image\" content=\"https:\/\/www.electroluxprofessional.com\/fr\/wp-content\/uploads\/2018\/04\/expo.png\" \/>\n\t<meta property=\"og:image:width\" content=\"1467\" \/>\n\t<meta property=\"og:image:height\" content=\"657\" \/>\n\t<meta property=\"og:image:type\" content=\"image\/png\" \/>\n<meta name=\"author\" content=\"Emeline FOISSEY\" \/>\n<meta name=\"twitter:card\" content=\"summary_large_image\" \/>\n<meta name=\"twitter:label1\" content=\"\u00c9crit par\" \/>\n\t<meta name=\"twitter:data1\" content=\"Emeline FOISSEY\" \/>\n\t<meta name=\"twitter:label2\" content=\"Dur\u00e9e de lecture estim\u00e9e\" \/>\n\t<meta name=\"twitter:data2\" content=\"1 minute\" \/>\n<script type=\"application\/ld+json\" class=\"yoast-schema-graph\">{\"@context\":\"https:\/\/schema.org\",\"@graph\":[{\"@type\":\"WebPage\",\"@id\":\"https:\/\/www.electroluxprofessional.com\/fr\/expo-detergo-2018\/\",\"url\":\"https:\/\/www.electroluxprofessional.com\/fr\/expo-detergo-2018\/\",\"name\":\"EXPOdetergo | Blog Electrolux Professional\",\"isPartOf\":{\"@id\":\"https:\/\/www.electroluxprofessional.com\/fr\/#website\"},\"primaryImageOfPage\":{\"@id\":\"https:\/\/www.electroluxprofessional.com\/fr\/expo-detergo-2018\/#primaryimage\"},\"image\":{\"@id\":\"https:\/\/www.electroluxprofessional.com\/fr\/expo-detergo-2018\/#primaryimage\"},\"thumbnailUrl\":\"https:\/\/www.electroluxprofessional.com\/fr\/wp-content\/uploads\/2018\/04\/expo.png\",\"datePublished\":\"2018-10-01T09:00:39+00:00\",\"dateModified\":\"2026-04-10T13:36:49+00:00\",\"author\":{\"@id\":\"https:\/\/www.electroluxprofessional.com\/fr\/#\/schema\/person\/906c23d4a5b968e56afa8a751bcd1893\"},\"description\":\"Expo Detergo 2018 : le salon leader d'\u00e9dition mondiale pour les machines, technologies et produits pour l'entretien des textiles \u00e0 Milan en octobre.\",\"breadcrumb\":{\"@id\":\"https:\/\/www.electroluxprofessional.com\/fr\/expo-detergo-2018\/#breadcrumb\"},\"inLanguage\":\"fr-FR\",\"potentialAction\":[{\"@type\":\"ReadAction\",\"target\":[\"https:\/\/www.electroluxprofessional.com\/fr\/expo-detergo-2018\/\"]}]},{\"@type\":\"ImageObject\",\"inLanguage\":\"fr-FR\",\"@id\":\"https:\/\/www.electroluxprofessional.com\/fr\/expo-detergo-2018\/#primaryimage\",\"url\":\"https:\/\/www.electroluxprofessional.com\/fr\/wp-content\/uploads\/2018\/04\/expo.png\",\"contentUrl\":\"https:\/\/www.electroluxprofessional.com\/fr\/wp-content\/uploads\/2018\/04\/expo.png\",\"width\":1467,\"height\":657,\"caption\":\"expo\"},{\"@type\":\"BreadcrumbList\",\"@id\":\"https:\/\/www.electroluxprofessional.com\/fr\/expo-detergo-2018\/#breadcrumb\",\"itemListElement\":[{\"@type\":\"ListItem\",\"position\":1,\"name\":\"Home\",\"item\":\"https:\/\/www.electroluxprofessional.com\/fr\/\"},{\"@type\":\"ListItem\",\"position\":2,\"name\":\"Expo Detergo 2018\"}]},{\"@type\":\"WebSite\",\"@id\":\"https:\/\/www.electroluxprofessional.com\/fr\/#website\",\"url\":\"https:\/\/www.electroluxprofessional.com\/fr\/\",\"name\":\"Electrolux Professional France\",\"description\":\"\",\"potentialAction\":[{\"@type\":\"SearchAction\",\"target\":{\"@type\":\"EntryPoint\",\"urlTemplate\":\"https:\/\/www.electroluxprofessional.com\/fr\/?src={search_term_string}\"},\"query-input\":\"required name=search_term_string\"}],\"inLanguage\":\"fr-FR\"},{\"@type\":\"Person\",\"@id\":\"https:\/\/www.electroluxprofessional.com\/fr\/#\/schema\/person\/906c23d4a5b968e56afa8a751bcd1893\",\"name\":\"Emeline FOISSEY\",\"image\":{\"@type\":\"ImageObject\",\"inLanguage\":\"fr-FR\",\"@id\":\"https:\/\/www.electroluxprofessional.com\/fr\/#\/schema\/person\/image\/\",\"url\":\"https:\/\/secure.gravatar.com\/avatar\/37251ddde69d8c1c0d6867f593162a5e?s=96&d=mm&r=g\",\"contentUrl\":\"https:\/\/secure.gravatar.com\/avatar\/37251ddde69d8c1c0d6867f593162a5e?s=96&d=mm&r=g\",\"caption\":\"Emeline FOISSEY\"},\"url\":\"https:\/\/www.electroluxprofessional.com\/fr\/author\/emeline\/\"}]}<\/script>\n<!-- \/ Yoast SEO plugin. -->","yoast_head_json":{"title":"EXPOdetergo | Blog Electrolux Professional","description":"Expo Detergo 2018 : le salon leader d'\u00e9dition mondiale pour les machines, technologies et produits pour l'entretien des textiles \u00e0 Milan en octobre.","robots":{"index":"index","follow":"follow","max-snippet":"max-snippet:-1","max-image-preview":"max-image-preview:large","max-video-preview":"max-video-preview:-1"},"canonical":"https:\/\/www.electroluxprofessional.com\/fr\/expo-detergo-2018\/","og_locale":"fr_FR","og_type":"article","og_title":"EXPOdetergo | Blog Electrolux Professional","og_description":"Expo Detergo 2018 : le salon leader d'\u00e9dition mondiale pour les machines, technologies et produits pour l'entretien des textiles \u00e0 Milan en octobre.","og_url":"https:\/\/www.electroluxprofessional.com\/fr\/expo-detergo-2018\/","og_site_name":"Electrolux Professional France","article_published_time":"2018-10-01T09:00:39+00:00","article_modified_time":"2026-04-10T13:36:49+00:00","og_image":[{"width":1467,"height":657,"url":"https:\/\/www.electroluxprofessional.com\/fr\/wp-content\/uploads\/2018\/04\/expo.png","type":"image\/png"}],"author":"Emeline FOISSEY","twitter_card":"summary_large_image","twitter_misc":{"\u00c9crit par":"Emeline FOISSEY","Dur\u00e9e de lecture estim\u00e9e":"1 minute"},"schema":{"@context":"https:\/\/schema.org","@graph":[{"@type":"WebPage","@id":"https:\/\/www.electroluxprofessional.com\/fr\/expo-detergo-2018\/","url":"https:\/\/www.electroluxprofessional.com\/fr\/expo-detergo-2018\/","name":"EXPOdetergo | Blog Electrolux Professional","isPartOf":{"@id":"https:\/\/www.electroluxprofessional.com\/fr\/#website"},"primaryImageOfPage":{"@id":"https:\/\/www.electroluxprofessional.com\/fr\/expo-detergo-2018\/#primaryimage"},"image":{"@id":"https:\/\/www.electroluxprofessional.com\/fr\/expo-detergo-2018\/#primaryimage"},"thumbnailUrl":"https:\/\/www.electroluxprofessional.com\/fr\/wp-content\/uploads\/2018\/04\/expo.png","datePublished":"2018-10-01T09:00:39+00:00","dateModified":"2026-04-10T13:36:49+00:00","author":{"@id":"https:\/\/www.electroluxprofessional.com\/fr\/#\/schema\/person\/906c23d4a5b968e56afa8a751bcd1893"},"description":"Expo Detergo 2018 : le salon leader d'\u00e9dition mondiale pour les machines, technologies et produits pour l'entretien des textiles \u00e0 Milan en octobre.","breadcrumb":{"@id":"https:\/\/www.electroluxprofessional.com\/fr\/expo-detergo-2018\/#breadcrumb"},"inLanguage":"fr-FR","potentialAction":[{"@type":"ReadAction","target":["https:\/\/www.electroluxprofessional.com\/fr\/expo-detergo-2018\/"]}]},{"@type":"ImageObject","inLanguage":"fr-FR","@id":"https:\/\/www.electroluxprofessional.com\/fr\/expo-detergo-2018\/#primaryimage","url":"https:\/\/www.electroluxprofessional.com\/fr\/wp-content\/uploads\/2018\/04\/expo.png","contentUrl":"https:\/\/www.electroluxprofessional.com\/fr\/wp-content\/uploads\/2018\/04\/expo.png","width":1467,"height":657,"caption":"expo"},{"@type":"BreadcrumbList","@id":"https:\/\/www.electroluxprofessional.com\/fr\/expo-detergo-2018\/#breadcrumb","itemListElement":[{"@type":"ListItem","position":1,"name":"Home","item":"https:\/\/www.electroluxprofessional.com\/fr\/"},{"@type":"ListItem","position":2,"name":"Expo Detergo 2018"}]},{"@type":"WebSite","@id":"https:\/\/www.electroluxprofessional.com\/fr\/#website","url":"https:\/\/www.electroluxprofessional.com\/fr\/","name":"Electrolux Professional France","description":"","potentialAction":[{"@type":"SearchAction","target":{"@type":"EntryPoint","urlTemplate":"https:\/\/www.electroluxprofessional.com\/fr\/?src={search_term_string}"},"query-input":"required name=search_term_string"}],"inLanguage":"fr-FR"},{"@type":"Person","@id":"https:\/\/www.electroluxprofessional.com\/fr\/#\/schema\/person\/906c23d4a5b968e56afa8a751bcd1893","name":"Emeline FOISSEY","image":{"@type":"ImageObject","inLanguage":"fr-FR","@id":"https:\/\/www.electroluxprofessional.com\/fr\/#\/schema\/person\/image\/","url":"https:\/\/secure.gravatar.com\/avatar\/37251ddde69d8c1c0d6867f593162a5e?s=96&d=mm&r=g","contentUrl":"https:\/\/secure.gravatar.com\/avatar\/37251ddde69d8c1c0d6867f593162a5e?s=96&d=mm&r=g","caption":"Emeline FOISSEY"},"url":"https:\/\/www.electroluxprofessional.com\/fr\/author\/emeline\/"}]}},"_links":{"self":[{"href":"https:\/\/www.electroluxprofessional.com\/fr\/wp-json\/wp\/v2\/posts\/6513"}],"collection":[{"href":"https:\/\/www.electroluxprofessional.com\/fr\/wp-json\/wp\/v2\/posts"}],"about":[{"href":"https:\/\/www.electroluxprofessional.com\/fr\/wp-json\/wp\/v2\/types\/post"}],"author":[{"embeddable":true,"href":"https:\/\/www.electroluxprofessional.com\/fr\/wp-json\/wp\/v2\/users\/4"}],"replies":[{"embeddable":true,"href":"https:\/\/www.electroluxprofessional.com\/fr\/wp-json\/wp\/v2\/comments?post=6513"}],"version-history":[{"count":6,"href":"https:\/\/www.electroluxprofessional.com\/fr\/wp-json\/wp\/v2\/posts\/6513\/revisions"}],"predecessor-version":[{"id":31905,"href":"https:\/\/www.electroluxprofessional.com\/fr\/wp-json\/wp\/v2\/posts\/6513\/revisions\/31905"}],"wp:featuredmedia":[{"embeddable":true,"href":"https:\/\/www.electroluxprofessional.com\/fr\/wp-json\/wp\/v2\/media\/6519"}],"wp:attachment":[{"href":"https:\/\/www.electroluxprofessional.com\/fr\/wp-json\/wp\/v2\/media?parent=6513"}],"wp:term":[{"taxonomy":"category","embeddable":true,"href":"https:\/\/www.electroluxprofessional.com\/fr\/wp-json\/wp\/v2\/categories?post=6513"},{"taxonomy":"post_tag","embeddable":true,"href":"https:\/\/www.electroluxprofessional.com\/fr\/wp-json\/wp\/v2\/tags?post=6513"}],"curies":[{"name":"wp","href":"https:\/\/api.w.org\/{rel}","templated":true}]}}