{"id":5500,"date":"2018-04-09T09:00:50","date_gmt":"2018-04-09T09:00:50","guid":{"rendered":"https:\/\/www.electroluxprofessional.com\/fr\/?p=5500"},"modified":"2026-03-23T15:00:20","modified_gmt":"2026-03-23T15:00:20","slug":"laveuse-avancement-automatique-greenclean","status":"publish","type":"post","link":"https:\/\/www.electroluxprofessional.com\/fr\/laveuse-avancement-automatique-greenclean\/","title":{"rendered":"Laveuse Avancement Automatique Green&#038;Clean"},"content":{"rendered":"<p>[vc_row][vc_column][elx_video_block background_image=&#8221;5520&#8243; video_link=&#8221;https:\/\/www.youtube.com\/watch?v=I_pT-xBX_Xc&amp;feature=youtu.be&#8221; minimum_height=&#8221;500px&#8221;][vc_empty_space height=&#8221;15px&#8221;][\/vc_column][\/vc_row][vc_row][vc_column][vc_column_text]<\/p>\n<p style=\"text-align: justify;\"><img loading=\"lazy\" decoding=\"async\" class=\"wp-image-5897 alignleft\" src=\"https:\/\/www.electroluxprofessional.com\/fr\/wp-content\/uploads\/2017\/10\/reddot.jpg\" alt=\"\" width=\"201\" height=\"156\" \/>Avec les nouvelles <strong>laveuses green&amp;clean<\/strong>, un verre d\u2019eau, c\u2019est tout ce qu\u2019il faut pour nettoyer et assainir la vaisselle contenue dans un casier ! Gr\u00e2ce \u00e0 ces performances, les laveuses green&amp;clean ont les\u00a0<strong>co\u00fbts de fonctionnement les plus bas du march\u00e9<\/strong>. La gamme green&amp;clean a ainsi\u00a0\u00e9t\u00e9 r\u00e9cemment r\u00e9compens\u00e9e du prestigieux <strong>Red Dot Design Award 2018\u00a0<\/strong>pour ses fonctionnalit\u00e9s, son utilisation facile et sa compatibilit\u00e9 \u00e9cologique.\u00a0L&#8217;une des r\u00e9compenses les plus reconnues \u00e0 travers le monde.<\/p>\n<p>[\/vc_column_text][elx_button button_text=&#8221;Lire le communiqu\u00e9 de presse &gt;&gt;&#8221; button_display_block=&#8221;display_block_on&#8221; button_link=&#8221;url:https%3A%2F%2Fwww.electroluxprofessional.com%2Ffr%2Fwp-content%2Fuploads%2F2018%2F04%2FRed-Dot-Design-Award-greenclean-rack-type-DW-FR.pdf|target:_blank&#8221;][vc_empty_space height=&#8221;10px&#8221;][elx_button button_text=&#8221;D\u00e9couvrir les laveuses green&amp;clean &gt;&gt;&#8221; button_display_block=&#8221;display_block_on&#8221; button_link=&#8221;url:https%3A%2F%2Fwww.electroluxprofessional.com%2Ffr%2Fequipement-cuisine%2Fequipement-lavage%2Flave-verres-et-laveuses-green-and-clean%2F&#8221;][vc_empty_space height=&#8221;25px&#8221;][\/vc_column][\/vc_row]<\/p>\n","protected":false},"excerpt":{"rendered":"<p>[vc_row][vc_column][elx_video_block background_image=&#8221;5520&#8243; video_link=&#8221;https:\/\/www.youtube.com\/watch?v=I_pT-xBX_Xc&amp;feature=youtu.be&#8221; minimum_height=&#8221;500px&#8221;][vc_empty_space height=&#8221;15px&#8221;][\/vc_column][\/vc_row][vc_row][vc_column][vc_column_text] Avec les nouvelles laveuses green&amp;clean, un verre d\u2019eau, c\u2019est tout ce qu\u2019il faut pour nettoyer et assainir la vaisselle contenue dans un casier ! Gr\u00e2ce \u00e0 ces performances, les laveuses green&amp;clean ont les\u00a0co\u00fbts de fonctionnement les plus bas du march\u00e9. La gamme green&amp;clean a ainsi\u00a0\u00e9t\u00e9 r\u00e9cemment r\u00e9compens\u00e9e du prestigieux Red [&hellip;]<\/p>\n","protected":false},"author":4,"featured_media":5885,"comment_status":"closed","ping_status":"closed","sticky":false,"template":"","format":"standard","meta":{"footnotes":""},"categories":[66],"tags":[],"class_list":["post-5500","post","type-post","status-publish","format-standard","has-post-thumbnail","hentry","category-actualites"],"acf":[],"yoast_head":"<!-- This site is optimized with the Yoast SEO plugin v23.3 - https:\/\/yoast.com\/wordpress\/plugins\/seo\/ -->\n<title>Laveuse \u00e0 Avancement Automatique Green&amp;Clean | Electrolux Professional<\/title>\n<meta name=\"description\" content=\"D\u00e9couvrez nos laveuses \u00e0 avancement automatique Green&amp;Clean : efficacit\u00e9, multi-rin\u00e7age et technologie \u00e9cologique pour votre laverie professionnelle.\" \/>\n<meta name=\"robots\" content=\"index, follow, max-snippet:-1, max-image-preview:large, max-video-preview:-1\" \/>\n<link rel=\"canonical\" href=\"https:\/\/www.electroluxprofessional.com\/fr\/laveuse-avancement-automatique-greenclean\/\" \/>\n<meta property=\"og:locale\" content=\"fr_FR\" \/>\n<meta property=\"og:type\" content=\"article\" \/>\n<meta property=\"og:title\" content=\"Laveuse \u00e0 Avancement Automatique Green&amp;Clean | Electrolux Professional\" \/>\n<meta property=\"og:description\" content=\"D\u00e9couvrez nos laveuses \u00e0 avancement automatique Green&amp;Clean : efficacit\u00e9, multi-rin\u00e7age et technologie \u00e9cologique pour votre laverie professionnelle.\" \/>\n<meta property=\"og:url\" content=\"https:\/\/www.electroluxprofessional.com\/fr\/laveuse-avancement-automatique-greenclean\/\" \/>\n<meta property=\"og:site_name\" content=\"Electrolux Professional France\" \/>\n<meta property=\"article:published_time\" content=\"2018-04-09T09:00:50+00:00\" \/>\n<meta property=\"article:modified_time\" content=\"2026-03-23T15:00:20+00:00\" \/>\n<meta property=\"og:image\" content=\"https:\/\/www.electroluxprofessional.com\/fr\/wp-content\/uploads\/2017\/10\/RT-dynamiquelogo-2-1024x683.jpg\" \/>\n\t<meta property=\"og:image:width\" content=\"1024\" \/>\n\t<meta property=\"og:image:height\" content=\"683\" \/>\n\t<meta property=\"og:image:type\" content=\"image\/jpeg\" \/>\n<meta name=\"author\" content=\"Emeline FOISSEY\" \/>\n<meta name=\"twitter:card\" content=\"summary_large_image\" \/>\n<meta name=\"twitter:label1\" content=\"\u00c9crit par\" \/>\n\t<meta name=\"twitter:data1\" content=\"Emeline FOISSEY\" \/>\n\t<meta name=\"twitter:label2\" content=\"Dur\u00e9e de lecture estim\u00e9e\" \/>\n\t<meta name=\"twitter:data2\" content=\"2 minutes\" \/>\n<script type=\"application\/ld+json\" class=\"yoast-schema-graph\">{\"@context\":\"https:\/\/schema.org\",\"@graph\":[{\"@type\":\"WebPage\",\"@id\":\"https:\/\/www.electroluxprofessional.com\/fr\/laveuse-avancement-automatique-greenclean\/\",\"url\":\"https:\/\/www.electroluxprofessional.com\/fr\/laveuse-avancement-automatique-greenclean\/\",\"name\":\"Laveuse \u00e0 Avancement Automatique Green&Clean | Electrolux Professional\",\"isPartOf\":{\"@id\":\"https:\/\/www.electroluxprofessional.com\/fr\/#website\"},\"primaryImageOfPage\":{\"@id\":\"https:\/\/www.electroluxprofessional.com\/fr\/laveuse-avancement-automatique-greenclean\/#primaryimage\"},\"image\":{\"@id\":\"https:\/\/www.electroluxprofessional.com\/fr\/laveuse-avancement-automatique-greenclean\/#primaryimage\"},\"thumbnailUrl\":\"https:\/\/www.electroluxprofessional.com\/fr\/wp-content\/uploads\/2017\/10\/RT-dynamiquelogo-2.jpg\",\"datePublished\":\"2018-04-09T09:00:50+00:00\",\"dateModified\":\"2026-03-23T15:00:20+00:00\",\"author\":{\"@id\":\"https:\/\/www.electroluxprofessional.com\/fr\/#\/schema\/person\/906c23d4a5b968e56afa8a751bcd1893\"},\"description\":\"D\u00e9couvrez nos laveuses \u00e0 avancement automatique Green&Clean : efficacit\u00e9, multi-rin\u00e7age et technologie \u00e9cologique pour votre laverie professionnelle.\",\"breadcrumb\":{\"@id\":\"https:\/\/www.electroluxprofessional.com\/fr\/laveuse-avancement-automatique-greenclean\/#breadcrumb\"},\"inLanguage\":\"fr-FR\",\"potentialAction\":[{\"@type\":\"ReadAction\",\"target\":[\"https:\/\/www.electroluxprofessional.com\/fr\/laveuse-avancement-automatique-greenclean\/\"]}]},{\"@type\":\"ImageObject\",\"inLanguage\":\"fr-FR\",\"@id\":\"https:\/\/www.electroluxprofessional.com\/fr\/laveuse-avancement-automatique-greenclean\/#primaryimage\",\"url\":\"https:\/\/www.electroluxprofessional.com\/fr\/wp-content\/uploads\/2017\/10\/RT-dynamiquelogo-2.jpg\",\"contentUrl\":\"https:\/\/www.electroluxprofessional.com\/fr\/wp-content\/uploads\/2017\/10\/RT-dynamiquelogo-2.jpg\",\"width\":5472,\"height\":3648,\"caption\":\"RT-dynamique+logo\"},{\"@type\":\"BreadcrumbList\",\"@id\":\"https:\/\/www.electroluxprofessional.com\/fr\/laveuse-avancement-automatique-greenclean\/#breadcrumb\",\"itemListElement\":[{\"@type\":\"ListItem\",\"position\":1,\"name\":\"Home\",\"item\":\"https:\/\/www.electroluxprofessional.com\/fr\/\"},{\"@type\":\"ListItem\",\"position\":2,\"name\":\"Laveuse Avancement Automatique Green&#038;Clean\"}]},{\"@type\":\"WebSite\",\"@id\":\"https:\/\/www.electroluxprofessional.com\/fr\/#website\",\"url\":\"https:\/\/www.electroluxprofessional.com\/fr\/\",\"name\":\"Electrolux Professional France\",\"description\":\"\",\"potentialAction\":[{\"@type\":\"SearchAction\",\"target\":{\"@type\":\"EntryPoint\",\"urlTemplate\":\"https:\/\/www.electroluxprofessional.com\/fr\/?src={search_term_string}\"},\"query-input\":\"required name=search_term_string\"}],\"inLanguage\":\"fr-FR\"},{\"@type\":\"Person\",\"@id\":\"https:\/\/www.electroluxprofessional.com\/fr\/#\/schema\/person\/906c23d4a5b968e56afa8a751bcd1893\",\"name\":\"Emeline FOISSEY\",\"image\":{\"@type\":\"ImageObject\",\"inLanguage\":\"fr-FR\",\"@id\":\"https:\/\/www.electroluxprofessional.com\/fr\/#\/schema\/person\/image\/\",\"url\":\"https:\/\/secure.gravatar.com\/avatar\/37251ddde69d8c1c0d6867f593162a5e?s=96&d=mm&r=g\",\"contentUrl\":\"https:\/\/secure.gravatar.com\/avatar\/37251ddde69d8c1c0d6867f593162a5e?s=96&d=mm&r=g\",\"caption\":\"Emeline FOISSEY\"},\"url\":\"https:\/\/www.electroluxprofessional.com\/fr\/author\/emeline\/\"}]}<\/script>\n<!-- \/ Yoast SEO plugin. -->","yoast_head_json":{"title":"Laveuse \u00e0 Avancement Automatique Green&Clean | Electrolux Professional","description":"D\u00e9couvrez nos laveuses \u00e0 avancement automatique Green&Clean : efficacit\u00e9, multi-rin\u00e7age et technologie \u00e9cologique pour votre laverie professionnelle.","robots":{"index":"index","follow":"follow","max-snippet":"max-snippet:-1","max-image-preview":"max-image-preview:large","max-video-preview":"max-video-preview:-1"},"canonical":"https:\/\/www.electroluxprofessional.com\/fr\/laveuse-avancement-automatique-greenclean\/","og_locale":"fr_FR","og_type":"article","og_title":"Laveuse \u00e0 Avancement Automatique Green&Clean | Electrolux Professional","og_description":"D\u00e9couvrez nos laveuses \u00e0 avancement automatique Green&Clean : efficacit\u00e9, multi-rin\u00e7age et technologie \u00e9cologique pour votre laverie professionnelle.","og_url":"https:\/\/www.electroluxprofessional.com\/fr\/laveuse-avancement-automatique-greenclean\/","og_site_name":"Electrolux Professional France","article_published_time":"2018-04-09T09:00:50+00:00","article_modified_time":"2026-03-23T15:00:20+00:00","og_image":[{"width":1024,"height":683,"url":"https:\/\/www.electroluxprofessional.com\/fr\/wp-content\/uploads\/2017\/10\/RT-dynamiquelogo-2-1024x683.jpg","type":"image\/jpeg"}],"author":"Emeline FOISSEY","twitter_card":"summary_large_image","twitter_misc":{"\u00c9crit par":"Emeline FOISSEY","Dur\u00e9e de lecture estim\u00e9e":"2 minutes"},"schema":{"@context":"https:\/\/schema.org","@graph":[{"@type":"WebPage","@id":"https:\/\/www.electroluxprofessional.com\/fr\/laveuse-avancement-automatique-greenclean\/","url":"https:\/\/www.electroluxprofessional.com\/fr\/laveuse-avancement-automatique-greenclean\/","name":"Laveuse \u00e0 Avancement Automatique Green&Clean | Electrolux Professional","isPartOf":{"@id":"https:\/\/www.electroluxprofessional.com\/fr\/#website"},"primaryImageOfPage":{"@id":"https:\/\/www.electroluxprofessional.com\/fr\/laveuse-avancement-automatique-greenclean\/#primaryimage"},"image":{"@id":"https:\/\/www.electroluxprofessional.com\/fr\/laveuse-avancement-automatique-greenclean\/#primaryimage"},"thumbnailUrl":"https:\/\/www.electroluxprofessional.com\/fr\/wp-content\/uploads\/2017\/10\/RT-dynamiquelogo-2.jpg","datePublished":"2018-04-09T09:00:50+00:00","dateModified":"2026-03-23T15:00:20+00:00","author":{"@id":"https:\/\/www.electroluxprofessional.com\/fr\/#\/schema\/person\/906c23d4a5b968e56afa8a751bcd1893"},"description":"D\u00e9couvrez nos laveuses \u00e0 avancement automatique Green&Clean : efficacit\u00e9, multi-rin\u00e7age et technologie \u00e9cologique pour votre laverie professionnelle.","breadcrumb":{"@id":"https:\/\/www.electroluxprofessional.com\/fr\/laveuse-avancement-automatique-greenclean\/#breadcrumb"},"inLanguage":"fr-FR","potentialAction":[{"@type":"ReadAction","target":["https:\/\/www.electroluxprofessional.com\/fr\/laveuse-avancement-automatique-greenclean\/"]}]},{"@type":"ImageObject","inLanguage":"fr-FR","@id":"https:\/\/www.electroluxprofessional.com\/fr\/laveuse-avancement-automatique-greenclean\/#primaryimage","url":"https:\/\/www.electroluxprofessional.com\/fr\/wp-content\/uploads\/2017\/10\/RT-dynamiquelogo-2.jpg","contentUrl":"https:\/\/www.electroluxprofessional.com\/fr\/wp-content\/uploads\/2017\/10\/RT-dynamiquelogo-2.jpg","width":5472,"height":3648,"caption":"RT-dynamique+logo"},{"@type":"BreadcrumbList","@id":"https:\/\/www.electroluxprofessional.com\/fr\/laveuse-avancement-automatique-greenclean\/#breadcrumb","itemListElement":[{"@type":"ListItem","position":1,"name":"Home","item":"https:\/\/www.electroluxprofessional.com\/fr\/"},{"@type":"ListItem","position":2,"name":"Laveuse Avancement Automatique Green&#038;Clean"}]},{"@type":"WebSite","@id":"https:\/\/www.electroluxprofessional.com\/fr\/#website","url":"https:\/\/www.electroluxprofessional.com\/fr\/","name":"Electrolux Professional France","description":"","potentialAction":[{"@type":"SearchAction","target":{"@type":"EntryPoint","urlTemplate":"https:\/\/www.electroluxprofessional.com\/fr\/?src={search_term_string}"},"query-input":"required name=search_term_string"}],"inLanguage":"fr-FR"},{"@type":"Person","@id":"https:\/\/www.electroluxprofessional.com\/fr\/#\/schema\/person\/906c23d4a5b968e56afa8a751bcd1893","name":"Emeline FOISSEY","image":{"@type":"ImageObject","inLanguage":"fr-FR","@id":"https:\/\/www.electroluxprofessional.com\/fr\/#\/schema\/person\/image\/","url":"https:\/\/secure.gravatar.com\/avatar\/37251ddde69d8c1c0d6867f593162a5e?s=96&d=mm&r=g","contentUrl":"https:\/\/secure.gravatar.com\/avatar\/37251ddde69d8c1c0d6867f593162a5e?s=96&d=mm&r=g","caption":"Emeline FOISSEY"},"url":"https:\/\/www.electroluxprofessional.com\/fr\/author\/emeline\/"}]}},"_links":{"self":[{"href":"https:\/\/www.electroluxprofessional.com\/fr\/wp-json\/wp\/v2\/posts\/5500"}],"collection":[{"href":"https:\/\/www.electroluxprofessional.com\/fr\/wp-json\/wp\/v2\/posts"}],"about":[{"href":"https:\/\/www.electroluxprofessional.com\/fr\/wp-json\/wp\/v2\/types\/post"}],"author":[{"embeddable":true,"href":"https:\/\/www.electroluxprofessional.com\/fr\/wp-json\/wp\/v2\/users\/4"}],"replies":[{"embeddable":true,"href":"https:\/\/www.electroluxprofessional.com\/fr\/wp-json\/wp\/v2\/comments?post=5500"}],"version-history":[{"count":45,"href":"https:\/\/www.electroluxprofessional.com\/fr\/wp-json\/wp\/v2\/posts\/5500\/revisions"}],"predecessor-version":[{"id":31376,"href":"https:\/\/www.electroluxprofessional.com\/fr\/wp-json\/wp\/v2\/posts\/5500\/revisions\/31376"}],"wp:featuredmedia":[{"embeddable":true,"href":"https:\/\/www.electroluxprofessional.com\/fr\/wp-json\/wp\/v2\/media\/5885"}],"wp:attachment":[{"href":"https:\/\/www.electroluxprofessional.com\/fr\/wp-json\/wp\/v2\/media?parent=5500"}],"wp:term":[{"taxonomy":"category","embeddable":true,"href":"https:\/\/www.electroluxprofessional.com\/fr\/wp-json\/wp\/v2\/categories?post=5500"},{"taxonomy":"post_tag","embeddable":true,"href":"https:\/\/www.electroluxprofessional.com\/fr\/wp-json\/wp\/v2\/tags?post=5500"}],"curies":[{"name":"wp","href":"https:\/\/api.w.org\/{rel}","templated":true}]}}