{"id":32223,"date":"2026-04-27T10:00:58","date_gmt":"2026-04-27T10:00:58","guid":{"rendered":"https:\/\/www.electroluxprofessional.com\/fr\/?p=32223"},"modified":"2026-04-20T12:57:00","modified_gmt":"2026-04-20T12:57:00","slug":"quel-four-mixte-professionnel-choisir","status":"publish","type":"post","link":"https:\/\/www.electroluxprofessional.com\/fr\/quel-four-mixte-professionnel-choisir\/","title":{"rendered":"Four mixte professionnel : qu\u2019est-ce que c\u2019est et comment choisir"},"content":{"rendered":"<p>[vc_row][vc_column][vc_column_text]Le <strong>four mixte professionnel<\/strong> s\u2019est impos\u00e9 comme un \u00e9quipement central dans les cuisines modernes. Capable de combiner vapeur et convection, il permet de cuire, r\u00e9g\u00e9n\u00e9rer, griller ou cuire \u00e0 basse temp\u00e9rature dans un seul appareil. Comprendre le fonctionnement d\u2019un <strong>four mixte<\/strong>, parfois appel\u00e9 <strong>combi four<\/strong>, est essentiel pour d\u00e9terminer <strong>quel four mixte professionnel choisir<\/strong> selon son activit\u00e9, son volume de production et son organisation.<\/p>\n<p>Les <strong>fours mixtes professionnels<\/strong> offrent aujourd\u2019hui un niveau de pr\u00e9cision et de polyvalence qui transforme l\u2019organisation en cuisine. Encore faut-il s\u00e9lectionner le mod\u00e8le adapt\u00e9 \u00e0 ses contraintes r\u00e9elles.<\/p>\n<h2>Qu\u2019est-ce qu\u2019un four mixte professionnel ?<\/h2>\n<p>Un <strong>four mixte professionnel<\/strong> est un \u00e9quipement de cuisson capable d\u2019associer trois modes de fonctionnement : chaleur s\u00e8che par convection, vapeur, et combinaison des deux. Cette technologie permet d\u2019ajuster l\u2019humidit\u00e9 et la temp\u00e9rature pour obtenir des r\u00e9sultats r\u00e9guliers et ma\u00eetris\u00e9s.<\/p>\n<p>Contrairement \u00e0 un four traditionnel, il ne se limite pas \u00e0 un mode de cuisson unique. Il devient un outil polyvalent capable de g\u00e9rer plusieurs types de pr\u00e9parations avec pr\u00e9cision.<\/p>\n<h3>Comment \u00e7a marche (vapeur + convection + mixte)<\/h3>\n<p>[\/vc_column_text][vc_empty_space][\/vc_column][\/vc_row][vc_row][vc_column width=&#8221;1\/2&#8243;][vc_column_text]Le principe repose sur trois modes distincts :<\/p>\n<ul>\n<li><strong>Mode convection<\/strong> : circulation d\u2019air chaud pour r\u00f4tir, gratiner ou cuire des p\u00e2tisseries.<\/li>\n<li><strong>Mode vapeur<\/strong> : cuisson douce et homog\u00e8ne, id\u00e9ale pour l\u00e9gumes, poissons ou r\u00e9g\u00e9n\u00e9ration.<\/li>\n<li><strong>Mode mixte<\/strong> : combinaison vapeur et air chaud pour pr\u00e9server le moelleux tout en obtenant une coloration ext\u00e9rieure.<\/li>\n<\/ul>\n<p>[\/vc_column_text][vc_empty_space][\/vc_column][vc_column width=&#8221;1\/2&#8243;][vc_single_image image=&#8221;32224&#8243; img_size=&#8221;medium&#8221; alignment=&#8221;center&#8221;][vc_empty_space][\/vc_column][\/vc_row][vc_row][vc_column][vc_column_text]Le contr\u00f4le pr\u00e9cis de l\u2019humidit\u00e9 permet d\u2019\u00e9viter le dess\u00e8chement et de r\u00e9duire les pertes de poids. Cette ma\u00eetrise est particuli\u00e8rement strat\u00e9gique dans les environnements \u00e0 forte cadence.<\/p>\n<h3>Diff\u00e9rences avec un four \u00e0 convection<\/h3>\n<p>Un <a href=\"https:\/\/www.electroluxprofessional.com\/fr\/equipement-cuisine\/fours-convection-crosswise\/\"><strong>four \u00e0 convection<\/strong><\/a> utilise uniquement de l\u2019air chaud puls\u00e9. Il convient pour des cuissons s\u00e8ches, mais ne permet pas de contr\u00f4ler l\u2019humidit\u00e9 interne des aliments.<\/p>\n<p>Le <strong>four mixte professionnel<\/strong>, en int\u00e9grant la vapeur, offre :<\/p>\n<ul>\n<li>Une meilleure conservation des textures<\/li>\n<li>Une r\u00e9duction des pertes hydriques<\/li>\n<li>Une polyvalence accrue<\/li>\n<\/ul>\n<p>Il remplace souvent plusieurs \u00e9quipements distincts dans une cuisine compacte.<\/p>\n<h2>Pourquoi choisir un four mixte ?<\/h2>\n<p>Choisir un <strong>four mixte professionnel<\/strong> r\u00e9pond \u00e0 plusieurs enjeux op\u00e9rationnels.<\/p>\n<p>D\u2019abord, la <strong>polyvalence<\/strong>. Un seul appareil permet de r\u00f4tir, mijoter, cuire \u00e0 la vapeur, gratiner ou r\u00e9g\u00e9n\u00e9rer avec pr\u00e9cision. Cette capacit\u00e9 \u00e0 combiner vapeur et convection simplifie l\u2019organisation en cuisine et limite le besoin d\u2019\u00e9quipements suppl\u00e9mentaires.<\/p>\n<p>Ensuite, la r\u00e9gularit\u00e9. Le contr\u00f4le pr\u00e9cis de la temp\u00e9rature et de l\u2019humidit\u00e9 garantit des r\u00e9sultats constants, r\u00e9duit les pertes de poids et am\u00e9liore la qualit\u00e9 finale des pr\u00e9parations.<\/p>\n<p>Les <a href=\"https:\/\/www.electroluxprofessional.com\/fr\/equipement-cuisine\/fours\/\">solutions <strong>Electrolux Professional<\/strong><\/a>, notamment la <a href=\"https:\/\/www.electroluxprofessional.com\/fr\/equipement-cuisine\/fours\/fours-mixtes-skyline\/\">gamme <strong>SkyLine<\/strong><\/a>, illustrent cette approche technologique. Gr\u00e2ce \u00e0 un syst\u00e8me de circulation d\u2019air optimis\u00e9 et \u00e0 une gestion intelligente des cycles, les fours mixtes SkyLine assurent une cuisson homog\u00e8ne sur tous les niveaux tout en am\u00e9liorant l\u2019efficacit\u00e9 \u00e9nerg\u00e9tique. Leur interface intuitive et leur conception ergonomique facilitent le travail quotidien des \u00e9quipes.<\/p>\n<p>L\u2019objectif reste le m\u00eame : associer <strong>performance<\/strong>, <strong>simplicit\u00e9 d\u2019utilisation<\/strong> et <strong>ma\u00eetrise des co\u00fbts d\u2019exploitation<\/strong>.<\/p>\n<h2>Comment choisir son four mixte professionnel<\/h2>\n<p>D\u00e9terminer <strong>quel four mixte professionnel choisir<\/strong> suppose d\u2019analyser plusieurs param\u00e8tres structurants.<\/p>\n<p>La capacit\u00e9 est le premier crit\u00e8re. Le nombre de niveaux GN et le volume de production quotidien doivent \u00eatre coh\u00e9rents avec le rythme du service.<\/p>\n<p>La puissance et la pr\u00e9cision des sondes \u00e0 c\u0153ur influencent la qualit\u00e9 des cuissons longues et sensibles.<\/p>\n<p>La facilit\u00e9 d\u2019entretien est \u00e9galement d\u00e9terminante. Les syst\u00e8mes de nettoyage automatique permettent de r\u00e9duire le temps consacr\u00e9 \u00e0 la maintenance tout en garantissant l\u2019hygi\u00e8ne.<\/p>\n<p>Il convient aussi d\u2019\u00e9valuer :<\/p>\n<ul>\n<li>L\u2019interface utilisateur et la simplicit\u00e9 de programmation<\/li>\n<li>La connectivit\u00e9 et la tra\u00e7abilit\u00e9 HACCP<\/li>\n<li>L\u2019ergonomie d\u2019ouverture et de chargement<\/li>\n<\/ul>\n<p>Un <strong>four combi<\/strong> bien dimensionn\u00e9 devient un levier d\u2019efficacit\u00e9 globale. \u00c0 l\u2019inverse, un appareil surdimensionn\u00e9 ou sous-dimensionn\u00e9 peut g\u00e9n\u00e9rer des surco\u00fbts ou limiter la productivit\u00e9.<\/p>\n<p>Le choix d\u2019un <strong>four mixte professionnel<\/strong> ne doit pas se limiter \u00e0 la puissance ou au prix. Il s\u2019agit d\u2019un \u00e9quipement structurant qui influence organisation, qualit\u00e9 et rentabilit\u00e9. Identifier pr\u00e9cis\u00e9ment ses besoins reste la cl\u00e9 pour s\u00e9lectionner le mod\u00e8le le plus adapt\u00e9.<\/p>\n<h2>FAQ<\/h2>\n<h3>Quel four mixte professionnel choisir pour un restaurant de taille moyenne ?<\/h3>\n<p>Un mod\u00e8le de 6 ou 10 niveaux GN convient g\u00e9n\u00e9ralement, selon le volume de couverts et l\u2019organisation en production directe ou diff\u00e9r\u00e9e.<\/p>\n<h3>Un four mixte peut-il remplacer un four vapeur ?<\/h3>\n<p>Oui. Le mode vapeur int\u00e9gr\u00e9 permet de r\u00e9aliser les m\u00eames cuissons tout en offrant davantage de polyvalence gr\u00e2ce au mode mixte.<\/p>\n<h3>Quelle diff\u00e9rence entre four mixte et four combi ?<\/h3>\n<p>Il s\u2019agit du m\u00eame \u00e9quipement. \u201cFour combi \u201d est simplement l\u2019appellation anglophone du four mixte professionnel.[\/vc_column_text][\/vc_column][\/vc_row][vc_row][vc_column][vc_empty_space][\/vc_column][\/vc_row]<\/p>\n","protected":false},"excerpt":{"rendered":"<p>[vc_row][vc_column][vc_column_text]Le four mixte professionnel s\u2019est impos\u00e9 comme un \u00e9quipement central dans les cuisines modernes. Capable de combiner vapeur et convection, il permet de cuire, r\u00e9g\u00e9n\u00e9rer, griller ou cuire \u00e0 basse temp\u00e9rature dans un seul appareil. Comprendre le fonctionnement d\u2019un four mixte, parfois appel\u00e9 combi four, est essentiel pour d\u00e9terminer quel four mixte professionnel choisir selon [&hellip;]<\/p>\n","protected":false},"author":651,"featured_media":32226,"comment_status":"closed","ping_status":"closed","sticky":false,"template":"","format":"standard","meta":{"footnotes":""},"categories":[303,360],"tags":[],"class_list":["post-32223","post","type-post","status-publish","format-standard","has-post-thumbnail","hentry","category-cuisine-professionnelle","category-food"],"acf":[],"yoast_head":"<!-- This site is optimized with the Yoast SEO plugin v23.3 - https:\/\/yoast.com\/wordpress\/plugins\/seo\/ -->\n<title>Quel four mixte professionnel choisir ? Guide complet | Electrolux Professional<\/title>\n<meta name=\"description\" content=\"D\u00e9couvrez ce qu\u2019est un four mixte (combi) professionnel, ses avantages et les crit\u00e8res cl\u00e9s pour bien choisir selon votre cuisine et vos besoins.\" \/>\n<meta name=\"robots\" content=\"index, follow, max-snippet:-1, max-image-preview:large, max-video-preview:-1\" \/>\n<link rel=\"canonical\" href=\"https:\/\/www.electroluxprofessional.com\/fr\/quel-four-mixte-professionnel-choisir\/\" \/>\n<meta property=\"og:locale\" content=\"fr_FR\" \/>\n<meta property=\"og:type\" content=\"article\" \/>\n<meta property=\"og:title\" content=\"Quel four mixte professionnel choisir ? Guide complet | Electrolux Professional\" \/>\n<meta property=\"og:description\" content=\"D\u00e9couvrez ce qu\u2019est un four mixte (combi) professionnel, ses avantages et les crit\u00e8res cl\u00e9s pour bien choisir selon votre cuisine et vos besoins.\" \/>\n<meta property=\"og:url\" content=\"https:\/\/www.electroluxprofessional.com\/fr\/quel-four-mixte-professionnel-choisir\/\" \/>\n<meta property=\"og:site_name\" content=\"Electrolux Professional France\" \/>\n<meta property=\"article:published_time\" content=\"2026-04-27T10:00:58+00:00\" \/>\n<meta property=\"article:modified_time\" content=\"2026-04-20T12:57:00+00:00\" \/>\n<meta property=\"og:image\" content=\"https:\/\/www.electroluxprofessional.com\/fr\/wp-content\/uploads\/2026\/04\/four-mixte-professionnel.jpg\" \/>\n\t<meta property=\"og:image:width\" content=\"966\" \/>\n\t<meta property=\"og:image:height\" content=\"712\" \/>\n\t<meta property=\"og:image:type\" content=\"image\/jpeg\" \/>\n<meta name=\"author\" content=\"francesca.firmo@iongroup.com\" \/>\n<meta name=\"twitter:card\" content=\"summary_large_image\" \/>\n<meta name=\"twitter:label1\" content=\"\u00c9crit par\" \/>\n\t<meta name=\"twitter:data1\" content=\"francesca.firmo@iongroup.com\" \/>\n\t<meta name=\"twitter:label2\" content=\"Dur\u00e9e de lecture estim\u00e9e\" \/>\n\t<meta name=\"twitter:data2\" content=\"5 minutes\" \/>\n<script type=\"application\/ld+json\" class=\"yoast-schema-graph\">{\"@context\":\"https:\/\/schema.org\",\"@graph\":[{\"@type\":\"WebPage\",\"@id\":\"https:\/\/www.electroluxprofessional.com\/fr\/quel-four-mixte-professionnel-choisir\/\",\"url\":\"https:\/\/www.electroluxprofessional.com\/fr\/quel-four-mixte-professionnel-choisir\/\",\"name\":\"Quel four mixte professionnel choisir ? Guide complet | Electrolux Professional\",\"isPartOf\":{\"@id\":\"https:\/\/www.electroluxprofessional.com\/fr\/#website\"},\"primaryImageOfPage\":{\"@id\":\"https:\/\/www.electroluxprofessional.com\/fr\/quel-four-mixte-professionnel-choisir\/#primaryimage\"},\"image\":{\"@id\":\"https:\/\/www.electroluxprofessional.com\/fr\/quel-four-mixte-professionnel-choisir\/#primaryimage\"},\"thumbnailUrl\":\"https:\/\/www.electroluxprofessional.com\/fr\/wp-content\/uploads\/2026\/04\/four-mixte-professionnel.jpg\",\"datePublished\":\"2026-04-27T10:00:58+00:00\",\"dateModified\":\"2026-04-20T12:57:00+00:00\",\"author\":{\"@id\":\"https:\/\/www.electroluxprofessional.com\/fr\/#\/schema\/person\/142ba12f94a753e8998120493bb002b1\"},\"description\":\"D\u00e9couvrez ce qu\u2019est un four mixte (combi) professionnel, ses avantages et les crit\u00e8res cl\u00e9s pour bien choisir selon votre cuisine et vos besoins.\",\"breadcrumb\":{\"@id\":\"https:\/\/www.electroluxprofessional.com\/fr\/quel-four-mixte-professionnel-choisir\/#breadcrumb\"},\"inLanguage\":\"fr-FR\",\"potentialAction\":[{\"@type\":\"ReadAction\",\"target\":[\"https:\/\/www.electroluxprofessional.com\/fr\/quel-four-mixte-professionnel-choisir\/\"]}]},{\"@type\":\"ImageObject\",\"inLanguage\":\"fr-FR\",\"@id\":\"https:\/\/www.electroluxprofessional.com\/fr\/quel-four-mixte-professionnel-choisir\/#primaryimage\",\"url\":\"https:\/\/www.electroluxprofessional.com\/fr\/wp-content\/uploads\/2026\/04\/four-mixte-professionnel.jpg\",\"contentUrl\":\"https:\/\/www.electroluxprofessional.com\/fr\/wp-content\/uploads\/2026\/04\/four-mixte-professionnel.jpg\",\"width\":966,\"height\":712,\"caption\":\"Four mixte professionnel - Electrolux Professional\"},{\"@type\":\"BreadcrumbList\",\"@id\":\"https:\/\/www.electroluxprofessional.com\/fr\/quel-four-mixte-professionnel-choisir\/#breadcrumb\",\"itemListElement\":[{\"@type\":\"ListItem\",\"position\":1,\"name\":\"Home\",\"item\":\"https:\/\/www.electroluxprofessional.com\/fr\/\"},{\"@type\":\"ListItem\",\"position\":2,\"name\":\"Four mixte professionnel : qu\u2019est-ce que c\u2019est et comment choisir\"}]},{\"@type\":\"WebSite\",\"@id\":\"https:\/\/www.electroluxprofessional.com\/fr\/#website\",\"url\":\"https:\/\/www.electroluxprofessional.com\/fr\/\",\"name\":\"Electrolux Professional France\",\"description\":\"\",\"potentialAction\":[{\"@type\":\"SearchAction\",\"target\":{\"@type\":\"EntryPoint\",\"urlTemplate\":\"https:\/\/www.electroluxprofessional.com\/fr\/?src={search_term_string}\"},\"query-input\":\"required name=search_term_string\"}],\"inLanguage\":\"fr-FR\"},{\"@type\":\"Person\",\"@id\":\"https:\/\/www.electroluxprofessional.com\/fr\/#\/schema\/person\/142ba12f94a753e8998120493bb002b1\",\"name\":\"francesca.firmo@iongroup.com\",\"image\":{\"@type\":\"ImageObject\",\"inLanguage\":\"fr-FR\",\"@id\":\"https:\/\/www.electroluxprofessional.com\/fr\/#\/schema\/person\/image\/\",\"url\":\"https:\/\/secure.gravatar.com\/avatar\/2c72e61a040d419247037a6f2c3da516?s=96&d=mm&r=g\",\"contentUrl\":\"https:\/\/secure.gravatar.com\/avatar\/2c72e61a040d419247037a6f2c3da516?s=96&d=mm&r=g\",\"caption\":\"francesca.firmo@iongroup.com\"},\"url\":\"https:\/\/www.electroluxprofessional.com\/fr\/author\/francesca-firmo\/\"}]}<\/script>\n<!-- \/ Yoast SEO plugin. -->","yoast_head_json":{"title":"Quel four mixte professionnel choisir ? Guide complet | Electrolux Professional","description":"D\u00e9couvrez ce qu\u2019est un four mixte (combi) professionnel, ses avantages et les crit\u00e8res cl\u00e9s pour bien choisir selon votre cuisine et vos besoins.","robots":{"index":"index","follow":"follow","max-snippet":"max-snippet:-1","max-image-preview":"max-image-preview:large","max-video-preview":"max-video-preview:-1"},"canonical":"https:\/\/www.electroluxprofessional.com\/fr\/quel-four-mixte-professionnel-choisir\/","og_locale":"fr_FR","og_type":"article","og_title":"Quel four mixte professionnel choisir ? Guide complet | Electrolux Professional","og_description":"D\u00e9couvrez ce qu\u2019est un four mixte (combi) professionnel, ses avantages et les crit\u00e8res cl\u00e9s pour bien choisir selon votre cuisine et vos besoins.","og_url":"https:\/\/www.electroluxprofessional.com\/fr\/quel-four-mixte-professionnel-choisir\/","og_site_name":"Electrolux Professional France","article_published_time":"2026-04-27T10:00:58+00:00","article_modified_time":"2026-04-20T12:57:00+00:00","og_image":[{"width":966,"height":712,"url":"https:\/\/www.electroluxprofessional.com\/fr\/wp-content\/uploads\/2026\/04\/four-mixte-professionnel.jpg","type":"image\/jpeg"}],"author":"francesca.firmo@iongroup.com","twitter_card":"summary_large_image","twitter_misc":{"\u00c9crit par":"francesca.firmo@iongroup.com","Dur\u00e9e de lecture estim\u00e9e":"5 minutes"},"schema":{"@context":"https:\/\/schema.org","@graph":[{"@type":"WebPage","@id":"https:\/\/www.electroluxprofessional.com\/fr\/quel-four-mixte-professionnel-choisir\/","url":"https:\/\/www.electroluxprofessional.com\/fr\/quel-four-mixte-professionnel-choisir\/","name":"Quel four mixte professionnel choisir ? Guide complet | Electrolux Professional","isPartOf":{"@id":"https:\/\/www.electroluxprofessional.com\/fr\/#website"},"primaryImageOfPage":{"@id":"https:\/\/www.electroluxprofessional.com\/fr\/quel-four-mixte-professionnel-choisir\/#primaryimage"},"image":{"@id":"https:\/\/www.electroluxprofessional.com\/fr\/quel-four-mixte-professionnel-choisir\/#primaryimage"},"thumbnailUrl":"https:\/\/www.electroluxprofessional.com\/fr\/wp-content\/uploads\/2026\/04\/four-mixte-professionnel.jpg","datePublished":"2026-04-27T10:00:58+00:00","dateModified":"2026-04-20T12:57:00+00:00","author":{"@id":"https:\/\/www.electroluxprofessional.com\/fr\/#\/schema\/person\/142ba12f94a753e8998120493bb002b1"},"description":"D\u00e9couvrez ce qu\u2019est un four mixte (combi) professionnel, ses avantages et les crit\u00e8res cl\u00e9s pour bien choisir selon votre cuisine et vos besoins.","breadcrumb":{"@id":"https:\/\/www.electroluxprofessional.com\/fr\/quel-four-mixte-professionnel-choisir\/#breadcrumb"},"inLanguage":"fr-FR","potentialAction":[{"@type":"ReadAction","target":["https:\/\/www.electroluxprofessional.com\/fr\/quel-four-mixte-professionnel-choisir\/"]}]},{"@type":"ImageObject","inLanguage":"fr-FR","@id":"https:\/\/www.electroluxprofessional.com\/fr\/quel-four-mixte-professionnel-choisir\/#primaryimage","url":"https:\/\/www.electroluxprofessional.com\/fr\/wp-content\/uploads\/2026\/04\/four-mixte-professionnel.jpg","contentUrl":"https:\/\/www.electroluxprofessional.com\/fr\/wp-content\/uploads\/2026\/04\/four-mixte-professionnel.jpg","width":966,"height":712,"caption":"Four mixte professionnel - Electrolux Professional"},{"@type":"BreadcrumbList","@id":"https:\/\/www.electroluxprofessional.com\/fr\/quel-four-mixte-professionnel-choisir\/#breadcrumb","itemListElement":[{"@type":"ListItem","position":1,"name":"Home","item":"https:\/\/www.electroluxprofessional.com\/fr\/"},{"@type":"ListItem","position":2,"name":"Four mixte professionnel : qu\u2019est-ce que c\u2019est et comment choisir"}]},{"@type":"WebSite","@id":"https:\/\/www.electroluxprofessional.com\/fr\/#website","url":"https:\/\/www.electroluxprofessional.com\/fr\/","name":"Electrolux Professional France","description":"","potentialAction":[{"@type":"SearchAction","target":{"@type":"EntryPoint","urlTemplate":"https:\/\/www.electroluxprofessional.com\/fr\/?src={search_term_string}"},"query-input":"required name=search_term_string"}],"inLanguage":"fr-FR"},{"@type":"Person","@id":"https:\/\/www.electroluxprofessional.com\/fr\/#\/schema\/person\/142ba12f94a753e8998120493bb002b1","name":"francesca.firmo@iongroup.com","image":{"@type":"ImageObject","inLanguage":"fr-FR","@id":"https:\/\/www.electroluxprofessional.com\/fr\/#\/schema\/person\/image\/","url":"https:\/\/secure.gravatar.com\/avatar\/2c72e61a040d419247037a6f2c3da516?s=96&d=mm&r=g","contentUrl":"https:\/\/secure.gravatar.com\/avatar\/2c72e61a040d419247037a6f2c3da516?s=96&d=mm&r=g","caption":"francesca.firmo@iongroup.com"},"url":"https:\/\/www.electroluxprofessional.com\/fr\/author\/francesca-firmo\/"}]}},"_links":{"self":[{"href":"https:\/\/www.electroluxprofessional.com\/fr\/wp-json\/wp\/v2\/posts\/32223"}],"collection":[{"href":"https:\/\/www.electroluxprofessional.com\/fr\/wp-json\/wp\/v2\/posts"}],"about":[{"href":"https:\/\/www.electroluxprofessional.com\/fr\/wp-json\/wp\/v2\/types\/post"}],"author":[{"embeddable":true,"href":"https:\/\/www.electroluxprofessional.com\/fr\/wp-json\/wp\/v2\/users\/651"}],"replies":[{"embeddable":true,"href":"https:\/\/www.electroluxprofessional.com\/fr\/wp-json\/wp\/v2\/comments?post=32223"}],"version-history":[{"count":2,"href":"https:\/\/www.electroluxprofessional.com\/fr\/wp-json\/wp\/v2\/posts\/32223\/revisions"}],"predecessor-version":[{"id":32228,"href":"https:\/\/www.electroluxprofessional.com\/fr\/wp-json\/wp\/v2\/posts\/32223\/revisions\/32228"}],"wp:featuredmedia":[{"embeddable":true,"href":"https:\/\/www.electroluxprofessional.com\/fr\/wp-json\/wp\/v2\/media\/32226"}],"wp:attachment":[{"href":"https:\/\/www.electroluxprofessional.com\/fr\/wp-json\/wp\/v2\/media?parent=32223"}],"wp:term":[{"taxonomy":"category","embeddable":true,"href":"https:\/\/www.electroluxprofessional.com\/fr\/wp-json\/wp\/v2\/categories?post=32223"},{"taxonomy":"post_tag","embeddable":true,"href":"https:\/\/www.electroluxprofessional.com\/fr\/wp-json\/wp\/v2\/tags?post=32223"}],"curies":[{"name":"wp","href":"https:\/\/api.w.org\/{rel}","templated":true}]}}