{"id":26006,"date":"2024-11-18T09:43:09","date_gmt":"2024-11-18T09:43:09","guid":{"rendered":"https:\/\/www.electroluxprofessional.com\/fr\/?p=26006"},"modified":"2026-04-10T13:45:24","modified_gmt":"2026-04-10T13:45:24","slug":"gagnant-concours-mylaverieaward-2024","status":"publish","type":"post","link":"https:\/\/www.electroluxprofessional.com\/fr\/gagnant-concours-mylaverieaward-2024\/","title":{"rendered":"Concours MyLaverie Award 2024 : et le gagnant est\u2026"},"content":{"rendered":"<p>[vc_row][vc_column][vc_column_text]Le concours MyLaverie Award, qui a vocation d\u2019\u00e9lire la plus belle laverie de France m\u00e9tropolitaine \u00e9quip\u00e9e en mat\u00e9riel Electrolux Professional a \u00e9lu ses 3 plus belles laveries.[\/vc_column_text][vc_empty_space][elx_heading text_color=&#8221;inherit&#8221;]Le podium des 3 plus belles laveries de France \u00e9quip\u00e9es en Electrolux Professional[\/elx_heading][vc_empty_space][vc_column_text]Apr\u00e8s une \u00e9valuation minutieuse des candidatures par notre jury compos\u00e9 de professionnels d&#8217;Electrolux Professional et du magazine Entretien Textile, nous sommes ravis de d\u00e9voiler les laveries laur\u00e9ates de cette \u00e9dition.[\/vc_column_text][vc_empty_space][\/vc_column][\/vc_row][vc_row custom_color_row=&#8221;bg-download-blue&#8221; full_width=&#8221;electroluxpro-full-width&#8221; css=&#8221;.vc_custom_1731945757498{background-color: #0b1847 !important;}&#8221;][vc_column][vc_empty_space][elx_heading font_container=&#8221;h3&#8243; text_color=&#8221;solid-gold&#8221; text_align=&#8221;text-center&#8221;]Le gagnant du concours<br \/>\nMyLaverie Award 2024 est[\/elx_heading][elx_heading font_container=&#8221;h4&#8243; text_color=&#8221;white&#8221; text_align=&#8221;text-center&#8221;]&#8221;Le Lavoir&#8221; situ\u00e9 \u00e0 Gruissan (11)[\/elx_heading][vc_empty_space][vc_single_image image=&#8221;26045&#8243; img_size=&#8221;900*500&#8243; alignment=&#8221;center&#8221; style=&#8221;vc_box_rounded&#8221; onclick=&#8221;custom_link&#8221; link=&#8221;#1&#8243;][vc_empty_space][\/vc_column][\/vc_row][vc_row custom_color_row=&#8221;bg-download-blue&#8221; full_width=&#8221;electroluxpro-full-width&#8221; css=&#8221;.vc_custom_1731945757498{background-color: #0b1847 !important;}&#8221;][vc_column width=&#8221;1\/3&#8243;][vc_single_image image=&#8221;26043&#8243; img_size=&#8221;700*500&#8243; alignment=&#8221;center&#8221; style=&#8221;vc_box_rounded&#8221; onclick=&#8221;custom_link&#8221; css_animation=&#8221;fadeIn&#8221; link=&#8221;#1&#8243;][vc_empty_space][\/vc_column][vc_column width=&#8221;1\/3&#8243;][vc_single_image image=&#8221;26044&#8243; img_size=&#8221;700*500&#8243; alignment=&#8221;center&#8221; style=&#8221;vc_box_rounded&#8221; onclick=&#8221;custom_link&#8221; css_animation=&#8221;fadeIn&#8221; link=&#8221;#1&#8243;][vc_empty_space][\/vc_column][vc_column width=&#8221;1\/3&#8243;][vc_single_image image=&#8221;26009&#8243; img_size=&#8221;700*500&#8243; alignment=&#8221;center&#8221; style=&#8221;vc_box_rounded&#8221; onclick=&#8221;custom_link&#8221; css_animation=&#8221;fadeIn&#8221; link=&#8221;#1&#8243;][vc_empty_space][\/vc_column][\/vc_row][vc_row custom_color_row=&#8221;bg-download-blue&#8221; full_width=&#8221;electroluxpro-full-width&#8221; css=&#8221;.vc_custom_1731945757498{background-color: #0b1847 !important;}&#8221;][vc_column][vc_column_text]<\/p>\n<p style=\"color: #ffffff; text-align: center;\">Equip\u00e9e de 3 laveuses 8 kg, 2 laveuses 20 kg et 2 s\u00e9choirs superpos\u00e9s 17kg,<br \/>\ncette laverie install\u00e9e par notre partenaire Atlan a \u00e9t\u00e9 \u00e9lue par notre jury.<br \/>\n<em>Vid\u00e9o disponible <a href=\"https:\/\/www.youtube.com\/watch?v=0XqijrNGFt4\" target=\"_blank\" rel=\"noopener\">ici <\/a><\/em><\/p>\n<p>[\/vc_column_text][vc_empty_space][\/vc_column][\/vc_row][vc_row custom_color_row=&#8221;bg-download-blue&#8221; full_width=&#8221;electroluxpro-full-width&#8221; css=&#8221;.vc_custom_1731945757498{background-color: #0b1847 !important;}&#8221;][vc_column width=&#8221;1\/2&#8243;][vc_empty_space][elx_heading font_container=&#8221;h3&#8243; text_color=&#8221;laundry-solutions&#8221; text_align=&#8221;text-center&#8221;]2\u00e8me place[\/elx_heading][elx_heading font_container=&#8221;h4&#8243; text_color=&#8221;white&#8221; text_align=&#8221;text-center&#8221;]La laverie G\u00e9rard Yvon<br \/>\nsitu\u00e9e \u00e0 Vend\u00f4me (41)[\/elx_heading][vc_empty_space][vc_single_image image=&#8221;26010&#8243; img_size=&#8221;400*300&#8243; alignment=&#8221;center&#8221; style=&#8221;vc_box_rounded&#8221; onclick=&#8221;custom_link&#8221; css_animation=&#8221;fadeIn&#8221; link=&#8221;#2&#8243;][vc_empty_space][\/vc_column][vc_column width=&#8221;1\/2&#8243;][vc_empty_space][elx_heading font_container=&#8221;h3&#8243; text_color=&#8221;laundry-solutions&#8221; text_align=&#8221;text-center&#8221;]3\u00e8me place[\/elx_heading][elx_heading font_container=&#8221;h4&#8243; text_color=&#8221;white&#8221; text_align=&#8221;text-center&#8221;]La laverie A+ situ\u00e9e dans le 20\u00e8me arrondissement \u00e0 Paris [\/elx_heading][vc_empty_space][vc_single_image image=&#8221;26011&#8243; img_size=&#8221;400*300&#8243; alignment=&#8221;center&#8221; style=&#8221;vc_box_rounded&#8221; onclick=&#8221;custom_link&#8221; css_animation=&#8221;fadeIn&#8221; link=&#8221;#3&#8243;][vc_empty_space][\/vc_column][\/vc_row][vc_row][vc_column][vc_empty_space][vc_column_text]<\/p>\n<p style=\"text-align: center;\">Ces 3 laveries se sont distingu\u00e9es par leurs am\u00e9nagements int\u00e9rieur et ext\u00e9rieur exceptionnels, la qualit\u00e9 et la vari\u00e9t\u00e9 des \u00e9quipements, par le respect de la charte graphique de la marque Electrolux Professional ainsi que leur cr\u00e9ativit\u00e9 afin de rendre les espaces polyvalents, pratiques et conviviaux. Nous tenons \u00e0 f\u00e9liciter chaleureusement ces \u00e9tablissements et particuli\u00e8rement la laverie \u2018Le Lavoir&#8217; qui remporte le premier prix.<br \/>\nNous tenons \u00e0 remercier tous les participants pour leur engagement et leur cr\u00e9ativit\u00e9 !<\/p>\n<p>[\/vc_column_text][vc_empty_space][vc_zigzag][vc_empty_space][\/vc_column][\/vc_row][vc_row full_width=&#8221;electroluxpro-full-width&#8221; el_id=&#8221;1&#8243;][vc_column width=&#8221;1\/2&#8243;][vc_empty_space][vc_single_image image=&#8221;26009&#8243; img_size=&#8221;400*300&#8243; alignment=&#8221;center&#8221; style=&#8221;vc_box_rounded&#8221; onclick=&#8221;custom_link&#8221; css_animation=&#8221;fadeIn&#8221; link=&#8221;#1&#8243;][\/vc_column][vc_column width=&#8221;1\/2&#8243;][vc_empty_space][vc_empty_space][elx_heading text_color=&#8221;solid-gold&#8221;]1\u00e8re place[\/elx_heading][elx_heading text_color=&#8221;inherit&#8221;]Le Lavoir situ\u00e9 \u00e0 Gruissan dans l&#8217;Aude[\/elx_heading][vc_column_text]<\/p>\n<p class=\"x_MsoNormal\">R\u00e9alis\u00e9e par Atlan et situ\u00e9e \u00e0 Gruissan (11)<b><\/b><\/p>\n<p>[\/vc_column_text][\/vc_column][\/vc_row][vc_row][vc_column width=&#8221;1\/2&#8243; css=&#8221;.vc_custom_1731946887013{margin-left: 15px !important;}&#8221;][vc_empty_space][vc_column_text css=&#8221;.vc_custom_1732118747337{margin-left: 15px !important;}&#8221;]<\/p>\n<p class=\"x_MsoNormal\"><b>Points forts :<\/b><\/p>\n<ul type=\"disc\">\n<li class=\"x_MsoNormal\">Lessive inject\u00e9e<\/li>\n<li class=\"x_MsoNormal\">\u00c9tag\u00e8re biblioth\u00e8que partag\u00e9e<\/li>\n<li class=\"x_MsoNormal\">Conciergerie avec lockers<\/li>\n<li class=\"x_MsoNormal\">Code couleurs douces et style \u00e9pur\u00e9<\/li>\n<li class=\"x_MsoNormal\">Distributeurs automatiques de boissons chaudes &amp; de snacks<\/li>\n<li class=\"x_MsoNormal\">Vue sur le port de Gruissan<\/li>\n<\/ul>\n<p>[\/vc_column_text][\/vc_column][vc_column width=&#8221;1\/2&#8243;][vc_empty_space][vc_single_image image=&#8221;26016&#8243; img_size=&#8221;400*300&#8243; alignment=&#8221;center&#8221; style=&#8221;vc_box_rounded&#8221; onclick=&#8221;custom_link&#8221; css_animation=&#8221;fadeIn&#8221; link=&#8221;#1&#8243;][vc_empty_space][\/vc_column][\/vc_row][vc_row][vc_column][vc_empty_space][vc_zigzag][\/vc_column][\/vc_row][vc_row el_id=&#8221;2&#8243;][vc_column width=&#8221;1\/2&#8243;][vc_empty_space][vc_single_image image=&#8221;26010&#8243; img_size=&#8221;400*300&#8243; alignment=&#8221;center&#8221; style=&#8221;vc_box_rounded&#8221; onclick=&#8221;custom_link&#8221; css_animation=&#8221;fadeIn&#8221; link=&#8221;#2&#8243;][\/vc_column][vc_column width=&#8221;1\/2&#8243;][vc_empty_space][vc_empty_space][elx_heading text_color=&#8221;laundry-solutions&#8221;]2\u00e8me place[\/elx_heading][elx_heading text_color=&#8221;inherit&#8221;]La Laverie G\u00e9rard Yvon situ\u00e9e \u00e0 Vend\u00f4me (41)[\/elx_heading][vc_column_text]<\/p>\n<p class=\"x_MsoNormal\">R\u00e9alis\u00e9e par ERT et situ\u00e9e \u00e0 Vend\u00f4me (41)<b><\/b><\/p>\n<p>[\/vc_column_text][\/vc_column][\/vc_row][vc_row][vc_column width=&#8221;1\/2&#8243; css=&#8221;.vc_custom_1731946896201{margin-left: 15px !important;}&#8221;][vc_empty_space][vc_column_text]<\/p>\n<p class=\"x_MsoNormal\"><b>Points forts :<\/b><\/p>\n<ul type=\"disc\">\n<li class=\"x_MsoNormal\">Utilisation de machines \u00e0 laver High spin<\/li>\n<li class=\"x_MsoNormal\">Services compl\u00e9mentaires pour g\u00e9n\u00e9rer du trafic et accentuer l\u2019attractivit\u00e9 de la laverie avec pick-up et cabine photo<\/li>\n<\/ul>\n<p>[\/vc_column_text][vc_empty_space][\/vc_column][vc_column width=&#8221;1\/2&#8243;][vc_empty_space][vc_single_image image=&#8221;26018&#8243; img_size=&#8221;400*300&#8243; alignment=&#8221;center&#8221; style=&#8221;vc_box_rounded&#8221; onclick=&#8221;custom_link&#8221; css_animation=&#8221;fadeIn&#8221; link=&#8221;#3&#8243;][\/vc_column][\/vc_row][vc_row][vc_column][vc_empty_space][vc_zigzag][\/vc_column][\/vc_row][vc_row el_id=&#8221;3&#8243;][vc_column width=&#8221;1\/2&#8243;][vc_empty_space][vc_single_image image=&#8221;26011&#8243; img_size=&#8221;400*300&#8243; alignment=&#8221;center&#8221; style=&#8221;vc_box_rounded&#8221; onclick=&#8221;custom_link&#8221; css_animation=&#8221;fadeIn&#8221; link=&#8221;#3&#8243;][\/vc_column][vc_column width=&#8221;1\/2&#8243;][vc_empty_space][vc_empty_space][elx_heading text_color=&#8221;laundry-solutions&#8221;]3\u00e8me place[\/elx_heading][elx_heading text_color=&#8221;inherit&#8221;]La laverie A+ situ\u00e9e dans le 20\u00e8me arrondissement de Paris[\/elx_heading][vc_column_text]<\/p>\n<p class=\"x_MsoNormal\">R\u00e9alis\u00e9e par H2O LAV<b><\/b><\/p>\n<p>[\/vc_column_text][\/vc_column][\/vc_row][vc_row][vc_column width=&#8221;1\/2&#8243; css=&#8221;.vc_custom_1731946904385{margin-left: 15px !important;}&#8221;][vc_empty_space][vc_empty_space][vc_column_text]<\/p>\n<p class=\"x_MsoNormal\"><b>Points forts :<\/b><\/p>\n<ul type=\"disc\">\n<li class=\"x_MsoNormal\">Disposition en \u00eelot<\/li>\n<li class=\"x_MsoNormal\">Effet parisien avec la d\u00e9coration carreaux m\u00e9tro<\/li>\n<\/ul>\n<p>[\/vc_column_text][\/vc_column][vc_column width=&#8221;1\/2&#8243;][vc_empty_space][vc_single_image image=&#8221;26017&#8243; img_size=&#8221;400*300&#8243; alignment=&#8221;center&#8221; style=&#8221;vc_box_rounded&#8221; onclick=&#8221;custom_link&#8221; css_animation=&#8221;fadeIn&#8221; link=&#8221;#2&#8243;][\/vc_column][\/vc_row][vc_row][vc_column][vc_empty_space][elx_heading text_color=&#8221;inherit&#8221;]D\u00e9couvrez \u00e9galement[\/elx_heading][vc_empty_space][\/vc_column][\/vc_row][vc_row][vc_column width=&#8221;1\/3&#8243;][vc_single_image image=&#8221;24750&#8243; img_size=&#8221;350*350&#8243; alignment=&#8221;center&#8221;][elx_heading font_container=&#8221;h6&#8243; text_color=&#8221;inherit&#8221; text_align=&#8221;text-center&#8221;]Le guide complet pour ouvrir votre laverie[\/elx_heading][vc_column_text]<\/p>\n<p style=\"text-align: center;\"><a href=\"https:\/\/www.electroluxprofessional.com\/fr\/ouvrir-laverie-automatique-guide-complet\/\">&gt; D\u00e9couvrir<\/a><\/p>\n<p>[\/vc_column_text][vc_empty_space][\/vc_column][vc_column width=&#8221;1\/3&#8243;][vc_single_image image=&#8221;23807&#8243; img_size=&#8221;350*350&#8243; alignment=&#8221;center&#8221;][elx_heading font_container=&#8221;h6&#8243; text_color=&#8221;inherit&#8221; text_align=&#8221;text-center&#8221;]5 tendances en laverie libre-service[\/elx_heading][vc_column_text]<\/p>\n<p style=\"text-align: center;\"><a href=\"https:\/\/www.electroluxprofessional.com\/fr\/tendances-laverie-libre-service\/\">&gt; D\u00e9couvrir<\/a><\/p>\n<p>[\/vc_column_text][vc_empty_space][\/vc_column][vc_column width=&#8221;1\/3&#8243;][vc_single_image image=&#8221;15724&#8243; img_size=&#8221;350*350&#8243; alignment=&#8221;center&#8221;][elx_heading font_container=&#8221;h6&#8243; text_color=&#8221;inherit&#8221; text_align=&#8221;text-center&#8221;]Laveries : comment r\u00e9aliser des \u00e9conomies ?[\/elx_heading][vc_column_text]<\/p>\n<p style=\"text-align: center;\"><a href=\"https:\/\/www.electroluxprofessional.com\/fr\/laveries-economies-equipements\/\">&gt; D\u00e9couvrir<\/a><\/p>\n<p>[\/vc_column_text][vc_empty_space][\/vc_column][\/vc_row]<\/p>\n","protected":false},"excerpt":{"rendered":"<p>[vc_row][vc_column][vc_column_text]Le concours MyLaverie Award, qui a vocation d\u2019\u00e9lire la plus belle laverie de France m\u00e9tropolitaine \u00e9quip\u00e9e en mat\u00e9riel Electrolux Professional a \u00e9lu ses 3 plus belles laveries.[\/vc_column_text][vc_empty_space][elx_heading text_color=&#8221;inherit&#8221;]Le podium des 3 plus belles laveries de France \u00e9quip\u00e9es en Electrolux Professional[\/elx_heading][vc_empty_space][vc_column_text]Apr\u00e8s une \u00e9valuation minutieuse des candidatures par notre jury compos\u00e9 de professionnels d&#8217;Electrolux Professional et du [&hellip;]<\/p>\n","protected":false},"author":93,"featured_media":26022,"comment_status":"closed","ping_status":"closed","sticky":false,"template":"","format":"standard","meta":{"footnotes":""},"categories":[66,267],"tags":[],"class_list":["post-26006","post","type-post","status-publish","format-standard","has-post-thumbnail","hentry","category-actualites","category-blanchisserie"],"acf":[],"yoast_head":"<!-- This site is optimized with the Yoast SEO plugin v23.3 - https:\/\/yoast.com\/wordpress\/plugins\/seo\/ -->\n<title>Concours MyLaverie Award 2024: et le gagnant est | Electrolux Professional<\/title>\n<meta name=\"description\" content=\"F\u00e9licitations ! Qui a remport\u00e9 le MyLaverieAward 2024 ? D\u00e9couvrez le laur\u00e9at et son projet de blanchisserie innovant.\" \/>\n<meta name=\"robots\" content=\"index, follow, max-snippet:-1, max-image-preview:large, max-video-preview:-1\" \/>\n<link rel=\"canonical\" href=\"https:\/\/www.electroluxprofessional.com\/fr\/gagnant-concours-mylaverieaward-2024\/\" \/>\n<meta property=\"og:locale\" content=\"fr_FR\" \/>\n<meta property=\"og:type\" content=\"article\" \/>\n<meta property=\"og:title\" content=\"Concours MyLaverie Award 2024: et le gagnant est | Electrolux Professional\" \/>\n<meta property=\"og:description\" content=\"F\u00e9licitations ! Qui a remport\u00e9 le MyLaverieAward 2024 ? D\u00e9couvrez le laur\u00e9at et son projet de blanchisserie innovant.\" \/>\n<meta property=\"og:url\" content=\"https:\/\/www.electroluxprofessional.com\/fr\/gagnant-concours-mylaverieaward-2024\/\" \/>\n<meta property=\"og:site_name\" content=\"Electrolux Professional France\" \/>\n<meta property=\"article:published_time\" content=\"2024-11-18T09:43:09+00:00\" \/>\n<meta property=\"article:modified_time\" content=\"2026-04-10T13:45:24+00:00\" \/>\n<meta property=\"og:image\" content=\"https:\/\/www.electroluxprofessional.com\/fr\/wp-content\/uploads\/2024\/11\/3.jpg\" \/>\n\t<meta property=\"og:image:width\" content=\"2000\" \/>\n\t<meta property=\"og:image:height\" content=\"819\" \/>\n\t<meta property=\"og:image:type\" content=\"image\/jpeg\" \/>\n<meta name=\"author\" content=\"audrey.pastor@electroluxprofessional.com\" \/>\n<meta name=\"twitter:card\" content=\"summary_large_image\" \/>\n<meta name=\"twitter:label1\" content=\"\u00c9crit par\" \/>\n\t<meta name=\"twitter:data1\" content=\"audrey.pastor@electroluxprofessional.com\" \/>\n\t<meta name=\"twitter:label2\" content=\"Dur\u00e9e de lecture estim\u00e9e\" \/>\n\t<meta name=\"twitter:data2\" content=\"5 minutes\" \/>\n<script type=\"application\/ld+json\" class=\"yoast-schema-graph\">{\"@context\":\"https:\/\/schema.org\",\"@graph\":[{\"@type\":\"WebPage\",\"@id\":\"https:\/\/www.electroluxprofessional.com\/fr\/gagnant-concours-mylaverieaward-2024\/\",\"url\":\"https:\/\/www.electroluxprofessional.com\/fr\/gagnant-concours-mylaverieaward-2024\/\",\"name\":\"Concours MyLaverie Award 2024: et le gagnant est | Electrolux Professional\",\"isPartOf\":{\"@id\":\"https:\/\/www.electroluxprofessional.com\/fr\/#website\"},\"primaryImageOfPage\":{\"@id\":\"https:\/\/www.electroluxprofessional.com\/fr\/gagnant-concours-mylaverieaward-2024\/#primaryimage\"},\"image\":{\"@id\":\"https:\/\/www.electroluxprofessional.com\/fr\/gagnant-concours-mylaverieaward-2024\/#primaryimage\"},\"thumbnailUrl\":\"https:\/\/www.electroluxprofessional.com\/fr\/wp-content\/uploads\/2024\/11\/3.jpg\",\"datePublished\":\"2024-11-18T09:43:09+00:00\",\"dateModified\":\"2026-04-10T13:45:24+00:00\",\"author\":{\"@id\":\"https:\/\/www.electroluxprofessional.com\/fr\/#\/schema\/person\/326bf3c73ee95a5a522ef715a4f02bb1\"},\"description\":\"F\u00e9licitations ! Qui a remport\u00e9 le MyLaverieAward 2024 ? D\u00e9couvrez le laur\u00e9at et son projet de blanchisserie innovant.\",\"breadcrumb\":{\"@id\":\"https:\/\/www.electroluxprofessional.com\/fr\/gagnant-concours-mylaverieaward-2024\/#breadcrumb\"},\"inLanguage\":\"fr-FR\",\"potentialAction\":[{\"@type\":\"ReadAction\",\"target\":[\"https:\/\/www.electroluxprofessional.com\/fr\/gagnant-concours-mylaverieaward-2024\/\"]}]},{\"@type\":\"ImageObject\",\"inLanguage\":\"fr-FR\",\"@id\":\"https:\/\/www.electroluxprofessional.com\/fr\/gagnant-concours-mylaverieaward-2024\/#primaryimage\",\"url\":\"https:\/\/www.electroluxprofessional.com\/fr\/wp-content\/uploads\/2024\/11\/3.jpg\",\"contentUrl\":\"https:\/\/www.electroluxprofessional.com\/fr\/wp-content\/uploads\/2024\/11\/3.jpg\",\"width\":2000,\"height\":819,\"caption\":\"Laverie Le lavoir\"},{\"@type\":\"BreadcrumbList\",\"@id\":\"https:\/\/www.electroluxprofessional.com\/fr\/gagnant-concours-mylaverieaward-2024\/#breadcrumb\",\"itemListElement\":[{\"@type\":\"ListItem\",\"position\":1,\"name\":\"Home\",\"item\":\"https:\/\/www.electroluxprofessional.com\/fr\/\"},{\"@type\":\"ListItem\",\"position\":2,\"name\":\"Concours MyLaverie Award 2024 : et le gagnant est\u2026\"}]},{\"@type\":\"WebSite\",\"@id\":\"https:\/\/www.electroluxprofessional.com\/fr\/#website\",\"url\":\"https:\/\/www.electroluxprofessional.com\/fr\/\",\"name\":\"Electrolux Professional France\",\"description\":\"\",\"potentialAction\":[{\"@type\":\"SearchAction\",\"target\":{\"@type\":\"EntryPoint\",\"urlTemplate\":\"https:\/\/www.electroluxprofessional.com\/fr\/?src={search_term_string}\"},\"query-input\":\"required name=search_term_string\"}],\"inLanguage\":\"fr-FR\"},{\"@type\":\"Person\",\"@id\":\"https:\/\/www.electroluxprofessional.com\/fr\/#\/schema\/person\/326bf3c73ee95a5a522ef715a4f02bb1\",\"name\":\"audrey.pastor@electroluxprofessional.com\",\"image\":{\"@type\":\"ImageObject\",\"inLanguage\":\"fr-FR\",\"@id\":\"https:\/\/www.electroluxprofessional.com\/fr\/#\/schema\/person\/image\/\",\"url\":\"https:\/\/secure.gravatar.com\/avatar\/298fb02599d5703a43cf45fdf7c44e13?s=96&d=mm&r=g\",\"contentUrl\":\"https:\/\/secure.gravatar.com\/avatar\/298fb02599d5703a43cf45fdf7c44e13?s=96&d=mm&r=g\",\"caption\":\"audrey.pastor@electroluxprofessional.com\"},\"url\":\"https:\/\/www.electroluxprofessional.com\/fr\/author\/audrey-pastor\/\"}]}<\/script>\n<!-- \/ Yoast SEO plugin. -->","yoast_head_json":{"title":"Concours MyLaverie Award 2024: et le gagnant est | Electrolux Professional","description":"F\u00e9licitations ! Qui a remport\u00e9 le MyLaverieAward 2024 ? D\u00e9couvrez le laur\u00e9at et son projet de blanchisserie innovant.","robots":{"index":"index","follow":"follow","max-snippet":"max-snippet:-1","max-image-preview":"max-image-preview:large","max-video-preview":"max-video-preview:-1"},"canonical":"https:\/\/www.electroluxprofessional.com\/fr\/gagnant-concours-mylaverieaward-2024\/","og_locale":"fr_FR","og_type":"article","og_title":"Concours MyLaverie Award 2024: et le gagnant est | Electrolux Professional","og_description":"F\u00e9licitations ! Qui a remport\u00e9 le MyLaverieAward 2024 ? D\u00e9couvrez le laur\u00e9at et son projet de blanchisserie innovant.","og_url":"https:\/\/www.electroluxprofessional.com\/fr\/gagnant-concours-mylaverieaward-2024\/","og_site_name":"Electrolux Professional France","article_published_time":"2024-11-18T09:43:09+00:00","article_modified_time":"2026-04-10T13:45:24+00:00","og_image":[{"width":2000,"height":819,"url":"https:\/\/www.electroluxprofessional.com\/fr\/wp-content\/uploads\/2024\/11\/3.jpg","type":"image\/jpeg"}],"author":"audrey.pastor@electroluxprofessional.com","twitter_card":"summary_large_image","twitter_misc":{"\u00c9crit par":"audrey.pastor@electroluxprofessional.com","Dur\u00e9e de lecture estim\u00e9e":"5 minutes"},"schema":{"@context":"https:\/\/schema.org","@graph":[{"@type":"WebPage","@id":"https:\/\/www.electroluxprofessional.com\/fr\/gagnant-concours-mylaverieaward-2024\/","url":"https:\/\/www.electroluxprofessional.com\/fr\/gagnant-concours-mylaverieaward-2024\/","name":"Concours MyLaverie Award 2024: et le gagnant est | Electrolux Professional","isPartOf":{"@id":"https:\/\/www.electroluxprofessional.com\/fr\/#website"},"primaryImageOfPage":{"@id":"https:\/\/www.electroluxprofessional.com\/fr\/gagnant-concours-mylaverieaward-2024\/#primaryimage"},"image":{"@id":"https:\/\/www.electroluxprofessional.com\/fr\/gagnant-concours-mylaverieaward-2024\/#primaryimage"},"thumbnailUrl":"https:\/\/www.electroluxprofessional.com\/fr\/wp-content\/uploads\/2024\/11\/3.jpg","datePublished":"2024-11-18T09:43:09+00:00","dateModified":"2026-04-10T13:45:24+00:00","author":{"@id":"https:\/\/www.electroluxprofessional.com\/fr\/#\/schema\/person\/326bf3c73ee95a5a522ef715a4f02bb1"},"description":"F\u00e9licitations ! Qui a remport\u00e9 le MyLaverieAward 2024 ? D\u00e9couvrez le laur\u00e9at et son projet de blanchisserie innovant.","breadcrumb":{"@id":"https:\/\/www.electroluxprofessional.com\/fr\/gagnant-concours-mylaverieaward-2024\/#breadcrumb"},"inLanguage":"fr-FR","potentialAction":[{"@type":"ReadAction","target":["https:\/\/www.electroluxprofessional.com\/fr\/gagnant-concours-mylaverieaward-2024\/"]}]},{"@type":"ImageObject","inLanguage":"fr-FR","@id":"https:\/\/www.electroluxprofessional.com\/fr\/gagnant-concours-mylaverieaward-2024\/#primaryimage","url":"https:\/\/www.electroluxprofessional.com\/fr\/wp-content\/uploads\/2024\/11\/3.jpg","contentUrl":"https:\/\/www.electroluxprofessional.com\/fr\/wp-content\/uploads\/2024\/11\/3.jpg","width":2000,"height":819,"caption":"Laverie Le lavoir"},{"@type":"BreadcrumbList","@id":"https:\/\/www.electroluxprofessional.com\/fr\/gagnant-concours-mylaverieaward-2024\/#breadcrumb","itemListElement":[{"@type":"ListItem","position":1,"name":"Home","item":"https:\/\/www.electroluxprofessional.com\/fr\/"},{"@type":"ListItem","position":2,"name":"Concours MyLaverie Award 2024 : et le gagnant est\u2026"}]},{"@type":"WebSite","@id":"https:\/\/www.electroluxprofessional.com\/fr\/#website","url":"https:\/\/www.electroluxprofessional.com\/fr\/","name":"Electrolux Professional France","description":"","potentialAction":[{"@type":"SearchAction","target":{"@type":"EntryPoint","urlTemplate":"https:\/\/www.electroluxprofessional.com\/fr\/?src={search_term_string}"},"query-input":"required name=search_term_string"}],"inLanguage":"fr-FR"},{"@type":"Person","@id":"https:\/\/www.electroluxprofessional.com\/fr\/#\/schema\/person\/326bf3c73ee95a5a522ef715a4f02bb1","name":"audrey.pastor@electroluxprofessional.com","image":{"@type":"ImageObject","inLanguage":"fr-FR","@id":"https:\/\/www.electroluxprofessional.com\/fr\/#\/schema\/person\/image\/","url":"https:\/\/secure.gravatar.com\/avatar\/298fb02599d5703a43cf45fdf7c44e13?s=96&d=mm&r=g","contentUrl":"https:\/\/secure.gravatar.com\/avatar\/298fb02599d5703a43cf45fdf7c44e13?s=96&d=mm&r=g","caption":"audrey.pastor@electroluxprofessional.com"},"url":"https:\/\/www.electroluxprofessional.com\/fr\/author\/audrey-pastor\/"}]}},"_links":{"self":[{"href":"https:\/\/www.electroluxprofessional.com\/fr\/wp-json\/wp\/v2\/posts\/26006"}],"collection":[{"href":"https:\/\/www.electroluxprofessional.com\/fr\/wp-json\/wp\/v2\/posts"}],"about":[{"href":"https:\/\/www.electroluxprofessional.com\/fr\/wp-json\/wp\/v2\/types\/post"}],"author":[{"embeddable":true,"href":"https:\/\/www.electroluxprofessional.com\/fr\/wp-json\/wp\/v2\/users\/93"}],"replies":[{"embeddable":true,"href":"https:\/\/www.electroluxprofessional.com\/fr\/wp-json\/wp\/v2\/comments?post=26006"}],"version-history":[{"count":29,"href":"https:\/\/www.electroluxprofessional.com\/fr\/wp-json\/wp\/v2\/posts\/26006\/revisions"}],"predecessor-version":[{"id":31919,"href":"https:\/\/www.electroluxprofessional.com\/fr\/wp-json\/wp\/v2\/posts\/26006\/revisions\/31919"}],"wp:featuredmedia":[{"embeddable":true,"href":"https:\/\/www.electroluxprofessional.com\/fr\/wp-json\/wp\/v2\/media\/26022"}],"wp:attachment":[{"href":"https:\/\/www.electroluxprofessional.com\/fr\/wp-json\/wp\/v2\/media?parent=26006"}],"wp:term":[{"taxonomy":"category","embeddable":true,"href":"https:\/\/www.electroluxprofessional.com\/fr\/wp-json\/wp\/v2\/categories?post=26006"},{"taxonomy":"post_tag","embeddable":true,"href":"https:\/\/www.electroluxprofessional.com\/fr\/wp-json\/wp\/v2\/tags?post=26006"}],"curies":[{"name":"wp","href":"https:\/\/api.w.org\/{rel}","templated":true}]}}