{"id":21407,"date":"2023-03-07T12:27:57","date_gmt":"2023-03-07T12:27:57","guid":{"rendered":"https:\/\/www.electroluxprofessional.com\/fr\/?p=21407"},"modified":"2024-03-19T15:30:49","modified_gmt":"2024-03-19T15:30:49","slug":"economies-energie-refrigerateurs-professionnels","status":"publish","type":"post","link":"https:\/\/www.electroluxprofessional.com\/fr\/economies-energie-refrigerateurs-professionnels\/","title":{"rendered":"R\u00e9duisez vos co\u00fbts \u00e9nerg\u00e9tiques avec les r\u00e9frig\u00e9rateurs professionnels"},"content":{"rendered":"<p>[vc_row][vc_column][vc_column_text]Des tables aux armoires r\u00e9frig\u00e9r\u00e9es positives et n\u00e9gatives, les <strong>\u00e9quipements de r\u00e9frig\u00e9ration<\/strong> repr\u00e9sentent pr\u00e8s du <a href=\"https:\/\/academic.oup.com\/ijlct\/article\/11\/1\/66\/2363520\">tiers de l&#8217;\u00e9nergie utilis\u00e9e<\/a> au sein d&#8217;une cuisine professionnelle. Comme il est rarement voire jamais \u00e9teint afin de respecter la cha\u00eene du froid et les normes d&#8217;hygi\u00e8ne, on peut parfois penser \u00e0 tort que les co\u00fbts de fonctionnement \u00e9lev\u00e9s sont in\u00e9vitables. Cependant, lorsqu&#8217;il est correctement utilis\u00e9 et r\u00e9guli\u00e8rement entretenu, ce n&#8217;est pas toujours le cas.[\/vc_column_text][vc_empty_space][\/vc_column][\/vc_row][vc_row][vc_column][elx_heading text_color=&#8221;inherit&#8221;]Qu&#8217;est-ce qu&#8217;un r\u00e9frig\u00e9rateur professionnel \u00e9co\u00e9nerg\u00e9tique ?[\/elx_heading][vc_empty_space height=&#8221;16px&#8221;][vc_column_text]Le moyen le plus simple de <strong>d\u00e9terminer l&#8217;efficacit\u00e9 \u00e9nerg\u00e9tique<\/strong> d&#8217;un frigo professionnel est de <strong>prendre en compte son classement \u00e9nerg\u00e9tique.<\/strong> Les \u00e9tiquettes \u00e9nerg\u00e9tiques ont \u00e9t\u00e9 introduites pour la premi\u00e8re fois pour les \u00e9quipements de restauration commerciale dans le cadre de la directive europ\u00e9enne sur l&#8217;\u00e9tiquetage \u00e9nerg\u00e9tique (qui fait partie de la directive sur l&#8217;\u00e9coconception) en juillet 2016. <strong>Les appareils sont class\u00e9s \u00ab A+++ \u00e0 G \u00bb<\/strong>, \u00ab A+++ \u00bb \u00e9tant la classe la moins \u00e9nergivore et \u00ab G \u00bb \u00e9tant la classe la plus \u00e9nergivore.[\/vc_column_text][vc_empty_space][\/vc_column][\/vc_row][vc_row equal_height=&#8221;yes&#8221;][vc_column width=&#8221;1\/2&#8243;][vc_single_image image=&#8221;21405&#8243; img_size=&#8221;408&#215;500&#8243; alignment=&#8221;center&#8221;][\/vc_column][vc_column width=&#8221;1\/2&#8243;][vc_column_text]Les \u00e9tiquettes \u00e9nerg\u00e9tiques des \u00e9quipements de r\u00e9frig\u00e9ration professionnels affichent \u00e9galement d&#8217;autres informations cl\u00e9s, telles que la <strong>capacit\u00e9 nette de stockage<\/strong>\u00a0et la <strong>consommation d&#8217;\u00e9nergie annuelle<\/strong> (kWh\/an).[\/vc_column_text][vc_column_text]Un autre indicateur de performance utile que les utilisateurs doivent conna\u00eetre est la <strong>classe climatique<\/strong>, qui illustre la capacit\u00e9 de l&#8217;appareil \u00e0 conserver correctement les denr\u00e9es alimentaires. Compte tenu des temp\u00e9ratures g\u00e9n\u00e9ralement \u00e9lev\u00e9es dans une cuisine professionnelle, les utilisateurs doivent choisir des unit\u00e9s de r\u00e9frig\u00e9ration con\u00e7ues selon la classe climatique 4 ou 5. Cela garantit un fonctionnement optimal de l&#8217;appareil, m\u00eame si la temp\u00e9rature ambiante atteint 30 \u00e0 40 \u00b0C.[\/vc_column_text][\/vc_column][\/vc_row][vc_row][vc_column][vc_empty_space height=&#8221;16px&#8221;][elx_heading text_color=&#8221;inherit&#8221;]R\u00e9alisez des \u00e9conomies d&#8217;\u00e9nergie avec les r\u00e9frig\u00e9rateurs professionnels Electrolux Professional[\/elx_heading][vc_empty_space height=&#8221;16px&#8221;][vc_column_text]Les derni\u00e8res armoires r\u00e9frig\u00e9r\u00e9es professionnelles\u00a0maximisent l&#8217;efficacit\u00e9 de leur performance gr\u00e2ce \u00e0 une multitude de technologies innovantes.[\/vc_column_text][vc_column_text]Par exemple, la <a href=\"https:\/\/www.electroluxprofessional.com\/fr\/equipement-cuisine\/refrigeration\/armoires-refrigerees\/\">gamme ecostoreHP Premium Electrolux Professional<\/a> est \u00e9quip\u00e9e du<strong> syst\u00e8me de circulation d&#8217;air intelligent Optiflow<\/strong>. Cette fonction garantit une temp\u00e9rature int\u00e9rieure constante, quel que soit le nombre de fois que la ou les portes vitr\u00e9es ou non sont ouvertes et ferm\u00e9es.<\/p>\n<p>Cependant, il existe une vari\u00e9t\u00e9 <strong>d&#8217;autres facteurs qui peuvent avoir un impact sur l&#8217;efficacit\u00e9 de la r\u00e9frig\u00e9ration,<\/strong> y compris le gaz r\u00e9frig\u00e9rant, le choix des mat\u00e9riaux d&#8217;isolation et l&#8217;\u00e9paisseur des parois. En effet, les mod\u00e8les Electrolux Professional utilisent le <strong>gaz r\u00e9frig\u00e9rant naturel R290<\/strong> qui est \u00e0 la fois plus durable que les r\u00e9frig\u00e9rants hydrofluorocarbon\u00e9s (HFC) et moins corrosif pour le compresseur et les autres composants internes.[\/vc_column_text][vc_empty_space][\/vc_column][\/vc_row][vc_row][vc_column width=&#8221;1\/2&#8243;][elx_heading text_color=&#8221;inherit&#8221;]Conseils pour un fonctionnement optimal de votre armoire r\u00e9frig\u00e9r\u00e9e[\/elx_heading][vc_empty_space height=&#8221;16px&#8221;][vc_column_text]Le moyen le plus simple de <strong>r\u00e9duire la consommation d&#8217;\u00e9nergie<\/strong> est d&#8217;investir dans un mod\u00e8le le plus efficient possible selon votre budget. Cependant, il existe quelques astuces que les op\u00e9rateurs peuvent suivre pour maximiser l&#8217;efficacit\u00e9 de n&#8217;importe quel appareil :[\/vc_column_text][vc_column_text][\/vc_column_text][\/vc_column][vc_column width=&#8221;1\/2&#8243;][vc_single_image image=&#8221;21406&#8243; img_size=&#8221;full&#8221; alignment=&#8221;center&#8221;][\/vc_column][\/vc_row][vc_row][vc_column][vc_column_text]<\/p>\n<ol>\n<li><strong>Avant tout, les op\u00e9rateurs ne doivent jamais d\u00e9passer la capacit\u00e9 de stockage indiqu\u00e9e sur l&#8217;\u00e9tiquette \u00e9nerg\u00e9tique.<\/strong> Cela peut limiter le flux d&#8217;air autour du contenu et potentiellement rompre la cha\u00eene du foid. Quant au gaspillage alimentaire, il reste une d\u00e9pense \u00e0 \u00e9viter \u00e0 tout prix. Gr\u00e2ce \u00e0 sa conception innovante, la large gamme de tables et d&#8217;armoires frigorifiques positives et n\u00e9gatives professionnelles <a href=\"https:\/\/www.electroluxprofessional.com\/fr\/equipement-cuisine\/refrigeration\/armoires-refrigerees\/\">ecostoreHP Premium<\/a>, b\u00e9n\u00e9ficie d&#8217;une capacit\u00e9 accrue de 20 % par rapport \u00e0 d&#8217;autres conceptions unit\u00e9s ayant des encombrements similaires.<\/li>\n<li>Deuxi\u00e8mement, <strong>le serpentin du condenseur doit \u00eatre nettoy\u00e9 au moins tous les trois mois<\/strong> pour \u00e9viter l&#8217;accumulation de poussi\u00e8re ou de salet\u00e9s. Cela emp\u00eachera \u00e9galement l&#8217;appareil de surchauffer et l&#8217;aidera \u00e0 fonctionner normalement et efficacement. Les utilisateurs peuvent \u00e9galement opter pour des mod\u00e8les avec des condenseurs \u00e0 cadre filaire, tels que ceux propos\u00e9s dans la s\u00e9rie ecostoreHP Premium, car ils n\u00e9cessitent moins de maintenance.<\/li>\n<li>Enfin, <strong>tous les joints de porte doivent \u00eatre fr\u00e9quemment retir\u00e9s, nettoy\u00e9s et v\u00e9rifi\u00e9s pour d\u00e9tecter les fuites.<\/strong> Ne pas le faire peut augmenter par inadvertance la consommation d&#8217;\u00e9nergie car l&#8217;unit\u00e9 devra consommer plus d&#8217;\u00e9nergie pour maintenir la temp\u00e9rature. C&#8217;est pourquoi, les joints sont simples \u00e0 remplacer et un entretien r\u00e9gulier permet d&#8217;\u00e9viter tout probl\u00e8me. Les mod\u00e8les Electrolux Professional disposent d&#8217;un joint magn\u00e9tique \u00e0 trois chambres qui renforcent l&#8217;isolation de l&#8217;appareil.<\/li>\n<\/ol>\n<p>[\/vc_column_text][vc_empty_space][\/vc_column][\/vc_row][vc_row][vc_column][elx_heading text_color=&#8221;inherit&#8221;]Conclusion[\/elx_heading][vc_empty_space height=&#8221;16px&#8221;][vc_column_text]Alors que la r\u00e9frig\u00e9ration professionnelle peut faire partie de la cat\u00e9gorie d&#8217;appareils la plus \u00e9nergivore dans une cuisine professionnelle, <strong>il existe chez Electrolux Professional de nombreuses fa\u00e7ons de r\u00e9duire la consommation d&#8217;\u00e9nergie et de permettre aux utilisateurs de r\u00e9aliser des \u00e9conomies.<\/strong>[\/vc_column_text][vc_empty_space][\/vc_column][\/vc_row]<\/p>\n","protected":false},"excerpt":{"rendered":"<p>[vc_row][vc_column][vc_column_text]Des tables aux armoires r\u00e9frig\u00e9r\u00e9es positives et n\u00e9gatives, les \u00e9quipements de r\u00e9frig\u00e9ration repr\u00e9sentent pr\u00e8s du tiers de l&#8217;\u00e9nergie utilis\u00e9e au sein d&#8217;une cuisine professionnelle. Comme il est rarement voire jamais \u00e9teint afin de respecter la cha\u00eene du froid et les normes d&#8217;hygi\u00e8ne, on peut parfois penser \u00e0 tort que les co\u00fbts de fonctionnement \u00e9lev\u00e9s sont [&hellip;]<\/p>\n","protected":false},"author":93,"featured_media":21404,"comment_status":"open","ping_status":"closed","sticky":false,"template":"","format":"standard","meta":{"footnotes":""},"categories":[268],"tags":[],"class_list":["post-21407","post","type-post","status-publish","format-standard","has-post-thumbnail","hentry","category-developpement-durable"],"acf":[],"yoast_head":"<!-- This site is optimized with the Yoast SEO plugin v23.3 - https:\/\/yoast.com\/wordpress\/plugins\/seo\/ -->\n<title>Conseils d&#039;\u00e9conomie d&#039;\u00e9nergie pour les r\u00e9frig\u00e9rateurs professionnels<\/title>\n<meta name=\"description\" content=\"Pour r\u00e9duire la consommation d&#039;\u00e9nergie, investissez dans le r\u00e9frig\u00e9rateur le plus performant que vous puissiez. Il existe \u00e9galement des astuces pour maximiser l&#039;efficacit\u00e9 \u00e9nerg\u00e9tique de n&#039;importe quel appareil.\" \/>\n<meta name=\"robots\" content=\"index, follow, max-snippet:-1, max-image-preview:large, max-video-preview:-1\" \/>\n<link rel=\"canonical\" href=\"https:\/\/www.electroluxprofessional.com\/fr\/economies-energie-refrigerateurs-professionnels\/\" \/>\n<meta property=\"og:locale\" content=\"fr_FR\" \/>\n<meta property=\"og:type\" content=\"article\" \/>\n<meta property=\"og:title\" content=\"R\u00e9duisez vos co\u00fbts \u00e9nerg\u00e9tiques avec les r\u00e9frig\u00e9rateurs professionnels !\" \/>\n<meta property=\"og:description\" content=\"Pour r\u00e9duire la consommation d&#039;\u00e9nergie, investissez dans le r\u00e9frig\u00e9rateur le plus performant que vous puissiez. Il existe \u00e9galement des astuces pour maximiser l&#039;efficacit\u00e9 \u00e9nerg\u00e9tique de n&#039;importe quel appareil.\" \/>\n<meta property=\"og:url\" content=\"https:\/\/www.electroluxprofessional.com\/fr\/economies-energie-refrigerateurs-professionnels\/\" \/>\n<meta property=\"og:site_name\" content=\"Electrolux Professional France\" \/>\n<meta property=\"article:published_time\" content=\"2023-03-07T12:27:57+00:00\" \/>\n<meta property=\"article:modified_time\" content=\"2024-03-19T15:30:49+00:00\" \/>\n<meta property=\"og:image\" content=\"https:\/\/www.electroluxprofessional.com\/fr\/wp-content\/uploads\/2024\/03\/ecostore-min.png\" \/>\n\t<meta property=\"og:image:width\" content=\"702\" \/>\n\t<meta property=\"og:image:height\" content=\"392\" \/>\n\t<meta property=\"og:image:type\" content=\"image\/png\" \/>\n<meta name=\"author\" content=\"audrey.pastor@electroluxprofessional.com\" \/>\n<meta name=\"twitter:card\" content=\"summary_large_image\" \/>\n<meta name=\"twitter:label1\" content=\"\u00c9crit par\" \/>\n\t<meta name=\"twitter:data1\" content=\"audrey.pastor@electroluxprofessional.com\" \/>\n\t<meta name=\"twitter:label2\" content=\"Dur\u00e9e de lecture estim\u00e9e\" \/>\n\t<meta name=\"twitter:data2\" content=\"4 minutes\" \/>\n<script type=\"application\/ld+json\" class=\"yoast-schema-graph\">{\"@context\":\"https:\/\/schema.org\",\"@graph\":[{\"@type\":\"WebPage\",\"@id\":\"https:\/\/www.electroluxprofessional.com\/fr\/economies-energie-refrigerateurs-professionnels\/\",\"url\":\"https:\/\/www.electroluxprofessional.com\/fr\/economies-energie-refrigerateurs-professionnels\/\",\"name\":\"Conseils d'\u00e9conomie d'\u00e9nergie pour les r\u00e9frig\u00e9rateurs professionnels\",\"isPartOf\":{\"@id\":\"https:\/\/www.electroluxprofessional.com\/fr\/#website\"},\"primaryImageOfPage\":{\"@id\":\"https:\/\/www.electroluxprofessional.com\/fr\/economies-energie-refrigerateurs-professionnels\/#primaryimage\"},\"image\":{\"@id\":\"https:\/\/www.electroluxprofessional.com\/fr\/economies-energie-refrigerateurs-professionnels\/#primaryimage\"},\"thumbnailUrl\":\"https:\/\/www.electroluxprofessional.com\/fr\/wp-content\/uploads\/2023\/03\/SEO-preview-966x712-1.jpg\",\"datePublished\":\"2023-03-07T12:27:57+00:00\",\"dateModified\":\"2024-03-19T15:30:49+00:00\",\"author\":{\"@id\":\"https:\/\/www.electroluxprofessional.com\/fr\/#\/schema\/person\/326bf3c73ee95a5a522ef715a4f02bb1\"},\"description\":\"Pour r\u00e9duire la consommation d'\u00e9nergie, investissez dans le r\u00e9frig\u00e9rateur le plus performant que vous puissiez. Il existe \u00e9galement des astuces pour maximiser l'efficacit\u00e9 \u00e9nerg\u00e9tique de n'importe quel appareil.\",\"breadcrumb\":{\"@id\":\"https:\/\/www.electroluxprofessional.com\/fr\/economies-energie-refrigerateurs-professionnels\/#breadcrumb\"},\"inLanguage\":\"fr-FR\",\"potentialAction\":[{\"@type\":\"ReadAction\",\"target\":[\"https:\/\/www.electroluxprofessional.com\/fr\/economies-energie-refrigerateurs-professionnels\/\"]}]},{\"@type\":\"ImageObject\",\"inLanguage\":\"fr-FR\",\"@id\":\"https:\/\/www.electroluxprofessional.com\/fr\/economies-energie-refrigerateurs-professionnels\/#primaryimage\",\"url\":\"https:\/\/www.electroluxprofessional.com\/fr\/wp-content\/uploads\/2023\/03\/SEO-preview-966x712-1.jpg\",\"contentUrl\":\"https:\/\/www.electroluxprofessional.com\/fr\/wp-content\/uploads\/2023\/03\/SEO-preview-966x712-1.jpg\",\"width\":966,\"height\":712,\"caption\":\"SEO-preview-966x712\"},{\"@type\":\"BreadcrumbList\",\"@id\":\"https:\/\/www.electroluxprofessional.com\/fr\/economies-energie-refrigerateurs-professionnels\/#breadcrumb\",\"itemListElement\":[{\"@type\":\"ListItem\",\"position\":1,\"name\":\"Home\",\"item\":\"https:\/\/www.electroluxprofessional.com\/fr\/\"},{\"@type\":\"ListItem\",\"position\":2,\"name\":\"R\u00e9duisez vos co\u00fbts \u00e9nerg\u00e9tiques avec les r\u00e9frig\u00e9rateurs professionnels\"}]},{\"@type\":\"WebSite\",\"@id\":\"https:\/\/www.electroluxprofessional.com\/fr\/#website\",\"url\":\"https:\/\/www.electroluxprofessional.com\/fr\/\",\"name\":\"Electrolux Professional France\",\"description\":\"\",\"potentialAction\":[{\"@type\":\"SearchAction\",\"target\":{\"@type\":\"EntryPoint\",\"urlTemplate\":\"https:\/\/www.electroluxprofessional.com\/fr\/?src={search_term_string}\"},\"query-input\":\"required name=search_term_string\"}],\"inLanguage\":\"fr-FR\"},{\"@type\":\"Person\",\"@id\":\"https:\/\/www.electroluxprofessional.com\/fr\/#\/schema\/person\/326bf3c73ee95a5a522ef715a4f02bb1\",\"name\":\"audrey.pastor@electroluxprofessional.com\",\"image\":{\"@type\":\"ImageObject\",\"inLanguage\":\"fr-FR\",\"@id\":\"https:\/\/www.electroluxprofessional.com\/fr\/#\/schema\/person\/image\/\",\"url\":\"https:\/\/secure.gravatar.com\/avatar\/298fb02599d5703a43cf45fdf7c44e13?s=96&d=mm&r=g\",\"contentUrl\":\"https:\/\/secure.gravatar.com\/avatar\/298fb02599d5703a43cf45fdf7c44e13?s=96&d=mm&r=g\",\"caption\":\"audrey.pastor@electroluxprofessional.com\"},\"url\":\"https:\/\/www.electroluxprofessional.com\/fr\/author\/audrey-pastor\/\"}]}<\/script>\n<!-- \/ Yoast SEO plugin. -->","yoast_head_json":{"title":"Conseils d'\u00e9conomie d'\u00e9nergie pour les r\u00e9frig\u00e9rateurs professionnels","description":"Pour r\u00e9duire la consommation d'\u00e9nergie, investissez dans le r\u00e9frig\u00e9rateur le plus performant que vous puissiez. Il existe \u00e9galement des astuces pour maximiser l'efficacit\u00e9 \u00e9nerg\u00e9tique de n'importe quel appareil.","robots":{"index":"index","follow":"follow","max-snippet":"max-snippet:-1","max-image-preview":"max-image-preview:large","max-video-preview":"max-video-preview:-1"},"canonical":"https:\/\/www.electroluxprofessional.com\/fr\/economies-energie-refrigerateurs-professionnels\/","og_locale":"fr_FR","og_type":"article","og_title":"R\u00e9duisez vos co\u00fbts \u00e9nerg\u00e9tiques avec les r\u00e9frig\u00e9rateurs professionnels !","og_description":"Pour r\u00e9duire la consommation d'\u00e9nergie, investissez dans le r\u00e9frig\u00e9rateur le plus performant que vous puissiez. Il existe \u00e9galement des astuces pour maximiser l'efficacit\u00e9 \u00e9nerg\u00e9tique de n'importe quel appareil.","og_url":"https:\/\/www.electroluxprofessional.com\/fr\/economies-energie-refrigerateurs-professionnels\/","og_site_name":"Electrolux Professional France","article_published_time":"2023-03-07T12:27:57+00:00","article_modified_time":"2024-03-19T15:30:49+00:00","og_image":[{"width":702,"height":392,"url":"https:\/\/www.electroluxprofessional.com\/fr\/wp-content\/uploads\/2024\/03\/ecostore-min.png","type":"image\/png"}],"author":"audrey.pastor@electroluxprofessional.com","twitter_card":"summary_large_image","twitter_misc":{"\u00c9crit par":"audrey.pastor@electroluxprofessional.com","Dur\u00e9e de lecture estim\u00e9e":"4 minutes"},"schema":{"@context":"https:\/\/schema.org","@graph":[{"@type":"WebPage","@id":"https:\/\/www.electroluxprofessional.com\/fr\/economies-energie-refrigerateurs-professionnels\/","url":"https:\/\/www.electroluxprofessional.com\/fr\/economies-energie-refrigerateurs-professionnels\/","name":"Conseils d'\u00e9conomie d'\u00e9nergie pour les r\u00e9frig\u00e9rateurs professionnels","isPartOf":{"@id":"https:\/\/www.electroluxprofessional.com\/fr\/#website"},"primaryImageOfPage":{"@id":"https:\/\/www.electroluxprofessional.com\/fr\/economies-energie-refrigerateurs-professionnels\/#primaryimage"},"image":{"@id":"https:\/\/www.electroluxprofessional.com\/fr\/economies-energie-refrigerateurs-professionnels\/#primaryimage"},"thumbnailUrl":"https:\/\/www.electroluxprofessional.com\/fr\/wp-content\/uploads\/2023\/03\/SEO-preview-966x712-1.jpg","datePublished":"2023-03-07T12:27:57+00:00","dateModified":"2024-03-19T15:30:49+00:00","author":{"@id":"https:\/\/www.electroluxprofessional.com\/fr\/#\/schema\/person\/326bf3c73ee95a5a522ef715a4f02bb1"},"description":"Pour r\u00e9duire la consommation d'\u00e9nergie, investissez dans le r\u00e9frig\u00e9rateur le plus performant que vous puissiez. Il existe \u00e9galement des astuces pour maximiser l'efficacit\u00e9 \u00e9nerg\u00e9tique de n'importe quel appareil.","breadcrumb":{"@id":"https:\/\/www.electroluxprofessional.com\/fr\/economies-energie-refrigerateurs-professionnels\/#breadcrumb"},"inLanguage":"fr-FR","potentialAction":[{"@type":"ReadAction","target":["https:\/\/www.electroluxprofessional.com\/fr\/economies-energie-refrigerateurs-professionnels\/"]}]},{"@type":"ImageObject","inLanguage":"fr-FR","@id":"https:\/\/www.electroluxprofessional.com\/fr\/economies-energie-refrigerateurs-professionnels\/#primaryimage","url":"https:\/\/www.electroluxprofessional.com\/fr\/wp-content\/uploads\/2023\/03\/SEO-preview-966x712-1.jpg","contentUrl":"https:\/\/www.electroluxprofessional.com\/fr\/wp-content\/uploads\/2023\/03\/SEO-preview-966x712-1.jpg","width":966,"height":712,"caption":"SEO-preview-966x712"},{"@type":"BreadcrumbList","@id":"https:\/\/www.electroluxprofessional.com\/fr\/economies-energie-refrigerateurs-professionnels\/#breadcrumb","itemListElement":[{"@type":"ListItem","position":1,"name":"Home","item":"https:\/\/www.electroluxprofessional.com\/fr\/"},{"@type":"ListItem","position":2,"name":"R\u00e9duisez vos co\u00fbts \u00e9nerg\u00e9tiques avec les r\u00e9frig\u00e9rateurs professionnels"}]},{"@type":"WebSite","@id":"https:\/\/www.electroluxprofessional.com\/fr\/#website","url":"https:\/\/www.electroluxprofessional.com\/fr\/","name":"Electrolux Professional France","description":"","potentialAction":[{"@type":"SearchAction","target":{"@type":"EntryPoint","urlTemplate":"https:\/\/www.electroluxprofessional.com\/fr\/?src={search_term_string}"},"query-input":"required name=search_term_string"}],"inLanguage":"fr-FR"},{"@type":"Person","@id":"https:\/\/www.electroluxprofessional.com\/fr\/#\/schema\/person\/326bf3c73ee95a5a522ef715a4f02bb1","name":"audrey.pastor@electroluxprofessional.com","image":{"@type":"ImageObject","inLanguage":"fr-FR","@id":"https:\/\/www.electroluxprofessional.com\/fr\/#\/schema\/person\/image\/","url":"https:\/\/secure.gravatar.com\/avatar\/298fb02599d5703a43cf45fdf7c44e13?s=96&d=mm&r=g","contentUrl":"https:\/\/secure.gravatar.com\/avatar\/298fb02599d5703a43cf45fdf7c44e13?s=96&d=mm&r=g","caption":"audrey.pastor@electroluxprofessional.com"},"url":"https:\/\/www.electroluxprofessional.com\/fr\/author\/audrey-pastor\/"}]}},"_links":{"self":[{"href":"https:\/\/www.electroluxprofessional.com\/fr\/wp-json\/wp\/v2\/posts\/21407"}],"collection":[{"href":"https:\/\/www.electroluxprofessional.com\/fr\/wp-json\/wp\/v2\/posts"}],"about":[{"href":"https:\/\/www.electroluxprofessional.com\/fr\/wp-json\/wp\/v2\/types\/post"}],"author":[{"embeddable":true,"href":"https:\/\/www.electroluxprofessional.com\/fr\/wp-json\/wp\/v2\/users\/93"}],"replies":[{"embeddable":true,"href":"https:\/\/www.electroluxprofessional.com\/fr\/wp-json\/wp\/v2\/comments?post=21407"}],"version-history":[{"count":7,"href":"https:\/\/www.electroluxprofessional.com\/fr\/wp-json\/wp\/v2\/posts\/21407\/revisions"}],"predecessor-version":[{"id":21698,"href":"https:\/\/www.electroluxprofessional.com\/fr\/wp-json\/wp\/v2\/posts\/21407\/revisions\/21698"}],"wp:featuredmedia":[{"embeddable":true,"href":"https:\/\/www.electroluxprofessional.com\/fr\/wp-json\/wp\/v2\/media\/21404"}],"wp:attachment":[{"href":"https:\/\/www.electroluxprofessional.com\/fr\/wp-json\/wp\/v2\/media?parent=21407"}],"wp:term":[{"taxonomy":"category","embeddable":true,"href":"https:\/\/www.electroluxprofessional.com\/fr\/wp-json\/wp\/v2\/categories?post=21407"},{"taxonomy":"post_tag","embeddable":true,"href":"https:\/\/www.electroluxprofessional.com\/fr\/wp-json\/wp\/v2\/tags?post=21407"}],"curies":[{"name":"wp","href":"https:\/\/api.w.org\/{rel}","templated":true}]}}