{"id":17881,"date":"2022-01-31T13:54:36","date_gmt":"2022-01-31T13:54:36","guid":{"rendered":"https:\/\/www.electroluxprofessional.com\/fr\/?p=17881"},"modified":"2026-04-10T13:55:40","modified_gmt":"2026-04-10T13:55:40","slug":"concours-my-laverie-award-2022","status":"publish","type":"post","link":"https:\/\/www.electroluxprofessional.com\/fr\/concours-my-laverie-award-2022\/","title":{"rendered":"Lancement concours My Laverie Award 2022"},"content":{"rendered":"<p>[vc_row][vc_column][vc_column_text]<strong>MyLaverie Award, le concours de la plus belle laverie est de retour en 2022\u00a0!<\/strong>[\/vc_column_text][vc_empty_space][vc_column_text]Le concours MyLaverie Award, qui a pour vocation l&#8217;\u00e9lection de la plus belle laverie de France m\u00e9tropolitaine \u00e9quip\u00e9e en mat\u00e9riel Electrolux Professional, est de retour.<\/p>\n<p>Initi\u00e9 il y a moins d\u2019une dizaine d\u2019ann\u00e9es, ce concours a r\u00e9v\u00e9l\u00e9 les plus belles laveries \u00e0 travers la France.[\/vc_column_text][\/vc_column][\/vc_row][vc_row][vc_column][vc_column_text]La derni\u00e8re \u00e9dition du concours a distingu\u00e9 la laverie O\u2019Lavoir, situ\u00e9e \u00e0 Salon de Provence. L\u2019int\u00e9rieur tr\u00e8s color\u00e9 de ce bungalow invite la client\u00e8le \u00e0 une immersion dans un espace accueillant et \u00e9pur\u00e9. Ce design chaleureux a \u00e9t\u00e9 con\u00e7u par la <a href=\"http:\/\/luxlaverie.com\/\">soci\u00e9t\u00e9 LuxLaverie<\/a>.<\/p>\n<p>\u00ab\u00a0Ce concours est une merveilleuse opportunit\u00e9 pour les propri\u00e9taires de <a href=\"https:\/\/www.electroluxprofessional.com\/fr\/materiel-laverie-hygiene\/\">laveries<\/a> \u00e9quip\u00e9es en mat\u00e9riel Electrolux Professional. Le concours est totalement gratuit et permet \u00e0 l\u2019\u00e9tablissement gagnant d\u2019obtenir une belle visibilit\u00e9\u00a0\u00bb d\u00e9clare Maxime Toubin, l\u2019expert laverie chez Electrolux Professional.<\/p>\n<p>Pour participer \u00e0 cette nouvelle saison 2022, rien de plus simple\u00a0:<\/p>\n<p>Les laveries r\u00e9pondant aux crit\u00e8res de s\u00e9lection du concours pourront se porter candidate aupr\u00e8s de leur installateur\/Partenaire Electrolux Professional en leur envoyant au minimum 3 photos de l\u2019int\u00e9rieur et de l\u2019ext\u00e9rieur de leur \u00e9tablissement.<\/p>\n<p><u>Les dossiers de participation devront obligatoirement \u00eatre envoy\u00e9s entre le 1<sup>er<\/sup> f\u00e9vrier 2022 et le 31 juillet 2022.<\/u><\/p>\n<p>Pour cette nouvelle \u00e9dition, les crit\u00e8res de s\u00e9lection du jury seront les suivants\u00a0:<\/p>\n<ul>\n<li>Am\u00e9nagement et design int\u00e9rieur de la laverie<\/li>\n<li>Am\u00e9nagement et design ext\u00e9rieur de la laverie<\/li>\n<li>Vari\u00e9t\u00e9 de l\u2019offre d\u2019appareils propos\u00e9s (taille, lavage et s\u00e9chage)<\/li>\n<\/ul>\n<p>Les laveries souhaitant se pr\u00e9senter au concours devront avoir \u00e9t\u00e9 install\u00e9es et mises en activit\u00e9 \u00e0 partir du 1<sup>er<\/sup> ao\u00fbt 2021.<\/p>\n<ul>\n<li>Le r\u00e8glement du concours My Laverie Award est disponible <a href=\"https:\/\/www.electroluxprofessional.com\/fr\/wp-content\/uploads\/2022\/01\/Reglement-general-My-Laverie-Award-2022.pdf\" target=\"_blank\" rel=\"noopener\">ici<\/a><\/li>\n<li>Le bulletin de participation est disponible <a href=\"https:\/\/www.electroluxprofessional.com\/fr\/wp-content\/uploads\/2022\/01\/Bulletin-de-participation-my-Laverie-Award-2022.docx\" target=\"_blank\" rel=\"noopener\">ici<\/a><\/li>\n<\/ul>\n<p>Electrolux Professional publiera les r\u00e9sultats du concours My Laverie Award sur ses r\u00e9seaux sociaux Electrolux Professional France et son site web <a href=\"https:\/\/www.electroluxprofessional.com\/fr\/\">www.electroluxprofessional.com\/fr\/<\/a> au plus tard le 30 septembre 2022.[\/vc_column_text][vc_empty_space][\/vc_column][\/vc_row]<\/p>\n","protected":false},"excerpt":{"rendered":"<p>[vc_row][vc_column][vc_column_text]MyLaverie Award, le concours de la plus belle laverie est de retour en 2022\u00a0![\/vc_column_text][vc_empty_space][vc_column_text]Le concours MyLaverie Award, qui a pour vocation l&#8217;\u00e9lection de la plus belle laverie de France m\u00e9tropolitaine \u00e9quip\u00e9e en mat\u00e9riel Electrolux Professional, est de retour. Initi\u00e9 il y a moins d\u2019une dizaine d\u2019ann\u00e9es, ce concours a r\u00e9v\u00e9l\u00e9 les plus belles laveries \u00e0 [&hellip;]<\/p>\n","protected":false},"author":93,"featured_media":17882,"comment_status":"closed","ping_status":"closed","sticky":false,"template":"","format":"standard","meta":{"footnotes":""},"categories":[66,267],"tags":[],"class_list":["post-17881","post","type-post","status-publish","format-standard","has-post-thumbnail","hentry","category-actualites","category-blanchisserie"],"acf":[],"yoast_head":"<!-- This site is optimized with the Yoast SEO plugin v23.3 - https:\/\/yoast.com\/wordpress\/plugins\/seo\/ -->\n<title>Lancement concours My Laverie Award | Electrolux Professional<\/title>\n<meta name=\"description\" content=\"Le concours MyLaverieAward est lanc\u00e9 ! Participez \u00e0 l\u2019\u00e9dition 2022 pour r\u00e9compenser et mettre en lumi\u00e8re votre laverie innovante.\" \/>\n<meta name=\"robots\" content=\"index, follow, max-snippet:-1, max-image-preview:large, max-video-preview:-1\" \/>\n<link rel=\"canonical\" href=\"https:\/\/www.electroluxprofessional.com\/fr\/concours-my-laverie-award-2022\/\" \/>\n<meta property=\"og:locale\" content=\"fr_FR\" \/>\n<meta property=\"og:type\" content=\"article\" \/>\n<meta property=\"og:title\" content=\"Les Journ\u00e9es du Patrimoine Culinaire 2021 avec Electrolux Professional\" \/>\n<meta property=\"og:description\" content=\"Le concours MyLaverieAward est lanc\u00e9 ! Participez \u00e0 l\u2019\u00e9dition 2022 pour r\u00e9compenser et mettre en lumi\u00e8re votre laverie innovante.\" \/>\n<meta property=\"og:url\" content=\"https:\/\/www.electroluxprofessional.com\/fr\/concours-my-laverie-award-2022\/\" \/>\n<meta property=\"og:site_name\" content=\"Electrolux Professional France\" \/>\n<meta property=\"article:published_time\" content=\"2022-01-31T13:54:36+00:00\" \/>\n<meta property=\"article:modified_time\" content=\"2026-04-10T13:55:40+00:00\" \/>\n<meta property=\"og:image\" content=\"https:\/\/www.electroluxprofessional.com\/fr\/wp-content\/uploads\/2021\/11\/1.jpg\" \/>\n\t<meta property=\"og:image:width\" content=\"850\" \/>\n\t<meta property=\"og:image:height\" content=\"318\" \/>\n\t<meta property=\"og:image:type\" content=\"image\/jpeg\" \/>\n<meta name=\"author\" content=\"audrey.pastor@electroluxprofessional.com\" \/>\n<meta name=\"twitter:card\" content=\"summary_large_image\" \/>\n<meta name=\"twitter:label1\" content=\"\u00c9crit par\" \/>\n\t<meta name=\"twitter:data1\" content=\"audrey.pastor@electroluxprofessional.com\" \/>\n\t<meta name=\"twitter:label2\" content=\"Dur\u00e9e de lecture estim\u00e9e\" \/>\n\t<meta name=\"twitter:data2\" content=\"2 minutes\" \/>\n<script type=\"application\/ld+json\" class=\"yoast-schema-graph\">{\"@context\":\"https:\/\/schema.org\",\"@graph\":[{\"@type\":\"WebPage\",\"@id\":\"https:\/\/www.electroluxprofessional.com\/fr\/concours-my-laverie-award-2022\/\",\"url\":\"https:\/\/www.electroluxprofessional.com\/fr\/concours-my-laverie-award-2022\/\",\"name\":\"Lancement concours My Laverie Award | Electrolux Professional\",\"isPartOf\":{\"@id\":\"https:\/\/www.electroluxprofessional.com\/fr\/#website\"},\"primaryImageOfPage\":{\"@id\":\"https:\/\/www.electroluxprofessional.com\/fr\/concours-my-laverie-award-2022\/#primaryimage\"},\"image\":{\"@id\":\"https:\/\/www.electroluxprofessional.com\/fr\/concours-my-laverie-award-2022\/#primaryimage\"},\"thumbnailUrl\":\"https:\/\/www.electroluxprofessional.com\/fr\/wp-content\/uploads\/2022\/01\/OLavoir-Salon-de-Provence.jpg\",\"datePublished\":\"2022-01-31T13:54:36+00:00\",\"dateModified\":\"2026-04-10T13:55:40+00:00\",\"author\":{\"@id\":\"https:\/\/www.electroluxprofessional.com\/fr\/#\/schema\/person\/326bf3c73ee95a5a522ef715a4f02bb1\"},\"description\":\"Le concours MyLaverieAward est lanc\u00e9 ! Participez \u00e0 l\u2019\u00e9dition 2022 pour r\u00e9compenser et mettre en lumi\u00e8re votre laverie innovante.\",\"breadcrumb\":{\"@id\":\"https:\/\/www.electroluxprofessional.com\/fr\/concours-my-laverie-award-2022\/#breadcrumb\"},\"inLanguage\":\"fr-FR\",\"potentialAction\":[{\"@type\":\"ReadAction\",\"target\":[\"https:\/\/www.electroluxprofessional.com\/fr\/concours-my-laverie-award-2022\/\"]}]},{\"@type\":\"ImageObject\",\"inLanguage\":\"fr-FR\",\"@id\":\"https:\/\/www.electroluxprofessional.com\/fr\/concours-my-laverie-award-2022\/#primaryimage\",\"url\":\"https:\/\/www.electroluxprofessional.com\/fr\/wp-content\/uploads\/2022\/01\/OLavoir-Salon-de-Provence.jpg\",\"contentUrl\":\"https:\/\/www.electroluxprofessional.com\/fr\/wp-content\/uploads\/2022\/01\/OLavoir-Salon-de-Provence.jpg\",\"width\":1250,\"height\":766,\"caption\":\"OLavoir Salon de Provence\"},{\"@type\":\"BreadcrumbList\",\"@id\":\"https:\/\/www.electroluxprofessional.com\/fr\/concours-my-laverie-award-2022\/#breadcrumb\",\"itemListElement\":[{\"@type\":\"ListItem\",\"position\":1,\"name\":\"Home\",\"item\":\"https:\/\/www.electroluxprofessional.com\/fr\/\"},{\"@type\":\"ListItem\",\"position\":2,\"name\":\"Lancement concours My Laverie Award 2022\"}]},{\"@type\":\"WebSite\",\"@id\":\"https:\/\/www.electroluxprofessional.com\/fr\/#website\",\"url\":\"https:\/\/www.electroluxprofessional.com\/fr\/\",\"name\":\"Electrolux Professional France\",\"description\":\"\",\"potentialAction\":[{\"@type\":\"SearchAction\",\"target\":{\"@type\":\"EntryPoint\",\"urlTemplate\":\"https:\/\/www.electroluxprofessional.com\/fr\/?src={search_term_string}\"},\"query-input\":\"required name=search_term_string\"}],\"inLanguage\":\"fr-FR\"},{\"@type\":\"Person\",\"@id\":\"https:\/\/www.electroluxprofessional.com\/fr\/#\/schema\/person\/326bf3c73ee95a5a522ef715a4f02bb1\",\"name\":\"audrey.pastor@electroluxprofessional.com\",\"image\":{\"@type\":\"ImageObject\",\"inLanguage\":\"fr-FR\",\"@id\":\"https:\/\/www.electroluxprofessional.com\/fr\/#\/schema\/person\/image\/\",\"url\":\"https:\/\/secure.gravatar.com\/avatar\/298fb02599d5703a43cf45fdf7c44e13?s=96&d=mm&r=g\",\"contentUrl\":\"https:\/\/secure.gravatar.com\/avatar\/298fb02599d5703a43cf45fdf7c44e13?s=96&d=mm&r=g\",\"caption\":\"audrey.pastor@electroluxprofessional.com\"},\"url\":\"https:\/\/www.electroluxprofessional.com\/fr\/author\/audrey-pastor\/\"}]}<\/script>\n<!-- \/ Yoast SEO plugin. -->","yoast_head_json":{"title":"Lancement concours My Laverie Award | Electrolux Professional","description":"Le concours MyLaverieAward est lanc\u00e9 ! Participez \u00e0 l\u2019\u00e9dition 2022 pour r\u00e9compenser et mettre en lumi\u00e8re votre laverie innovante.","robots":{"index":"index","follow":"follow","max-snippet":"max-snippet:-1","max-image-preview":"max-image-preview:large","max-video-preview":"max-video-preview:-1"},"canonical":"https:\/\/www.electroluxprofessional.com\/fr\/concours-my-laverie-award-2022\/","og_locale":"fr_FR","og_type":"article","og_title":"Les Journ\u00e9es du Patrimoine Culinaire 2021 avec Electrolux Professional","og_description":"Le concours MyLaverieAward est lanc\u00e9 ! Participez \u00e0 l\u2019\u00e9dition 2022 pour r\u00e9compenser et mettre en lumi\u00e8re votre laverie innovante.","og_url":"https:\/\/www.electroluxprofessional.com\/fr\/concours-my-laverie-award-2022\/","og_site_name":"Electrolux Professional France","article_published_time":"2022-01-31T13:54:36+00:00","article_modified_time":"2026-04-10T13:55:40+00:00","og_image":[{"width":850,"height":318,"url":"https:\/\/www.electroluxprofessional.com\/fr\/wp-content\/uploads\/2021\/11\/1.jpg","type":"image\/jpeg"}],"author":"audrey.pastor@electroluxprofessional.com","twitter_card":"summary_large_image","twitter_misc":{"\u00c9crit par":"audrey.pastor@electroluxprofessional.com","Dur\u00e9e de lecture estim\u00e9e":"2 minutes"},"schema":{"@context":"https:\/\/schema.org","@graph":[{"@type":"WebPage","@id":"https:\/\/www.electroluxprofessional.com\/fr\/concours-my-laverie-award-2022\/","url":"https:\/\/www.electroluxprofessional.com\/fr\/concours-my-laverie-award-2022\/","name":"Lancement concours My Laverie Award | Electrolux Professional","isPartOf":{"@id":"https:\/\/www.electroluxprofessional.com\/fr\/#website"},"primaryImageOfPage":{"@id":"https:\/\/www.electroluxprofessional.com\/fr\/concours-my-laverie-award-2022\/#primaryimage"},"image":{"@id":"https:\/\/www.electroluxprofessional.com\/fr\/concours-my-laverie-award-2022\/#primaryimage"},"thumbnailUrl":"https:\/\/www.electroluxprofessional.com\/fr\/wp-content\/uploads\/2022\/01\/OLavoir-Salon-de-Provence.jpg","datePublished":"2022-01-31T13:54:36+00:00","dateModified":"2026-04-10T13:55:40+00:00","author":{"@id":"https:\/\/www.electroluxprofessional.com\/fr\/#\/schema\/person\/326bf3c73ee95a5a522ef715a4f02bb1"},"description":"Le concours MyLaverieAward est lanc\u00e9 ! Participez \u00e0 l\u2019\u00e9dition 2022 pour r\u00e9compenser et mettre en lumi\u00e8re votre laverie innovante.","breadcrumb":{"@id":"https:\/\/www.electroluxprofessional.com\/fr\/concours-my-laverie-award-2022\/#breadcrumb"},"inLanguage":"fr-FR","potentialAction":[{"@type":"ReadAction","target":["https:\/\/www.electroluxprofessional.com\/fr\/concours-my-laverie-award-2022\/"]}]},{"@type":"ImageObject","inLanguage":"fr-FR","@id":"https:\/\/www.electroluxprofessional.com\/fr\/concours-my-laverie-award-2022\/#primaryimage","url":"https:\/\/www.electroluxprofessional.com\/fr\/wp-content\/uploads\/2022\/01\/OLavoir-Salon-de-Provence.jpg","contentUrl":"https:\/\/www.electroluxprofessional.com\/fr\/wp-content\/uploads\/2022\/01\/OLavoir-Salon-de-Provence.jpg","width":1250,"height":766,"caption":"OLavoir Salon de Provence"},{"@type":"BreadcrumbList","@id":"https:\/\/www.electroluxprofessional.com\/fr\/concours-my-laverie-award-2022\/#breadcrumb","itemListElement":[{"@type":"ListItem","position":1,"name":"Home","item":"https:\/\/www.electroluxprofessional.com\/fr\/"},{"@type":"ListItem","position":2,"name":"Lancement concours My Laverie Award 2022"}]},{"@type":"WebSite","@id":"https:\/\/www.electroluxprofessional.com\/fr\/#website","url":"https:\/\/www.electroluxprofessional.com\/fr\/","name":"Electrolux Professional France","description":"","potentialAction":[{"@type":"SearchAction","target":{"@type":"EntryPoint","urlTemplate":"https:\/\/www.electroluxprofessional.com\/fr\/?src={search_term_string}"},"query-input":"required name=search_term_string"}],"inLanguage":"fr-FR"},{"@type":"Person","@id":"https:\/\/www.electroluxprofessional.com\/fr\/#\/schema\/person\/326bf3c73ee95a5a522ef715a4f02bb1","name":"audrey.pastor@electroluxprofessional.com","image":{"@type":"ImageObject","inLanguage":"fr-FR","@id":"https:\/\/www.electroluxprofessional.com\/fr\/#\/schema\/person\/image\/","url":"https:\/\/secure.gravatar.com\/avatar\/298fb02599d5703a43cf45fdf7c44e13?s=96&d=mm&r=g","contentUrl":"https:\/\/secure.gravatar.com\/avatar\/298fb02599d5703a43cf45fdf7c44e13?s=96&d=mm&r=g","caption":"audrey.pastor@electroluxprofessional.com"},"url":"https:\/\/www.electroluxprofessional.com\/fr\/author\/audrey-pastor\/"}]}},"_links":{"self":[{"href":"https:\/\/www.electroluxprofessional.com\/fr\/wp-json\/wp\/v2\/posts\/17881"}],"collection":[{"href":"https:\/\/www.electroluxprofessional.com\/fr\/wp-json\/wp\/v2\/posts"}],"about":[{"href":"https:\/\/www.electroluxprofessional.com\/fr\/wp-json\/wp\/v2\/types\/post"}],"author":[{"embeddable":true,"href":"https:\/\/www.electroluxprofessional.com\/fr\/wp-json\/wp\/v2\/users\/93"}],"replies":[{"embeddable":true,"href":"https:\/\/www.electroluxprofessional.com\/fr\/wp-json\/wp\/v2\/comments?post=17881"}],"version-history":[{"count":11,"href":"https:\/\/www.electroluxprofessional.com\/fr\/wp-json\/wp\/v2\/posts\/17881\/revisions"}],"predecessor-version":[{"id":31940,"href":"https:\/\/www.electroluxprofessional.com\/fr\/wp-json\/wp\/v2\/posts\/17881\/revisions\/31940"}],"wp:featuredmedia":[{"embeddable":true,"href":"https:\/\/www.electroluxprofessional.com\/fr\/wp-json\/wp\/v2\/media\/17882"}],"wp:attachment":[{"href":"https:\/\/www.electroluxprofessional.com\/fr\/wp-json\/wp\/v2\/media?parent=17881"}],"wp:term":[{"taxonomy":"category","embeddable":true,"href":"https:\/\/www.electroluxprofessional.com\/fr\/wp-json\/wp\/v2\/categories?post=17881"},{"taxonomy":"post_tag","embeddable":true,"href":"https:\/\/www.electroluxprofessional.com\/fr\/wp-json\/wp\/v2\/tags?post=17881"}],"curies":[{"name":"wp","href":"https:\/\/api.w.org\/{rel}","templated":true}]}}