{"id":11376,"date":"2020-05-07T13:12:53","date_gmt":"2020-05-07T13:12:53","guid":{"rendered":"https:\/\/www.electroluxprofessional.com\/fr\/?p=11376"},"modified":"2026-03-12T18:15:10","modified_gmt":"2026-03-12T18:15:10","slug":"rester-proche-des-clients","status":"publish","type":"post","link":"https:\/\/www.electroluxprofessional.com\/fr\/rester-proche-des-clients\/","title":{"rendered":"Rester proche de ses clients avec la r\u00e9alit\u00e9 augment\u00e9e"},"content":{"rendered":"<p>[vc_row][vc_column][vc_column_text]<span data-contrast=\"auto\">Durant\u00a0<\/span><span data-contrast=\"auto\">la<\/span><span data-contrast=\"auto\">\u00a0p\u00e9riode de confinement et de distanciation sociale in\u00e9dite li\u00e9e au Covid-19, Electrolux Professional a mis e<\/span><span data-contrast=\"auto\">n place une nouvelle fonctionnalit\u00e9 de r\u00e9alit\u00e9 augment\u00e9e pour que ses<\/span><span data-contrast=\"auto\">\u00a0<\/span><span data-contrast=\"auto\">\u00e9quipes<\/span><span data-contrast=\"auto\">\u00a0<\/span><span data-contrast=\"auto\">technique<\/span><span data-contrast=\"auto\">s<\/span><span data-contrast=\"auto\">\u00a0restent<\/span><span data-contrast=\"auto\">\u00a0en mesure de fournir <strong>une assistance \u00e0 distance<\/strong><\/span><span data-contrast=\"auto\">\u00a0<\/span><span data-contrast=\"auto\">toujours plus proche de<\/span><span data-contrast=\"auto\">\u00a0ses<\/span><span data-contrast=\"auto\">\u00a0<\/span><span data-contrast=\"auto\">partenaires.<\/span><span data-ccp-props=\"{&quot;201341983&quot;:0,&quot;335559739&quot;:360,&quot;335559740&quot;:240}\">\u00a0<\/span><\/p>\n<p><span data-contrast=\"auto\">Cette<\/span><span data-contrast=\"auto\">\u00a0technologie<\/span><span data-contrast=\"auto\">\u00a0innovante<\/span><span data-contrast=\"auto\">\u00a0a \u00e9t\u00e9 d\u00e9velopp\u00e9e par la soci\u00e9t\u00e9\u00a0<strong>XMReality<\/strong>, avec la contribution\u00a0<\/span><span data-contrast=\"auto\">de<\/span><span data-contrast=\"auto\">s\u00a0<\/span><span data-contrast=\"auto\">\u00e9qui<\/span><span data-contrast=\"auto\">pes\u00a0<\/span><span data-contrast=\"auto\">techniques d\u2019<\/span><span data-contrast=\"auto\">Electrolux Professional<\/span><span data-contrast=\"auto\">, a<\/span><span data-contrast=\"auto\">fin<\/span><span data-contrast=\"auto\">\u00a0<\/span><span data-contrast=\"auto\">de\u00a0<\/span><span data-contrast=\"auto\">personnaliser les fonctionnalit\u00e9s et\u00a0<\/span><span data-contrast=\"auto\">d\u2019<\/span><span data-contrast=\"auto\">am\u00e9liorer la facilit\u00e9 d&#8217;utilisation<\/span><span data-contrast=\"auto\">\u00a0de l\u2019application.<\/span><span data-ccp-props=\"{&quot;201341983&quot;:0,&quot;335559739&quot;:360,&quot;335559740&quot;:240}\">\u00a0<\/span><\/p>\n<p><span data-contrast=\"auto\">Le principe du syst\u00e8me est simple,\u00a0<\/span><span data-contrast=\"auto\">le<\/span><span data-contrast=\"auto\">s<\/span><span data-contrast=\"auto\">\u00a0technicien<\/span><span data-contrast=\"auto\">s<\/span><span data-contrast=\"auto\">\u00a0<\/span><span data-contrast=\"auto\">d<\/span><span data-contrast=\"auto\">es<\/span><span data-contrast=\"auto\">\u00a0site<\/span><span data-contrast=\"auto\">s<\/span><span data-contrast=\"auto\">\u00a0distant<\/span><span data-contrast=\"auto\">s<\/span><span data-contrast=\"auto\">\u00a0partagent<\/span><span data-contrast=\"auto\">\u00a0leurs \u00e9crans<\/span><span data-contrast=\"auto\">\u00a0de<\/span><span data-contrast=\"auto\">\u00a0<\/span><span data-contrast=\"auto\">smartphones\u00a0<\/span><span data-contrast=\"auto\">ou<\/span><span data-contrast=\"auto\">\u00a0tablettes<\/span><span data-contrast=\"auto\">\u00a0avec les techniciens Electrolux Professional<\/span><span data-contrast=\"auto\">. Une interaction\u00a0<\/span><span data-contrast=\"auto\">s\u2019<\/span><span data-contrast=\"auto\">op\u00e8re<strong> gr\u00e2ce \u00e0 la r\u00e9alit\u00e9 augment\u00e9e<\/strong> et\u00a0<\/span><span data-contrast=\"auto\">permet\u00a0<\/span><span data-contrast=\"auto\">au<\/span><span data-contrast=\"auto\">\u00a0support<\/span><span data-contrast=\"auto\">\u00a0techni<\/span><span data-contrast=\"auto\">que<\/span><span data-contrast=\"auto\">\u00a0Electrolux Professional<\/span><span data-contrast=\"auto\">\u00a0de fournir facilement un guidage et un support \u00e0 distance tout en ayant le smartphone \u00e0 la main<\/span><span data-contrast=\"auto\">.<\/span><span data-ccp-props=\"{&quot;201341983&quot;:0,&quot;335559739&quot;:160,&quot;335559740&quot;:240}\">\u00a0<\/span><\/p>\n<p><span data-contrast=\"auto\">La technologie de r\u00e9alit\u00e9 augment\u00e9e<\/span><span data-contrast=\"auto\">\u00a0<\/span><span data-contrast=\"auto\">permet<\/span><span data-contrast=\"auto\">\u00a0d\u2019atteindre et de pointer virtuellement l\u2019environnement, d\u2019enseigner \u00e0 distance et de montrer comment effectuer la maintenance ou la r\u00e9paration des composants.<\/span><span data-ccp-props=\"{&quot;201341983&quot;:0,&quot;335559739&quot;:160,&quot;335559740&quot;:240}\">\u00a0<\/span><\/p>\n<p><span data-contrast=\"auto\">\u00ab<\/span><span data-contrast=\"auto\">\u00a0<\/span><em>Nous\u00a0commen\u00e7ons\u00a0\u00e0 \u00e9tendre\u00a0l\u2019utilisation\u00a0de cette solution\u00a0en Europe. Etant donn\u00e9 la situation actuelle\u00a0o\u00f9 les techniciens ne peuvent pas\u00a0forc\u00e9ment\u00a0visiter\u00a0physiquement\u00a0les sites, nous avons intensifi\u00e9 la formation\u00a0des utilisateurs\u00a0et\u00a0nous allons\u00a0doubler\u00a0le nombre de licences au cours des prochains mois pour servir nos clients<\/em><span data-contrast=\"auto\">\u00a0<\/span><span data-contrast=\"auto\">\u00bb, explique Magnus\u00a0S\u00e4ven\u00e4s, vice-pr\u00e9sident du groupe, service\u00a0<\/span><span data-contrast=\"auto\">Client<\/span><span data-contrast=\"auto\">\u00a0et\u00a0<\/span><span data-contrast=\"auto\">Q<\/span><span data-contrast=\"auto\">ualit\u00e9.<\/span><span data-contrast=\"auto\">\u00a0<\/span><span data-ccp-props=\"{&quot;201341983&quot;:0,&quot;335559739&quot;:360,&quot;335559740&quot;:240}\">\u00a0<\/span><\/p>\n<p>Jusqu&#8217;\u00e0 pr\u00e9sent, l&#8217;outil a \u00e9t\u00e9 utilis\u00e9 avec succ\u00e8s pour fournir des services aux blanchisseries\u00a0les plus\u00a0\u00e9loign\u00e9es du nord de la Su\u00e8de. La technologie\u00a0a\u00a0\u00e9galement\u00a0\u00e9t\u00e9\u00a0utilis\u00e9e dans les prisons du Royaume-Uni, o\u00f9\u00a0les\u00a0autorisations\u00a0pour\u00a0des\u00a0visites\u00a0techniques\u00a0auraient exig\u00e9 du temps et de la planification.<\/p>\n<p><span data-contrast=\"none\">\u202f<\/span><span data-contrast=\"auto\">\u00ab<\/span><span data-contrast=\"auto\">\u00a0<\/span><em>Ce\u00a0syst\u00e8me\u00a0nous permet de fournir <strong>une r\u00e9ponse plus instantan\u00e9e<\/strong>\u00a0et\u00a0un service <\/em><strong>plus efficace et plus rentable<\/strong><em> au client<\/em><span data-contrast=\"auto\">\u00a0<\/span><span data-contrast=\"auto\">\u00bb, ajoute\u00a0S\u00e4ven\u00e4s.\u00a0<\/span><span data-ccp-props=\"{&quot;201341983&quot;:0,&quot;335559739&quot;:360,&quot;335559740&quot;:240}\">\u00a0<\/span><\/p>\n<p><span data-contrast=\"auto\">\u00ab<\/span><span data-contrast=\"auto\">\u202f<\/span><em>Les \u00e9quipes techniques Electrolux Professional France sont d\u00e9j\u00e0 \u00e9quip\u00e9es de\u00a0cette\u00a0application. Nos tests sont concluants et\u00a0nous pouvons\u00a0d\u00e8s aujourd\u2019hui accompagner nos\u00a0partenaires\u00a0dans des d\u00e9pannages urgents comme par exemple\u00a0dans\u00a0les cuisines\u00a0centrales\u00a0ou les blanchisseries du secteur de la sant\u00e9<\/em><span data-contrast=\"auto\">\u202f<\/span><span data-contrast=\"auto\">\u00bb<\/span><span data-contrast=\"auto\">\u00a0explique Mathias Bonneville, Directeur Technique France.<\/span><span data-ccp-props=\"{&quot;201341983&quot;:0,&quot;335559739&quot;:360,&quot;335559740&quot;:240}\">\u00a0<\/span><\/p>\n<p><span data-contrast=\"auto\">\u00a0<\/span><span data-contrast=\"auto\">\u00ab<\/span><span data-contrast=\"auto\">\u00a0<\/span><em>La volont\u00e9 et la flexibilit\u00e9 des \u00e9quipes\u00a0Service Clients\u00a0dans\u00a0le monde\u00a0ont \u00e9t\u00e9 impressionnantes.\u00a0Elles ont vraiment aid\u00e9 \u00e0 transformer un d\u00e9fi en opportunit\u00e9 et \u00e0 conduire\u00a0un\u00a0changement radical dans notre fa\u00e7on\u00a0d\u2019accompagner les\u00a0clients\u00a0en leur proposant<strong>\u00a0une offre\u00a0<\/strong><\/em><span data-contrast=\"auto\"><strong><em>r\u00e9ellement innovante et tourn\u00e9e vers l\u2019avenir<\/em><\/strong>\u00a0<\/span><span data-contrast=\"auto\">\u00bb, commente\u00a0S\u00e4ven\u00e4s.\u00a0<\/span><span data-ccp-props=\"{&quot;201341983&quot;:0,&quot;335559739&quot;:160,&quot;335559740&quot;:259}\">\u00a0<\/span>[\/vc_column_text][\/vc_column][\/vc_row][vc_row][vc_column][vc_empty_space][\/vc_column][\/vc_row]<\/p>\n","protected":false},"excerpt":{"rendered":"<p>Durant la p\u00e9riode de confinement et de distanciation sociale in\u00e9dite li\u00e9e au Covid-19, Electrolux Professional a mis en place une nouvelle fonctionnalit\u00e9 de r\u00e9alit\u00e9 augment\u00e9e pour que ses \u00e9quipes techniques restent en mesure de fournir une assistance \u00e0 distance toujours plus proche de ses partenaires. <\/p>\n","protected":false},"author":4,"featured_media":11377,"comment_status":"closed","ping_status":"closed","sticky":false,"template":"","format":"standard","meta":{"footnotes":""},"categories":[66],"tags":[],"class_list":["post-11376","post","type-post","status-publish","format-standard","has-post-thumbnail","hentry","category-actualites"],"acf":[],"yoast_head":"<!-- This site is optimized with the Yoast SEO plugin v23.3 - https:\/\/yoast.com\/wordpress\/plugins\/seo\/ -->\n<title>R\u00e9alit\u00e9 Augment\u00e9e pour Support Technique | Electrolux Professional<\/title>\n<meta name=\"description\" content=\"D\u00e9couvrez la r\u00e9alit\u00e9 augment\u00e9e pour l&#039;assistance \u00e0 distance. Guidage technique innovant et support client optimis\u00e9 pour vos \u00e9quipements professionnels.\" \/>\n<meta name=\"robots\" content=\"index, follow, max-snippet:-1, max-image-preview:large, max-video-preview:-1\" \/>\n<link rel=\"canonical\" href=\"https:\/\/www.electroluxprofessional.com\/fr\/rester-proche-des-clients\/\" \/>\n<meta property=\"og:locale\" content=\"fr_FR\" \/>\n<meta property=\"og:type\" content=\"article\" \/>\n<meta property=\"og:title\" content=\"R\u00e9alit\u00e9 Augment\u00e9e pour Support Technique | Electrolux Professional\" \/>\n<meta property=\"og:description\" content=\"D\u00e9couvrez la r\u00e9alit\u00e9 augment\u00e9e pour l&#039;assistance \u00e0 distance. Guidage technique innovant et support client optimis\u00e9 pour vos \u00e9quipements professionnels.\" \/>\n<meta property=\"og:url\" content=\"https:\/\/www.electroluxprofessional.com\/fr\/rester-proche-des-clients\/\" \/>\n<meta property=\"og:site_name\" content=\"Electrolux Professional France\" \/>\n<meta property=\"article:published_time\" content=\"2020-05-07T13:12:53+00:00\" \/>\n<meta property=\"article:modified_time\" content=\"2026-03-12T18:15:10+00:00\" \/>\n<meta property=\"og:image\" content=\"https:\/\/www.electroluxprofessional.com\/fr\/wp-content\/uploads\/2020\/05\/image1.jpg\" \/>\n\t<meta property=\"og:image:width\" content=\"1054\" \/>\n\t<meta property=\"og:image:height\" content=\"495\" \/>\n\t<meta property=\"og:image:type\" content=\"image\/jpeg\" \/>\n<meta name=\"author\" content=\"Emeline FOISSEY\" \/>\n<meta name=\"twitter:card\" content=\"summary_large_image\" \/>\n<meta name=\"twitter:label1\" content=\"\u00c9crit par\" \/>\n\t<meta name=\"twitter:data1\" content=\"Emeline FOISSEY\" \/>\n\t<meta name=\"twitter:label2\" content=\"Dur\u00e9e de lecture estim\u00e9e\" \/>\n\t<meta name=\"twitter:data2\" content=\"3 minutes\" \/>\n<script type=\"application\/ld+json\" class=\"yoast-schema-graph\">{\"@context\":\"https:\/\/schema.org\",\"@graph\":[{\"@type\":\"WebPage\",\"@id\":\"https:\/\/www.electroluxprofessional.com\/fr\/rester-proche-des-clients\/\",\"url\":\"https:\/\/www.electroluxprofessional.com\/fr\/rester-proche-des-clients\/\",\"name\":\"R\u00e9alit\u00e9 Augment\u00e9e pour Support Technique | Electrolux Professional\",\"isPartOf\":{\"@id\":\"https:\/\/www.electroluxprofessional.com\/fr\/#website\"},\"primaryImageOfPage\":{\"@id\":\"https:\/\/www.electroluxprofessional.com\/fr\/rester-proche-des-clients\/#primaryimage\"},\"image\":{\"@id\":\"https:\/\/www.electroluxprofessional.com\/fr\/rester-proche-des-clients\/#primaryimage\"},\"thumbnailUrl\":\"https:\/\/www.electroluxprofessional.com\/fr\/wp-content\/uploads\/2020\/05\/image1.jpg\",\"datePublished\":\"2020-05-07T13:12:53+00:00\",\"dateModified\":\"2026-03-12T18:15:10+00:00\",\"author\":{\"@id\":\"https:\/\/www.electroluxprofessional.com\/fr\/#\/schema\/person\/906c23d4a5b968e56afa8a751bcd1893\"},\"description\":\"D\u00e9couvrez la r\u00e9alit\u00e9 augment\u00e9e pour l'assistance \u00e0 distance. Guidage technique innovant et support client optimis\u00e9 pour vos \u00e9quipements professionnels.\",\"breadcrumb\":{\"@id\":\"https:\/\/www.electroluxprofessional.com\/fr\/rester-proche-des-clients\/#breadcrumb\"},\"inLanguage\":\"fr-FR\",\"potentialAction\":[{\"@type\":\"ReadAction\",\"target\":[\"https:\/\/www.electroluxprofessional.com\/fr\/rester-proche-des-clients\/\"]}]},{\"@type\":\"ImageObject\",\"inLanguage\":\"fr-FR\",\"@id\":\"https:\/\/www.electroluxprofessional.com\/fr\/rester-proche-des-clients\/#primaryimage\",\"url\":\"https:\/\/www.electroluxprofessional.com\/fr\/wp-content\/uploads\/2020\/05\/image1.jpg\",\"contentUrl\":\"https:\/\/www.electroluxprofessional.com\/fr\/wp-content\/uploads\/2020\/05\/image1.jpg\",\"width\":1054,\"height\":495,\"caption\":\"image1\"},{\"@type\":\"BreadcrumbList\",\"@id\":\"https:\/\/www.electroluxprofessional.com\/fr\/rester-proche-des-clients\/#breadcrumb\",\"itemListElement\":[{\"@type\":\"ListItem\",\"position\":1,\"name\":\"Home\",\"item\":\"https:\/\/www.electroluxprofessional.com\/fr\/\"},{\"@type\":\"ListItem\",\"position\":2,\"name\":\"Rester proche de ses clients avec la r\u00e9alit\u00e9 augment\u00e9e\"}]},{\"@type\":\"WebSite\",\"@id\":\"https:\/\/www.electroluxprofessional.com\/fr\/#website\",\"url\":\"https:\/\/www.electroluxprofessional.com\/fr\/\",\"name\":\"Electrolux Professional France\",\"description\":\"\",\"potentialAction\":[{\"@type\":\"SearchAction\",\"target\":{\"@type\":\"EntryPoint\",\"urlTemplate\":\"https:\/\/www.electroluxprofessional.com\/fr\/?src={search_term_string}\"},\"query-input\":\"required name=search_term_string\"}],\"inLanguage\":\"fr-FR\"},{\"@type\":\"Person\",\"@id\":\"https:\/\/www.electroluxprofessional.com\/fr\/#\/schema\/person\/906c23d4a5b968e56afa8a751bcd1893\",\"name\":\"Emeline FOISSEY\",\"image\":{\"@type\":\"ImageObject\",\"inLanguage\":\"fr-FR\",\"@id\":\"https:\/\/www.electroluxprofessional.com\/fr\/#\/schema\/person\/image\/\",\"url\":\"https:\/\/secure.gravatar.com\/avatar\/37251ddde69d8c1c0d6867f593162a5e?s=96&d=mm&r=g\",\"contentUrl\":\"https:\/\/secure.gravatar.com\/avatar\/37251ddde69d8c1c0d6867f593162a5e?s=96&d=mm&r=g\",\"caption\":\"Emeline FOISSEY\"},\"url\":\"https:\/\/www.electroluxprofessional.com\/fr\/author\/emeline\/\"}]}<\/script>\n<!-- \/ Yoast SEO plugin. -->","yoast_head_json":{"title":"R\u00e9alit\u00e9 Augment\u00e9e pour Support Technique | Electrolux Professional","description":"D\u00e9couvrez la r\u00e9alit\u00e9 augment\u00e9e pour l'assistance \u00e0 distance. Guidage technique innovant et support client optimis\u00e9 pour vos \u00e9quipements professionnels.","robots":{"index":"index","follow":"follow","max-snippet":"max-snippet:-1","max-image-preview":"max-image-preview:large","max-video-preview":"max-video-preview:-1"},"canonical":"https:\/\/www.electroluxprofessional.com\/fr\/rester-proche-des-clients\/","og_locale":"fr_FR","og_type":"article","og_title":"R\u00e9alit\u00e9 Augment\u00e9e pour Support Technique | Electrolux Professional","og_description":"D\u00e9couvrez la r\u00e9alit\u00e9 augment\u00e9e pour l'assistance \u00e0 distance. Guidage technique innovant et support client optimis\u00e9 pour vos \u00e9quipements professionnels.","og_url":"https:\/\/www.electroluxprofessional.com\/fr\/rester-proche-des-clients\/","og_site_name":"Electrolux Professional France","article_published_time":"2020-05-07T13:12:53+00:00","article_modified_time":"2026-03-12T18:15:10+00:00","og_image":[{"width":1054,"height":495,"url":"https:\/\/www.electroluxprofessional.com\/fr\/wp-content\/uploads\/2020\/05\/image1.jpg","type":"image\/jpeg"}],"author":"Emeline FOISSEY","twitter_card":"summary_large_image","twitter_misc":{"\u00c9crit par":"Emeline FOISSEY","Dur\u00e9e de lecture estim\u00e9e":"3 minutes"},"schema":{"@context":"https:\/\/schema.org","@graph":[{"@type":"WebPage","@id":"https:\/\/www.electroluxprofessional.com\/fr\/rester-proche-des-clients\/","url":"https:\/\/www.electroluxprofessional.com\/fr\/rester-proche-des-clients\/","name":"R\u00e9alit\u00e9 Augment\u00e9e pour Support Technique | Electrolux Professional","isPartOf":{"@id":"https:\/\/www.electroluxprofessional.com\/fr\/#website"},"primaryImageOfPage":{"@id":"https:\/\/www.electroluxprofessional.com\/fr\/rester-proche-des-clients\/#primaryimage"},"image":{"@id":"https:\/\/www.electroluxprofessional.com\/fr\/rester-proche-des-clients\/#primaryimage"},"thumbnailUrl":"https:\/\/www.electroluxprofessional.com\/fr\/wp-content\/uploads\/2020\/05\/image1.jpg","datePublished":"2020-05-07T13:12:53+00:00","dateModified":"2026-03-12T18:15:10+00:00","author":{"@id":"https:\/\/www.electroluxprofessional.com\/fr\/#\/schema\/person\/906c23d4a5b968e56afa8a751bcd1893"},"description":"D\u00e9couvrez la r\u00e9alit\u00e9 augment\u00e9e pour l'assistance \u00e0 distance. Guidage technique innovant et support client optimis\u00e9 pour vos \u00e9quipements professionnels.","breadcrumb":{"@id":"https:\/\/www.electroluxprofessional.com\/fr\/rester-proche-des-clients\/#breadcrumb"},"inLanguage":"fr-FR","potentialAction":[{"@type":"ReadAction","target":["https:\/\/www.electroluxprofessional.com\/fr\/rester-proche-des-clients\/"]}]},{"@type":"ImageObject","inLanguage":"fr-FR","@id":"https:\/\/www.electroluxprofessional.com\/fr\/rester-proche-des-clients\/#primaryimage","url":"https:\/\/www.electroluxprofessional.com\/fr\/wp-content\/uploads\/2020\/05\/image1.jpg","contentUrl":"https:\/\/www.electroluxprofessional.com\/fr\/wp-content\/uploads\/2020\/05\/image1.jpg","width":1054,"height":495,"caption":"image1"},{"@type":"BreadcrumbList","@id":"https:\/\/www.electroluxprofessional.com\/fr\/rester-proche-des-clients\/#breadcrumb","itemListElement":[{"@type":"ListItem","position":1,"name":"Home","item":"https:\/\/www.electroluxprofessional.com\/fr\/"},{"@type":"ListItem","position":2,"name":"Rester proche de ses clients avec la r\u00e9alit\u00e9 augment\u00e9e"}]},{"@type":"WebSite","@id":"https:\/\/www.electroluxprofessional.com\/fr\/#website","url":"https:\/\/www.electroluxprofessional.com\/fr\/","name":"Electrolux Professional France","description":"","potentialAction":[{"@type":"SearchAction","target":{"@type":"EntryPoint","urlTemplate":"https:\/\/www.electroluxprofessional.com\/fr\/?src={search_term_string}"},"query-input":"required name=search_term_string"}],"inLanguage":"fr-FR"},{"@type":"Person","@id":"https:\/\/www.electroluxprofessional.com\/fr\/#\/schema\/person\/906c23d4a5b968e56afa8a751bcd1893","name":"Emeline FOISSEY","image":{"@type":"ImageObject","inLanguage":"fr-FR","@id":"https:\/\/www.electroluxprofessional.com\/fr\/#\/schema\/person\/image\/","url":"https:\/\/secure.gravatar.com\/avatar\/37251ddde69d8c1c0d6867f593162a5e?s=96&d=mm&r=g","contentUrl":"https:\/\/secure.gravatar.com\/avatar\/37251ddde69d8c1c0d6867f593162a5e?s=96&d=mm&r=g","caption":"Emeline FOISSEY"},"url":"https:\/\/www.electroluxprofessional.com\/fr\/author\/emeline\/"}]}},"_links":{"self":[{"href":"https:\/\/www.electroluxprofessional.com\/fr\/wp-json\/wp\/v2\/posts\/11376"}],"collection":[{"href":"https:\/\/www.electroluxprofessional.com\/fr\/wp-json\/wp\/v2\/posts"}],"about":[{"href":"https:\/\/www.electroluxprofessional.com\/fr\/wp-json\/wp\/v2\/types\/post"}],"author":[{"embeddable":true,"href":"https:\/\/www.electroluxprofessional.com\/fr\/wp-json\/wp\/v2\/users\/4"}],"replies":[{"embeddable":true,"href":"https:\/\/www.electroluxprofessional.com\/fr\/wp-json\/wp\/v2\/comments?post=11376"}],"version-history":[{"count":7,"href":"https:\/\/www.electroluxprofessional.com\/fr\/wp-json\/wp\/v2\/posts\/11376\/revisions"}],"predecessor-version":[{"id":11408,"href":"https:\/\/www.electroluxprofessional.com\/fr\/wp-json\/wp\/v2\/posts\/11376\/revisions\/11408"}],"wp:featuredmedia":[{"embeddable":true,"href":"https:\/\/www.electroluxprofessional.com\/fr\/wp-json\/wp\/v2\/media\/11377"}],"wp:attachment":[{"href":"https:\/\/www.electroluxprofessional.com\/fr\/wp-json\/wp\/v2\/media?parent=11376"}],"wp:term":[{"taxonomy":"category","embeddable":true,"href":"https:\/\/www.electroluxprofessional.com\/fr\/wp-json\/wp\/v2\/categories?post=11376"},{"taxonomy":"post_tag","embeddable":true,"href":"https:\/\/www.electroluxprofessional.com\/fr\/wp-json\/wp\/v2\/tags?post=11376"}],"curies":[{"name":"wp","href":"https:\/\/api.w.org\/{rel}","templated":true}]}}