{"id":13120,"date":"2024-08-27T13:25:08","date_gmt":"2024-08-27T13:25:08","guid":{"rendered":"https:\/\/www.electroluxprofessional.com\/fi\/?p=13120"},"modified":"2024-10-04T12:10:34","modified_gmt":"2024-10-04T12:10:34","slug":"suomen-kokkimaajoukkue-valmiina-uuteen-kauteen","status":"publish","type":"post","link":"https:\/\/www.electroluxprofessional.com\/fi\/suomen-kokkimaajoukkue-valmiina-uuteen-kauteen\/","title":{"rendered":"Suomen kokkimaajoukkue valmiina uuteen kauteen"},"content":{"rendered":"<p>[vc_row][vc_column][vc_empty_space][\/vc_column][\/vc_row][vc_row][vc_column][vc_column_text]Syyskauden kynnyksell\u00e4 hallitseva olympiavoittaja, Suomen kokkimaajoukkue, valmistautuu innokkaasti uuden harjoittelukauden aloittamiseen. Kes\u00e4n aikana joukkueen j\u00e4senet ovat hy\u00f6dynt\u00e4neet taukoa monipuolisesti: he ovat pit\u00e4neet pop up -ravintoloita, luoneet omia menuita ja vierailleet maailman huippuravintoloissa jakamassa suomalaista ruokakulttuuria &#8211; oppien samalla kansainv\u00e4lisilt\u00e4 kollegoiltaan.<\/p>\n<p>&#8220;<em>Olemme todella innoissamme p\u00e4\u00e4stess\u00e4mme aloittamaan uuden treenikauden. Kes\u00e4n aikana jokainen joukkueen j\u00e4sen on hakenut inspiraatiota ja uusia ideoita, jotka tulemme nyt yhdess\u00e4 jalostamaan huipputason suorituksiksi&#8221;,<\/em> kertoo <strong>kokkimaajoukkueen joukkueenjohtaja Katja Tuomainen.\u00a0<\/strong>[\/vc_column_text][vc_empty_space][\/vc_column][\/vc_row][vc_row][vc_column][vc_single_image image=&#8221;13162&#8243; img_size=&#8221;large&#8221; alignment=&#8221;center&#8221;][vc_empty_space][\/vc_column][\/vc_row][vc_row][vc_column][elx_heading text_color=&#8221;inherit&#8221;]Uusia joukkueen j\u00e4seni\u00e4 ja uusia innovaatioita[\/elx_heading][vc_empty_space][vc_column_text]Syyskuussa joukkue toivottaa tervetulleeksi uusia j\u00e4seni\u00e4, jotka tuovat mukanaan uutta energiaa ja uusia n\u00e4kemyksi\u00e4. T\u00e4m\u00e4 on aina j\u00e4nnitt\u00e4v\u00e4 hetki sek\u00e4 kokeneille ett\u00e4 uusille tiimin j\u00e4senille, sill\u00e4 uusi kokoonpano luo mahdollisuuksia uudenlaiselle yhteisty\u00f6lle ja innovaatioille keitti\u00f6ss\u00e4. Uusi joukkue esitell\u00e4\u00e4n virallisesti tammikuussa uuden olympiadin alkaessa.<\/p>\n<p>Kes\u00e4n kokemukset ovat antaneet joukkueelle uutta inspiraatiota ja oppia, jota he ovat valmiita hy\u00f6dynt\u00e4m\u00e4\u00e4n tulevan harjoittelukauden aikana. Innostus uuteen kauteen on k\u00e4sin kosketeltavaa, ja jokainen joukkueen j\u00e4sen odottaa innolla, ett\u00e4 p\u00e4\u00e4see j\u00e4lleen yhdess\u00e4 ty\u00f6st\u00e4m\u00e4\u00e4n uusia, luovia ruokakonsepteja ja hiomaan taitojaan huippuunsa.[\/vc_column_text][vc_empty_space][vc_column_text]<\/p>\n<p style=\"text-align: center;\"><strong><em>&#8220;Kes\u00e4n aikana jokainen<br \/>\n<\/em><\/strong><strong><em>joukkueen j\u00e4sen on hakenut<br \/>\ninspiraatiota ja uusia ideoita,<br \/>\njotka tulemme nyt yhdess\u00e4<br \/>\njalostamaan huipputason suorituksiksi.&#8221;<\/em><\/strong><\/p>\n<p>[\/vc_column_text][vc_empty_space][\/vc_column][\/vc_row][vc_row][vc_column width=&#8221;1\/2&#8243;][vc_empty_space][elx_image_block background_image=&#8221;13144&#8243; minimum_height=&#8221;400px&#8221;][\/vc_column][vc_column width=&#8221;1\/2&#8243;][vc_empty_space][elx_image_block background_image=&#8221;13145&#8243; minimum_height=&#8221;400px&#8221;][\/vc_column][\/vc_row][vc_row][vc_column][vc_empty_space][elx_heading text_color=&#8221;inherit&#8221;]Omistautumisen ja yhteishengen avulla menestykseen[\/elx_heading][\/vc_column][\/vc_row][vc_row][vc_column][vc_empty_space][vc_column_text]Kokkimaajoukkueen yhteishenki ja yksil\u00f6iden omistautuminen tavoitteilleen takaavat, ett\u00e4 tuleva harjoittelukausi ei ole ainoastaan tuottelias, vaan my\u00f6s t\u00e4ynn\u00e4 uuden oppimista ja yhteisi\u00e4 saavutuksia. &#8220;<em>Uuden kauden aloitus on aina erityinen hetki<\/em>\u201d, toteaa Katja ja jatkaa: &#8220;<em>Meill\u00e4 on vahva usko siihen, ett\u00e4 t\u00e4m\u00e4 kausi tuo mukanaan paljon menestyst\u00e4 ja uusia innovaatioita suomalaisen gastronomian kent\u00e4lle<\/em>.&#8221;<\/p>\n<p>Electrolux Professional Suomi on Suomen kokkimaajoukkueen pitk\u00e4aikainen p\u00e4\u00e4yhteisty\u00f6kumppani. Yhteisty\u00f6n my\u00f6t\u00e4 tuemme kokkimaajoukkueen toimintaa ja lis\u00e4\u00e4mme tietoisuutta suomalaisesta keitti\u00f6st\u00e4 sek\u00e4 makumaailmasta \u2013 niin kotimaassa kuin ulkomaillakin.[\/vc_column_text][vc_empty_space][vc_single_image image=&#8221;13164&#8243; img_size=&#8221;large&#8221; alignment=&#8221;center&#8221;][\/vc_column][\/vc_row]<\/p>\n","protected":false},"excerpt":{"rendered":"<p>[vc_row][vc_column][vc_empty_space][\/vc_column][\/vc_row][vc_row][vc_column][vc_column_text]Syyskauden kynnyksell\u00e4 hallitseva olympiavoittaja, Suomen kokkimaajoukkue, valmistautuu innokkaasti uuden harjoittelukauden aloittamiseen. Kes\u00e4n aikana joukkueen j\u00e4senet ovat hy\u00f6dynt\u00e4neet taukoa monipuolisesti: he ovat pit\u00e4neet pop up -ravintoloita, luoneet omia menuita ja vierailleet maailman huippuravintoloissa jakamassa suomalaista ruokakulttuuria &#8211; oppien samalla kansainv\u00e4lisilt\u00e4 kollegoiltaan. &#8220;Olemme todella innoissamme p\u00e4\u00e4stess\u00e4mme aloittamaan uuden treenikauden. Kes\u00e4n aikana jokainen joukkueen j\u00e4sen on hakenut inspiraatiota [&hellip;]<\/p>\n","protected":false},"author":135,"featured_media":13121,"comment_status":"closed","ping_status":"closed","sticky":false,"template":"","format":"standard","meta":{"footnotes":""},"categories":[76,99],"tags":[],"class_list":["post-13120","post","type-post","status-publish","format-standard","has-post-thumbnail","hentry","category-uutiset-ajankohtaista","category-uutiset-ammattikeittiot"],"yoast_head":"<!-- This site is optimized with the Yoast SEO plugin v23.3 - https:\/\/yoast.com\/wordpress\/plugins\/seo\/ -->\n<title>Suomen kokkimaajoukkue valmiina uuteen kauteen - Electrolux Professional Suomi<\/title>\n<meta name=\"description\" content=\"Suomen kokkimaajoukkue valmistautuu uuden harjoittelukauden aloittamiseen. Lue blogistamme kokkimaajoukkueen tuoreimmat kuulumiset.\" \/>\n<meta name=\"robots\" content=\"index, follow, max-snippet:-1, max-image-preview:large, max-video-preview:-1\" \/>\n<link rel=\"canonical\" href=\"https:\/\/www.electroluxprofessional.com\/fi\/suomen-kokkimaajoukkue-valmiina-uuteen-kauteen\/\" \/>\n<meta property=\"og:locale\" content=\"fi_FI\" \/>\n<meta property=\"og:type\" content=\"article\" \/>\n<meta property=\"og:title\" content=\"Suomen kokkimaajoukkue valmiina uuteen kauteen - Electrolux Professional Suomi\" \/>\n<meta property=\"og:description\" content=\"Suomen kokkimaajoukkue valmistautuu uuden harjoittelukauden aloittamiseen. Lue blogistamme kokkimaajoukkueen tuoreimmat kuulumiset.\" \/>\n<meta property=\"og:url\" content=\"https:\/\/www.electroluxprofessional.com\/fi\/suomen-kokkimaajoukkue-valmiina-uuteen-kauteen\/\" \/>\n<meta property=\"og:site_name\" content=\"Electrolux Professional Suomi\" \/>\n<meta property=\"article:published_time\" content=\"2024-08-27T13:25:08+00:00\" \/>\n<meta property=\"article:modified_time\" content=\"2024-10-04T12:10:34+00:00\" \/>\n<meta property=\"og:image\" content=\"https:\/\/www.electroluxprofessional.com\/fi\/wp-content\/uploads\/2024\/08\/artikkeli2-e1724759207942.jpg\" \/>\n\t<meta property=\"og:image:width\" content=\"1605\" \/>\n\t<meta property=\"og:image:height\" content=\"403\" \/>\n\t<meta property=\"og:image:type\" content=\"image\/jpeg\" \/>\n<meta name=\"author\" content=\"janna.takkunen@electroluxprofessional.com\" \/>\n<meta name=\"twitter:card\" content=\"summary_large_image\" \/>\n<meta name=\"twitter:label1\" content=\"Kirjoittanut\" \/>\n\t<meta name=\"twitter:data1\" content=\"janna.takkunen@electroluxprofessional.com\" \/>\n\t<meta name=\"twitter:label2\" content=\"Arvioitu lukuaika\" \/>\n\t<meta name=\"twitter:data2\" content=\"3 minuuttia\" \/>\n<script type=\"application\/ld+json\" class=\"yoast-schema-graph\">{\"@context\":\"https:\/\/schema.org\",\"@graph\":[{\"@type\":\"WebPage\",\"@id\":\"https:\/\/www.electroluxprofessional.com\/fi\/suomen-kokkimaajoukkue-valmiina-uuteen-kauteen\/\",\"url\":\"https:\/\/www.electroluxprofessional.com\/fi\/suomen-kokkimaajoukkue-valmiina-uuteen-kauteen\/\",\"name\":\"Suomen kokkimaajoukkue valmiina uuteen kauteen - Electrolux Professional Suomi\",\"isPartOf\":{\"@id\":\"https:\/\/www.electroluxprofessional.com\/fi\/#website\"},\"primaryImageOfPage\":{\"@id\":\"https:\/\/www.electroluxprofessional.com\/fi\/suomen-kokkimaajoukkue-valmiina-uuteen-kauteen\/#primaryimage\"},\"image\":{\"@id\":\"https:\/\/www.electroluxprofessional.com\/fi\/suomen-kokkimaajoukkue-valmiina-uuteen-kauteen\/#primaryimage\"},\"thumbnailUrl\":\"https:\/\/www.electroluxprofessional.com\/fi\/wp-content\/uploads\/2024\/08\/artikkeli2-e1724759207942.jpg\",\"datePublished\":\"2024-08-27T13:25:08+00:00\",\"dateModified\":\"2024-10-04T12:10:34+00:00\",\"author\":{\"@id\":\"https:\/\/www.electroluxprofessional.com\/fi\/#\/schema\/person\/9484897100cb805d24ae2da5f8d96a4c\"},\"description\":\"Suomen kokkimaajoukkue valmistautuu uuden harjoittelukauden aloittamiseen. Lue blogistamme kokkimaajoukkueen tuoreimmat kuulumiset.\",\"breadcrumb\":{\"@id\":\"https:\/\/www.electroluxprofessional.com\/fi\/suomen-kokkimaajoukkue-valmiina-uuteen-kauteen\/#breadcrumb\"},\"inLanguage\":\"fi\",\"potentialAction\":[{\"@type\":\"ReadAction\",\"target\":[\"https:\/\/www.electroluxprofessional.com\/fi\/suomen-kokkimaajoukkue-valmiina-uuteen-kauteen\/\"]}]},{\"@type\":\"ImageObject\",\"inLanguage\":\"fi\",\"@id\":\"https:\/\/www.electroluxprofessional.com\/fi\/suomen-kokkimaajoukkue-valmiina-uuteen-kauteen\/#primaryimage\",\"url\":\"https:\/\/www.electroluxprofessional.com\/fi\/wp-content\/uploads\/2024\/08\/artikkeli2-e1724759207942.jpg\",\"contentUrl\":\"https:\/\/www.electroluxprofessional.com\/fi\/wp-content\/uploads\/2024\/08\/artikkeli2-e1724759207942.jpg\",\"width\":1605,\"height\":403},{\"@type\":\"BreadcrumbList\",\"@id\":\"https:\/\/www.electroluxprofessional.com\/fi\/suomen-kokkimaajoukkue-valmiina-uuteen-kauteen\/#breadcrumb\",\"itemListElement\":[{\"@type\":\"ListItem\",\"position\":1,\"name\":\"Home\",\"item\":\"https:\/\/www.electroluxprofessional.com\/fi\/\"},{\"@type\":\"ListItem\",\"position\":2,\"name\":\"Suomen kokkimaajoukkue valmiina uuteen kauteen\"}]},{\"@type\":\"WebSite\",\"@id\":\"https:\/\/www.electroluxprofessional.com\/fi\/#website\",\"url\":\"https:\/\/www.electroluxprofessional.com\/fi\/\",\"name\":\"Electrolux Professional Suomi\",\"description\":\"\",\"potentialAction\":[{\"@type\":\"SearchAction\",\"target\":{\"@type\":\"EntryPoint\",\"urlTemplate\":\"https:\/\/www.electroluxprofessional.com\/fi\/?src={search_term_string}\"},\"query-input\":\"required name=search_term_string\"}],\"inLanguage\":\"fi\"},{\"@type\":\"Person\",\"@id\":\"https:\/\/www.electroluxprofessional.com\/fi\/#\/schema\/person\/9484897100cb805d24ae2da5f8d96a4c\",\"name\":\"janna.takkunen@electroluxprofessional.com\",\"image\":{\"@type\":\"ImageObject\",\"inLanguage\":\"fi\",\"@id\":\"https:\/\/www.electroluxprofessional.com\/fi\/#\/schema\/person\/image\/\",\"url\":\"https:\/\/secure.gravatar.com\/avatar\/316c943a1e1757e4bd8f96cc0b8709fa?s=96&d=mm&r=g\",\"contentUrl\":\"https:\/\/secure.gravatar.com\/avatar\/316c943a1e1757e4bd8f96cc0b8709fa?s=96&d=mm&r=g\",\"caption\":\"janna.takkunen@electroluxprofessional.com\"}}]}<\/script>\n<!-- \/ Yoast SEO plugin. -->","yoast_head_json":{"title":"Suomen kokkimaajoukkue valmiina uuteen kauteen - Electrolux Professional Suomi","description":"Suomen kokkimaajoukkue valmistautuu uuden harjoittelukauden aloittamiseen. Lue blogistamme kokkimaajoukkueen tuoreimmat kuulumiset.","robots":{"index":"index","follow":"follow","max-snippet":"max-snippet:-1","max-image-preview":"max-image-preview:large","max-video-preview":"max-video-preview:-1"},"canonical":"https:\/\/www.electroluxprofessional.com\/fi\/suomen-kokkimaajoukkue-valmiina-uuteen-kauteen\/","og_locale":"fi_FI","og_type":"article","og_title":"Suomen kokkimaajoukkue valmiina uuteen kauteen - Electrolux Professional Suomi","og_description":"Suomen kokkimaajoukkue valmistautuu uuden harjoittelukauden aloittamiseen. Lue blogistamme kokkimaajoukkueen tuoreimmat kuulumiset.","og_url":"https:\/\/www.electroluxprofessional.com\/fi\/suomen-kokkimaajoukkue-valmiina-uuteen-kauteen\/","og_site_name":"Electrolux Professional Suomi","article_published_time":"2024-08-27T13:25:08+00:00","article_modified_time":"2024-10-04T12:10:34+00:00","og_image":[{"width":1605,"height":403,"url":"https:\/\/www.electroluxprofessional.com\/fi\/wp-content\/uploads\/2024\/08\/artikkeli2-e1724759207942.jpg","type":"image\/jpeg"}],"author":"janna.takkunen@electroluxprofessional.com","twitter_card":"summary_large_image","twitter_misc":{"Kirjoittanut":"janna.takkunen@electroluxprofessional.com","Arvioitu lukuaika":"3 minuuttia"},"schema":{"@context":"https:\/\/schema.org","@graph":[{"@type":"WebPage","@id":"https:\/\/www.electroluxprofessional.com\/fi\/suomen-kokkimaajoukkue-valmiina-uuteen-kauteen\/","url":"https:\/\/www.electroluxprofessional.com\/fi\/suomen-kokkimaajoukkue-valmiina-uuteen-kauteen\/","name":"Suomen kokkimaajoukkue valmiina uuteen kauteen - Electrolux Professional Suomi","isPartOf":{"@id":"https:\/\/www.electroluxprofessional.com\/fi\/#website"},"primaryImageOfPage":{"@id":"https:\/\/www.electroluxprofessional.com\/fi\/suomen-kokkimaajoukkue-valmiina-uuteen-kauteen\/#primaryimage"},"image":{"@id":"https:\/\/www.electroluxprofessional.com\/fi\/suomen-kokkimaajoukkue-valmiina-uuteen-kauteen\/#primaryimage"},"thumbnailUrl":"https:\/\/www.electroluxprofessional.com\/fi\/wp-content\/uploads\/2024\/08\/artikkeli2-e1724759207942.jpg","datePublished":"2024-08-27T13:25:08+00:00","dateModified":"2024-10-04T12:10:34+00:00","author":{"@id":"https:\/\/www.electroluxprofessional.com\/fi\/#\/schema\/person\/9484897100cb805d24ae2da5f8d96a4c"},"description":"Suomen kokkimaajoukkue valmistautuu uuden harjoittelukauden aloittamiseen. Lue blogistamme kokkimaajoukkueen tuoreimmat kuulumiset.","breadcrumb":{"@id":"https:\/\/www.electroluxprofessional.com\/fi\/suomen-kokkimaajoukkue-valmiina-uuteen-kauteen\/#breadcrumb"},"inLanguage":"fi","potentialAction":[{"@type":"ReadAction","target":["https:\/\/www.electroluxprofessional.com\/fi\/suomen-kokkimaajoukkue-valmiina-uuteen-kauteen\/"]}]},{"@type":"ImageObject","inLanguage":"fi","@id":"https:\/\/www.electroluxprofessional.com\/fi\/suomen-kokkimaajoukkue-valmiina-uuteen-kauteen\/#primaryimage","url":"https:\/\/www.electroluxprofessional.com\/fi\/wp-content\/uploads\/2024\/08\/artikkeli2-e1724759207942.jpg","contentUrl":"https:\/\/www.electroluxprofessional.com\/fi\/wp-content\/uploads\/2024\/08\/artikkeli2-e1724759207942.jpg","width":1605,"height":403},{"@type":"BreadcrumbList","@id":"https:\/\/www.electroluxprofessional.com\/fi\/suomen-kokkimaajoukkue-valmiina-uuteen-kauteen\/#breadcrumb","itemListElement":[{"@type":"ListItem","position":1,"name":"Home","item":"https:\/\/www.electroluxprofessional.com\/fi\/"},{"@type":"ListItem","position":2,"name":"Suomen kokkimaajoukkue valmiina uuteen kauteen"}]},{"@type":"WebSite","@id":"https:\/\/www.electroluxprofessional.com\/fi\/#website","url":"https:\/\/www.electroluxprofessional.com\/fi\/","name":"Electrolux Professional Suomi","description":"","potentialAction":[{"@type":"SearchAction","target":{"@type":"EntryPoint","urlTemplate":"https:\/\/www.electroluxprofessional.com\/fi\/?src={search_term_string}"},"query-input":"required name=search_term_string"}],"inLanguage":"fi"},{"@type":"Person","@id":"https:\/\/www.electroluxprofessional.com\/fi\/#\/schema\/person\/9484897100cb805d24ae2da5f8d96a4c","name":"janna.takkunen@electroluxprofessional.com","image":{"@type":"ImageObject","inLanguage":"fi","@id":"https:\/\/www.electroluxprofessional.com\/fi\/#\/schema\/person\/image\/","url":"https:\/\/secure.gravatar.com\/avatar\/316c943a1e1757e4bd8f96cc0b8709fa?s=96&d=mm&r=g","contentUrl":"https:\/\/secure.gravatar.com\/avatar\/316c943a1e1757e4bd8f96cc0b8709fa?s=96&d=mm&r=g","caption":"janna.takkunen@electroluxprofessional.com"}}]}},"_links":{"self":[{"href":"https:\/\/www.electroluxprofessional.com\/fi\/wp-json\/wp\/v2\/posts\/13120"}],"collection":[{"href":"https:\/\/www.electroluxprofessional.com\/fi\/wp-json\/wp\/v2\/posts"}],"about":[{"href":"https:\/\/www.electroluxprofessional.com\/fi\/wp-json\/wp\/v2\/types\/post"}],"author":[{"embeddable":true,"href":"https:\/\/www.electroluxprofessional.com\/fi\/wp-json\/wp\/v2\/users\/135"}],"replies":[{"embeddable":true,"href":"https:\/\/www.electroluxprofessional.com\/fi\/wp-json\/wp\/v2\/comments?post=13120"}],"version-history":[{"count":46,"href":"https:\/\/www.electroluxprofessional.com\/fi\/wp-json\/wp\/v2\/posts\/13120\/revisions"}],"predecessor-version":[{"id":13206,"href":"https:\/\/www.electroluxprofessional.com\/fi\/wp-json\/wp\/v2\/posts\/13120\/revisions\/13206"}],"wp:featuredmedia":[{"embeddable":true,"href":"https:\/\/www.electroluxprofessional.com\/fi\/wp-json\/wp\/v2\/media\/13121"}],"wp:attachment":[{"href":"https:\/\/www.electroluxprofessional.com\/fi\/wp-json\/wp\/v2\/media?parent=13120"}],"wp:term":[{"taxonomy":"category","embeddable":true,"href":"https:\/\/www.electroluxprofessional.com\/fi\/wp-json\/wp\/v2\/categories?post=13120"},{"taxonomy":"post_tag","embeddable":true,"href":"https:\/\/www.electroluxprofessional.com\/fi\/wp-json\/wp\/v2\/tags?post=13120"}],"curies":[{"name":"wp","href":"https:\/\/api.w.org\/{rel}","templated":true}]}}