{"id":12192,"date":"2024-02-27T14:31:37","date_gmt":"2024-02-27T14:31:37","guid":{"rendered":"https:\/\/www.electroluxprofessional.com\/fi\/?p=12192"},"modified":"2024-02-27T14:35:56","modified_gmt":"2024-02-27T14:35:56","slug":"gastro_helsinki","status":"publish","type":"post","link":"https:\/\/www.electroluxprofessional.com\/fi\/gastro_helsinki\/","title":{"rendered":"Gastro Helsinki 13.-15.3.2024."},"content":{"rendered":"<p>[vc_row][vc_column][vc_column_text]Olemme mukana <a href=\"https:\/\/gastro.messukeskus.com\/\"><strong>Gastro Helsinki 2024<\/strong><\/a> -messuilla 13.\u201315.3.2024. Gastro on Suomen suurin ruoka- ja ravintola-alan ammattitapahtuma, joka esittelee k\u00e4vij\u00f6illeen alan uutuudet, trendit ja innovaatiot.<\/p>\n<p>L\u00f6yd\u00e4t meid\u00e4t ja monipuolisen laitekattauksemme <strong>osastolta 6g60.<\/strong> Lis\u00e4ksi n\u00e4et laitteemme tositoimissa <strong><a href=\"https:\/\/www.mestarikoulu.fi\/\">Mestarikoulu-kilpailussa<\/a><\/strong>, jossa ravintola-alan opiskelijat kisaavat Mestarikoulu 2024 -tittelist\u00e4. Varustamme my\u00f6s <strong><a href=\"https:\/\/www.ctof.fi\/\">Suomen kokkimaajoukkueen<\/a><\/strong> \u2013 tuoreiden olympiavoittajien &#8211; pop-up -ravintolan. Ja t\u00e4\u00e4ll\u00e4 p\u00e4\u00e4set itsekin kullan makuun: tarjolla kokkiolympialaisissa kultaa voittanut huikaiseva 3-ruokalajin menu.<\/p>\n<p><strong>N\u00e4hd\u00e4\u00e4n Gastrossa 13.-15.3!<\/strong><\/p>\n<p>[\/vc_column_text][vc_empty_space][\/vc_column][\/vc_row][vc_row][vc_column][vc_single_image image=&#8221;12198&#8243; img_size=&#8221;full&#8221; alignment=&#8221;center&#8221;][vc_empty_space][\/vc_column][\/vc_row]<\/p>\n","protected":false},"excerpt":{"rendered":"<p>[vc_row][vc_column][vc_column_text]Olemme mukana Gastro Helsinki 2024 -messuilla 13.\u201315.3.2024. Gastro on Suomen suurin ruoka- ja ravintola-alan ammattitapahtuma, joka esittelee k\u00e4vij\u00f6illeen alan uutuudet, trendit ja innovaatiot. L\u00f6yd\u00e4t meid\u00e4t ja monipuolisen laitekattauksemme osastolta 6g60. Lis\u00e4ksi n\u00e4et laitteemme tositoimissa Mestarikoulu-kilpailussa, jossa ravintola-alan opiskelijat kisaavat Mestarikoulu 2024 -tittelist\u00e4. Varustamme my\u00f6s Suomen kokkimaajoukkueen \u2013 tuoreiden olympiavoittajien &#8211; pop-up -ravintolan. Ja t\u00e4\u00e4ll\u00e4 p\u00e4\u00e4set [&hellip;]<\/p>\n","protected":false},"author":135,"featured_media":12197,"comment_status":"closed","ping_status":"closed","sticky":false,"template":"","format":"standard","meta":{"footnotes":""},"categories":[76,99,191],"tags":[197,196],"class_list":["post-12192","post","type-post","status-publish","format-standard","has-post-thumbnail","hentry","category-uutiset-ajankohtaista","category-uutiset-ammattikeittiot","category-tapahtumat","tag-ammattikeittiot","tag-tapahtumat"],"yoast_head":"<!-- This site is optimized with the Yoast SEO plugin v23.3 - https:\/\/yoast.com\/wordpress\/plugins\/seo\/ -->\n<title>Gastro Helsinki 13.-15.3.2024. - Electrolux Professional Suomi<\/title>\n<meta name=\"description\" content=\"Olemme mukana Gastro Helsinki -tapahtumassa. L\u00f6yd\u00e4t meid\u00e4t ja kattavan laitevalikoimamme osastolta 6g60. Tervetuloa!\" \/>\n<meta name=\"robots\" content=\"index, follow, max-snippet:-1, max-image-preview:large, max-video-preview:-1\" \/>\n<link rel=\"canonical\" href=\"https:\/\/www.electroluxprofessional.com\/fi\/gastro_helsinki\/\" \/>\n<meta property=\"og:locale\" content=\"fi_FI\" \/>\n<meta property=\"og:type\" content=\"article\" \/>\n<meta property=\"og:title\" content=\"Gastro Helsinki 13.-15.3.2024. - Electrolux Professional Suomi\" \/>\n<meta property=\"og:description\" content=\"Olemme mukana Gastro Helsinki -tapahtumassa. L\u00f6yd\u00e4t meid\u00e4t ja kattavan laitevalikoimamme osastolta 6g60. Tervetuloa!\" \/>\n<meta property=\"og:url\" content=\"https:\/\/www.electroluxprofessional.com\/fi\/gastro_helsinki\/\" \/>\n<meta property=\"og:site_name\" content=\"Electrolux Professional Suomi\" \/>\n<meta property=\"article:published_time\" content=\"2024-02-27T14:31:37+00:00\" \/>\n<meta property=\"article:modified_time\" content=\"2024-02-27T14:35:56+00:00\" \/>\n<meta property=\"og:image\" content=\"https:\/\/www.electroluxprofessional.com\/fi\/wp-content\/uploads\/2024\/02\/banner-pitkia.jpg\" \/>\n\t<meta property=\"og:image:width\" content=\"1756\" \/>\n\t<meta property=\"og:image:height\" content=\"261\" \/>\n\t<meta property=\"og:image:type\" content=\"image\/jpeg\" \/>\n<meta name=\"author\" content=\"janna.takkunen@electroluxprofessional.com\" \/>\n<meta name=\"twitter:card\" content=\"summary_large_image\" \/>\n<meta name=\"twitter:label1\" content=\"Kirjoittanut\" \/>\n\t<meta name=\"twitter:data1\" content=\"janna.takkunen@electroluxprofessional.com\" \/>\n\t<meta name=\"twitter:label2\" content=\"Arvioitu lukuaika\" \/>\n\t<meta name=\"twitter:data2\" content=\"1 minuutti\" \/>\n<script type=\"application\/ld+json\" class=\"yoast-schema-graph\">{\"@context\":\"https:\/\/schema.org\",\"@graph\":[{\"@type\":\"WebPage\",\"@id\":\"https:\/\/www.electroluxprofessional.com\/fi\/gastro_helsinki\/\",\"url\":\"https:\/\/www.electroluxprofessional.com\/fi\/gastro_helsinki\/\",\"name\":\"Gastro Helsinki 13.-15.3.2024. - Electrolux Professional Suomi\",\"isPartOf\":{\"@id\":\"https:\/\/www.electroluxprofessional.com\/fi\/#website\"},\"primaryImageOfPage\":{\"@id\":\"https:\/\/www.electroluxprofessional.com\/fi\/gastro_helsinki\/#primaryimage\"},\"image\":{\"@id\":\"https:\/\/www.electroluxprofessional.com\/fi\/gastro_helsinki\/#primaryimage\"},\"thumbnailUrl\":\"https:\/\/www.electroluxprofessional.com\/fi\/wp-content\/uploads\/2024\/02\/banner-pitkia.jpg\",\"datePublished\":\"2024-02-27T14:31:37+00:00\",\"dateModified\":\"2024-02-27T14:35:56+00:00\",\"author\":{\"@id\":\"https:\/\/www.electroluxprofessional.com\/fi\/#\/schema\/person\/9484897100cb805d24ae2da5f8d96a4c\"},\"description\":\"Olemme mukana Gastro Helsinki -tapahtumassa. L\u00f6yd\u00e4t meid\u00e4t ja kattavan laitevalikoimamme osastolta 6g60. Tervetuloa!\",\"breadcrumb\":{\"@id\":\"https:\/\/www.electroluxprofessional.com\/fi\/gastro_helsinki\/#breadcrumb\"},\"inLanguage\":\"fi\",\"potentialAction\":[{\"@type\":\"ReadAction\",\"target\":[\"https:\/\/www.electroluxprofessional.com\/fi\/gastro_helsinki\/\"]}]},{\"@type\":\"ImageObject\",\"inLanguage\":\"fi\",\"@id\":\"https:\/\/www.electroluxprofessional.com\/fi\/gastro_helsinki\/#primaryimage\",\"url\":\"https:\/\/www.electroluxprofessional.com\/fi\/wp-content\/uploads\/2024\/02\/banner-pitkia.jpg\",\"contentUrl\":\"https:\/\/www.electroluxprofessional.com\/fi\/wp-content\/uploads\/2024\/02\/banner-pitkia.jpg\",\"width\":1756,\"height\":261},{\"@type\":\"BreadcrumbList\",\"@id\":\"https:\/\/www.electroluxprofessional.com\/fi\/gastro_helsinki\/#breadcrumb\",\"itemListElement\":[{\"@type\":\"ListItem\",\"position\":1,\"name\":\"Home\",\"item\":\"https:\/\/www.electroluxprofessional.com\/fi\/\"},{\"@type\":\"ListItem\",\"position\":2,\"name\":\"Gastro Helsinki 13.-15.3.2024.\"}]},{\"@type\":\"WebSite\",\"@id\":\"https:\/\/www.electroluxprofessional.com\/fi\/#website\",\"url\":\"https:\/\/www.electroluxprofessional.com\/fi\/\",\"name\":\"Electrolux Professional Suomi\",\"description\":\"\",\"potentialAction\":[{\"@type\":\"SearchAction\",\"target\":{\"@type\":\"EntryPoint\",\"urlTemplate\":\"https:\/\/www.electroluxprofessional.com\/fi\/?src={search_term_string}\"},\"query-input\":\"required name=search_term_string\"}],\"inLanguage\":\"fi\"},{\"@type\":\"Person\",\"@id\":\"https:\/\/www.electroluxprofessional.com\/fi\/#\/schema\/person\/9484897100cb805d24ae2da5f8d96a4c\",\"name\":\"janna.takkunen@electroluxprofessional.com\",\"image\":{\"@type\":\"ImageObject\",\"inLanguage\":\"fi\",\"@id\":\"https:\/\/www.electroluxprofessional.com\/fi\/#\/schema\/person\/image\/\",\"url\":\"https:\/\/secure.gravatar.com\/avatar\/316c943a1e1757e4bd8f96cc0b8709fa?s=96&d=mm&r=g\",\"contentUrl\":\"https:\/\/secure.gravatar.com\/avatar\/316c943a1e1757e4bd8f96cc0b8709fa?s=96&d=mm&r=g\",\"caption\":\"janna.takkunen@electroluxprofessional.com\"}}]}<\/script>\n<!-- \/ Yoast SEO plugin. -->","yoast_head_json":{"title":"Gastro Helsinki 13.-15.3.2024. - Electrolux Professional Suomi","description":"Olemme mukana Gastro Helsinki -tapahtumassa. L\u00f6yd\u00e4t meid\u00e4t ja kattavan laitevalikoimamme osastolta 6g60. Tervetuloa!","robots":{"index":"index","follow":"follow","max-snippet":"max-snippet:-1","max-image-preview":"max-image-preview:large","max-video-preview":"max-video-preview:-1"},"canonical":"https:\/\/www.electroluxprofessional.com\/fi\/gastro_helsinki\/","og_locale":"fi_FI","og_type":"article","og_title":"Gastro Helsinki 13.-15.3.2024. - Electrolux Professional Suomi","og_description":"Olemme mukana Gastro Helsinki -tapahtumassa. L\u00f6yd\u00e4t meid\u00e4t ja kattavan laitevalikoimamme osastolta 6g60. Tervetuloa!","og_url":"https:\/\/www.electroluxprofessional.com\/fi\/gastro_helsinki\/","og_site_name":"Electrolux Professional Suomi","article_published_time":"2024-02-27T14:31:37+00:00","article_modified_time":"2024-02-27T14:35:56+00:00","og_image":[{"width":1756,"height":261,"url":"https:\/\/www.electroluxprofessional.com\/fi\/wp-content\/uploads\/2024\/02\/banner-pitkia.jpg","type":"image\/jpeg"}],"author":"janna.takkunen@electroluxprofessional.com","twitter_card":"summary_large_image","twitter_misc":{"Kirjoittanut":"janna.takkunen@electroluxprofessional.com","Arvioitu lukuaika":"1 minuutti"},"schema":{"@context":"https:\/\/schema.org","@graph":[{"@type":"WebPage","@id":"https:\/\/www.electroluxprofessional.com\/fi\/gastro_helsinki\/","url":"https:\/\/www.electroluxprofessional.com\/fi\/gastro_helsinki\/","name":"Gastro Helsinki 13.-15.3.2024. - Electrolux Professional Suomi","isPartOf":{"@id":"https:\/\/www.electroluxprofessional.com\/fi\/#website"},"primaryImageOfPage":{"@id":"https:\/\/www.electroluxprofessional.com\/fi\/gastro_helsinki\/#primaryimage"},"image":{"@id":"https:\/\/www.electroluxprofessional.com\/fi\/gastro_helsinki\/#primaryimage"},"thumbnailUrl":"https:\/\/www.electroluxprofessional.com\/fi\/wp-content\/uploads\/2024\/02\/banner-pitkia.jpg","datePublished":"2024-02-27T14:31:37+00:00","dateModified":"2024-02-27T14:35:56+00:00","author":{"@id":"https:\/\/www.electroluxprofessional.com\/fi\/#\/schema\/person\/9484897100cb805d24ae2da5f8d96a4c"},"description":"Olemme mukana Gastro Helsinki -tapahtumassa. L\u00f6yd\u00e4t meid\u00e4t ja kattavan laitevalikoimamme osastolta 6g60. Tervetuloa!","breadcrumb":{"@id":"https:\/\/www.electroluxprofessional.com\/fi\/gastro_helsinki\/#breadcrumb"},"inLanguage":"fi","potentialAction":[{"@type":"ReadAction","target":["https:\/\/www.electroluxprofessional.com\/fi\/gastro_helsinki\/"]}]},{"@type":"ImageObject","inLanguage":"fi","@id":"https:\/\/www.electroluxprofessional.com\/fi\/gastro_helsinki\/#primaryimage","url":"https:\/\/www.electroluxprofessional.com\/fi\/wp-content\/uploads\/2024\/02\/banner-pitkia.jpg","contentUrl":"https:\/\/www.electroluxprofessional.com\/fi\/wp-content\/uploads\/2024\/02\/banner-pitkia.jpg","width":1756,"height":261},{"@type":"BreadcrumbList","@id":"https:\/\/www.electroluxprofessional.com\/fi\/gastro_helsinki\/#breadcrumb","itemListElement":[{"@type":"ListItem","position":1,"name":"Home","item":"https:\/\/www.electroluxprofessional.com\/fi\/"},{"@type":"ListItem","position":2,"name":"Gastro Helsinki 13.-15.3.2024."}]},{"@type":"WebSite","@id":"https:\/\/www.electroluxprofessional.com\/fi\/#website","url":"https:\/\/www.electroluxprofessional.com\/fi\/","name":"Electrolux Professional Suomi","description":"","potentialAction":[{"@type":"SearchAction","target":{"@type":"EntryPoint","urlTemplate":"https:\/\/www.electroluxprofessional.com\/fi\/?src={search_term_string}"},"query-input":"required name=search_term_string"}],"inLanguage":"fi"},{"@type":"Person","@id":"https:\/\/www.electroluxprofessional.com\/fi\/#\/schema\/person\/9484897100cb805d24ae2da5f8d96a4c","name":"janna.takkunen@electroluxprofessional.com","image":{"@type":"ImageObject","inLanguage":"fi","@id":"https:\/\/www.electroluxprofessional.com\/fi\/#\/schema\/person\/image\/","url":"https:\/\/secure.gravatar.com\/avatar\/316c943a1e1757e4bd8f96cc0b8709fa?s=96&d=mm&r=g","contentUrl":"https:\/\/secure.gravatar.com\/avatar\/316c943a1e1757e4bd8f96cc0b8709fa?s=96&d=mm&r=g","caption":"janna.takkunen@electroluxprofessional.com"}}]}},"_links":{"self":[{"href":"https:\/\/www.electroluxprofessional.com\/fi\/wp-json\/wp\/v2\/posts\/12192"}],"collection":[{"href":"https:\/\/www.electroluxprofessional.com\/fi\/wp-json\/wp\/v2\/posts"}],"about":[{"href":"https:\/\/www.electroluxprofessional.com\/fi\/wp-json\/wp\/v2\/types\/post"}],"author":[{"embeddable":true,"href":"https:\/\/www.electroluxprofessional.com\/fi\/wp-json\/wp\/v2\/users\/135"}],"replies":[{"embeddable":true,"href":"https:\/\/www.electroluxprofessional.com\/fi\/wp-json\/wp\/v2\/comments?post=12192"}],"version-history":[{"count":4,"href":"https:\/\/www.electroluxprofessional.com\/fi\/wp-json\/wp\/v2\/posts\/12192\/revisions"}],"predecessor-version":[{"id":12201,"href":"https:\/\/www.electroluxprofessional.com\/fi\/wp-json\/wp\/v2\/posts\/12192\/revisions\/12201"}],"wp:featuredmedia":[{"embeddable":true,"href":"https:\/\/www.electroluxprofessional.com\/fi\/wp-json\/wp\/v2\/media\/12197"}],"wp:attachment":[{"href":"https:\/\/www.electroluxprofessional.com\/fi\/wp-json\/wp\/v2\/media?parent=12192"}],"wp:term":[{"taxonomy":"category","embeddable":true,"href":"https:\/\/www.electroluxprofessional.com\/fi\/wp-json\/wp\/v2\/categories?post=12192"},{"taxonomy":"post_tag","embeddable":true,"href":"https:\/\/www.electroluxprofessional.com\/fi\/wp-json\/wp\/v2\/tags?post=12192"}],"curies":[{"name":"wp","href":"https:\/\/api.w.org\/{rel}","templated":true}]}}