{"id":11718,"date":"2023-09-08T13:00:30","date_gmt":"2023-09-08T13:00:30","guid":{"rendered":"https:\/\/www.electroluxprofessional.com\/fi\/?p=11718"},"modified":"2024-10-04T12:21:28","modified_gmt":"2024-10-04T12:21:28","slug":"isannointipaivat-2023","status":"publish","type":"post","link":"https:\/\/www.electroluxprofessional.com\/fi\/isannointipaivat-2023\/","title":{"rendered":"Is\u00e4nn\u00f6intip\u00e4iv\u00e4t Lahden Messukeskuksessa 27.-28.9.2023."},"content":{"rendered":"<p>[vc_row][vc_column][\/vc_column][\/vc_row][vc_row][vc_column][vc_empty_space][vc_column_text]<strong>Electrolux Professionalin ammattipesularatkaisut on j\u00e4lleen mukana Is\u00e4nn\u00f6intip\u00e4ivill\u00e4 &#8211; kiinteist\u00f6alan ykk\u00f6stapahtumassa.<\/strong> Tapahtuma kokoaa vuosittain saman katon alle noin 1200 is\u00e4nn\u00f6intialan ammattilaista ja palveluntarjoajaa.<\/p>\n<p>Is\u00e4nn\u00f6intip\u00e4iv\u00e4t on j\u00e4rjestetty vuosittain jo yli 15 vuoden ajan. T\u00e4n\u00e4 vuonna Is\u00e4nn\u00f6intip\u00e4iv\u00e4t j\u00e4rjestet\u00e4\u00e4n Lahden Messukeskuksessa 27.-28.9.2023.<\/p>\n<p><strong>Tule tapaamaan meit\u00e4 osastolle 89<\/strong> ja kuulemaan tuoreimmat kuulumisemme.<\/p>\n<p>N\u00e4hd\u00e4\u00e4n Is\u00e4nn\u00f6intip\u00e4ivill\u00e4!<\/p>\n<p>Lue lis\u00e4\u00e4 tapahtumasta <a href=\"https:\/\/www.isannointiliitto.fi\/isannointipaivat\/\">t\u00e4\u00e4lt\u00e4.<\/a>[\/vc_column_text][\/vc_column][\/vc_row][vc_row][vc_column][\/vc_column][\/vc_row]<\/p>\n","protected":false},"excerpt":{"rendered":"<p>[vc_row][vc_column][\/vc_column][\/vc_row][vc_row][vc_column][vc_empty_space][vc_column_text]Electrolux Professionalin ammattipesularatkaisut on j\u00e4lleen mukana Is\u00e4nn\u00f6intip\u00e4ivill\u00e4 &#8211; kiinteist\u00f6alan ykk\u00f6stapahtumassa. Tapahtuma kokoaa vuosittain saman katon alle noin 1200 is\u00e4nn\u00f6intialan ammattilaista ja palveluntarjoajaa. Is\u00e4nn\u00f6intip\u00e4iv\u00e4t on j\u00e4rjestetty vuosittain jo yli 15 vuoden ajan. T\u00e4n\u00e4 vuonna Is\u00e4nn\u00f6intip\u00e4iv\u00e4t j\u00e4rjestet\u00e4\u00e4n Lahden Messukeskuksessa 27.-28.9.2023. Tule tapaamaan meit\u00e4 osastolle 89 ja kuulemaan tuoreimmat kuulumisemme. N\u00e4hd\u00e4\u00e4n Is\u00e4nn\u00f6intip\u00e4ivill\u00e4! Lue lis\u00e4\u00e4 tapahtumasta t\u00e4\u00e4lt\u00e4.[\/vc_column_text][\/vc_column][\/vc_row][vc_row][vc_column][\/vc_column][\/vc_row]<\/p>\n","protected":false},"author":135,"featured_media":11730,"comment_status":"closed","ping_status":"closed","sticky":false,"template":"","format":"standard","meta":{"footnotes":""},"categories":[76,100,191],"tags":[],"class_list":["post-11718","post","type-post","status-publish","format-standard","has-post-thumbnail","hentry","category-uutiset-ajankohtaista","category-uutiset-ammattipesulat","category-tapahtumat"],"yoast_head":"<!-- This site is optimized with the Yoast SEO plugin v23.3 - https:\/\/yoast.com\/wordpress\/plugins\/seo\/ -->\n<title>Is\u00e4nn\u00f6intip\u00e4iv\u00e4t Lahden Messukeskuksessa 27.-28.9.2023. - Electrolux Professional Suomi<\/title>\n<meta name=\"description\" content=\"Olemme mukana Is\u00e4nn\u00f6intip\u00e4ivill\u00e4. Tervetuloa tapaamaan meit\u00e4 osastolle 27 ja kuulemaan tuoreimmat kuulumisemme!\" \/>\n<meta name=\"robots\" content=\"index, follow, max-snippet:-1, max-image-preview:large, max-video-preview:-1\" \/>\n<link rel=\"canonical\" href=\"https:\/\/www.electroluxprofessional.com\/fi\/isannointipaivat-2023\/\" \/>\n<meta property=\"og:locale\" content=\"fi_FI\" \/>\n<meta property=\"og:type\" content=\"article\" \/>\n<meta property=\"og:title\" content=\"Is\u00e4nn\u00f6intip\u00e4iv\u00e4t Lahden Messukeskuksessa 27.-28.9.2023. - Electrolux Professional Suomi\" \/>\n<meta property=\"og:description\" content=\"Olemme mukana Is\u00e4nn\u00f6intip\u00e4ivill\u00e4. Tervetuloa tapaamaan meit\u00e4 osastolle 27 ja kuulemaan tuoreimmat kuulumisemme!\" \/>\n<meta property=\"og:url\" content=\"https:\/\/www.electroluxprofessional.com\/fi\/isannointipaivat-2023\/\" \/>\n<meta property=\"og:site_name\" content=\"Electrolux Professional Suomi\" \/>\n<meta property=\"article:published_time\" content=\"2023-09-08T13:00:30+00:00\" \/>\n<meta property=\"article:modified_time\" content=\"2024-10-04T12:21:28+00:00\" \/>\n<meta property=\"og:image\" content=\"https:\/\/www.electroluxprofessional.com\/fi\/wp-content\/uploads\/2023\/09\/j.jpg\" \/>\n\t<meta property=\"og:image:width\" content=\"1899\" \/>\n\t<meta property=\"og:image:height\" content=\"400\" \/>\n\t<meta property=\"og:image:type\" content=\"image\/jpeg\" \/>\n<meta name=\"author\" content=\"janna.takkunen@electroluxprofessional.com\" \/>\n<meta name=\"twitter:card\" content=\"summary_large_image\" \/>\n<meta name=\"twitter:label1\" content=\"Kirjoittanut\" \/>\n\t<meta name=\"twitter:data1\" content=\"janna.takkunen@electroluxprofessional.com\" \/>\n\t<meta name=\"twitter:label2\" content=\"Arvioitu lukuaika\" \/>\n\t<meta name=\"twitter:data2\" content=\"1 minuutti\" \/>\n<script type=\"application\/ld+json\" class=\"yoast-schema-graph\">{\"@context\":\"https:\/\/schema.org\",\"@graph\":[{\"@type\":\"WebPage\",\"@id\":\"https:\/\/www.electroluxprofessional.com\/fi\/isannointipaivat-2023\/\",\"url\":\"https:\/\/www.electroluxprofessional.com\/fi\/isannointipaivat-2023\/\",\"name\":\"Is\u00e4nn\u00f6intip\u00e4iv\u00e4t Lahden Messukeskuksessa 27.-28.9.2023. - Electrolux Professional Suomi\",\"isPartOf\":{\"@id\":\"https:\/\/www.electroluxprofessional.com\/fi\/#website\"},\"primaryImageOfPage\":{\"@id\":\"https:\/\/www.electroluxprofessional.com\/fi\/isannointipaivat-2023\/#primaryimage\"},\"image\":{\"@id\":\"https:\/\/www.electroluxprofessional.com\/fi\/isannointipaivat-2023\/#primaryimage\"},\"thumbnailUrl\":\"https:\/\/www.electroluxprofessional.com\/fi\/wp-content\/uploads\/2023\/09\/j.jpg\",\"datePublished\":\"2023-09-08T13:00:30+00:00\",\"dateModified\":\"2024-10-04T12:21:28+00:00\",\"author\":{\"@id\":\"https:\/\/www.electroluxprofessional.com\/fi\/#\/schema\/person\/9484897100cb805d24ae2da5f8d96a4c\"},\"description\":\"Olemme mukana Is\u00e4nn\u00f6intip\u00e4ivill\u00e4. Tervetuloa tapaamaan meit\u00e4 osastolle 27 ja kuulemaan tuoreimmat kuulumisemme!\",\"breadcrumb\":{\"@id\":\"https:\/\/www.electroluxprofessional.com\/fi\/isannointipaivat-2023\/#breadcrumb\"},\"inLanguage\":\"fi\",\"potentialAction\":[{\"@type\":\"ReadAction\",\"target\":[\"https:\/\/www.electroluxprofessional.com\/fi\/isannointipaivat-2023\/\"]}]},{\"@type\":\"ImageObject\",\"inLanguage\":\"fi\",\"@id\":\"https:\/\/www.electroluxprofessional.com\/fi\/isannointipaivat-2023\/#primaryimage\",\"url\":\"https:\/\/www.electroluxprofessional.com\/fi\/wp-content\/uploads\/2023\/09\/j.jpg\",\"contentUrl\":\"https:\/\/www.electroluxprofessional.com\/fi\/wp-content\/uploads\/2023\/09\/j.jpg\",\"width\":1899,\"height\":400},{\"@type\":\"BreadcrumbList\",\"@id\":\"https:\/\/www.electroluxprofessional.com\/fi\/isannointipaivat-2023\/#breadcrumb\",\"itemListElement\":[{\"@type\":\"ListItem\",\"position\":1,\"name\":\"Home\",\"item\":\"https:\/\/www.electroluxprofessional.com\/fi\/\"},{\"@type\":\"ListItem\",\"position\":2,\"name\":\"Is\u00e4nn\u00f6intip\u00e4iv\u00e4t Lahden Messukeskuksessa 27.-28.9.2023.\"}]},{\"@type\":\"WebSite\",\"@id\":\"https:\/\/www.electroluxprofessional.com\/fi\/#website\",\"url\":\"https:\/\/www.electroluxprofessional.com\/fi\/\",\"name\":\"Electrolux Professional Suomi\",\"description\":\"\",\"potentialAction\":[{\"@type\":\"SearchAction\",\"target\":{\"@type\":\"EntryPoint\",\"urlTemplate\":\"https:\/\/www.electroluxprofessional.com\/fi\/?src={search_term_string}\"},\"query-input\":\"required name=search_term_string\"}],\"inLanguage\":\"fi\"},{\"@type\":\"Person\",\"@id\":\"https:\/\/www.electroluxprofessional.com\/fi\/#\/schema\/person\/9484897100cb805d24ae2da5f8d96a4c\",\"name\":\"janna.takkunen@electroluxprofessional.com\",\"image\":{\"@type\":\"ImageObject\",\"inLanguage\":\"fi\",\"@id\":\"https:\/\/www.electroluxprofessional.com\/fi\/#\/schema\/person\/image\/\",\"url\":\"https:\/\/secure.gravatar.com\/avatar\/316c943a1e1757e4bd8f96cc0b8709fa?s=96&d=mm&r=g\",\"contentUrl\":\"https:\/\/secure.gravatar.com\/avatar\/316c943a1e1757e4bd8f96cc0b8709fa?s=96&d=mm&r=g\",\"caption\":\"janna.takkunen@electroluxprofessional.com\"}}]}<\/script>\n<!-- \/ Yoast SEO plugin. -->","yoast_head_json":{"title":"Is\u00e4nn\u00f6intip\u00e4iv\u00e4t Lahden Messukeskuksessa 27.-28.9.2023. - Electrolux Professional Suomi","description":"Olemme mukana Is\u00e4nn\u00f6intip\u00e4ivill\u00e4. Tervetuloa tapaamaan meit\u00e4 osastolle 27 ja kuulemaan tuoreimmat kuulumisemme!","robots":{"index":"index","follow":"follow","max-snippet":"max-snippet:-1","max-image-preview":"max-image-preview:large","max-video-preview":"max-video-preview:-1"},"canonical":"https:\/\/www.electroluxprofessional.com\/fi\/isannointipaivat-2023\/","og_locale":"fi_FI","og_type":"article","og_title":"Is\u00e4nn\u00f6intip\u00e4iv\u00e4t Lahden Messukeskuksessa 27.-28.9.2023. - Electrolux Professional Suomi","og_description":"Olemme mukana Is\u00e4nn\u00f6intip\u00e4ivill\u00e4. Tervetuloa tapaamaan meit\u00e4 osastolle 27 ja kuulemaan tuoreimmat kuulumisemme!","og_url":"https:\/\/www.electroluxprofessional.com\/fi\/isannointipaivat-2023\/","og_site_name":"Electrolux Professional Suomi","article_published_time":"2023-09-08T13:00:30+00:00","article_modified_time":"2024-10-04T12:21:28+00:00","og_image":[{"width":1899,"height":400,"url":"https:\/\/www.electroluxprofessional.com\/fi\/wp-content\/uploads\/2023\/09\/j.jpg","type":"image\/jpeg"}],"author":"janna.takkunen@electroluxprofessional.com","twitter_card":"summary_large_image","twitter_misc":{"Kirjoittanut":"janna.takkunen@electroluxprofessional.com","Arvioitu lukuaika":"1 minuutti"},"schema":{"@context":"https:\/\/schema.org","@graph":[{"@type":"WebPage","@id":"https:\/\/www.electroluxprofessional.com\/fi\/isannointipaivat-2023\/","url":"https:\/\/www.electroluxprofessional.com\/fi\/isannointipaivat-2023\/","name":"Is\u00e4nn\u00f6intip\u00e4iv\u00e4t Lahden Messukeskuksessa 27.-28.9.2023. - Electrolux Professional Suomi","isPartOf":{"@id":"https:\/\/www.electroluxprofessional.com\/fi\/#website"},"primaryImageOfPage":{"@id":"https:\/\/www.electroluxprofessional.com\/fi\/isannointipaivat-2023\/#primaryimage"},"image":{"@id":"https:\/\/www.electroluxprofessional.com\/fi\/isannointipaivat-2023\/#primaryimage"},"thumbnailUrl":"https:\/\/www.electroluxprofessional.com\/fi\/wp-content\/uploads\/2023\/09\/j.jpg","datePublished":"2023-09-08T13:00:30+00:00","dateModified":"2024-10-04T12:21:28+00:00","author":{"@id":"https:\/\/www.electroluxprofessional.com\/fi\/#\/schema\/person\/9484897100cb805d24ae2da5f8d96a4c"},"description":"Olemme mukana Is\u00e4nn\u00f6intip\u00e4ivill\u00e4. Tervetuloa tapaamaan meit\u00e4 osastolle 27 ja kuulemaan tuoreimmat kuulumisemme!","breadcrumb":{"@id":"https:\/\/www.electroluxprofessional.com\/fi\/isannointipaivat-2023\/#breadcrumb"},"inLanguage":"fi","potentialAction":[{"@type":"ReadAction","target":["https:\/\/www.electroluxprofessional.com\/fi\/isannointipaivat-2023\/"]}]},{"@type":"ImageObject","inLanguage":"fi","@id":"https:\/\/www.electroluxprofessional.com\/fi\/isannointipaivat-2023\/#primaryimage","url":"https:\/\/www.electroluxprofessional.com\/fi\/wp-content\/uploads\/2023\/09\/j.jpg","contentUrl":"https:\/\/www.electroluxprofessional.com\/fi\/wp-content\/uploads\/2023\/09\/j.jpg","width":1899,"height":400},{"@type":"BreadcrumbList","@id":"https:\/\/www.electroluxprofessional.com\/fi\/isannointipaivat-2023\/#breadcrumb","itemListElement":[{"@type":"ListItem","position":1,"name":"Home","item":"https:\/\/www.electroluxprofessional.com\/fi\/"},{"@type":"ListItem","position":2,"name":"Is\u00e4nn\u00f6intip\u00e4iv\u00e4t Lahden Messukeskuksessa 27.-28.9.2023."}]},{"@type":"WebSite","@id":"https:\/\/www.electroluxprofessional.com\/fi\/#website","url":"https:\/\/www.electroluxprofessional.com\/fi\/","name":"Electrolux Professional Suomi","description":"","potentialAction":[{"@type":"SearchAction","target":{"@type":"EntryPoint","urlTemplate":"https:\/\/www.electroluxprofessional.com\/fi\/?src={search_term_string}"},"query-input":"required name=search_term_string"}],"inLanguage":"fi"},{"@type":"Person","@id":"https:\/\/www.electroluxprofessional.com\/fi\/#\/schema\/person\/9484897100cb805d24ae2da5f8d96a4c","name":"janna.takkunen@electroluxprofessional.com","image":{"@type":"ImageObject","inLanguage":"fi","@id":"https:\/\/www.electroluxprofessional.com\/fi\/#\/schema\/person\/image\/","url":"https:\/\/secure.gravatar.com\/avatar\/316c943a1e1757e4bd8f96cc0b8709fa?s=96&d=mm&r=g","contentUrl":"https:\/\/secure.gravatar.com\/avatar\/316c943a1e1757e4bd8f96cc0b8709fa?s=96&d=mm&r=g","caption":"janna.takkunen@electroluxprofessional.com"}}]}},"_links":{"self":[{"href":"https:\/\/www.electroluxprofessional.com\/fi\/wp-json\/wp\/v2\/posts\/11718"}],"collection":[{"href":"https:\/\/www.electroluxprofessional.com\/fi\/wp-json\/wp\/v2\/posts"}],"about":[{"href":"https:\/\/www.electroluxprofessional.com\/fi\/wp-json\/wp\/v2\/types\/post"}],"author":[{"embeddable":true,"href":"https:\/\/www.electroluxprofessional.com\/fi\/wp-json\/wp\/v2\/users\/135"}],"replies":[{"embeddable":true,"href":"https:\/\/www.electroluxprofessional.com\/fi\/wp-json\/wp\/v2\/comments?post=11718"}],"version-history":[{"count":9,"href":"https:\/\/www.electroluxprofessional.com\/fi\/wp-json\/wp\/v2\/posts\/11718\/revisions"}],"predecessor-version":[{"id":11734,"href":"https:\/\/www.electroluxprofessional.com\/fi\/wp-json\/wp\/v2\/posts\/11718\/revisions\/11734"}],"wp:featuredmedia":[{"embeddable":true,"href":"https:\/\/www.electroluxprofessional.com\/fi\/wp-json\/wp\/v2\/media\/11730"}],"wp:attachment":[{"href":"https:\/\/www.electroluxprofessional.com\/fi\/wp-json\/wp\/v2\/media?parent=11718"}],"wp:term":[{"taxonomy":"category","embeddable":true,"href":"https:\/\/www.electroluxprofessional.com\/fi\/wp-json\/wp\/v2\/categories?post=11718"},{"taxonomy":"post_tag","embeddable":true,"href":"https:\/\/www.electroluxprofessional.com\/fi\/wp-json\/wp\/v2\/tags?post=11718"}],"curies":[{"name":"wp","href":"https:\/\/api.w.org\/{rel}","templated":true}]}}