{"id":10565,"date":"2023-03-23T07:43:57","date_gmt":"2023-03-23T07:43:57","guid":{"rendered":"https:\/\/www.electroluxprofessional.com\/fi\/?p=10565"},"modified":"2024-10-04T12:28:16","modified_gmt":"2024-10-04T12:28:16","slug":"electrolux-professional-groupille-ecovadis-silver-sertifikaatti","status":"publish","type":"post","link":"https:\/\/www.electroluxprofessional.com\/fi\/electrolux-professional-groupille-ecovadis-silver-sertifikaatti\/","title":{"rendered":"Electrolux Professional Groupille EcoVadis Silver-sertifikaatti"},"content":{"rendered":"<p>[vc_row][vc_column][vc_column_text]<strong>Vastuullisuusarvioitsija EcoVadis on my\u00f6nt\u00e4nyt Electrolux Professional Groupille Silver-tason luokituksen konsernin vastuullisuusty\u00f6st\u00e4. <\/strong>[\/vc_column_text][\/vc_column][\/vc_row][vc_row][vc_column][vc_empty_space][vc_column_text]EcoVadis on maailman johtavia arviointij\u00e4rjestelmi\u00e4, miss\u00e4 \u00a0yrityksen vastuullisuutta arvioidaan kattavasti 21 kriteerin osalta nelj\u00e4ll\u00e4 osa-alueella: ymp\u00e4rist\u00f6 ja ilmasto, ty\u00f6ntekij\u00e4t ja ihmisoikeudet, eettiset toimintatavat sek\u00e4 kest\u00e4v\u00e4 hankinta.<\/p>\n<p>EcoVadis-arviointi toteutetaan yritysten t\u00e4ytt\u00e4m\u00e4n kyselyn sek\u00e4 EcoVadisin \u00a0tekem\u00e4n riippumattoman analyysin pohjalta. Menetelm\u00e4t ja arvioinnit perustuvat kansainv\u00e4lisiin kest\u00e4v\u00e4n kehityksen standardeihin, kuten YK:n Global Compactin 10 periaatteeseen, Kansainv\u00e4lisen ty\u00f6j\u00e4rjest\u00f6n (ILO) sopimuksiin, GRI-standardeihin (Global Reporting Initiative), sek\u00e4 ISO 26000 -standardiin.<\/p>\n<blockquote><p>\u201c<em>Toimittamalla tietoja vastuullisuustoimistamme EcoVadis-alustan kautta konsernimme vastaa korkean profiilin asiakkaiden vaatimuksiin,\u201d <\/em><strong>sanoo Swapnil S Choudhari, konsernin vastuullisuus- ja laatujohtaja. <\/strong><em>\u201cT&#8217;\u00e4m\u00e4n p\u00e4iv\u00e4n hankintaprosesseihin sis\u00e4ltyy usein valtava m\u00e4\u00e4r\u00e4 hallinnollista ty\u00f6t\u00e4 pyydettyjen vastuullisuustietojen jakamiseksi. EcoVadis-alustan avulla pystymme tarjoamaan virtaviivaisemman ja yksinkertaisemman toimitusprosessin samalla, kun turvaamme asemamme ensisijaisena toimituskumppanina<\/em>.\u201d<\/p><\/blockquote>\n<p>[\/vc_column_text][vc_empty_space][\/vc_column][\/vc_row][vc_row][vc_column][vc_column_text]Vuonna 2007 perustettu EcoVadis on arvioinut yli 100 000 yrityst\u00e4 ymp\u00e4ri maailmaa. Electrolux Professional Group osallistui EcoVadis-arviointiin nyt ensimm\u00e4ist\u00e4 kertaa.[\/vc_column_text][vc_empty_space][\/vc_column][\/vc_row][vc_row][vc_column][vc_column_text]<strong>Lue lis\u00e4\u00e4 yrityksemme vastuullisuudesta <a href=\"https:\/\/www.electroluxprofessional.com\/fi\/vastuullisuus\/\">t\u00e4\u00e4lt\u00e4<\/a><\/strong>.[\/vc_column_text][vc_empty_space][vc_column_text]<strong>Lis\u00e4tiedot: <\/strong>Jacob Broberg, Viestint\u00e4- ja sijoittajasuhdejohtaja, +46 70 190 00 33[\/vc_column_text][vc_empty_space][\/vc_column][\/vc_row]<\/p>\n","protected":false},"excerpt":{"rendered":"<p>[vc_row][vc_column][vc_column_text]Vastuullisuusarvioitsija EcoVadis on my\u00f6nt\u00e4nyt Electrolux Professional Groupille Silver-tason luokituksen konsernin vastuullisuusty\u00f6st\u00e4. [\/vc_column_text][\/vc_column][\/vc_row][vc_row][vc_column][vc_empty_space][vc_column_text]EcoVadis on maailman johtavia arviointij\u00e4rjestelmi\u00e4, miss\u00e4 \u00a0yrityksen vastuullisuutta arvioidaan kattavasti 21 kriteerin osalta nelj\u00e4ll\u00e4 osa-alueella: ymp\u00e4rist\u00f6 ja ilmasto, ty\u00f6ntekij\u00e4t ja ihmisoikeudet, eettiset toimintatavat sek\u00e4 kest\u00e4v\u00e4 hankinta. EcoVadis-arviointi toteutetaan yritysten t\u00e4ytt\u00e4m\u00e4n kyselyn sek\u00e4 EcoVadisin \u00a0tekem\u00e4n riippumattoman analyysin pohjalta. Menetelm\u00e4t ja arvioinnit perustuvat kansainv\u00e4lisiin kest\u00e4v\u00e4n kehityksen [&hellip;]<\/p>\n","protected":false},"author":135,"featured_media":10569,"comment_status":"open","ping_status":"closed","sticky":false,"template":"","format":"standard","meta":{"footnotes":""},"categories":[76,208,178],"tags":[186,115,116,120,188,117,119,121],"class_list":["post-10565","post","type-post","status-publish","format-standard","has-post-thumbnail","hentry","category-uutiset-ajankohtaista","category-palkinnot","category-uutiset-vastuullisuus","tag-climate-friendly","tag-co2","tag-eco-friendly","tag-kestava-kehitys","tag-natural-refrigerant","tag-sustainability","tag-vastuullisuus","tag-ymparistoystavallisyys"],"yoast_head":"<!-- This site is optimized with the Yoast SEO plugin v23.3 - https:\/\/yoast.com\/wordpress\/plugins\/seo\/ -->\n<title>Electrolux Professional Groupille EcoVadis Silver-sertifikaatti - Electrolux Professional Suomi<\/title>\n<meta name=\"description\" content=\"Vastuullisuusarvioitsija EcoVadis on my\u00f6nt\u00e4nyt Electrolux Professional Groupille Silver-tason luokituksen konsernin vastuullisuusty\u00f6st\u00e4.\" \/>\n<meta name=\"robots\" content=\"index, follow, max-snippet:-1, max-image-preview:large, max-video-preview:-1\" \/>\n<link rel=\"canonical\" href=\"https:\/\/www.electroluxprofessional.com\/fi\/electrolux-professional-groupille-ecovadis-silver-sertifikaatti\/\" \/>\n<meta property=\"og:locale\" content=\"fi_FI\" \/>\n<meta property=\"og:type\" content=\"article\" \/>\n<meta property=\"og:title\" content=\"Electrolux Professional Groupille EcoVadis Silver-sertifikaatti - Electrolux Professional Suomi\" \/>\n<meta property=\"og:description\" content=\"Vastuullisuusarvioitsija EcoVadis on my\u00f6nt\u00e4nyt Electrolux Professional Groupille Silver-tason luokituksen konsernin vastuullisuusty\u00f6st\u00e4.\" \/>\n<meta property=\"og:url\" content=\"https:\/\/www.electroluxprofessional.com\/fi\/electrolux-professional-groupille-ecovadis-silver-sertifikaatti\/\" \/>\n<meta property=\"og:site_name\" content=\"Electrolux Professional Suomi\" \/>\n<meta property=\"article:published_time\" content=\"2023-03-23T07:43:57+00:00\" \/>\n<meta property=\"article:modified_time\" content=\"2024-10-04T12:28:16+00:00\" \/>\n<meta property=\"og:image\" content=\"https:\/\/www.electroluxprofessional.com\/fi\/wp-content\/uploads\/2023\/03\/Untitled-3-scaled.jpg\" \/>\n\t<meta property=\"og:image:width\" content=\"2560\" \/>\n\t<meta property=\"og:image:height\" content=\"502\" \/>\n\t<meta property=\"og:image:type\" content=\"image\/jpeg\" \/>\n<meta name=\"author\" content=\"janna.takkunen@electroluxprofessional.com\" \/>\n<meta name=\"twitter:card\" content=\"summary_large_image\" \/>\n<meta name=\"twitter:label1\" content=\"Kirjoittanut\" \/>\n\t<meta name=\"twitter:data1\" content=\"janna.takkunen@electroluxprofessional.com\" \/>\n\t<meta name=\"twitter:label2\" content=\"Arvioitu lukuaika\" \/>\n\t<meta name=\"twitter:data2\" content=\"1 minuutti\" \/>\n<script type=\"application\/ld+json\" class=\"yoast-schema-graph\">{\"@context\":\"https:\/\/schema.org\",\"@graph\":[{\"@type\":\"WebPage\",\"@id\":\"https:\/\/www.electroluxprofessional.com\/fi\/electrolux-professional-groupille-ecovadis-silver-sertifikaatti\/\",\"url\":\"https:\/\/www.electroluxprofessional.com\/fi\/electrolux-professional-groupille-ecovadis-silver-sertifikaatti\/\",\"name\":\"Electrolux Professional Groupille EcoVadis Silver-sertifikaatti - Electrolux Professional Suomi\",\"isPartOf\":{\"@id\":\"https:\/\/www.electroluxprofessional.com\/fi\/#website\"},\"primaryImageOfPage\":{\"@id\":\"https:\/\/www.electroluxprofessional.com\/fi\/electrolux-professional-groupille-ecovadis-silver-sertifikaatti\/#primaryimage\"},\"image\":{\"@id\":\"https:\/\/www.electroluxprofessional.com\/fi\/electrolux-professional-groupille-ecovadis-silver-sertifikaatti\/#primaryimage\"},\"thumbnailUrl\":\"https:\/\/www.electroluxprofessional.com\/fi\/wp-content\/uploads\/2023\/03\/Untitled-3-scaled.jpg\",\"datePublished\":\"2023-03-23T07:43:57+00:00\",\"dateModified\":\"2024-10-04T12:28:16+00:00\",\"author\":{\"@id\":\"https:\/\/www.electroluxprofessional.com\/fi\/#\/schema\/person\/9484897100cb805d24ae2da5f8d96a4c\"},\"description\":\"Vastuullisuusarvioitsija EcoVadis on my\u00f6nt\u00e4nyt Electrolux Professional Groupille Silver-tason luokituksen konsernin vastuullisuusty\u00f6st\u00e4.\",\"breadcrumb\":{\"@id\":\"https:\/\/www.electroluxprofessional.com\/fi\/electrolux-professional-groupille-ecovadis-silver-sertifikaatti\/#breadcrumb\"},\"inLanguage\":\"fi\",\"potentialAction\":[{\"@type\":\"ReadAction\",\"target\":[\"https:\/\/www.electroluxprofessional.com\/fi\/electrolux-professional-groupille-ecovadis-silver-sertifikaatti\/\"]}]},{\"@type\":\"ImageObject\",\"inLanguage\":\"fi\",\"@id\":\"https:\/\/www.electroluxprofessional.com\/fi\/electrolux-professional-groupille-ecovadis-silver-sertifikaatti\/#primaryimage\",\"url\":\"https:\/\/www.electroluxprofessional.com\/fi\/wp-content\/uploads\/2023\/03\/Untitled-3-scaled.jpg\",\"contentUrl\":\"https:\/\/www.electroluxprofessional.com\/fi\/wp-content\/uploads\/2023\/03\/Untitled-3-scaled.jpg\",\"width\":2560,\"height\":502,\"caption\":\"Untitled-3\"},{\"@type\":\"BreadcrumbList\",\"@id\":\"https:\/\/www.electroluxprofessional.com\/fi\/electrolux-professional-groupille-ecovadis-silver-sertifikaatti\/#breadcrumb\",\"itemListElement\":[{\"@type\":\"ListItem\",\"position\":1,\"name\":\"Home\",\"item\":\"https:\/\/www.electroluxprofessional.com\/fi\/\"},{\"@type\":\"ListItem\",\"position\":2,\"name\":\"Electrolux Professional Groupille EcoVadis Silver-sertifikaatti\"}]},{\"@type\":\"WebSite\",\"@id\":\"https:\/\/www.electroluxprofessional.com\/fi\/#website\",\"url\":\"https:\/\/www.electroluxprofessional.com\/fi\/\",\"name\":\"Electrolux Professional Suomi\",\"description\":\"\",\"potentialAction\":[{\"@type\":\"SearchAction\",\"target\":{\"@type\":\"EntryPoint\",\"urlTemplate\":\"https:\/\/www.electroluxprofessional.com\/fi\/?src={search_term_string}\"},\"query-input\":\"required name=search_term_string\"}],\"inLanguage\":\"fi\"},{\"@type\":\"Person\",\"@id\":\"https:\/\/www.electroluxprofessional.com\/fi\/#\/schema\/person\/9484897100cb805d24ae2da5f8d96a4c\",\"name\":\"janna.takkunen@electroluxprofessional.com\",\"image\":{\"@type\":\"ImageObject\",\"inLanguage\":\"fi\",\"@id\":\"https:\/\/www.electroluxprofessional.com\/fi\/#\/schema\/person\/image\/\",\"url\":\"https:\/\/secure.gravatar.com\/avatar\/316c943a1e1757e4bd8f96cc0b8709fa?s=96&d=mm&r=g\",\"contentUrl\":\"https:\/\/secure.gravatar.com\/avatar\/316c943a1e1757e4bd8f96cc0b8709fa?s=96&d=mm&r=g\",\"caption\":\"janna.takkunen@electroluxprofessional.com\"}}]}<\/script>\n<!-- \/ Yoast SEO plugin. -->","yoast_head_json":{"title":"Electrolux Professional Groupille EcoVadis Silver-sertifikaatti - Electrolux Professional Suomi","description":"Vastuullisuusarvioitsija EcoVadis on my\u00f6nt\u00e4nyt Electrolux Professional Groupille Silver-tason luokituksen konsernin vastuullisuusty\u00f6st\u00e4.","robots":{"index":"index","follow":"follow","max-snippet":"max-snippet:-1","max-image-preview":"max-image-preview:large","max-video-preview":"max-video-preview:-1"},"canonical":"https:\/\/www.electroluxprofessional.com\/fi\/electrolux-professional-groupille-ecovadis-silver-sertifikaatti\/","og_locale":"fi_FI","og_type":"article","og_title":"Electrolux Professional Groupille EcoVadis Silver-sertifikaatti - Electrolux Professional Suomi","og_description":"Vastuullisuusarvioitsija EcoVadis on my\u00f6nt\u00e4nyt Electrolux Professional Groupille Silver-tason luokituksen konsernin vastuullisuusty\u00f6st\u00e4.","og_url":"https:\/\/www.electroluxprofessional.com\/fi\/electrolux-professional-groupille-ecovadis-silver-sertifikaatti\/","og_site_name":"Electrolux Professional Suomi","article_published_time":"2023-03-23T07:43:57+00:00","article_modified_time":"2024-10-04T12:28:16+00:00","og_image":[{"width":2560,"height":502,"url":"https:\/\/www.electroluxprofessional.com\/fi\/wp-content\/uploads\/2023\/03\/Untitled-3-scaled.jpg","type":"image\/jpeg"}],"author":"janna.takkunen@electroluxprofessional.com","twitter_card":"summary_large_image","twitter_misc":{"Kirjoittanut":"janna.takkunen@electroluxprofessional.com","Arvioitu lukuaika":"1 minuutti"},"schema":{"@context":"https:\/\/schema.org","@graph":[{"@type":"WebPage","@id":"https:\/\/www.electroluxprofessional.com\/fi\/electrolux-professional-groupille-ecovadis-silver-sertifikaatti\/","url":"https:\/\/www.electroluxprofessional.com\/fi\/electrolux-professional-groupille-ecovadis-silver-sertifikaatti\/","name":"Electrolux Professional Groupille EcoVadis Silver-sertifikaatti - Electrolux Professional Suomi","isPartOf":{"@id":"https:\/\/www.electroluxprofessional.com\/fi\/#website"},"primaryImageOfPage":{"@id":"https:\/\/www.electroluxprofessional.com\/fi\/electrolux-professional-groupille-ecovadis-silver-sertifikaatti\/#primaryimage"},"image":{"@id":"https:\/\/www.electroluxprofessional.com\/fi\/electrolux-professional-groupille-ecovadis-silver-sertifikaatti\/#primaryimage"},"thumbnailUrl":"https:\/\/www.electroluxprofessional.com\/fi\/wp-content\/uploads\/2023\/03\/Untitled-3-scaled.jpg","datePublished":"2023-03-23T07:43:57+00:00","dateModified":"2024-10-04T12:28:16+00:00","author":{"@id":"https:\/\/www.electroluxprofessional.com\/fi\/#\/schema\/person\/9484897100cb805d24ae2da5f8d96a4c"},"description":"Vastuullisuusarvioitsija EcoVadis on my\u00f6nt\u00e4nyt Electrolux Professional Groupille Silver-tason luokituksen konsernin vastuullisuusty\u00f6st\u00e4.","breadcrumb":{"@id":"https:\/\/www.electroluxprofessional.com\/fi\/electrolux-professional-groupille-ecovadis-silver-sertifikaatti\/#breadcrumb"},"inLanguage":"fi","potentialAction":[{"@type":"ReadAction","target":["https:\/\/www.electroluxprofessional.com\/fi\/electrolux-professional-groupille-ecovadis-silver-sertifikaatti\/"]}]},{"@type":"ImageObject","inLanguage":"fi","@id":"https:\/\/www.electroluxprofessional.com\/fi\/electrolux-professional-groupille-ecovadis-silver-sertifikaatti\/#primaryimage","url":"https:\/\/www.electroluxprofessional.com\/fi\/wp-content\/uploads\/2023\/03\/Untitled-3-scaled.jpg","contentUrl":"https:\/\/www.electroluxprofessional.com\/fi\/wp-content\/uploads\/2023\/03\/Untitled-3-scaled.jpg","width":2560,"height":502,"caption":"Untitled-3"},{"@type":"BreadcrumbList","@id":"https:\/\/www.electroluxprofessional.com\/fi\/electrolux-professional-groupille-ecovadis-silver-sertifikaatti\/#breadcrumb","itemListElement":[{"@type":"ListItem","position":1,"name":"Home","item":"https:\/\/www.electroluxprofessional.com\/fi\/"},{"@type":"ListItem","position":2,"name":"Electrolux Professional Groupille EcoVadis Silver-sertifikaatti"}]},{"@type":"WebSite","@id":"https:\/\/www.electroluxprofessional.com\/fi\/#website","url":"https:\/\/www.electroluxprofessional.com\/fi\/","name":"Electrolux Professional Suomi","description":"","potentialAction":[{"@type":"SearchAction","target":{"@type":"EntryPoint","urlTemplate":"https:\/\/www.electroluxprofessional.com\/fi\/?src={search_term_string}"},"query-input":"required name=search_term_string"}],"inLanguage":"fi"},{"@type":"Person","@id":"https:\/\/www.electroluxprofessional.com\/fi\/#\/schema\/person\/9484897100cb805d24ae2da5f8d96a4c","name":"janna.takkunen@electroluxprofessional.com","image":{"@type":"ImageObject","inLanguage":"fi","@id":"https:\/\/www.electroluxprofessional.com\/fi\/#\/schema\/person\/image\/","url":"https:\/\/secure.gravatar.com\/avatar\/316c943a1e1757e4bd8f96cc0b8709fa?s=96&d=mm&r=g","contentUrl":"https:\/\/secure.gravatar.com\/avatar\/316c943a1e1757e4bd8f96cc0b8709fa?s=96&d=mm&r=g","caption":"janna.takkunen@electroluxprofessional.com"}}]}},"_links":{"self":[{"href":"https:\/\/www.electroluxprofessional.com\/fi\/wp-json\/wp\/v2\/posts\/10565"}],"collection":[{"href":"https:\/\/www.electroluxprofessional.com\/fi\/wp-json\/wp\/v2\/posts"}],"about":[{"href":"https:\/\/www.electroluxprofessional.com\/fi\/wp-json\/wp\/v2\/types\/post"}],"author":[{"embeddable":true,"href":"https:\/\/www.electroluxprofessional.com\/fi\/wp-json\/wp\/v2\/users\/135"}],"replies":[{"embeddable":true,"href":"https:\/\/www.electroluxprofessional.com\/fi\/wp-json\/wp\/v2\/comments?post=10565"}],"version-history":[{"count":11,"href":"https:\/\/www.electroluxprofessional.com\/fi\/wp-json\/wp\/v2\/posts\/10565\/revisions"}],"predecessor-version":[{"id":10581,"href":"https:\/\/www.electroluxprofessional.com\/fi\/wp-json\/wp\/v2\/posts\/10565\/revisions\/10581"}],"wp:featuredmedia":[{"embeddable":true,"href":"https:\/\/www.electroluxprofessional.com\/fi\/wp-json\/wp\/v2\/media\/10569"}],"wp:attachment":[{"href":"https:\/\/www.electroluxprofessional.com\/fi\/wp-json\/wp\/v2\/media?parent=10565"}],"wp:term":[{"taxonomy":"category","embeddable":true,"href":"https:\/\/www.electroluxprofessional.com\/fi\/wp-json\/wp\/v2\/categories?post=10565"},{"taxonomy":"post_tag","embeddable":true,"href":"https:\/\/www.electroluxprofessional.com\/fi\/wp-json\/wp\/v2\/tags?post=10565"}],"curies":[{"name":"wp","href":"https:\/\/api.w.org\/{rel}","templated":true}]}}